{"id":6024,"date":"2020-09-23T12:40:41","date_gmt":"2020-09-23T10:40:41","guid":{"rendered":"https:\/\/www.actecir.cat\/?p=6024"},"modified":"2023-05-10T12:43:04","modified_gmt":"2023-05-10T10:43:04","slug":"actualitzacion-guia-de-refrigerantes-2al","status":"publish","type":"post","link":"https:\/\/www.actecir.cat\/es\/actualitzacion-guia-de-refrigerantes-2al\/","title":{"rendered":"ACTUALITZACI\u00d3N GUIA DE REFRIGERANTES 2AL"},"content":{"rendered":"<p><strong>AFEC junto a CONAIF actualizan la GUIA DE REFRIGERANTES 2020<\/strong><\/p>\n<p><b>AFEC<\/b>\u00a0(Asociaci\u00f3n de Fabricantes de Equipos de Climatizaci\u00f3n),\u00a0<b>CONAIF<\/b>\u00a0(Confederaci\u00f3n Nacional de Asociaciones de Instaladores y Fluidos) y\u00a0<b>CNI<\/b>\u00a0(Confederaci\u00f3n Nacional de Instaladores y Mantenedores) han actualizado la\u00a0<a href=\"file:\/\/\/C:\/Users\/Eva\/AppData\/Local\/Temp\/Actualizaci%C3%B3n%20Gu%C3%ADa%20A2L-%20AFEC-CNI-CONAIF%2011%20de%20Septiembre.pdfConaifGuiaRefrigerantesA2L\">Gu\u00eda de los Refrigerantes A2L<\/a>, lanzada en febrero de 2020 por estas tres organizaciones empresariales del sector de la climatizaci\u00f3n para mostrar las ventajas que presentan los refrigerantes alternativos del grupo de seguridad A2L, bajo los criterios t\u00e9cnicos del nuevo Reglamento de Seguridad para Instalaciones Frigor\u00edficas (RSIF).<\/p>\n<p>La nueva versi\u00f3n, actualizada a septiembre de 2020, incorpora entre sus novedades destacables modificaciones en la redacci\u00f3n del texto para ganar en precisi\u00f3n y evitar problemas de interpretaci\u00f3n, actualiza el apartado de preguntas frecuentes y agrega un nuevo ejemplo de c\u00e1lculo en aplicaci\u00f3n comercial con equipo aut\u00f3nomo partido (local de categor\u00eda A) con unidades interiores en falsos techos.<\/p>\n<p>Dicho ejemplo despeja las dudas que surgieron en diversos colectivos sobre la interpretaci\u00f3n del Reglamento en instalaciones de A2L, en relaci\u00f3n con las mencionadas unidades interiores en falsos techos. De hecho, las alternativas de instalaci\u00f3n que refleja se encuentran revisadas por la Comisi\u00f3n de Unidad de Mercado, formada por las comunidades aut\u00f3nomas y el ministerio de Industria, Comercio y Turismo, y cuenta con el visto bueno de este \u00faltimo.<\/p>\n<p><a href=\"https:\/\/www.afec.es\/documentos\/guia-refrigerantes-a2l-afec-cni-conaif-09-20.pdf\">Acceso GUIA REFRIGERANTES 2020<\/a><\/p>\n","protected":false},"excerpt":{"rendered":"<p>AFEC junto a CONAIF actualizan la GUIA DE REFRIGERANTES 2020<\/p>\n","protected":false},"author":1,"featured_media":6022,"comment_status":"closed","ping_status":"closed","sticky":false,"template":"","format":"standard","meta":{"footnotes":""},"categories":[25],"tags":[],"class_list":["post-6024","post","type-post","status-publish","format-standard","has-post-thumbnail","hentry","category-noticias"],"yoast_head":"<!-- This site is optimized with the Yoast SEO plugin v27.2 - https:\/\/yoast.com\/product\/yoast-seo-wordpress\/ -->\n<title>ACTUALITZACI\u00d3N GUIA DE REFRIGERANTES 2AL - Actecir<\/title>\n<meta name=\"robots\" content=\"index, follow, max-snippet:-1, max-image-preview:large, max-video-preview:-1\" \/>\n<link rel=\"canonical\" href=\"https:\/\/www.actecir.cat\/es\/actualitzacion-guia-de-refrigerantes-2al\/\" \/>\n<meta property=\"og:locale\" content=\"es_ES\" \/>\n<meta property=\"og:type\" content=\"article\" \/>\n<meta property=\"og:title\" content=\"ACTUALITZACI\u00d3N GUIA DE REFRIGERANTES 2AL - Actecir\" \/>\n<meta property=\"og:description\" content=\"AFEC junto a CONAIF actualizan la GUIA DE REFRIGERANTES 2020\" \/>\n<meta property=\"og:url\" content=\"https:\/\/www.actecir.cat\/es\/actualitzacion-guia-de-refrigerantes-2al\/\" \/>\n<meta property=\"og:site_name\" content=\"Actecir\" \/>\n<meta property=\"article:published_time\" content=\"2020-09-23T10:40:41+00:00\" \/>\n<meta property=\"article:modified_time\" content=\"2023-05-10T10:43:04+00:00\" \/>\n<meta property=\"og:image\" content=\"https:\/\/www.actecir.cat\/wp-content\/uploads\/2023\/05\/guia-refrigerantes-pdf.jpg\" \/>\n\t<meta property=\"og:image:width\" content=\"500\" \/>\n\t<meta property=\"og:image:height\" content=\"513\" \/>\n\t<meta property=\"og:image:type\" content=\"image\/jpeg\" \/>\n<meta name=\"author\" content=\"Soporte web\" \/>\n<meta name=\"twitter:card\" content=\"summary_large_image\" \/>\n<meta name=\"twitter:creator\" content=\"@actecir\" \/>\n<meta name=\"twitter:site\" content=\"@actecir\" \/>\n<meta name=\"twitter:label1\" content=\"Escrito por\" \/>\n\t<meta name=\"twitter:data1\" content=\"Soporte web\" \/>\n\t<meta name=\"twitter:label2\" content=\"Tiempo de lectura\" \/>\n\t<meta name=\"twitter:data2\" content=\"1 minuto\" \/>\n<script type=\"application\/ld+json\" class=\"yoast-schema-graph\">{\"@context\":\"https:\/\/schema.org\",\"@graph\":[{\"@type\":\"Article\",\"@id\":\"https:\/\/www.actecir.cat\/es\/actualitzacion-guia-de-refrigerantes-2al\/#article\",\"isPartOf\":{\"@id\":\"https:\/\/www.actecir.cat\/es\/actualitzacion-guia-de-refrigerantes-2al\/\"},\"author\":{\"name\":\"Soporte web\",\"@id\":\"https:\/\/www.actecir.cat\/#\/schema\/person\/42edd02f0b1d55e19444428c5d321413\"},\"headline\":\"ACTUALITZACI\u00d3N GUIA DE REFRIGERANTES 2AL\",\"datePublished\":\"2020-09-23T10:40:41+00:00\",\"dateModified\":\"2023-05-10T10:43:04+00:00\",\"mainEntityOfPage\":{\"@id\":\"https:\/\/www.actecir.cat\/es\/actualitzacion-guia-de-refrigerantes-2al\/\"},\"wordCount\":242,\"publisher\":{\"@id\":\"https:\/\/www.actecir.cat\/#organization\"},\"image\":{\"@id\":\"https:\/\/www.actecir.cat\/es\/actualitzacion-guia-de-refrigerantes-2al\/#primaryimage\"},\"thumbnailUrl\":\"https:\/\/www.actecir.cat\/wp-content\/uploads\/2023\/05\/guia-refrigerantes-pdf.jpg\",\"articleSection\":[\"Noticias\"],\"inLanguage\":\"es\"},{\"@type\":\"WebPage\",\"@id\":\"https:\/\/www.actecir.cat\/es\/actualitzacion-guia-de-refrigerantes-2al\/\",\"url\":\"https:\/\/www.actecir.cat\/es\/actualitzacion-guia-de-refrigerantes-2al\/\",\"name\":\"ACTUALITZACI\u00d3N GUIA DE REFRIGERANTES 2AL - Actecir\",\"isPartOf\":{\"@id\":\"https:\/\/www.actecir.cat\/#website\"},\"primaryImageOfPage\":{\"@id\":\"https:\/\/www.actecir.cat\/es\/actualitzacion-guia-de-refrigerantes-2al\/#primaryimage\"},\"image\":{\"@id\":\"https:\/\/www.actecir.cat\/es\/actualitzacion-guia-de-refrigerantes-2al\/#primaryimage\"},\"thumbnailUrl\":\"https:\/\/www.actecir.cat\/wp-content\/uploads\/2023\/05\/guia-refrigerantes-pdf.jpg\",\"datePublished\":\"2020-09-23T10:40:41+00:00\",\"dateModified\":\"2023-05-10T10:43:04+00:00\",\"breadcrumb\":{\"@id\":\"https:\/\/www.actecir.cat\/es\/actualitzacion-guia-de-refrigerantes-2al\/#breadcrumb\"},\"inLanguage\":\"es\",\"potentialAction\":[{\"@type\":\"ReadAction\",\"target\":[\"https:\/\/www.actecir.cat\/es\/actualitzacion-guia-de-refrigerantes-2al\/\"]}]},{\"@type\":\"ImageObject\",\"inLanguage\":\"es\",\"@id\":\"https:\/\/www.actecir.cat\/es\/actualitzacion-guia-de-refrigerantes-2al\/#primaryimage\",\"url\":\"https:\/\/www.actecir.cat\/wp-content\/uploads\/2023\/05\/guia-refrigerantes-pdf.jpg\",\"contentUrl\":\"https:\/\/www.actecir.cat\/wp-content\/uploads\/2023\/05\/guia-refrigerantes-pdf.jpg\",\"width\":500,\"height\":513},{\"@type\":\"BreadcrumbList\",\"@id\":\"https:\/\/www.actecir.cat\/es\/actualitzacion-guia-de-refrigerantes-2al\/#breadcrumb\",\"itemListElement\":[{\"@type\":\"ListItem\",\"position\":1,\"name\":\"Inici\",\"item\":\"https:\/\/www.actecir.cat\/es\/\"},{\"@type\":\"ListItem\",\"position\":2,\"name\":\"ACTUALITZACI\u00d3N GUIA DE REFRIGERANTES 2AL\"}]},{\"@type\":\"WebSite\",\"@id\":\"https:\/\/www.actecir.cat\/#website\",\"url\":\"https:\/\/www.actecir.cat\/\",\"name\":\"Actecir\",\"description\":\"Associaci\u00f3 Catalana de T\u00e8cnics en Energia, Climatitzaci\u00f3 i Refrigeraci\u00f3\",\"publisher\":{\"@id\":\"https:\/\/www.actecir.cat\/#organization\"},\"potentialAction\":[{\"@type\":\"SearchAction\",\"target\":{\"@type\":\"EntryPoint\",\"urlTemplate\":\"https:\/\/www.actecir.cat\/?s={search_term_string}\"},\"query-input\":{\"@type\":\"PropertyValueSpecification\",\"valueRequired\":true,\"valueName\":\"search_term_string\"}}],\"inLanguage\":\"es\"},{\"@type\":\"Organization\",\"@id\":\"https:\/\/www.actecir.cat\/#organization\",\"name\":\"Actecir\",\"url\":\"https:\/\/www.actecir.cat\/\",\"logo\":{\"@type\":\"ImageObject\",\"inLanguage\":\"es\",\"@id\":\"https:\/\/www.actecir.cat\/#\/schema\/logo\/image\/\",\"url\":\"https:\/\/www.actecir.cat\/wp-content\/uploads\/2023\/04\/cropped-logo_actecir_60_alto.png\",\"contentUrl\":\"https:\/\/www.actecir.cat\/wp-content\/uploads\/2023\/04\/cropped-logo_actecir_60_alto.png\",\"width\":283,\"height\":80,\"caption\":\"Actecir\"},\"image\":{\"@id\":\"https:\/\/www.actecir.cat\/#\/schema\/logo\/image\/\"},\"sameAs\":[\"https:\/\/x.com\/actecir\",\"https:\/\/www.linkedin.com\/company\/actecir\"]},{\"@type\":\"Person\",\"@id\":\"https:\/\/www.actecir.cat\/#\/schema\/person\/42edd02f0b1d55e19444428c5d321413\",\"name\":\"Soporte web\",\"sameAs\":[\"https:\/\/www.actecir.cat\"],\"url\":\"https:\/\/www.actecir.cat\/es\/author\/maensystems\/\"}]}<\/script>\n<!-- \/ Yoast SEO plugin. -->","yoast_head_json":{"title":"ACTUALITZACI\u00d3N GUIA DE REFRIGERANTES 2AL - Actecir","robots":{"index":"index","follow":"follow","max-snippet":"max-snippet:-1","max-image-preview":"max-image-preview:large","max-video-preview":"max-video-preview:-1"},"canonical":"https:\/\/www.actecir.cat\/es\/actualitzacion-guia-de-refrigerantes-2al\/","og_locale":"es_ES","og_type":"article","og_title":"ACTUALITZACI\u00d3N GUIA DE REFRIGERANTES 2AL - Actecir","og_description":"AFEC junto a CONAIF actualizan la GUIA DE REFRIGERANTES 2020","og_url":"https:\/\/www.actecir.cat\/es\/actualitzacion-guia-de-refrigerantes-2al\/","og_site_name":"Actecir","article_published_time":"2020-09-23T10:40:41+00:00","article_modified_time":"2023-05-10T10:43:04+00:00","og_image":[{"width":500,"height":513,"url":"https:\/\/www.actecir.cat\/wp-content\/uploads\/2023\/05\/guia-refrigerantes-pdf.jpg","type":"image\/jpeg"}],"author":"Soporte web","twitter_card":"summary_large_image","twitter_creator":"@actecir","twitter_site":"@actecir","twitter_misc":{"Escrito por":"Soporte web","Tiempo de lectura":"1 minuto"},"schema":{"@context":"https:\/\/schema.org","@graph":[{"@type":"Article","@id":"https:\/\/www.actecir.cat\/es\/actualitzacion-guia-de-refrigerantes-2al\/#article","isPartOf":{"@id":"https:\/\/www.actecir.cat\/es\/actualitzacion-guia-de-refrigerantes-2al\/"},"author":{"name":"Soporte web","@id":"https:\/\/www.actecir.cat\/#\/schema\/person\/42edd02f0b1d55e19444428c5d321413"},"headline":"ACTUALITZACI\u00d3N GUIA DE REFRIGERANTES 2AL","datePublished":"2020-09-23T10:40:41+00:00","dateModified":"2023-05-10T10:43:04+00:00","mainEntityOfPage":{"@id":"https:\/\/www.actecir.cat\/es\/actualitzacion-guia-de-refrigerantes-2al\/"},"wordCount":242,"publisher":{"@id":"https:\/\/www.actecir.cat\/#organization"},"image":{"@id":"https:\/\/www.actecir.cat\/es\/actualitzacion-guia-de-refrigerantes-2al\/#primaryimage"},"thumbnailUrl":"https:\/\/www.actecir.cat\/wp-content\/uploads\/2023\/05\/guia-refrigerantes-pdf.jpg","articleSection":["Noticias"],"inLanguage":"es"},{"@type":"WebPage","@id":"https:\/\/www.actecir.cat\/es\/actualitzacion-guia-de-refrigerantes-2al\/","url":"https:\/\/www.actecir.cat\/es\/actualitzacion-guia-de-refrigerantes-2al\/","name":"ACTUALITZACI\u00d3N GUIA DE REFRIGERANTES 2AL - Actecir","isPartOf":{"@id":"https:\/\/www.actecir.cat\/#website"},"primaryImageOfPage":{"@id":"https:\/\/www.actecir.cat\/es\/actualitzacion-guia-de-refrigerantes-2al\/#primaryimage"},"image":{"@id":"https:\/\/www.actecir.cat\/es\/actualitzacion-guia-de-refrigerantes-2al\/#primaryimage"},"thumbnailUrl":"https:\/\/www.actecir.cat\/wp-content\/uploads\/2023\/05\/guia-refrigerantes-pdf.jpg","datePublished":"2020-09-23T10:40:41+00:00","dateModified":"2023-05-10T10:43:04+00:00","breadcrumb":{"@id":"https:\/\/www.actecir.cat\/es\/actualitzacion-guia-de-refrigerantes-2al\/#breadcrumb"},"inLanguage":"es","potentialAction":[{"@type":"ReadAction","target":["https:\/\/www.actecir.cat\/es\/actualitzacion-guia-de-refrigerantes-2al\/"]}]},{"@type":"ImageObject","inLanguage":"es","@id":"https:\/\/www.actecir.cat\/es\/actualitzacion-guia-de-refrigerantes-2al\/#primaryimage","url":"https:\/\/www.actecir.cat\/wp-content\/uploads\/2023\/05\/guia-refrigerantes-pdf.jpg","contentUrl":"https:\/\/www.actecir.cat\/wp-content\/uploads\/2023\/05\/guia-refrigerantes-pdf.jpg","width":500,"height":513},{"@type":"BreadcrumbList","@id":"https:\/\/www.actecir.cat\/es\/actualitzacion-guia-de-refrigerantes-2al\/#breadcrumb","itemListElement":[{"@type":"ListItem","position":1,"name":"Inici","item":"https:\/\/www.actecir.cat\/es\/"},{"@type":"ListItem","position":2,"name":"ACTUALITZACI\u00d3N GUIA DE REFRIGERANTES 2AL"}]},{"@type":"WebSite","@id":"https:\/\/www.actecir.cat\/#website","url":"https:\/\/www.actecir.cat\/","name":"Actecir","description":"Associaci\u00f3 Catalana de T\u00e8cnics en Energia, Climatitzaci\u00f3 i Refrigeraci\u00f3","publisher":{"@id":"https:\/\/www.actecir.cat\/#organization"},"potentialAction":[{"@type":"SearchAction","target":{"@type":"EntryPoint","urlTemplate":"https:\/\/www.actecir.cat\/?s={search_term_string}"},"query-input":{"@type":"PropertyValueSpecification","valueRequired":true,"valueName":"search_term_string"}}],"inLanguage":"es"},{"@type":"Organization","@id":"https:\/\/www.actecir.cat\/#organization","name":"Actecir","url":"https:\/\/www.actecir.cat\/","logo":{"@type":"ImageObject","inLanguage":"es","@id":"https:\/\/www.actecir.cat\/#\/schema\/logo\/image\/","url":"https:\/\/www.actecir.cat\/wp-content\/uploads\/2023\/04\/cropped-logo_actecir_60_alto.png","contentUrl":"https:\/\/www.actecir.cat\/wp-content\/uploads\/2023\/04\/cropped-logo_actecir_60_alto.png","width":283,"height":80,"caption":"Actecir"},"image":{"@id":"https:\/\/www.actecir.cat\/#\/schema\/logo\/image\/"},"sameAs":["https:\/\/x.com\/actecir","https:\/\/www.linkedin.com\/company\/actecir"]},{"@type":"Person","@id":"https:\/\/www.actecir.cat\/#\/schema\/person\/42edd02f0b1d55e19444428c5d321413","name":"Soporte web","sameAs":["https:\/\/www.actecir.cat"],"url":"https:\/\/www.actecir.cat\/es\/author\/maensystems\/"}]}},"_links":{"self":[{"href":"https:\/\/www.actecir.cat\/es\/wp-json\/wp\/v2\/posts\/6024","targetHints":{"allow":["GET"]}}],"collection":[{"href":"https:\/\/www.actecir.cat\/es\/wp-json\/wp\/v2\/posts"}],"about":[{"href":"https:\/\/www.actecir.cat\/es\/wp-json\/wp\/v2\/types\/post"}],"author":[{"embeddable":true,"href":"https:\/\/www.actecir.cat\/es\/wp-json\/wp\/v2\/users\/1"}],"replies":[{"embeddable":true,"href":"https:\/\/www.actecir.cat\/es\/wp-json\/wp\/v2\/comments?post=6024"}],"version-history":[{"count":1,"href":"https:\/\/www.actecir.cat\/es\/wp-json\/wp\/v2\/posts\/6024\/revisions"}],"predecessor-version":[{"id":6025,"href":"https:\/\/www.actecir.cat\/es\/wp-json\/wp\/v2\/posts\/6024\/revisions\/6025"}],"wp:featuredmedia":[{"embeddable":true,"href":"https:\/\/www.actecir.cat\/es\/wp-json\/wp\/v2\/media\/6022"}],"wp:attachment":[{"href":"https:\/\/www.actecir.cat\/es\/wp-json\/wp\/v2\/media?parent=6024"}],"wp:term":[{"taxonomy":"category","embeddable":true,"href":"https:\/\/www.actecir.cat\/es\/wp-json\/wp\/v2\/categories?post=6024"},{"taxonomy":"post_tag","embeddable":true,"href":"https:\/\/www.actecir.cat\/es\/wp-json\/wp\/v2\/tags?post=6024"}],"curies":[{"name":"wp","href":"https:\/\/api.w.org\/{rel}","templated":true}]}}