{"id":6030,"date":"2020-09-16T12:43:51","date_gmt":"2020-09-16T10:43:51","guid":{"rendered":"https:\/\/www.actecir.cat\/?p=6030"},"modified":"2023-05-10T12:46:32","modified_gmt":"2023-05-10T10:46:32","slug":"danfoss-presenta-una-nueva-experiencia-de-evento-virtual-en-vivo","status":"publish","type":"post","link":"https:\/\/www.actecir.cat\/es\/danfoss-presenta-una-nueva-experiencia-de-evento-virtual-en-vivo\/","title":{"rendered":"Danfoss presenta una nueva experiencia de evento virtual EN VIVO"},"content":{"rendered":"<p><strong>El primer Cooling United Live se llevar\u00e1 a cabo del 7 al 8 de octubre de 2020<\/strong><\/p>\n<p>En lugar de las ferias y conferencias tradicionales, Danfoss Cooling se complace en anunciar su primer evento virtual: Cooling United Live. Dise\u00f1ado espec\u00edficamente para audiencias de aire acondicionado, refrigeraci\u00f3n comercial, distribuci\u00f3n alimentaria y refrigeraci\u00f3n industrial, Cooling United Live servir\u00e1 como un foro de aprendizaje y una exhibici\u00f3n de nuevas tecnolog\u00edas.<\/p>\n<p>\u201cEs hora de volver a conectarnos con nuestros compa\u00f1eros y l\u00edderes en nuestra industria y hacer avanzar la refrigeraci\u00f3n. Estamos emocionados y honrados de presentar la primera experiencia de evento digital en vivo completamente inmersivo de Danfoss &#8220;, dijo Dorthe Borup Sindberg, Marketing Communications Director \u00a0de Danfoss Cooling. \u201cContamos con una interesante lista de l\u00edderes de opini\u00f3n y sesiones interactivas para los dos d\u00edas de Cooling United Live. Y, a diferencia de una conferencia tradicional, los asistentes pueden iniciar sesi\u00f3n desde cualquier parte del mundo. Por lo tanto, nos aseguramos de tener expertos disponibles en varios idiomas, para que todos puedan participar &#8220;.<\/p>\n<p>&nbsp;<\/p>\n<p><strong>Avanzando con Cooling United Live<\/strong><\/p>\n<p>Cooling United Live se centrar\u00e1 en las diversas formas en que la industria de la refrigeraci\u00f3n est\u00e1 creciendo y evolucionando. Contar\u00e1 con una amplia variedad de tipos de sesiones adaptadas a diferentes audiencias, que incluyen:<\/p>\n<ul>\n<li><strong>Paneles de discusi\u00f3n en vivo y de preguntas y respuestas\u2014\u00a0<\/strong>Profundice en las nuevas tecnolog\u00edas que dar\u00e1n forma al futuro de la refrigeraci\u00f3n. Los asistentes tendr\u00e1n la oportunidad de interactuar con expertos en tiempo real en los eventos en vivo.<\/li>\n<\/ul>\n<ul>\n<li><strong>Interesantes ponencias \u2014\u00a0<\/strong>Los temas van desde las megatendencias hasta el regreso al lugar de trabajo en un nuevo entorno. Con este formato online, los asistentes pueden elegir f\u00e1cilmente las sesiones que mejor se adapten a las necesidades individuales.<\/li>\n<\/ul>\n<ul>\n<li><strong>Conexi\u00f3n con expertos en regiones espec\u00edficas:\u2014\u00a0<\/strong>Los asistentes tendr\u00e1n la oportunidad de hablar con expertos de Danfoss en sus idiomas locales. Esto crea una experiencia personalizada adaptada a cada asistente.<\/li>\n<\/ul>\n<ul>\n<li><strong>Salas de chat m\u00e1s peque\u00f1as despu\u00e9s de la sesi\u00f3n\u2014\u00a0<\/strong>Vuelva a conectarse con otros profesionales de la refrigeraci\u00f3n para discutir los hallazgos clave y las preguntas de la sesi\u00f3n. Habr\u00e1 m\u00faltiples oportunidades para socializar, como en una conferencia tradicional.<\/li>\n<\/ul>\n<ul>\n<li><strong>Demostraciones de productos y sistemas\u2014\u00a0<\/strong>Ya sea a trav\u00e9s de representaciones en 3D de nuevos productos o demostraciones m\u00e1s pr\u00e1cticas, los asistentes a Cooling United Live obtendr\u00e1n una experiencia m\u00e1s cercana de las nuevas ofertas de tecnolog\u00eda de Danfoss.<\/li>\n<\/ul>\n<p>&nbsp;<\/p>\n<p><strong>Un nuevo enfoque en un entorno remoto<\/strong><\/p>\n<p>&#8220;Como todos nos estamos adaptando a una nueva forma de vida, estamos ansiosos por volver a conectar con nuestros clientes y compa\u00f1eros profesionales de refrigeraci\u00f3n de una manera nueva y atractiva&#8221;, dijo St\u00e9phane Nassau, Senior Vice President of Global Sales de Danfoss Cooling. \u201cEse es nuestro principal prop\u00f3sito detr\u00e1s de Cooling United Live: proporcionar un entorno que fomente el desarrollo profesional y las relaciones en nuestro nuevo, a veces desconectado, entorno\u201d.<\/p>\n<p>Cooling United Live est\u00e1 dise\u00f1ado para instaladores, OEM, distribuidores, mayoristas y cualquier persona con un inter\u00e9s particular o especial en la industria de la refrigeraci\u00f3n.<\/p>\n<p>Para obtener informaci\u00f3n adicional y registrarse, visite CoolingUnitedLive.com<\/p>\n","protected":false},"excerpt":{"rendered":"<p>El primer Cooling United Live se llevar\u00e1 a cabo del 7 al 8 de octubre de 2020<\/p>\n","protected":false},"author":1,"featured_media":6028,"comment_status":"closed","ping_status":"closed","sticky":false,"template":"","format":"standard","meta":{"footnotes":""},"categories":[25],"tags":[],"class_list":["post-6030","post","type-post","status-publish","format-standard","has-post-thumbnail","hentry","category-noticias"],"yoast_head":"<!-- This site is optimized with the Yoast SEO plugin v27.2 - https:\/\/yoast.com\/product\/yoast-seo-wordpress\/ -->\n<title>Danfoss presenta una nueva experiencia de evento virtual EN VIVO - Actecir<\/title>\n<meta name=\"robots\" content=\"index, follow, max-snippet:-1, max-image-preview:large, max-video-preview:-1\" \/>\n<link rel=\"canonical\" href=\"https:\/\/www.actecir.cat\/es\/danfoss-presenta-una-nueva-experiencia-de-evento-virtual-en-vivo\/\" \/>\n<meta property=\"og:locale\" content=\"es_ES\" \/>\n<meta property=\"og:type\" content=\"article\" \/>\n<meta property=\"og:title\" content=\"Danfoss presenta una nueva experiencia de evento virtual EN VIVO - Actecir\" \/>\n<meta property=\"og:description\" content=\"El primer Cooling United Live se llevar\u00e1 a cabo del 7 al 8 de octubre de 2020\" \/>\n<meta property=\"og:url\" content=\"https:\/\/www.actecir.cat\/es\/danfoss-presenta-una-nueva-experiencia-de-evento-virtual-en-vivo\/\" \/>\n<meta property=\"og:site_name\" content=\"Actecir\" \/>\n<meta property=\"article:published_time\" content=\"2020-09-16T10:43:51+00:00\" \/>\n<meta property=\"article:modified_time\" content=\"2023-05-10T10:46:32+00:00\" \/>\n<meta property=\"og:image\" content=\"https:\/\/www.actecir.cat\/wp-content\/uploads\/2023\/05\/DANFOSS_600.jpg\" \/>\n\t<meta property=\"og:image:width\" content=\"600\" \/>\n\t<meta property=\"og:image:height\" content=\"400\" \/>\n\t<meta property=\"og:image:type\" content=\"image\/jpeg\" \/>\n<meta name=\"author\" content=\"Soporte web\" \/>\n<meta name=\"twitter:card\" content=\"summary_large_image\" \/>\n<meta name=\"twitter:creator\" content=\"@actecir\" \/>\n<meta name=\"twitter:site\" content=\"@actecir\" \/>\n<meta name=\"twitter:label1\" content=\"Escrito por\" \/>\n\t<meta name=\"twitter:data1\" content=\"Soporte web\" \/>\n\t<meta name=\"twitter:label2\" content=\"Tiempo de lectura\" \/>\n\t<meta name=\"twitter:data2\" content=\"3 minutos\" \/>\n<script type=\"application\/ld+json\" class=\"yoast-schema-graph\">{\"@context\":\"https:\/\/schema.org\",\"@graph\":[{\"@type\":\"Article\",\"@id\":\"https:\/\/www.actecir.cat\/es\/danfoss-presenta-una-nueva-experiencia-de-evento-virtual-en-vivo\/#article\",\"isPartOf\":{\"@id\":\"https:\/\/www.actecir.cat\/es\/danfoss-presenta-una-nueva-experiencia-de-evento-virtual-en-vivo\/\"},\"author\":{\"name\":\"Soporte web\",\"@id\":\"https:\/\/www.actecir.cat\/#\/schema\/person\/42edd02f0b1d55e19444428c5d321413\"},\"headline\":\"Danfoss presenta una nueva experiencia de evento virtual EN VIVO\",\"datePublished\":\"2020-09-16T10:43:51+00:00\",\"dateModified\":\"2023-05-10T10:46:32+00:00\",\"mainEntityOfPage\":{\"@id\":\"https:\/\/www.actecir.cat\/es\/danfoss-presenta-una-nueva-experiencia-de-evento-virtual-en-vivo\/\"},\"wordCount\":561,\"publisher\":{\"@id\":\"https:\/\/www.actecir.cat\/#organization\"},\"image\":{\"@id\":\"https:\/\/www.actecir.cat\/es\/danfoss-presenta-una-nueva-experiencia-de-evento-virtual-en-vivo\/#primaryimage\"},\"thumbnailUrl\":\"https:\/\/www.actecir.cat\/wp-content\/uploads\/2023\/05\/DANFOSS_600.jpg\",\"articleSection\":[\"Noticias\"],\"inLanguage\":\"es\"},{\"@type\":\"WebPage\",\"@id\":\"https:\/\/www.actecir.cat\/es\/danfoss-presenta-una-nueva-experiencia-de-evento-virtual-en-vivo\/\",\"url\":\"https:\/\/www.actecir.cat\/es\/danfoss-presenta-una-nueva-experiencia-de-evento-virtual-en-vivo\/\",\"name\":\"Danfoss presenta una nueva experiencia de evento virtual EN VIVO - Actecir\",\"isPartOf\":{\"@id\":\"https:\/\/www.actecir.cat\/#website\"},\"primaryImageOfPage\":{\"@id\":\"https:\/\/www.actecir.cat\/es\/danfoss-presenta-una-nueva-experiencia-de-evento-virtual-en-vivo\/#primaryimage\"},\"image\":{\"@id\":\"https:\/\/www.actecir.cat\/es\/danfoss-presenta-una-nueva-experiencia-de-evento-virtual-en-vivo\/#primaryimage\"},\"thumbnailUrl\":\"https:\/\/www.actecir.cat\/wp-content\/uploads\/2023\/05\/DANFOSS_600.jpg\",\"datePublished\":\"2020-09-16T10:43:51+00:00\",\"dateModified\":\"2023-05-10T10:46:32+00:00\",\"breadcrumb\":{\"@id\":\"https:\/\/www.actecir.cat\/es\/danfoss-presenta-una-nueva-experiencia-de-evento-virtual-en-vivo\/#breadcrumb\"},\"inLanguage\":\"es\",\"potentialAction\":[{\"@type\":\"ReadAction\",\"target\":[\"https:\/\/www.actecir.cat\/es\/danfoss-presenta-una-nueva-experiencia-de-evento-virtual-en-vivo\/\"]}]},{\"@type\":\"ImageObject\",\"inLanguage\":\"es\",\"@id\":\"https:\/\/www.actecir.cat\/es\/danfoss-presenta-una-nueva-experiencia-de-evento-virtual-en-vivo\/#primaryimage\",\"url\":\"https:\/\/www.actecir.cat\/wp-content\/uploads\/2023\/05\/DANFOSS_600.jpg\",\"contentUrl\":\"https:\/\/www.actecir.cat\/wp-content\/uploads\/2023\/05\/DANFOSS_600.jpg\",\"width\":600,\"height\":400},{\"@type\":\"BreadcrumbList\",\"@id\":\"https:\/\/www.actecir.cat\/es\/danfoss-presenta-una-nueva-experiencia-de-evento-virtual-en-vivo\/#breadcrumb\",\"itemListElement\":[{\"@type\":\"ListItem\",\"position\":1,\"name\":\"Inici\",\"item\":\"https:\/\/www.actecir.cat\/es\/\"},{\"@type\":\"ListItem\",\"position\":2,\"name\":\"Danfoss presenta una nueva experiencia de evento virtual EN VIVO\"}]},{\"@type\":\"WebSite\",\"@id\":\"https:\/\/www.actecir.cat\/#website\",\"url\":\"https:\/\/www.actecir.cat\/\",\"name\":\"Actecir\",\"description\":\"Associaci\u00f3 Catalana de T\u00e8cnics en Energia, Climatitzaci\u00f3 i Refrigeraci\u00f3\",\"publisher\":{\"@id\":\"https:\/\/www.actecir.cat\/#organization\"},\"potentialAction\":[{\"@type\":\"SearchAction\",\"target\":{\"@type\":\"EntryPoint\",\"urlTemplate\":\"https:\/\/www.actecir.cat\/?s={search_term_string}\"},\"query-input\":{\"@type\":\"PropertyValueSpecification\",\"valueRequired\":true,\"valueName\":\"search_term_string\"}}],\"inLanguage\":\"es\"},{\"@type\":\"Organization\",\"@id\":\"https:\/\/www.actecir.cat\/#organization\",\"name\":\"Actecir\",\"url\":\"https:\/\/www.actecir.cat\/\",\"logo\":{\"@type\":\"ImageObject\",\"inLanguage\":\"es\",\"@id\":\"https:\/\/www.actecir.cat\/#\/schema\/logo\/image\/\",\"url\":\"https:\/\/www.actecir.cat\/wp-content\/uploads\/2023\/04\/cropped-logo_actecir_60_alto.png\",\"contentUrl\":\"https:\/\/www.actecir.cat\/wp-content\/uploads\/2023\/04\/cropped-logo_actecir_60_alto.png\",\"width\":283,\"height\":80,\"caption\":\"Actecir\"},\"image\":{\"@id\":\"https:\/\/www.actecir.cat\/#\/schema\/logo\/image\/\"},\"sameAs\":[\"https:\/\/x.com\/actecir\",\"https:\/\/www.linkedin.com\/company\/actecir\"]},{\"@type\":\"Person\",\"@id\":\"https:\/\/www.actecir.cat\/#\/schema\/person\/42edd02f0b1d55e19444428c5d321413\",\"name\":\"Soporte web\",\"sameAs\":[\"https:\/\/www.actecir.cat\"],\"url\":\"https:\/\/www.actecir.cat\/es\/author\/maensystems\/\"}]}<\/script>\n<!-- \/ Yoast SEO plugin. -->","yoast_head_json":{"title":"Danfoss presenta una nueva experiencia de evento virtual EN VIVO - Actecir","robots":{"index":"index","follow":"follow","max-snippet":"max-snippet:-1","max-image-preview":"max-image-preview:large","max-video-preview":"max-video-preview:-1"},"canonical":"https:\/\/www.actecir.cat\/es\/danfoss-presenta-una-nueva-experiencia-de-evento-virtual-en-vivo\/","og_locale":"es_ES","og_type":"article","og_title":"Danfoss presenta una nueva experiencia de evento virtual EN VIVO - Actecir","og_description":"El primer Cooling United Live se llevar\u00e1 a cabo del 7 al 8 de octubre de 2020","og_url":"https:\/\/www.actecir.cat\/es\/danfoss-presenta-una-nueva-experiencia-de-evento-virtual-en-vivo\/","og_site_name":"Actecir","article_published_time":"2020-09-16T10:43:51+00:00","article_modified_time":"2023-05-10T10:46:32+00:00","og_image":[{"width":600,"height":400,"url":"https:\/\/www.actecir.cat\/wp-content\/uploads\/2023\/05\/DANFOSS_600.jpg","type":"image\/jpeg"}],"author":"Soporte web","twitter_card":"summary_large_image","twitter_creator":"@actecir","twitter_site":"@actecir","twitter_misc":{"Escrito por":"Soporte web","Tiempo de lectura":"3 minutos"},"schema":{"@context":"https:\/\/schema.org","@graph":[{"@type":"Article","@id":"https:\/\/www.actecir.cat\/es\/danfoss-presenta-una-nueva-experiencia-de-evento-virtual-en-vivo\/#article","isPartOf":{"@id":"https:\/\/www.actecir.cat\/es\/danfoss-presenta-una-nueva-experiencia-de-evento-virtual-en-vivo\/"},"author":{"name":"Soporte web","@id":"https:\/\/www.actecir.cat\/#\/schema\/person\/42edd02f0b1d55e19444428c5d321413"},"headline":"Danfoss presenta una nueva experiencia de evento virtual EN VIVO","datePublished":"2020-09-16T10:43:51+00:00","dateModified":"2023-05-10T10:46:32+00:00","mainEntityOfPage":{"@id":"https:\/\/www.actecir.cat\/es\/danfoss-presenta-una-nueva-experiencia-de-evento-virtual-en-vivo\/"},"wordCount":561,"publisher":{"@id":"https:\/\/www.actecir.cat\/#organization"},"image":{"@id":"https:\/\/www.actecir.cat\/es\/danfoss-presenta-una-nueva-experiencia-de-evento-virtual-en-vivo\/#primaryimage"},"thumbnailUrl":"https:\/\/www.actecir.cat\/wp-content\/uploads\/2023\/05\/DANFOSS_600.jpg","articleSection":["Noticias"],"inLanguage":"es"},{"@type":"WebPage","@id":"https:\/\/www.actecir.cat\/es\/danfoss-presenta-una-nueva-experiencia-de-evento-virtual-en-vivo\/","url":"https:\/\/www.actecir.cat\/es\/danfoss-presenta-una-nueva-experiencia-de-evento-virtual-en-vivo\/","name":"Danfoss presenta una nueva experiencia de evento virtual EN VIVO - Actecir","isPartOf":{"@id":"https:\/\/www.actecir.cat\/#website"},"primaryImageOfPage":{"@id":"https:\/\/www.actecir.cat\/es\/danfoss-presenta-una-nueva-experiencia-de-evento-virtual-en-vivo\/#primaryimage"},"image":{"@id":"https:\/\/www.actecir.cat\/es\/danfoss-presenta-una-nueva-experiencia-de-evento-virtual-en-vivo\/#primaryimage"},"thumbnailUrl":"https:\/\/www.actecir.cat\/wp-content\/uploads\/2023\/05\/DANFOSS_600.jpg","datePublished":"2020-09-16T10:43:51+00:00","dateModified":"2023-05-10T10:46:32+00:00","breadcrumb":{"@id":"https:\/\/www.actecir.cat\/es\/danfoss-presenta-una-nueva-experiencia-de-evento-virtual-en-vivo\/#breadcrumb"},"inLanguage":"es","potentialAction":[{"@type":"ReadAction","target":["https:\/\/www.actecir.cat\/es\/danfoss-presenta-una-nueva-experiencia-de-evento-virtual-en-vivo\/"]}]},{"@type":"ImageObject","inLanguage":"es","@id":"https:\/\/www.actecir.cat\/es\/danfoss-presenta-una-nueva-experiencia-de-evento-virtual-en-vivo\/#primaryimage","url":"https:\/\/www.actecir.cat\/wp-content\/uploads\/2023\/05\/DANFOSS_600.jpg","contentUrl":"https:\/\/www.actecir.cat\/wp-content\/uploads\/2023\/05\/DANFOSS_600.jpg","width":600,"height":400},{"@type":"BreadcrumbList","@id":"https:\/\/www.actecir.cat\/es\/danfoss-presenta-una-nueva-experiencia-de-evento-virtual-en-vivo\/#breadcrumb","itemListElement":[{"@type":"ListItem","position":1,"name":"Inici","item":"https:\/\/www.actecir.cat\/es\/"},{"@type":"ListItem","position":2,"name":"Danfoss presenta una nueva experiencia de evento virtual EN VIVO"}]},{"@type":"WebSite","@id":"https:\/\/www.actecir.cat\/#website","url":"https:\/\/www.actecir.cat\/","name":"Actecir","description":"Associaci\u00f3 Catalana de T\u00e8cnics en Energia, Climatitzaci\u00f3 i Refrigeraci\u00f3","publisher":{"@id":"https:\/\/www.actecir.cat\/#organization"},"potentialAction":[{"@type":"SearchAction","target":{"@type":"EntryPoint","urlTemplate":"https:\/\/www.actecir.cat\/?s={search_term_string}"},"query-input":{"@type":"PropertyValueSpecification","valueRequired":true,"valueName":"search_term_string"}}],"inLanguage":"es"},{"@type":"Organization","@id":"https:\/\/www.actecir.cat\/#organization","name":"Actecir","url":"https:\/\/www.actecir.cat\/","logo":{"@type":"ImageObject","inLanguage":"es","@id":"https:\/\/www.actecir.cat\/#\/schema\/logo\/image\/","url":"https:\/\/www.actecir.cat\/wp-content\/uploads\/2023\/04\/cropped-logo_actecir_60_alto.png","contentUrl":"https:\/\/www.actecir.cat\/wp-content\/uploads\/2023\/04\/cropped-logo_actecir_60_alto.png","width":283,"height":80,"caption":"Actecir"},"image":{"@id":"https:\/\/www.actecir.cat\/#\/schema\/logo\/image\/"},"sameAs":["https:\/\/x.com\/actecir","https:\/\/www.linkedin.com\/company\/actecir"]},{"@type":"Person","@id":"https:\/\/www.actecir.cat\/#\/schema\/person\/42edd02f0b1d55e19444428c5d321413","name":"Soporte web","sameAs":["https:\/\/www.actecir.cat"],"url":"https:\/\/www.actecir.cat\/es\/author\/maensystems\/"}]}},"_links":{"self":[{"href":"https:\/\/www.actecir.cat\/es\/wp-json\/wp\/v2\/posts\/6030","targetHints":{"allow":["GET"]}}],"collection":[{"href":"https:\/\/www.actecir.cat\/es\/wp-json\/wp\/v2\/posts"}],"about":[{"href":"https:\/\/www.actecir.cat\/es\/wp-json\/wp\/v2\/types\/post"}],"author":[{"embeddable":true,"href":"https:\/\/www.actecir.cat\/es\/wp-json\/wp\/v2\/users\/1"}],"replies":[{"embeddable":true,"href":"https:\/\/www.actecir.cat\/es\/wp-json\/wp\/v2\/comments?post=6030"}],"version-history":[{"count":1,"href":"https:\/\/www.actecir.cat\/es\/wp-json\/wp\/v2\/posts\/6030\/revisions"}],"predecessor-version":[{"id":6031,"href":"https:\/\/www.actecir.cat\/es\/wp-json\/wp\/v2\/posts\/6030\/revisions\/6031"}],"wp:featuredmedia":[{"embeddable":true,"href":"https:\/\/www.actecir.cat\/es\/wp-json\/wp\/v2\/media\/6028"}],"wp:attachment":[{"href":"https:\/\/www.actecir.cat\/es\/wp-json\/wp\/v2\/media?parent=6030"}],"wp:term":[{"taxonomy":"category","embeddable":true,"href":"https:\/\/www.actecir.cat\/es\/wp-json\/wp\/v2\/categories?post=6030"},{"taxonomy":"post_tag","embeddable":true,"href":"https:\/\/www.actecir.cat\/es\/wp-json\/wp\/v2\/tags?post=6030"}],"curies":[{"name":"wp","href":"https:\/\/api.w.org\/{rel}","templated":true}]}}