{"id":6059,"date":"2020-06-19T13:08:44","date_gmt":"2020-06-19T11:08:44","guid":{"rendered":"https:\/\/www.actecir.cat\/?p=6059"},"modified":"2023-05-10T13:11:53","modified_gmt":"2023-05-10T11:11:53","slug":"la-familia-mitsubishi-electric-crece-nueva-serie-msz-bt","status":"publish","type":"post","link":"https:\/\/www.actecir.cat\/es\/la-familia-mitsubishi-electric-crece-nueva-serie-msz-bt\/","title":{"rendered":"La familia Mitsubishi Electric crece: Nueva serie MSZ-BT"},"content":{"rendered":"<p>Con Wi-Fi integrado y filtro purificador, esta apuesta de la firma japonesa supone el equilibrio perfecto entre eficiencia y tecnolog\u00eda.<\/p>\n<p><strong>Madrid, 18 de junio de 2020.\u00a0<\/strong><strong>\u00a0Se acerca el calor y el aire acondicionado vuelve a ser uno de nuestros grandes aliados. Y para hacer frente a las altas temperaturas, Mitsubishi Electric apuesta este verano por su nueva gama\u00a0<\/strong><strong>MSZ-\u00adBT,\u00a0<\/strong>un modelo de gama media, ajustado a las necesidades reales del mercado actual.<\/p>\n<p>El nuevo Split incorpora la m\u00e1s avanzada tecnolog\u00eda, y\u00a0<strong>control Wi-Fi de serie,\u00a0<\/strong>que permite controlar la unidad desde cualquier dispositivo m\u00f3vil, o Tablet, incluso con voz a trav\u00e9s de\u00a0<strong>Alexa<\/strong>; pudiendo\u00a0<strong>fijar la temperatura ideal antes de llegar a casa\u00a0<\/strong>o\u00a0<strong>apagar el aire acondicionado desde cualquier parte<\/strong>, un valor a\u00f1adido a la hora de\u00a0reducir la factura de la luz a final de mes.<\/p>\n<p>Adem\u00e1s,\u00a0<strong>MSZ-\u00adBT<\/strong>\u00a0incorpora prestaciones tan \u00fatiles como informes sobre funcionamiento y estado del equipo, el contacto directo con el servicio t\u00e9cnico o la previsi\u00f3n meteorol\u00f3gica. Tambi\u00e9n proporciona\u00a0<strong>una calidad del aire interior m\u00e1s limpio y saludable gracias a su filtro purificador, capaz de eliminar part\u00edculas en suspensi\u00f3n en el hogar<\/strong>, como polvo y pelos de mascota, lo que no solo favorece\u00a0la eliminaci\u00f3n de toxinas acumuladas en el organismo.<\/p>\n<p>Asimismo, destaca su\u00a0<strong>modo ultra silencioso, con un nivel sonoro de tan solo 19dB (A),<\/strong>\u00a0similar al ruido que hacen las hojas de los \u00e1rboles al caer, es decir, un sonido casi inapreciable al o\u00eddo humano, lo que asegurar un mayor descanso y el m\u00e1ximo confort, tanto de d\u00eda como de noche.<\/p>\n<p><strong>Este modelo completa la gama media de Aire Acondicionado Dom\u00e9stico de Mitsubishi Electric.\u00a0<\/strong><\/p>\n<p>&nbsp;<\/p>\n<p><strong>Para m\u00e1s informaci\u00f3n:<\/strong><\/p>\n<p><strong>\u00a0<\/strong><strong><a href=\"https:\/\/www.mitsubishielectric.es\/aire-acondicionado\/msz-bt\/\">https:\/\/www.mitsubishielectric.es\/aire-acondicionado\/msz-bt\/<\/a><\/strong><\/p>\n<p><strong>\u00a0<\/strong><\/p>\n","protected":false},"excerpt":{"rendered":"<p>Con Wi-Fi integrado y filtro purificador, esta apuesta de la firma japonesa supone el equilibrio perfecto entre eficiencia y tecnolog\u00eda.<\/p>\n","protected":false},"author":1,"featured_media":6057,"comment_status":"closed","ping_status":"closed","sticky":false,"template":"","format":"standard","meta":{"footnotes":""},"categories":[25],"tags":[],"class_list":["post-6059","post","type-post","status-publish","format-standard","has-post-thumbnail","hentry","category-noticias"],"yoast_head":"<!-- This site is optimized with the Yoast SEO plugin v27.2 - https:\/\/yoast.com\/product\/yoast-seo-wordpress\/ -->\n<title>La familia Mitsubishi Electric crece: Nueva serie MSZ-BT - Actecir<\/title>\n<meta name=\"robots\" content=\"index, follow, max-snippet:-1, max-image-preview:large, max-video-preview:-1\" \/>\n<link rel=\"canonical\" href=\"https:\/\/www.actecir.cat\/es\/la-familia-mitsubishi-electric-crece-nueva-serie-msz-bt\/\" \/>\n<meta property=\"og:locale\" content=\"es_ES\" \/>\n<meta property=\"og:type\" content=\"article\" \/>\n<meta property=\"og:title\" content=\"La familia Mitsubishi Electric crece: Nueva serie MSZ-BT - Actecir\" \/>\n<meta property=\"og:description\" content=\"Con Wi-Fi integrado y filtro purificador, esta apuesta de la firma japonesa supone el equilibrio perfecto entre eficiencia y tecnolog\u00eda.\" \/>\n<meta property=\"og:url\" content=\"https:\/\/www.actecir.cat\/es\/la-familia-mitsubishi-electric-crece-nueva-serie-msz-bt\/\" \/>\n<meta property=\"og:site_name\" content=\"Actecir\" \/>\n<meta property=\"article:published_time\" content=\"2020-06-19T11:08:44+00:00\" \/>\n<meta property=\"article:modified_time\" content=\"2023-05-10T11:11:53+00:00\" \/>\n<meta property=\"og:image\" content=\"https:\/\/www.actecir.cat\/wp-content\/uploads\/2023\/05\/mitsubishi-electric-creix.jpg\" \/>\n\t<meta property=\"og:image:width\" content=\"600\" \/>\n\t<meta property=\"og:image:height\" content=\"400\" \/>\n\t<meta property=\"og:image:type\" content=\"image\/jpeg\" \/>\n<meta name=\"author\" content=\"Soporte web\" \/>\n<meta name=\"twitter:card\" content=\"summary_large_image\" \/>\n<meta name=\"twitter:creator\" content=\"@actecir\" \/>\n<meta name=\"twitter:site\" content=\"@actecir\" \/>\n<meta name=\"twitter:label1\" content=\"Escrito por\" \/>\n\t<meta name=\"twitter:data1\" content=\"Soporte web\" \/>\n\t<meta name=\"twitter:label2\" content=\"Tiempo de lectura\" \/>\n\t<meta name=\"twitter:data2\" content=\"2 minutos\" \/>\n<script type=\"application\/ld+json\" class=\"yoast-schema-graph\">{\"@context\":\"https:\/\/schema.org\",\"@graph\":[{\"@type\":\"Article\",\"@id\":\"https:\/\/www.actecir.cat\/es\/la-familia-mitsubishi-electric-crece-nueva-serie-msz-bt\/#article\",\"isPartOf\":{\"@id\":\"https:\/\/www.actecir.cat\/es\/la-familia-mitsubishi-electric-crece-nueva-serie-msz-bt\/\"},\"author\":{\"name\":\"Soporte web\",\"@id\":\"https:\/\/www.actecir.cat\/#\/schema\/person\/42edd02f0b1d55e19444428c5d321413\"},\"headline\":\"La familia Mitsubishi Electric crece: Nueva serie MSZ-BT\",\"datePublished\":\"2020-06-19T11:08:44+00:00\",\"dateModified\":\"2023-05-10T11:11:53+00:00\",\"mainEntityOfPage\":{\"@id\":\"https:\/\/www.actecir.cat\/es\/la-familia-mitsubishi-electric-crece-nueva-serie-msz-bt\/\"},\"wordCount\":312,\"publisher\":{\"@id\":\"https:\/\/www.actecir.cat\/#organization\"},\"image\":{\"@id\":\"https:\/\/www.actecir.cat\/es\/la-familia-mitsubishi-electric-crece-nueva-serie-msz-bt\/#primaryimage\"},\"thumbnailUrl\":\"https:\/\/www.actecir.cat\/wp-content\/uploads\/2023\/05\/mitsubishi-electric-creix.jpg\",\"articleSection\":[\"Noticias\"],\"inLanguage\":\"es\"},{\"@type\":\"WebPage\",\"@id\":\"https:\/\/www.actecir.cat\/es\/la-familia-mitsubishi-electric-crece-nueva-serie-msz-bt\/\",\"url\":\"https:\/\/www.actecir.cat\/es\/la-familia-mitsubishi-electric-crece-nueva-serie-msz-bt\/\",\"name\":\"La familia Mitsubishi Electric crece: Nueva serie MSZ-BT - Actecir\",\"isPartOf\":{\"@id\":\"https:\/\/www.actecir.cat\/#website\"},\"primaryImageOfPage\":{\"@id\":\"https:\/\/www.actecir.cat\/es\/la-familia-mitsubishi-electric-crece-nueva-serie-msz-bt\/#primaryimage\"},\"image\":{\"@id\":\"https:\/\/www.actecir.cat\/es\/la-familia-mitsubishi-electric-crece-nueva-serie-msz-bt\/#primaryimage\"},\"thumbnailUrl\":\"https:\/\/www.actecir.cat\/wp-content\/uploads\/2023\/05\/mitsubishi-electric-creix.jpg\",\"datePublished\":\"2020-06-19T11:08:44+00:00\",\"dateModified\":\"2023-05-10T11:11:53+00:00\",\"breadcrumb\":{\"@id\":\"https:\/\/www.actecir.cat\/es\/la-familia-mitsubishi-electric-crece-nueva-serie-msz-bt\/#breadcrumb\"},\"inLanguage\":\"es\",\"potentialAction\":[{\"@type\":\"ReadAction\",\"target\":[\"https:\/\/www.actecir.cat\/es\/la-familia-mitsubishi-electric-crece-nueva-serie-msz-bt\/\"]}]},{\"@type\":\"ImageObject\",\"inLanguage\":\"es\",\"@id\":\"https:\/\/www.actecir.cat\/es\/la-familia-mitsubishi-electric-crece-nueva-serie-msz-bt\/#primaryimage\",\"url\":\"https:\/\/www.actecir.cat\/wp-content\/uploads\/2023\/05\/mitsubishi-electric-creix.jpg\",\"contentUrl\":\"https:\/\/www.actecir.cat\/wp-content\/uploads\/2023\/05\/mitsubishi-electric-creix.jpg\",\"width\":600,\"height\":400},{\"@type\":\"BreadcrumbList\",\"@id\":\"https:\/\/www.actecir.cat\/es\/la-familia-mitsubishi-electric-crece-nueva-serie-msz-bt\/#breadcrumb\",\"itemListElement\":[{\"@type\":\"ListItem\",\"position\":1,\"name\":\"Inici\",\"item\":\"https:\/\/www.actecir.cat\/es\/\"},{\"@type\":\"ListItem\",\"position\":2,\"name\":\"La familia Mitsubishi Electric crece: Nueva serie MSZ-BT\"}]},{\"@type\":\"WebSite\",\"@id\":\"https:\/\/www.actecir.cat\/#website\",\"url\":\"https:\/\/www.actecir.cat\/\",\"name\":\"Actecir\",\"description\":\"Associaci\u00f3 Catalana de T\u00e8cnics en Energia, Climatitzaci\u00f3 i Refrigeraci\u00f3\",\"publisher\":{\"@id\":\"https:\/\/www.actecir.cat\/#organization\"},\"potentialAction\":[{\"@type\":\"SearchAction\",\"target\":{\"@type\":\"EntryPoint\",\"urlTemplate\":\"https:\/\/www.actecir.cat\/?s={search_term_string}\"},\"query-input\":{\"@type\":\"PropertyValueSpecification\",\"valueRequired\":true,\"valueName\":\"search_term_string\"}}],\"inLanguage\":\"es\"},{\"@type\":\"Organization\",\"@id\":\"https:\/\/www.actecir.cat\/#organization\",\"name\":\"Actecir\",\"url\":\"https:\/\/www.actecir.cat\/\",\"logo\":{\"@type\":\"ImageObject\",\"inLanguage\":\"es\",\"@id\":\"https:\/\/www.actecir.cat\/#\/schema\/logo\/image\/\",\"url\":\"https:\/\/www.actecir.cat\/wp-content\/uploads\/2023\/04\/cropped-logo_actecir_60_alto.png\",\"contentUrl\":\"https:\/\/www.actecir.cat\/wp-content\/uploads\/2023\/04\/cropped-logo_actecir_60_alto.png\",\"width\":283,\"height\":80,\"caption\":\"Actecir\"},\"image\":{\"@id\":\"https:\/\/www.actecir.cat\/#\/schema\/logo\/image\/\"},\"sameAs\":[\"https:\/\/x.com\/actecir\",\"https:\/\/www.linkedin.com\/company\/actecir\"]},{\"@type\":\"Person\",\"@id\":\"https:\/\/www.actecir.cat\/#\/schema\/person\/42edd02f0b1d55e19444428c5d321413\",\"name\":\"Soporte web\",\"sameAs\":[\"https:\/\/www.actecir.cat\"],\"url\":\"https:\/\/www.actecir.cat\/es\/author\/maensystems\/\"}]}<\/script>\n<!-- \/ Yoast SEO plugin. -->","yoast_head_json":{"title":"La familia Mitsubishi Electric crece: Nueva serie MSZ-BT - Actecir","robots":{"index":"index","follow":"follow","max-snippet":"max-snippet:-1","max-image-preview":"max-image-preview:large","max-video-preview":"max-video-preview:-1"},"canonical":"https:\/\/www.actecir.cat\/es\/la-familia-mitsubishi-electric-crece-nueva-serie-msz-bt\/","og_locale":"es_ES","og_type":"article","og_title":"La familia Mitsubishi Electric crece: Nueva serie MSZ-BT - Actecir","og_description":"Con Wi-Fi integrado y filtro purificador, esta apuesta de la firma japonesa supone el equilibrio perfecto entre eficiencia y tecnolog\u00eda.","og_url":"https:\/\/www.actecir.cat\/es\/la-familia-mitsubishi-electric-crece-nueva-serie-msz-bt\/","og_site_name":"Actecir","article_published_time":"2020-06-19T11:08:44+00:00","article_modified_time":"2023-05-10T11:11:53+00:00","og_image":[{"width":600,"height":400,"url":"https:\/\/www.actecir.cat\/wp-content\/uploads\/2023\/05\/mitsubishi-electric-creix.jpg","type":"image\/jpeg"}],"author":"Soporte web","twitter_card":"summary_large_image","twitter_creator":"@actecir","twitter_site":"@actecir","twitter_misc":{"Escrito por":"Soporte web","Tiempo de lectura":"2 minutos"},"schema":{"@context":"https:\/\/schema.org","@graph":[{"@type":"Article","@id":"https:\/\/www.actecir.cat\/es\/la-familia-mitsubishi-electric-crece-nueva-serie-msz-bt\/#article","isPartOf":{"@id":"https:\/\/www.actecir.cat\/es\/la-familia-mitsubishi-electric-crece-nueva-serie-msz-bt\/"},"author":{"name":"Soporte web","@id":"https:\/\/www.actecir.cat\/#\/schema\/person\/42edd02f0b1d55e19444428c5d321413"},"headline":"La familia Mitsubishi Electric crece: Nueva serie MSZ-BT","datePublished":"2020-06-19T11:08:44+00:00","dateModified":"2023-05-10T11:11:53+00:00","mainEntityOfPage":{"@id":"https:\/\/www.actecir.cat\/es\/la-familia-mitsubishi-electric-crece-nueva-serie-msz-bt\/"},"wordCount":312,"publisher":{"@id":"https:\/\/www.actecir.cat\/#organization"},"image":{"@id":"https:\/\/www.actecir.cat\/es\/la-familia-mitsubishi-electric-crece-nueva-serie-msz-bt\/#primaryimage"},"thumbnailUrl":"https:\/\/www.actecir.cat\/wp-content\/uploads\/2023\/05\/mitsubishi-electric-creix.jpg","articleSection":["Noticias"],"inLanguage":"es"},{"@type":"WebPage","@id":"https:\/\/www.actecir.cat\/es\/la-familia-mitsubishi-electric-crece-nueva-serie-msz-bt\/","url":"https:\/\/www.actecir.cat\/es\/la-familia-mitsubishi-electric-crece-nueva-serie-msz-bt\/","name":"La familia Mitsubishi Electric crece: Nueva serie MSZ-BT - Actecir","isPartOf":{"@id":"https:\/\/www.actecir.cat\/#website"},"primaryImageOfPage":{"@id":"https:\/\/www.actecir.cat\/es\/la-familia-mitsubishi-electric-crece-nueva-serie-msz-bt\/#primaryimage"},"image":{"@id":"https:\/\/www.actecir.cat\/es\/la-familia-mitsubishi-electric-crece-nueva-serie-msz-bt\/#primaryimage"},"thumbnailUrl":"https:\/\/www.actecir.cat\/wp-content\/uploads\/2023\/05\/mitsubishi-electric-creix.jpg","datePublished":"2020-06-19T11:08:44+00:00","dateModified":"2023-05-10T11:11:53+00:00","breadcrumb":{"@id":"https:\/\/www.actecir.cat\/es\/la-familia-mitsubishi-electric-crece-nueva-serie-msz-bt\/#breadcrumb"},"inLanguage":"es","potentialAction":[{"@type":"ReadAction","target":["https:\/\/www.actecir.cat\/es\/la-familia-mitsubishi-electric-crece-nueva-serie-msz-bt\/"]}]},{"@type":"ImageObject","inLanguage":"es","@id":"https:\/\/www.actecir.cat\/es\/la-familia-mitsubishi-electric-crece-nueva-serie-msz-bt\/#primaryimage","url":"https:\/\/www.actecir.cat\/wp-content\/uploads\/2023\/05\/mitsubishi-electric-creix.jpg","contentUrl":"https:\/\/www.actecir.cat\/wp-content\/uploads\/2023\/05\/mitsubishi-electric-creix.jpg","width":600,"height":400},{"@type":"BreadcrumbList","@id":"https:\/\/www.actecir.cat\/es\/la-familia-mitsubishi-electric-crece-nueva-serie-msz-bt\/#breadcrumb","itemListElement":[{"@type":"ListItem","position":1,"name":"Inici","item":"https:\/\/www.actecir.cat\/es\/"},{"@type":"ListItem","position":2,"name":"La familia Mitsubishi Electric crece: Nueva serie MSZ-BT"}]},{"@type":"WebSite","@id":"https:\/\/www.actecir.cat\/#website","url":"https:\/\/www.actecir.cat\/","name":"Actecir","description":"Associaci\u00f3 Catalana de T\u00e8cnics en Energia, Climatitzaci\u00f3 i Refrigeraci\u00f3","publisher":{"@id":"https:\/\/www.actecir.cat\/#organization"},"potentialAction":[{"@type":"SearchAction","target":{"@type":"EntryPoint","urlTemplate":"https:\/\/www.actecir.cat\/?s={search_term_string}"},"query-input":{"@type":"PropertyValueSpecification","valueRequired":true,"valueName":"search_term_string"}}],"inLanguage":"es"},{"@type":"Organization","@id":"https:\/\/www.actecir.cat\/#organization","name":"Actecir","url":"https:\/\/www.actecir.cat\/","logo":{"@type":"ImageObject","inLanguage":"es","@id":"https:\/\/www.actecir.cat\/#\/schema\/logo\/image\/","url":"https:\/\/www.actecir.cat\/wp-content\/uploads\/2023\/04\/cropped-logo_actecir_60_alto.png","contentUrl":"https:\/\/www.actecir.cat\/wp-content\/uploads\/2023\/04\/cropped-logo_actecir_60_alto.png","width":283,"height":80,"caption":"Actecir"},"image":{"@id":"https:\/\/www.actecir.cat\/#\/schema\/logo\/image\/"},"sameAs":["https:\/\/x.com\/actecir","https:\/\/www.linkedin.com\/company\/actecir"]},{"@type":"Person","@id":"https:\/\/www.actecir.cat\/#\/schema\/person\/42edd02f0b1d55e19444428c5d321413","name":"Soporte web","sameAs":["https:\/\/www.actecir.cat"],"url":"https:\/\/www.actecir.cat\/es\/author\/maensystems\/"}]}},"_links":{"self":[{"href":"https:\/\/www.actecir.cat\/es\/wp-json\/wp\/v2\/posts\/6059","targetHints":{"allow":["GET"]}}],"collection":[{"href":"https:\/\/www.actecir.cat\/es\/wp-json\/wp\/v2\/posts"}],"about":[{"href":"https:\/\/www.actecir.cat\/es\/wp-json\/wp\/v2\/types\/post"}],"author":[{"embeddable":true,"href":"https:\/\/www.actecir.cat\/es\/wp-json\/wp\/v2\/users\/1"}],"replies":[{"embeddable":true,"href":"https:\/\/www.actecir.cat\/es\/wp-json\/wp\/v2\/comments?post=6059"}],"version-history":[{"count":1,"href":"https:\/\/www.actecir.cat\/es\/wp-json\/wp\/v2\/posts\/6059\/revisions"}],"predecessor-version":[{"id":6060,"href":"https:\/\/www.actecir.cat\/es\/wp-json\/wp\/v2\/posts\/6059\/revisions\/6060"}],"wp:featuredmedia":[{"embeddable":true,"href":"https:\/\/www.actecir.cat\/es\/wp-json\/wp\/v2\/media\/6057"}],"wp:attachment":[{"href":"https:\/\/www.actecir.cat\/es\/wp-json\/wp\/v2\/media?parent=6059"}],"wp:term":[{"taxonomy":"category","embeddable":true,"href":"https:\/\/www.actecir.cat\/es\/wp-json\/wp\/v2\/categories?post=6059"},{"taxonomy":"post_tag","embeddable":true,"href":"https:\/\/www.actecir.cat\/es\/wp-json\/wp\/v2\/tags?post=6059"}],"curies":[{"name":"wp","href":"https:\/\/api.w.org\/{rel}","templated":true}]}}