{"id":6065,"date":"2020-06-18T13:12:53","date_gmt":"2020-06-18T11:12:53","guid":{"rendered":"https:\/\/www.actecir.cat\/?p=6065"},"modified":"2023-05-10T13:14:33","modified_gmt":"2023-05-10T11:14:33","slug":"keyter-presenta-airsanit-unidad-de-tratamiento-del-aire-y-purificacion","status":"publish","type":"post","link":"https:\/\/www.actecir.cat\/es\/keyter-presenta-airsanit-unidad-de-tratamiento-del-aire-y-purificacion\/","title":{"rendered":"KEYTER presenta AirSanit, Unidad de Tratamiento del Aire y Purificaci\u00f3n"},"content":{"rendered":"<p>Combina varias tecnolog\u00edas efectivas en un \u00fanico sistema para reducir y eliminar virus<\/p>\n<p><strong>KEYTER<\/strong>\u00a0presenta\u00a0<strong>AirSanit<\/strong>,\u00a0<strong>\u00fanico Sistema de Tratamiento y Purificaci\u00f3n del Aire compatible con la presencia de personas,<\/strong>\u00a0que combina varias tecnolog\u00edas efectivas en un \u00fanico sistema para reducir y eliminar virus, incluido\u00a0<strong><em>SARS-CoV-2,<\/em><\/strong>\u00a0bacterias y otros microorganismos o pat\u00f3genos, presentes en el aire interior con una eficacia de hasta el\u00a0<strong>99.995%<\/strong>. Estas tecnolog\u00edas combinadas permiten que\u00a0<strong>AirSanit<\/strong>\u00a0pueda ser utilizado en espacios ocupados por personas, sin ning\u00fan efecto negativo para \u00e9stas, ya que no utiliza ninguna sustancia perjudicial para la salud como el ozono, cloro, per\u00f3xido de hidr\u00f3geno o hidroxilo.<\/p>\n<p><strong>AirSanit<\/strong>\u00a0va un paso m\u00e1s all\u00e1 de las tecnolog\u00edas existentes en el mercado. Equipado con un sistema de prefiltros y filtros HEPA13 o 14 ofrece doble efecto germicida mediante UVGI y Detox System, \u00e9ste \u00faltimo desarrollado exclusivamente por KEYTER. Ambos sistemas dise\u00f1ados cuidadosamente para garantizar el m\u00e1ximo grado de desinfecci\u00f3n del aire e inactivaci\u00f3n de microorganismos, virus o bacterias como E.Coli, TBC, SARS, Legionella\u2026, permitiendo que las operaciones de mantenimiento tanto de los filtros HEPA como de las l\u00e1mparas UVGI se puedan llevar a cabo con total seguridad minimizando por completo los riesgos de contagio en la operaci\u00f3n.<\/p>\n<p>Disponible en versi\u00f3n\u00a0<strong>Mobile<\/strong>\u00a0con ruedas, plug&amp;play o en versi\u00f3n\u00a0<strong>PRO,\u00a0<\/strong>para instalaci\u00f3n con conductos de aire<strong>.\u00a0<\/strong><\/p>\n<p><strong>AirSanit<\/strong>\u00a0incluye potente interfaz de usuario que proporciona informaci\u00f3n relevante sobre la calidad de aire interior mostrando contenido de CO2, VOC, PM2,5 y PM10.<strong>\u00a0<\/strong>Es programable y\u00a0permite monitorizaci\u00f3n remota basada en Cloud (IoT).<\/p>\n<p><strong>AirSanit<\/strong>\u00a0logra disminuir y eliminar de forma dr\u00e1stica el riesgo de contagios por reducci\u00f3n de la carga viral en aire ambiente, creando espacios m\u00e1s seguros para la salud de trabajadores y usuarios.<\/p>\n","protected":false},"excerpt":{"rendered":"<p>Combina varias tecnolog\u00edas efectivas en un \u00fanico sistema para reducir y eliminar virus<\/p>\n","protected":false},"author":1,"featured_media":6063,"comment_status":"closed","ping_status":"closed","sticky":false,"template":"","format":"standard","meta":{"footnotes":""},"categories":[25],"tags":[],"class_list":["post-6065","post","type-post","status-publish","format-standard","has-post-thumbnail","hentry","category-noticias"],"yoast_head":"<!-- This site is optimized with the Yoast SEO plugin v27.2 - https:\/\/yoast.com\/product\/yoast-seo-wordpress\/ -->\n<title>KEYTER presenta AirSanit, Unidad de Tratamiento del Aire y Purificaci\u00f3n - Actecir<\/title>\n<meta name=\"robots\" content=\"index, follow, max-snippet:-1, max-image-preview:large, max-video-preview:-1\" \/>\n<link rel=\"canonical\" href=\"https:\/\/www.actecir.cat\/es\/keyter-presenta-airsanit-unidad-de-tratamiento-del-aire-y-purificacion\/\" \/>\n<meta property=\"og:locale\" content=\"es_ES\" \/>\n<meta property=\"og:type\" content=\"article\" \/>\n<meta property=\"og:title\" content=\"KEYTER presenta AirSanit, Unidad de Tratamiento del Aire y Purificaci\u00f3n - Actecir\" \/>\n<meta property=\"og:description\" content=\"Combina varias tecnolog\u00edas efectivas en un \u00fanico sistema para reducir y eliminar virus\" \/>\n<meta property=\"og:url\" content=\"https:\/\/www.actecir.cat\/es\/keyter-presenta-airsanit-unidad-de-tratamiento-del-aire-y-purificacion\/\" \/>\n<meta property=\"og:site_name\" content=\"Actecir\" \/>\n<meta property=\"article:published_time\" content=\"2020-06-18T11:12:53+00:00\" \/>\n<meta property=\"article:modified_time\" content=\"2023-05-10T11:14:33+00:00\" \/>\n<meta property=\"og:image\" content=\"https:\/\/www.actecir.cat\/wp-content\/uploads\/2023\/05\/AirSanit-ES-scaled.jpg\" \/>\n\t<meta property=\"og:image:width\" content=\"2560\" \/>\n\t<meta property=\"og:image:height\" content=\"1707\" \/>\n\t<meta property=\"og:image:type\" content=\"image\/jpeg\" \/>\n<meta name=\"author\" content=\"Soporte web\" \/>\n<meta name=\"twitter:card\" content=\"summary_large_image\" \/>\n<meta name=\"twitter:creator\" content=\"@actecir\" \/>\n<meta name=\"twitter:site\" content=\"@actecir\" \/>\n<meta name=\"twitter:label1\" content=\"Escrito por\" \/>\n\t<meta name=\"twitter:data1\" content=\"Soporte web\" \/>\n\t<meta name=\"twitter:label2\" content=\"Tiempo de lectura\" \/>\n\t<meta name=\"twitter:data2\" content=\"2 minutos\" \/>\n<script type=\"application\/ld+json\" class=\"yoast-schema-graph\">{\"@context\":\"https:\/\/schema.org\",\"@graph\":[{\"@type\":\"Article\",\"@id\":\"https:\/\/www.actecir.cat\/es\/keyter-presenta-airsanit-unidad-de-tratamiento-del-aire-y-purificacion\/#article\",\"isPartOf\":{\"@id\":\"https:\/\/www.actecir.cat\/es\/keyter-presenta-airsanit-unidad-de-tratamiento-del-aire-y-purificacion\/\"},\"author\":{\"name\":\"Soporte web\",\"@id\":\"https:\/\/www.actecir.cat\/#\/schema\/person\/42edd02f0b1d55e19444428c5d321413\"},\"headline\":\"KEYTER presenta AirSanit, Unidad de Tratamiento del Aire y Purificaci\u00f3n\",\"datePublished\":\"2020-06-18T11:12:53+00:00\",\"dateModified\":\"2023-05-10T11:14:33+00:00\",\"mainEntityOfPage\":{\"@id\":\"https:\/\/www.actecir.cat\/es\/keyter-presenta-airsanit-unidad-de-tratamiento-del-aire-y-purificacion\/\"},\"wordCount\":320,\"publisher\":{\"@id\":\"https:\/\/www.actecir.cat\/#organization\"},\"image\":{\"@id\":\"https:\/\/www.actecir.cat\/es\/keyter-presenta-airsanit-unidad-de-tratamiento-del-aire-y-purificacion\/#primaryimage\"},\"thumbnailUrl\":\"https:\/\/www.actecir.cat\/wp-content\/uploads\/2023\/05\/AirSanit-ES-scaled.jpg\",\"articleSection\":[\"Noticias\"],\"inLanguage\":\"es\"},{\"@type\":\"WebPage\",\"@id\":\"https:\/\/www.actecir.cat\/es\/keyter-presenta-airsanit-unidad-de-tratamiento-del-aire-y-purificacion\/\",\"url\":\"https:\/\/www.actecir.cat\/es\/keyter-presenta-airsanit-unidad-de-tratamiento-del-aire-y-purificacion\/\",\"name\":\"KEYTER presenta AirSanit, Unidad de Tratamiento del Aire y Purificaci\u00f3n - Actecir\",\"isPartOf\":{\"@id\":\"https:\/\/www.actecir.cat\/#website\"},\"primaryImageOfPage\":{\"@id\":\"https:\/\/www.actecir.cat\/es\/keyter-presenta-airsanit-unidad-de-tratamiento-del-aire-y-purificacion\/#primaryimage\"},\"image\":{\"@id\":\"https:\/\/www.actecir.cat\/es\/keyter-presenta-airsanit-unidad-de-tratamiento-del-aire-y-purificacion\/#primaryimage\"},\"thumbnailUrl\":\"https:\/\/www.actecir.cat\/wp-content\/uploads\/2023\/05\/AirSanit-ES-scaled.jpg\",\"datePublished\":\"2020-06-18T11:12:53+00:00\",\"dateModified\":\"2023-05-10T11:14:33+00:00\",\"breadcrumb\":{\"@id\":\"https:\/\/www.actecir.cat\/es\/keyter-presenta-airsanit-unidad-de-tratamiento-del-aire-y-purificacion\/#breadcrumb\"},\"inLanguage\":\"es\",\"potentialAction\":[{\"@type\":\"ReadAction\",\"target\":[\"https:\/\/www.actecir.cat\/es\/keyter-presenta-airsanit-unidad-de-tratamiento-del-aire-y-purificacion\/\"]}]},{\"@type\":\"ImageObject\",\"inLanguage\":\"es\",\"@id\":\"https:\/\/www.actecir.cat\/es\/keyter-presenta-airsanit-unidad-de-tratamiento-del-aire-y-purificacion\/#primaryimage\",\"url\":\"https:\/\/www.actecir.cat\/wp-content\/uploads\/2023\/05\/AirSanit-ES-scaled.jpg\",\"contentUrl\":\"https:\/\/www.actecir.cat\/wp-content\/uploads\/2023\/05\/AirSanit-ES-scaled.jpg\",\"width\":2560,\"height\":1707},{\"@type\":\"BreadcrumbList\",\"@id\":\"https:\/\/www.actecir.cat\/es\/keyter-presenta-airsanit-unidad-de-tratamiento-del-aire-y-purificacion\/#breadcrumb\",\"itemListElement\":[{\"@type\":\"ListItem\",\"position\":1,\"name\":\"Inici\",\"item\":\"https:\/\/www.actecir.cat\/es\/\"},{\"@type\":\"ListItem\",\"position\":2,\"name\":\"KEYTER presenta AirSanit, Unidad de Tratamiento del Aire y Purificaci\u00f3n\"}]},{\"@type\":\"WebSite\",\"@id\":\"https:\/\/www.actecir.cat\/#website\",\"url\":\"https:\/\/www.actecir.cat\/\",\"name\":\"Actecir\",\"description\":\"Associaci\u00f3 Catalana de T\u00e8cnics en Energia, Climatitzaci\u00f3 i Refrigeraci\u00f3\",\"publisher\":{\"@id\":\"https:\/\/www.actecir.cat\/#organization\"},\"potentialAction\":[{\"@type\":\"SearchAction\",\"target\":{\"@type\":\"EntryPoint\",\"urlTemplate\":\"https:\/\/www.actecir.cat\/?s={search_term_string}\"},\"query-input\":{\"@type\":\"PropertyValueSpecification\",\"valueRequired\":true,\"valueName\":\"search_term_string\"}}],\"inLanguage\":\"es\"},{\"@type\":\"Organization\",\"@id\":\"https:\/\/www.actecir.cat\/#organization\",\"name\":\"Actecir\",\"url\":\"https:\/\/www.actecir.cat\/\",\"logo\":{\"@type\":\"ImageObject\",\"inLanguage\":\"es\",\"@id\":\"https:\/\/www.actecir.cat\/#\/schema\/logo\/image\/\",\"url\":\"https:\/\/www.actecir.cat\/wp-content\/uploads\/2023\/04\/cropped-logo_actecir_60_alto.png\",\"contentUrl\":\"https:\/\/www.actecir.cat\/wp-content\/uploads\/2023\/04\/cropped-logo_actecir_60_alto.png\",\"width\":283,\"height\":80,\"caption\":\"Actecir\"},\"image\":{\"@id\":\"https:\/\/www.actecir.cat\/#\/schema\/logo\/image\/\"},\"sameAs\":[\"https:\/\/x.com\/actecir\",\"https:\/\/www.linkedin.com\/company\/actecir\"]},{\"@type\":\"Person\",\"@id\":\"https:\/\/www.actecir.cat\/#\/schema\/person\/42edd02f0b1d55e19444428c5d321413\",\"name\":\"Soporte web\",\"sameAs\":[\"https:\/\/www.actecir.cat\"],\"url\":\"https:\/\/www.actecir.cat\/es\/author\/maensystems\/\"}]}<\/script>\n<!-- \/ Yoast SEO plugin. -->","yoast_head_json":{"title":"KEYTER presenta AirSanit, Unidad de Tratamiento del Aire y Purificaci\u00f3n - Actecir","robots":{"index":"index","follow":"follow","max-snippet":"max-snippet:-1","max-image-preview":"max-image-preview:large","max-video-preview":"max-video-preview:-1"},"canonical":"https:\/\/www.actecir.cat\/es\/keyter-presenta-airsanit-unidad-de-tratamiento-del-aire-y-purificacion\/","og_locale":"es_ES","og_type":"article","og_title":"KEYTER presenta AirSanit, Unidad de Tratamiento del Aire y Purificaci\u00f3n - Actecir","og_description":"Combina varias tecnolog\u00edas efectivas en un \u00fanico sistema para reducir y eliminar virus","og_url":"https:\/\/www.actecir.cat\/es\/keyter-presenta-airsanit-unidad-de-tratamiento-del-aire-y-purificacion\/","og_site_name":"Actecir","article_published_time":"2020-06-18T11:12:53+00:00","article_modified_time":"2023-05-10T11:14:33+00:00","og_image":[{"width":2560,"height":1707,"url":"https:\/\/www.actecir.cat\/wp-content\/uploads\/2023\/05\/AirSanit-ES-scaled.jpg","type":"image\/jpeg"}],"author":"Soporte web","twitter_card":"summary_large_image","twitter_creator":"@actecir","twitter_site":"@actecir","twitter_misc":{"Escrito por":"Soporte web","Tiempo de lectura":"2 minutos"},"schema":{"@context":"https:\/\/schema.org","@graph":[{"@type":"Article","@id":"https:\/\/www.actecir.cat\/es\/keyter-presenta-airsanit-unidad-de-tratamiento-del-aire-y-purificacion\/#article","isPartOf":{"@id":"https:\/\/www.actecir.cat\/es\/keyter-presenta-airsanit-unidad-de-tratamiento-del-aire-y-purificacion\/"},"author":{"name":"Soporte web","@id":"https:\/\/www.actecir.cat\/#\/schema\/person\/42edd02f0b1d55e19444428c5d321413"},"headline":"KEYTER presenta AirSanit, Unidad de Tratamiento del Aire y Purificaci\u00f3n","datePublished":"2020-06-18T11:12:53+00:00","dateModified":"2023-05-10T11:14:33+00:00","mainEntityOfPage":{"@id":"https:\/\/www.actecir.cat\/es\/keyter-presenta-airsanit-unidad-de-tratamiento-del-aire-y-purificacion\/"},"wordCount":320,"publisher":{"@id":"https:\/\/www.actecir.cat\/#organization"},"image":{"@id":"https:\/\/www.actecir.cat\/es\/keyter-presenta-airsanit-unidad-de-tratamiento-del-aire-y-purificacion\/#primaryimage"},"thumbnailUrl":"https:\/\/www.actecir.cat\/wp-content\/uploads\/2023\/05\/AirSanit-ES-scaled.jpg","articleSection":["Noticias"],"inLanguage":"es"},{"@type":"WebPage","@id":"https:\/\/www.actecir.cat\/es\/keyter-presenta-airsanit-unidad-de-tratamiento-del-aire-y-purificacion\/","url":"https:\/\/www.actecir.cat\/es\/keyter-presenta-airsanit-unidad-de-tratamiento-del-aire-y-purificacion\/","name":"KEYTER presenta AirSanit, Unidad de Tratamiento del Aire y Purificaci\u00f3n - Actecir","isPartOf":{"@id":"https:\/\/www.actecir.cat\/#website"},"primaryImageOfPage":{"@id":"https:\/\/www.actecir.cat\/es\/keyter-presenta-airsanit-unidad-de-tratamiento-del-aire-y-purificacion\/#primaryimage"},"image":{"@id":"https:\/\/www.actecir.cat\/es\/keyter-presenta-airsanit-unidad-de-tratamiento-del-aire-y-purificacion\/#primaryimage"},"thumbnailUrl":"https:\/\/www.actecir.cat\/wp-content\/uploads\/2023\/05\/AirSanit-ES-scaled.jpg","datePublished":"2020-06-18T11:12:53+00:00","dateModified":"2023-05-10T11:14:33+00:00","breadcrumb":{"@id":"https:\/\/www.actecir.cat\/es\/keyter-presenta-airsanit-unidad-de-tratamiento-del-aire-y-purificacion\/#breadcrumb"},"inLanguage":"es","potentialAction":[{"@type":"ReadAction","target":["https:\/\/www.actecir.cat\/es\/keyter-presenta-airsanit-unidad-de-tratamiento-del-aire-y-purificacion\/"]}]},{"@type":"ImageObject","inLanguage":"es","@id":"https:\/\/www.actecir.cat\/es\/keyter-presenta-airsanit-unidad-de-tratamiento-del-aire-y-purificacion\/#primaryimage","url":"https:\/\/www.actecir.cat\/wp-content\/uploads\/2023\/05\/AirSanit-ES-scaled.jpg","contentUrl":"https:\/\/www.actecir.cat\/wp-content\/uploads\/2023\/05\/AirSanit-ES-scaled.jpg","width":2560,"height":1707},{"@type":"BreadcrumbList","@id":"https:\/\/www.actecir.cat\/es\/keyter-presenta-airsanit-unidad-de-tratamiento-del-aire-y-purificacion\/#breadcrumb","itemListElement":[{"@type":"ListItem","position":1,"name":"Inici","item":"https:\/\/www.actecir.cat\/es\/"},{"@type":"ListItem","position":2,"name":"KEYTER presenta AirSanit, Unidad de Tratamiento del Aire y Purificaci\u00f3n"}]},{"@type":"WebSite","@id":"https:\/\/www.actecir.cat\/#website","url":"https:\/\/www.actecir.cat\/","name":"Actecir","description":"Associaci\u00f3 Catalana de T\u00e8cnics en Energia, Climatitzaci\u00f3 i Refrigeraci\u00f3","publisher":{"@id":"https:\/\/www.actecir.cat\/#organization"},"potentialAction":[{"@type":"SearchAction","target":{"@type":"EntryPoint","urlTemplate":"https:\/\/www.actecir.cat\/?s={search_term_string}"},"query-input":{"@type":"PropertyValueSpecification","valueRequired":true,"valueName":"search_term_string"}}],"inLanguage":"es"},{"@type":"Organization","@id":"https:\/\/www.actecir.cat\/#organization","name":"Actecir","url":"https:\/\/www.actecir.cat\/","logo":{"@type":"ImageObject","inLanguage":"es","@id":"https:\/\/www.actecir.cat\/#\/schema\/logo\/image\/","url":"https:\/\/www.actecir.cat\/wp-content\/uploads\/2023\/04\/cropped-logo_actecir_60_alto.png","contentUrl":"https:\/\/www.actecir.cat\/wp-content\/uploads\/2023\/04\/cropped-logo_actecir_60_alto.png","width":283,"height":80,"caption":"Actecir"},"image":{"@id":"https:\/\/www.actecir.cat\/#\/schema\/logo\/image\/"},"sameAs":["https:\/\/x.com\/actecir","https:\/\/www.linkedin.com\/company\/actecir"]},{"@type":"Person","@id":"https:\/\/www.actecir.cat\/#\/schema\/person\/42edd02f0b1d55e19444428c5d321413","name":"Soporte web","sameAs":["https:\/\/www.actecir.cat"],"url":"https:\/\/www.actecir.cat\/es\/author\/maensystems\/"}]}},"_links":{"self":[{"href":"https:\/\/www.actecir.cat\/es\/wp-json\/wp\/v2\/posts\/6065","targetHints":{"allow":["GET"]}}],"collection":[{"href":"https:\/\/www.actecir.cat\/es\/wp-json\/wp\/v2\/posts"}],"about":[{"href":"https:\/\/www.actecir.cat\/es\/wp-json\/wp\/v2\/types\/post"}],"author":[{"embeddable":true,"href":"https:\/\/www.actecir.cat\/es\/wp-json\/wp\/v2\/users\/1"}],"replies":[{"embeddable":true,"href":"https:\/\/www.actecir.cat\/es\/wp-json\/wp\/v2\/comments?post=6065"}],"version-history":[{"count":1,"href":"https:\/\/www.actecir.cat\/es\/wp-json\/wp\/v2\/posts\/6065\/revisions"}],"predecessor-version":[{"id":6066,"href":"https:\/\/www.actecir.cat\/es\/wp-json\/wp\/v2\/posts\/6065\/revisions\/6066"}],"wp:featuredmedia":[{"embeddable":true,"href":"https:\/\/www.actecir.cat\/es\/wp-json\/wp\/v2\/media\/6063"}],"wp:attachment":[{"href":"https:\/\/www.actecir.cat\/es\/wp-json\/wp\/v2\/media?parent=6065"}],"wp:term":[{"taxonomy":"category","embeddable":true,"href":"https:\/\/www.actecir.cat\/es\/wp-json\/wp\/v2\/categories?post=6065"},{"taxonomy":"post_tag","embeddable":true,"href":"https:\/\/www.actecir.cat\/es\/wp-json\/wp\/v2\/tags?post=6065"}],"curies":[{"name":"wp","href":"https:\/\/api.w.org\/{rel}","templated":true}]}}