{"id":6083,"date":"2020-06-05T13:31:23","date_gmt":"2020-06-05T11:31:23","guid":{"rendered":"https:\/\/www.actecir.cat\/?p=6083"},"modified":"2023-07-07T13:51:32","modified_gmt":"2023-07-07T11:51:32","slug":"entrevista-de-fotovoltaica-y-la-aerotermia","status":"publish","type":"post","link":"https:\/\/www.actecir.cat\/es\/entrevista-de-fotovoltaica-y-la-aerotermia\/","title":{"rendered":"ENTREVISTA DE FOTOVOLTAICA Y LA AEROTERMIA"},"content":{"rendered":"<p>Entrevista de la empresa Fronius (fabricante europeo l\u00edder\u00a0en inversores string) realiz\u00f3 a Salvador Escoda la semana pasada.<\/p>\n<p>Si te interesa la Fotovoltaica y la Aerotermia, te transcribimos la entrevista del Director de la Divisi\u00f3n Energ\u00eda y Renovables Pedro Garc\u00eda G\u00f3mez de Salvador Escoda, dirigida por Sergio L\u00f3pez de Castro, Director Comercial de Fronius Espa\u00f1a Solar Energy. Descubre cuales son los nexos entre el mercado de la climatizaci\u00f3n y el autoconsumo FV, qu\u00e9 es la Aerotermia y por qu\u00e9 es tan eficiente junto una instalaci\u00f3n FV. Salvador Escoda, es l\u00edder en el suministro de productos para instalaciones de energ\u00edas renovables airea condicionado, refrigeraci\u00f3n, calefacci\u00f3n, agua, gas, electricidad y aislamientos.<\/p>\n<p>&nbsp;<\/p>\n<p><a href=\"https:\/\/www.actecir.cat\/wp-content\/uploads\/2023\/07\/Articulo_Locos_por_la_Fotovoltaica.pdf\" target=\"_blank\" rel=\"noopener\"><i class=\"fa fa-file-pdf-o \"><\/i>\u00a0ART\u00cdCULO ENTREVISTA<\/a><\/p>\n<p>&nbsp;<\/p>\n<p><iframe src=\"\/\/www.youtube.com\/embed\/uG0SDkp6K40\" width=\"560\" height=\"314\" allowfullscreen=\"allowfullscreen\"><\/iframe><\/p>\n","protected":false},"excerpt":{"rendered":"<p>Entrevista de la empresa Fronius<\/p>\n","protected":false},"author":1,"featured_media":6081,"comment_status":"closed","ping_status":"closed","sticky":false,"template":"","format":"standard","meta":{"footnotes":""},"categories":[25],"tags":[],"class_list":["post-6083","post","type-post","status-publish","format-standard","has-post-thumbnail","hentry","category-noticias"],"yoast_head":"<!-- This site is optimized with the Yoast SEO plugin v27.2 - https:\/\/yoast.com\/product\/yoast-seo-wordpress\/ -->\n<title>ENTREVISTA DE FOTOVOLTAICA Y LA AEROTERMIA - Actecir<\/title>\n<meta name=\"robots\" content=\"index, follow, max-snippet:-1, max-image-preview:large, max-video-preview:-1\" \/>\n<link rel=\"canonical\" href=\"https:\/\/www.actecir.cat\/es\/entrevista-de-fotovoltaica-y-la-aerotermia\/\" \/>\n<meta property=\"og:locale\" content=\"es_ES\" \/>\n<meta property=\"og:type\" content=\"article\" \/>\n<meta property=\"og:title\" content=\"ENTREVISTA DE FOTOVOLTAICA Y LA AEROTERMIA - Actecir\" \/>\n<meta property=\"og:description\" content=\"Entrevista de la empresa Fronius\" \/>\n<meta property=\"og:url\" content=\"https:\/\/www.actecir.cat\/es\/entrevista-de-fotovoltaica-y-la-aerotermia\/\" \/>\n<meta property=\"og:site_name\" content=\"Actecir\" \/>\n<meta property=\"article:published_time\" content=\"2020-06-05T11:31:23+00:00\" \/>\n<meta property=\"article:modified_time\" content=\"2023-07-07T11:51:32+00:00\" \/>\n<meta property=\"og:image\" content=\"https:\/\/www.actecir.cat\/wp-content\/uploads\/2023\/05\/entrevista-05-2020.png\" \/>\n\t<meta property=\"og:image:width\" content=\"532\" \/>\n\t<meta property=\"og:image:height\" content=\"388\" \/>\n\t<meta property=\"og:image:type\" content=\"image\/png\" \/>\n<meta name=\"author\" content=\"Soporte web\" \/>\n<meta name=\"twitter:card\" content=\"summary_large_image\" \/>\n<meta name=\"twitter:creator\" content=\"@actecir\" \/>\n<meta name=\"twitter:site\" content=\"@actecir\" \/>\n<meta name=\"twitter:label1\" content=\"Escrito por\" \/>\n\t<meta name=\"twitter:data1\" content=\"Soporte web\" \/>\n\t<meta name=\"twitter:label2\" content=\"Tiempo de lectura\" \/>\n\t<meta name=\"twitter:data2\" content=\"1 minuto\" \/>\n<script type=\"application\/ld+json\" class=\"yoast-schema-graph\">{\"@context\":\"https:\/\/schema.org\",\"@graph\":[{\"@type\":\"Article\",\"@id\":\"https:\/\/www.actecir.cat\/es\/entrevista-de-fotovoltaica-y-la-aerotermia\/#article\",\"isPartOf\":{\"@id\":\"https:\/\/www.actecir.cat\/es\/entrevista-de-fotovoltaica-y-la-aerotermia\/\"},\"author\":{\"name\":\"Soporte web\",\"@id\":\"https:\/\/www.actecir.cat\/#\/schema\/person\/42edd02f0b1d55e19444428c5d321413\"},\"headline\":\"ENTREVISTA DE FOTOVOLTAICA Y LA AEROTERMIA\",\"datePublished\":\"2020-06-05T11:31:23+00:00\",\"dateModified\":\"2023-07-07T11:51:32+00:00\",\"mainEntityOfPage\":{\"@id\":\"https:\/\/www.actecir.cat\/es\/entrevista-de-fotovoltaica-y-la-aerotermia\/\"},\"wordCount\":133,\"publisher\":{\"@id\":\"https:\/\/www.actecir.cat\/#organization\"},\"image\":{\"@id\":\"https:\/\/www.actecir.cat\/es\/entrevista-de-fotovoltaica-y-la-aerotermia\/#primaryimage\"},\"thumbnailUrl\":\"https:\/\/www.actecir.cat\/wp-content\/uploads\/2023\/05\/entrevista-05-2020.png\",\"articleSection\":[\"Noticias\"],\"inLanguage\":\"es\"},{\"@type\":\"WebPage\",\"@id\":\"https:\/\/www.actecir.cat\/es\/entrevista-de-fotovoltaica-y-la-aerotermia\/\",\"url\":\"https:\/\/www.actecir.cat\/es\/entrevista-de-fotovoltaica-y-la-aerotermia\/\",\"name\":\"ENTREVISTA DE FOTOVOLTAICA Y LA AEROTERMIA - Actecir\",\"isPartOf\":{\"@id\":\"https:\/\/www.actecir.cat\/#website\"},\"primaryImageOfPage\":{\"@id\":\"https:\/\/www.actecir.cat\/es\/entrevista-de-fotovoltaica-y-la-aerotermia\/#primaryimage\"},\"image\":{\"@id\":\"https:\/\/www.actecir.cat\/es\/entrevista-de-fotovoltaica-y-la-aerotermia\/#primaryimage\"},\"thumbnailUrl\":\"https:\/\/www.actecir.cat\/wp-content\/uploads\/2023\/05\/entrevista-05-2020.png\",\"datePublished\":\"2020-06-05T11:31:23+00:00\",\"dateModified\":\"2023-07-07T11:51:32+00:00\",\"breadcrumb\":{\"@id\":\"https:\/\/www.actecir.cat\/es\/entrevista-de-fotovoltaica-y-la-aerotermia\/#breadcrumb\"},\"inLanguage\":\"es\",\"potentialAction\":[{\"@type\":\"ReadAction\",\"target\":[\"https:\/\/www.actecir.cat\/es\/entrevista-de-fotovoltaica-y-la-aerotermia\/\"]}]},{\"@type\":\"ImageObject\",\"inLanguage\":\"es\",\"@id\":\"https:\/\/www.actecir.cat\/es\/entrevista-de-fotovoltaica-y-la-aerotermia\/#primaryimage\",\"url\":\"https:\/\/www.actecir.cat\/wp-content\/uploads\/2023\/05\/entrevista-05-2020.png\",\"contentUrl\":\"https:\/\/www.actecir.cat\/wp-content\/uploads\/2023\/05\/entrevista-05-2020.png\",\"width\":532,\"height\":388},{\"@type\":\"BreadcrumbList\",\"@id\":\"https:\/\/www.actecir.cat\/es\/entrevista-de-fotovoltaica-y-la-aerotermia\/#breadcrumb\",\"itemListElement\":[{\"@type\":\"ListItem\",\"position\":1,\"name\":\"Inici\",\"item\":\"https:\/\/www.actecir.cat\/es\/\"},{\"@type\":\"ListItem\",\"position\":2,\"name\":\"ENTREVISTA DE FOTOVOLTAICA Y LA AEROTERMIA\"}]},{\"@type\":\"WebSite\",\"@id\":\"https:\/\/www.actecir.cat\/#website\",\"url\":\"https:\/\/www.actecir.cat\/\",\"name\":\"Actecir\",\"description\":\"Associaci\u00f3 Catalana de T\u00e8cnics en Energia, Climatitzaci\u00f3 i Refrigeraci\u00f3\",\"publisher\":{\"@id\":\"https:\/\/www.actecir.cat\/#organization\"},\"potentialAction\":[{\"@type\":\"SearchAction\",\"target\":{\"@type\":\"EntryPoint\",\"urlTemplate\":\"https:\/\/www.actecir.cat\/?s={search_term_string}\"},\"query-input\":{\"@type\":\"PropertyValueSpecification\",\"valueRequired\":true,\"valueName\":\"search_term_string\"}}],\"inLanguage\":\"es\"},{\"@type\":\"Organization\",\"@id\":\"https:\/\/www.actecir.cat\/#organization\",\"name\":\"Actecir\",\"url\":\"https:\/\/www.actecir.cat\/\",\"logo\":{\"@type\":\"ImageObject\",\"inLanguage\":\"es\",\"@id\":\"https:\/\/www.actecir.cat\/#\/schema\/logo\/image\/\",\"url\":\"https:\/\/www.actecir.cat\/wp-content\/uploads\/2023\/04\/cropped-logo_actecir_60_alto.png\",\"contentUrl\":\"https:\/\/www.actecir.cat\/wp-content\/uploads\/2023\/04\/cropped-logo_actecir_60_alto.png\",\"width\":283,\"height\":80,\"caption\":\"Actecir\"},\"image\":{\"@id\":\"https:\/\/www.actecir.cat\/#\/schema\/logo\/image\/\"},\"sameAs\":[\"https:\/\/x.com\/actecir\",\"https:\/\/www.linkedin.com\/company\/actecir\"]},{\"@type\":\"Person\",\"@id\":\"https:\/\/www.actecir.cat\/#\/schema\/person\/42edd02f0b1d55e19444428c5d321413\",\"name\":\"Soporte web\",\"sameAs\":[\"https:\/\/www.actecir.cat\"],\"url\":\"https:\/\/www.actecir.cat\/es\/author\/maensystems\/\"}]}<\/script>\n<!-- \/ Yoast SEO plugin. -->","yoast_head_json":{"title":"ENTREVISTA DE FOTOVOLTAICA Y LA AEROTERMIA - Actecir","robots":{"index":"index","follow":"follow","max-snippet":"max-snippet:-1","max-image-preview":"max-image-preview:large","max-video-preview":"max-video-preview:-1"},"canonical":"https:\/\/www.actecir.cat\/es\/entrevista-de-fotovoltaica-y-la-aerotermia\/","og_locale":"es_ES","og_type":"article","og_title":"ENTREVISTA DE FOTOVOLTAICA Y LA AEROTERMIA - Actecir","og_description":"Entrevista de la empresa Fronius","og_url":"https:\/\/www.actecir.cat\/es\/entrevista-de-fotovoltaica-y-la-aerotermia\/","og_site_name":"Actecir","article_published_time":"2020-06-05T11:31:23+00:00","article_modified_time":"2023-07-07T11:51:32+00:00","og_image":[{"width":532,"height":388,"url":"https:\/\/www.actecir.cat\/wp-content\/uploads\/2023\/05\/entrevista-05-2020.png","type":"image\/png"}],"author":"Soporte web","twitter_card":"summary_large_image","twitter_creator":"@actecir","twitter_site":"@actecir","twitter_misc":{"Escrito por":"Soporte web","Tiempo de lectura":"1 minuto"},"schema":{"@context":"https:\/\/schema.org","@graph":[{"@type":"Article","@id":"https:\/\/www.actecir.cat\/es\/entrevista-de-fotovoltaica-y-la-aerotermia\/#article","isPartOf":{"@id":"https:\/\/www.actecir.cat\/es\/entrevista-de-fotovoltaica-y-la-aerotermia\/"},"author":{"name":"Soporte web","@id":"https:\/\/www.actecir.cat\/#\/schema\/person\/42edd02f0b1d55e19444428c5d321413"},"headline":"ENTREVISTA DE FOTOVOLTAICA Y LA AEROTERMIA","datePublished":"2020-06-05T11:31:23+00:00","dateModified":"2023-07-07T11:51:32+00:00","mainEntityOfPage":{"@id":"https:\/\/www.actecir.cat\/es\/entrevista-de-fotovoltaica-y-la-aerotermia\/"},"wordCount":133,"publisher":{"@id":"https:\/\/www.actecir.cat\/#organization"},"image":{"@id":"https:\/\/www.actecir.cat\/es\/entrevista-de-fotovoltaica-y-la-aerotermia\/#primaryimage"},"thumbnailUrl":"https:\/\/www.actecir.cat\/wp-content\/uploads\/2023\/05\/entrevista-05-2020.png","articleSection":["Noticias"],"inLanguage":"es"},{"@type":"WebPage","@id":"https:\/\/www.actecir.cat\/es\/entrevista-de-fotovoltaica-y-la-aerotermia\/","url":"https:\/\/www.actecir.cat\/es\/entrevista-de-fotovoltaica-y-la-aerotermia\/","name":"ENTREVISTA DE FOTOVOLTAICA Y LA AEROTERMIA - Actecir","isPartOf":{"@id":"https:\/\/www.actecir.cat\/#website"},"primaryImageOfPage":{"@id":"https:\/\/www.actecir.cat\/es\/entrevista-de-fotovoltaica-y-la-aerotermia\/#primaryimage"},"image":{"@id":"https:\/\/www.actecir.cat\/es\/entrevista-de-fotovoltaica-y-la-aerotermia\/#primaryimage"},"thumbnailUrl":"https:\/\/www.actecir.cat\/wp-content\/uploads\/2023\/05\/entrevista-05-2020.png","datePublished":"2020-06-05T11:31:23+00:00","dateModified":"2023-07-07T11:51:32+00:00","breadcrumb":{"@id":"https:\/\/www.actecir.cat\/es\/entrevista-de-fotovoltaica-y-la-aerotermia\/#breadcrumb"},"inLanguage":"es","potentialAction":[{"@type":"ReadAction","target":["https:\/\/www.actecir.cat\/es\/entrevista-de-fotovoltaica-y-la-aerotermia\/"]}]},{"@type":"ImageObject","inLanguage":"es","@id":"https:\/\/www.actecir.cat\/es\/entrevista-de-fotovoltaica-y-la-aerotermia\/#primaryimage","url":"https:\/\/www.actecir.cat\/wp-content\/uploads\/2023\/05\/entrevista-05-2020.png","contentUrl":"https:\/\/www.actecir.cat\/wp-content\/uploads\/2023\/05\/entrevista-05-2020.png","width":532,"height":388},{"@type":"BreadcrumbList","@id":"https:\/\/www.actecir.cat\/es\/entrevista-de-fotovoltaica-y-la-aerotermia\/#breadcrumb","itemListElement":[{"@type":"ListItem","position":1,"name":"Inici","item":"https:\/\/www.actecir.cat\/es\/"},{"@type":"ListItem","position":2,"name":"ENTREVISTA DE FOTOVOLTAICA Y LA AEROTERMIA"}]},{"@type":"WebSite","@id":"https:\/\/www.actecir.cat\/#website","url":"https:\/\/www.actecir.cat\/","name":"Actecir","description":"Associaci\u00f3 Catalana de T\u00e8cnics en Energia, Climatitzaci\u00f3 i Refrigeraci\u00f3","publisher":{"@id":"https:\/\/www.actecir.cat\/#organization"},"potentialAction":[{"@type":"SearchAction","target":{"@type":"EntryPoint","urlTemplate":"https:\/\/www.actecir.cat\/?s={search_term_string}"},"query-input":{"@type":"PropertyValueSpecification","valueRequired":true,"valueName":"search_term_string"}}],"inLanguage":"es"},{"@type":"Organization","@id":"https:\/\/www.actecir.cat\/#organization","name":"Actecir","url":"https:\/\/www.actecir.cat\/","logo":{"@type":"ImageObject","inLanguage":"es","@id":"https:\/\/www.actecir.cat\/#\/schema\/logo\/image\/","url":"https:\/\/www.actecir.cat\/wp-content\/uploads\/2023\/04\/cropped-logo_actecir_60_alto.png","contentUrl":"https:\/\/www.actecir.cat\/wp-content\/uploads\/2023\/04\/cropped-logo_actecir_60_alto.png","width":283,"height":80,"caption":"Actecir"},"image":{"@id":"https:\/\/www.actecir.cat\/#\/schema\/logo\/image\/"},"sameAs":["https:\/\/x.com\/actecir","https:\/\/www.linkedin.com\/company\/actecir"]},{"@type":"Person","@id":"https:\/\/www.actecir.cat\/#\/schema\/person\/42edd02f0b1d55e19444428c5d321413","name":"Soporte web","sameAs":["https:\/\/www.actecir.cat"],"url":"https:\/\/www.actecir.cat\/es\/author\/maensystems\/"}]}},"_links":{"self":[{"href":"https:\/\/www.actecir.cat\/es\/wp-json\/wp\/v2\/posts\/6083","targetHints":{"allow":["GET"]}}],"collection":[{"href":"https:\/\/www.actecir.cat\/es\/wp-json\/wp\/v2\/posts"}],"about":[{"href":"https:\/\/www.actecir.cat\/es\/wp-json\/wp\/v2\/types\/post"}],"author":[{"embeddable":true,"href":"https:\/\/www.actecir.cat\/es\/wp-json\/wp\/v2\/users\/1"}],"replies":[{"embeddable":true,"href":"https:\/\/www.actecir.cat\/es\/wp-json\/wp\/v2\/comments?post=6083"}],"version-history":[{"count":2,"href":"https:\/\/www.actecir.cat\/es\/wp-json\/wp\/v2\/posts\/6083\/revisions"}],"predecessor-version":[{"id":11052,"href":"https:\/\/www.actecir.cat\/es\/wp-json\/wp\/v2\/posts\/6083\/revisions\/11052"}],"wp:featuredmedia":[{"embeddable":true,"href":"https:\/\/www.actecir.cat\/es\/wp-json\/wp\/v2\/media\/6081"}],"wp:attachment":[{"href":"https:\/\/www.actecir.cat\/es\/wp-json\/wp\/v2\/media?parent=6083"}],"wp:term":[{"taxonomy":"category","embeddable":true,"href":"https:\/\/www.actecir.cat\/es\/wp-json\/wp\/v2\/categories?post=6083"},{"taxonomy":"post_tag","embeddable":true,"href":"https:\/\/www.actecir.cat\/es\/wp-json\/wp\/v2\/tags?post=6083"}],"curies":[{"name":"wp","href":"https:\/\/api.w.org\/{rel}","templated":true}]}}