{"id":6091,"date":"2020-06-05T13:39:45","date_gmt":"2020-06-05T11:39:45","guid":{"rendered":"https:\/\/www.actecir.cat\/?p=6091"},"modified":"2023-05-10T13:43:55","modified_gmt":"2023-05-10T11:43:55","slug":"cuidar-la-calidad-ambiental-interior-vital-para-la-salud-y-en-casos-de-asma-o-alergias","status":"publish","type":"post","link":"https:\/\/www.actecir.cat\/es\/cuidar-la-calidad-ambiental-interior-vital-para-la-salud-y-en-casos-de-asma-o-alergias\/","title":{"rendered":"Cuidar la calidad ambiental interior: Vital para la salud y en casos de asma o alergias"},"content":{"rendered":"<p>En la infograf\u00eda que encontrar\u00e1s podr\u00e1s revisar otros detalles y beneficios de cuidar la calidad ambiental interior, as\u00ed como recomendaciones sobre las\u00a0soluciones de Daitsu by Zonair3d.<\/p>\n<p>Desde\u00a0<strong>Eurofred<\/strong>, compa\u00f1\u00eda que se ha consolidad como un partner para todos los profesionales que requieren una soluci\u00f3n integral a sus necesidades de climatizaci\u00f3n, aire industrial, calidad ambiental interior, refrigeraci\u00f3n y equipamiento para el sector Horeca, que ha creado una infograf\u00eda destacando la importancia de\u00a0<strong>cuidar la calidad ambiental interior, especialmente en el \u00e1mbito de la salud y frente a casos de asma o alergias.<\/strong><\/p>\n<p>Para seguir una estrategia de prevenci\u00f3n efectiva, la higiene es la primera l\u00ednea de defensa, pero tambi\u00e9n podemos incluir otras medidas para mantener la calidad del aire de los espacios cerrados, d\u00f3nde la mayor\u00eda de las poblaciones urbanas ya pas\u00e1bamos entre el 80% y el 90% de nuestro tiempo incluso antes de la irrupci\u00f3n del Covid-19.\u00a0Tal como\u00a0<strong>nos advierte la OMS, \u00e9ste puede estar hasta 10 veces m\u00e1s contaminado que el exterior.<\/strong><\/p>\n<p>En la infograf\u00eda que encontrar\u00e1s a continuaci\u00f3n podr\u00e1s revisar otros detalles y beneficios de cuidar la calidad ambiental interior, as\u00ed como recomendaciones sobre las\u00a0<strong>soluciones de Daitsu by Zonair3d<\/strong>.<\/p>\n<p>Si est\u00e1s interesado\/a en gestionar una entrevista o recibir m\u00e1s informaci\u00f3n sobre la tem\u00e1tico o las soluciones de la compa\u00f1\u00eda, no dudes en contactarles.<\/p>\n<p>&nbsp;<\/p>\n<p><img fetchpriority=\"high\" decoding=\"async\" class=\"alignleft  wp-image-6087\" src=\"https:\/\/www.actecir.cat\/wp-content\/uploads\/2023\/05\/info_eurofred-scaled.jpg\" alt=\"\" width=\"703\" height=\"1993\" srcset=\"https:\/\/www.actecir.cat\/wp-content\/uploads\/2023\/05\/info_eurofred-scaled.jpg 903w, https:\/\/www.actecir.cat\/wp-content\/uploads\/2023\/05\/info_eurofred-106x300.jpg 106w, https:\/\/www.actecir.cat\/wp-content\/uploads\/2023\/05\/info_eurofred-361x1024.jpg 361w, https:\/\/www.actecir.cat\/wp-content\/uploads\/2023\/05\/info_eurofred-768x2177.jpg 768w, https:\/\/www.actecir.cat\/wp-content\/uploads\/2023\/05\/info_eurofred-542x1536.jpg 542w, https:\/\/www.actecir.cat\/wp-content\/uploads\/2023\/05\/info_eurofred-722x2048.jpg 722w\" sizes=\"(max-width: 703px) 100vw, 703px\" \/><\/p>\n","protected":false},"excerpt":{"rendered":"<p>infograf\u00eda<\/p>\n","protected":false},"author":1,"featured_media":6089,"comment_status":"closed","ping_status":"closed","sticky":false,"template":"","format":"standard","meta":{"footnotes":""},"categories":[25],"tags":[],"class_list":["post-6091","post","type-post","status-publish","format-standard","has-post-thumbnail","hentry","category-noticias"],"yoast_head":"<!-- This site is optimized with the Yoast SEO plugin v27.2 - https:\/\/yoast.com\/product\/yoast-seo-wordpress\/ -->\n<title>Cuidar la calidad ambiental interior: Vital para la salud y en casos de asma o alergias - Actecir<\/title>\n<meta name=\"robots\" content=\"index, follow, max-snippet:-1, max-image-preview:large, max-video-preview:-1\" \/>\n<link rel=\"canonical\" href=\"https:\/\/www.actecir.cat\/es\/cuidar-la-calidad-ambiental-interior-vital-para-la-salud-y-en-casos-de-asma-o-alergias\/\" \/>\n<meta property=\"og:locale\" content=\"es_ES\" \/>\n<meta property=\"og:type\" content=\"article\" \/>\n<meta property=\"og:title\" content=\"Cuidar la calidad ambiental interior: Vital para la salud y en casos de asma o alergias - Actecir\" \/>\n<meta property=\"og:description\" content=\"infograf\u00eda\" \/>\n<meta property=\"og:url\" content=\"https:\/\/www.actecir.cat\/es\/cuidar-la-calidad-ambiental-interior-vital-para-la-salud-y-en-casos-de-asma-o-alergias\/\" \/>\n<meta property=\"og:site_name\" content=\"Actecir\" \/>\n<meta property=\"article:published_time\" content=\"2020-06-05T11:39:45+00:00\" \/>\n<meta property=\"article:modified_time\" content=\"2023-05-10T11:43:55+00:00\" \/>\n<meta property=\"og:image\" content=\"https:\/\/www.actecir.cat\/wp-content\/uploads\/2023\/05\/eurofred-1024x683.png\" \/>\n\t<meta property=\"og:image:width\" content=\"1024\" \/>\n\t<meta property=\"og:image:height\" content=\"683\" \/>\n\t<meta property=\"og:image:type\" content=\"image\/png\" \/>\n<meta name=\"author\" content=\"Soporte web\" \/>\n<meta name=\"twitter:card\" content=\"summary_large_image\" \/>\n<meta name=\"twitter:creator\" content=\"@actecir\" \/>\n<meta name=\"twitter:site\" content=\"@actecir\" \/>\n<meta name=\"twitter:label1\" content=\"Escrito por\" \/>\n\t<meta name=\"twitter:data1\" content=\"Soporte web\" \/>\n\t<meta name=\"twitter:label2\" content=\"Tiempo de lectura\" \/>\n\t<meta name=\"twitter:data2\" content=\"1 minuto\" \/>\n<script type=\"application\/ld+json\" class=\"yoast-schema-graph\">{\"@context\":\"https:\/\/schema.org\",\"@graph\":[{\"@type\":\"Article\",\"@id\":\"https:\/\/www.actecir.cat\/es\/cuidar-la-calidad-ambiental-interior-vital-para-la-salud-y-en-casos-de-asma-o-alergias\/#article\",\"isPartOf\":{\"@id\":\"https:\/\/www.actecir.cat\/es\/cuidar-la-calidad-ambiental-interior-vital-para-la-salud-y-en-casos-de-asma-o-alergias\/\"},\"author\":{\"name\":\"Soporte web\",\"@id\":\"https:\/\/www.actecir.cat\/#\/schema\/person\/42edd02f0b1d55e19444428c5d321413\"},\"headline\":\"Cuidar la calidad ambiental interior: Vital para la salud y en casos de asma o alergias\",\"datePublished\":\"2020-06-05T11:39:45+00:00\",\"dateModified\":\"2023-05-10T11:43:55+00:00\",\"mainEntityOfPage\":{\"@id\":\"https:\/\/www.actecir.cat\/es\/cuidar-la-calidad-ambiental-interior-vital-para-la-salud-y-en-casos-de-asma-o-alergias\/\"},\"wordCount\":260,\"publisher\":{\"@id\":\"https:\/\/www.actecir.cat\/#organization\"},\"image\":{\"@id\":\"https:\/\/www.actecir.cat\/es\/cuidar-la-calidad-ambiental-interior-vital-para-la-salud-y-en-casos-de-asma-o-alergias\/#primaryimage\"},\"thumbnailUrl\":\"https:\/\/www.actecir.cat\/wp-content\/uploads\/2023\/05\/eurofred.png\",\"articleSection\":[\"Noticias\"],\"inLanguage\":\"es\"},{\"@type\":\"WebPage\",\"@id\":\"https:\/\/www.actecir.cat\/es\/cuidar-la-calidad-ambiental-interior-vital-para-la-salud-y-en-casos-de-asma-o-alergias\/\",\"url\":\"https:\/\/www.actecir.cat\/es\/cuidar-la-calidad-ambiental-interior-vital-para-la-salud-y-en-casos-de-asma-o-alergias\/\",\"name\":\"Cuidar la calidad ambiental interior: Vital para la salud y en casos de asma o alergias - Actecir\",\"isPartOf\":{\"@id\":\"https:\/\/www.actecir.cat\/#website\"},\"primaryImageOfPage\":{\"@id\":\"https:\/\/www.actecir.cat\/es\/cuidar-la-calidad-ambiental-interior-vital-para-la-salud-y-en-casos-de-asma-o-alergias\/#primaryimage\"},\"image\":{\"@id\":\"https:\/\/www.actecir.cat\/es\/cuidar-la-calidad-ambiental-interior-vital-para-la-salud-y-en-casos-de-asma-o-alergias\/#primaryimage\"},\"thumbnailUrl\":\"https:\/\/www.actecir.cat\/wp-content\/uploads\/2023\/05\/eurofred.png\",\"datePublished\":\"2020-06-05T11:39:45+00:00\",\"dateModified\":\"2023-05-10T11:43:55+00:00\",\"breadcrumb\":{\"@id\":\"https:\/\/www.actecir.cat\/es\/cuidar-la-calidad-ambiental-interior-vital-para-la-salud-y-en-casos-de-asma-o-alergias\/#breadcrumb\"},\"inLanguage\":\"es\",\"potentialAction\":[{\"@type\":\"ReadAction\",\"target\":[\"https:\/\/www.actecir.cat\/es\/cuidar-la-calidad-ambiental-interior-vital-para-la-salud-y-en-casos-de-asma-o-alergias\/\"]}]},{\"@type\":\"ImageObject\",\"inLanguage\":\"es\",\"@id\":\"https:\/\/www.actecir.cat\/es\/cuidar-la-calidad-ambiental-interior-vital-para-la-salud-y-en-casos-de-asma-o-alergias\/#primaryimage\",\"url\":\"https:\/\/www.actecir.cat\/wp-content\/uploads\/2023\/05\/eurofred.png\",\"contentUrl\":\"https:\/\/www.actecir.cat\/wp-content\/uploads\/2023\/05\/eurofred.png\",\"width\":17008,\"height\":11339},{\"@type\":\"BreadcrumbList\",\"@id\":\"https:\/\/www.actecir.cat\/es\/cuidar-la-calidad-ambiental-interior-vital-para-la-salud-y-en-casos-de-asma-o-alergias\/#breadcrumb\",\"itemListElement\":[{\"@type\":\"ListItem\",\"position\":1,\"name\":\"Inici\",\"item\":\"https:\/\/www.actecir.cat\/es\/\"},{\"@type\":\"ListItem\",\"position\":2,\"name\":\"Cuidar la calidad ambiental interior: Vital para la salud y en casos de asma o alergias\"}]},{\"@type\":\"WebSite\",\"@id\":\"https:\/\/www.actecir.cat\/#website\",\"url\":\"https:\/\/www.actecir.cat\/\",\"name\":\"Actecir\",\"description\":\"Associaci\u00f3 Catalana de T\u00e8cnics en Energia, Climatitzaci\u00f3 i Refrigeraci\u00f3\",\"publisher\":{\"@id\":\"https:\/\/www.actecir.cat\/#organization\"},\"potentialAction\":[{\"@type\":\"SearchAction\",\"target\":{\"@type\":\"EntryPoint\",\"urlTemplate\":\"https:\/\/www.actecir.cat\/?s={search_term_string}\"},\"query-input\":{\"@type\":\"PropertyValueSpecification\",\"valueRequired\":true,\"valueName\":\"search_term_string\"}}],\"inLanguage\":\"es\"},{\"@type\":\"Organization\",\"@id\":\"https:\/\/www.actecir.cat\/#organization\",\"name\":\"Actecir\",\"url\":\"https:\/\/www.actecir.cat\/\",\"logo\":{\"@type\":\"ImageObject\",\"inLanguage\":\"es\",\"@id\":\"https:\/\/www.actecir.cat\/#\/schema\/logo\/image\/\",\"url\":\"https:\/\/www.actecir.cat\/wp-content\/uploads\/2023\/04\/cropped-logo_actecir_60_alto.png\",\"contentUrl\":\"https:\/\/www.actecir.cat\/wp-content\/uploads\/2023\/04\/cropped-logo_actecir_60_alto.png\",\"width\":283,\"height\":80,\"caption\":\"Actecir\"},\"image\":{\"@id\":\"https:\/\/www.actecir.cat\/#\/schema\/logo\/image\/\"},\"sameAs\":[\"https:\/\/x.com\/actecir\",\"https:\/\/www.linkedin.com\/company\/actecir\"]},{\"@type\":\"Person\",\"@id\":\"https:\/\/www.actecir.cat\/#\/schema\/person\/42edd02f0b1d55e19444428c5d321413\",\"name\":\"Soporte web\",\"sameAs\":[\"https:\/\/www.actecir.cat\"],\"url\":\"https:\/\/www.actecir.cat\/es\/author\/maensystems\/\"}]}<\/script>\n<!-- \/ Yoast SEO plugin. -->","yoast_head_json":{"title":"Cuidar la calidad ambiental interior: Vital para la salud y en casos de asma o alergias - Actecir","robots":{"index":"index","follow":"follow","max-snippet":"max-snippet:-1","max-image-preview":"max-image-preview:large","max-video-preview":"max-video-preview:-1"},"canonical":"https:\/\/www.actecir.cat\/es\/cuidar-la-calidad-ambiental-interior-vital-para-la-salud-y-en-casos-de-asma-o-alergias\/","og_locale":"es_ES","og_type":"article","og_title":"Cuidar la calidad ambiental interior: Vital para la salud y en casos de asma o alergias - Actecir","og_description":"infograf\u00eda","og_url":"https:\/\/www.actecir.cat\/es\/cuidar-la-calidad-ambiental-interior-vital-para-la-salud-y-en-casos-de-asma-o-alergias\/","og_site_name":"Actecir","article_published_time":"2020-06-05T11:39:45+00:00","article_modified_time":"2023-05-10T11:43:55+00:00","og_image":[{"width":1024,"height":683,"url":"https:\/\/www.actecir.cat\/wp-content\/uploads\/2023\/05\/eurofred-1024x683.png","type":"image\/png"}],"author":"Soporte web","twitter_card":"summary_large_image","twitter_creator":"@actecir","twitter_site":"@actecir","twitter_misc":{"Escrito por":"Soporte web","Tiempo de lectura":"1 minuto"},"schema":{"@context":"https:\/\/schema.org","@graph":[{"@type":"Article","@id":"https:\/\/www.actecir.cat\/es\/cuidar-la-calidad-ambiental-interior-vital-para-la-salud-y-en-casos-de-asma-o-alergias\/#article","isPartOf":{"@id":"https:\/\/www.actecir.cat\/es\/cuidar-la-calidad-ambiental-interior-vital-para-la-salud-y-en-casos-de-asma-o-alergias\/"},"author":{"name":"Soporte web","@id":"https:\/\/www.actecir.cat\/#\/schema\/person\/42edd02f0b1d55e19444428c5d321413"},"headline":"Cuidar la calidad ambiental interior: Vital para la salud y en casos de asma o alergias","datePublished":"2020-06-05T11:39:45+00:00","dateModified":"2023-05-10T11:43:55+00:00","mainEntityOfPage":{"@id":"https:\/\/www.actecir.cat\/es\/cuidar-la-calidad-ambiental-interior-vital-para-la-salud-y-en-casos-de-asma-o-alergias\/"},"wordCount":260,"publisher":{"@id":"https:\/\/www.actecir.cat\/#organization"},"image":{"@id":"https:\/\/www.actecir.cat\/es\/cuidar-la-calidad-ambiental-interior-vital-para-la-salud-y-en-casos-de-asma-o-alergias\/#primaryimage"},"thumbnailUrl":"https:\/\/www.actecir.cat\/wp-content\/uploads\/2023\/05\/eurofred.png","articleSection":["Noticias"],"inLanguage":"es"},{"@type":"WebPage","@id":"https:\/\/www.actecir.cat\/es\/cuidar-la-calidad-ambiental-interior-vital-para-la-salud-y-en-casos-de-asma-o-alergias\/","url":"https:\/\/www.actecir.cat\/es\/cuidar-la-calidad-ambiental-interior-vital-para-la-salud-y-en-casos-de-asma-o-alergias\/","name":"Cuidar la calidad ambiental interior: Vital para la salud y en casos de asma o alergias - Actecir","isPartOf":{"@id":"https:\/\/www.actecir.cat\/#website"},"primaryImageOfPage":{"@id":"https:\/\/www.actecir.cat\/es\/cuidar-la-calidad-ambiental-interior-vital-para-la-salud-y-en-casos-de-asma-o-alergias\/#primaryimage"},"image":{"@id":"https:\/\/www.actecir.cat\/es\/cuidar-la-calidad-ambiental-interior-vital-para-la-salud-y-en-casos-de-asma-o-alergias\/#primaryimage"},"thumbnailUrl":"https:\/\/www.actecir.cat\/wp-content\/uploads\/2023\/05\/eurofred.png","datePublished":"2020-06-05T11:39:45+00:00","dateModified":"2023-05-10T11:43:55+00:00","breadcrumb":{"@id":"https:\/\/www.actecir.cat\/es\/cuidar-la-calidad-ambiental-interior-vital-para-la-salud-y-en-casos-de-asma-o-alergias\/#breadcrumb"},"inLanguage":"es","potentialAction":[{"@type":"ReadAction","target":["https:\/\/www.actecir.cat\/es\/cuidar-la-calidad-ambiental-interior-vital-para-la-salud-y-en-casos-de-asma-o-alergias\/"]}]},{"@type":"ImageObject","inLanguage":"es","@id":"https:\/\/www.actecir.cat\/es\/cuidar-la-calidad-ambiental-interior-vital-para-la-salud-y-en-casos-de-asma-o-alergias\/#primaryimage","url":"https:\/\/www.actecir.cat\/wp-content\/uploads\/2023\/05\/eurofred.png","contentUrl":"https:\/\/www.actecir.cat\/wp-content\/uploads\/2023\/05\/eurofred.png","width":17008,"height":11339},{"@type":"BreadcrumbList","@id":"https:\/\/www.actecir.cat\/es\/cuidar-la-calidad-ambiental-interior-vital-para-la-salud-y-en-casos-de-asma-o-alergias\/#breadcrumb","itemListElement":[{"@type":"ListItem","position":1,"name":"Inici","item":"https:\/\/www.actecir.cat\/es\/"},{"@type":"ListItem","position":2,"name":"Cuidar la calidad ambiental interior: Vital para la salud y en casos de asma o alergias"}]},{"@type":"WebSite","@id":"https:\/\/www.actecir.cat\/#website","url":"https:\/\/www.actecir.cat\/","name":"Actecir","description":"Associaci\u00f3 Catalana de T\u00e8cnics en Energia, Climatitzaci\u00f3 i Refrigeraci\u00f3","publisher":{"@id":"https:\/\/www.actecir.cat\/#organization"},"potentialAction":[{"@type":"SearchAction","target":{"@type":"EntryPoint","urlTemplate":"https:\/\/www.actecir.cat\/?s={search_term_string}"},"query-input":{"@type":"PropertyValueSpecification","valueRequired":true,"valueName":"search_term_string"}}],"inLanguage":"es"},{"@type":"Organization","@id":"https:\/\/www.actecir.cat\/#organization","name":"Actecir","url":"https:\/\/www.actecir.cat\/","logo":{"@type":"ImageObject","inLanguage":"es","@id":"https:\/\/www.actecir.cat\/#\/schema\/logo\/image\/","url":"https:\/\/www.actecir.cat\/wp-content\/uploads\/2023\/04\/cropped-logo_actecir_60_alto.png","contentUrl":"https:\/\/www.actecir.cat\/wp-content\/uploads\/2023\/04\/cropped-logo_actecir_60_alto.png","width":283,"height":80,"caption":"Actecir"},"image":{"@id":"https:\/\/www.actecir.cat\/#\/schema\/logo\/image\/"},"sameAs":["https:\/\/x.com\/actecir","https:\/\/www.linkedin.com\/company\/actecir"]},{"@type":"Person","@id":"https:\/\/www.actecir.cat\/#\/schema\/person\/42edd02f0b1d55e19444428c5d321413","name":"Soporte web","sameAs":["https:\/\/www.actecir.cat"],"url":"https:\/\/www.actecir.cat\/es\/author\/maensystems\/"}]}},"_links":{"self":[{"href":"https:\/\/www.actecir.cat\/es\/wp-json\/wp\/v2\/posts\/6091","targetHints":{"allow":["GET"]}}],"collection":[{"href":"https:\/\/www.actecir.cat\/es\/wp-json\/wp\/v2\/posts"}],"about":[{"href":"https:\/\/www.actecir.cat\/es\/wp-json\/wp\/v2\/types\/post"}],"author":[{"embeddable":true,"href":"https:\/\/www.actecir.cat\/es\/wp-json\/wp\/v2\/users\/1"}],"replies":[{"embeddable":true,"href":"https:\/\/www.actecir.cat\/es\/wp-json\/wp\/v2\/comments?post=6091"}],"version-history":[{"count":1,"href":"https:\/\/www.actecir.cat\/es\/wp-json\/wp\/v2\/posts\/6091\/revisions"}],"predecessor-version":[{"id":6092,"href":"https:\/\/www.actecir.cat\/es\/wp-json\/wp\/v2\/posts\/6091\/revisions\/6092"}],"wp:featuredmedia":[{"embeddable":true,"href":"https:\/\/www.actecir.cat\/es\/wp-json\/wp\/v2\/media\/6089"}],"wp:attachment":[{"href":"https:\/\/www.actecir.cat\/es\/wp-json\/wp\/v2\/media?parent=6091"}],"wp:term":[{"taxonomy":"category","embeddable":true,"href":"https:\/\/www.actecir.cat\/es\/wp-json\/wp\/v2\/categories?post=6091"},{"taxonomy":"post_tag","embeddable":true,"href":"https:\/\/www.actecir.cat\/es\/wp-json\/wp\/v2\/tags?post=6091"}],"curies":[{"name":"wp","href":"https:\/\/api.w.org\/{rel}","templated":true}]}}