{"id":6111,"date":"2020-05-18T13:57:12","date_gmt":"2020-05-18T11:57:12","guid":{"rendered":"https:\/\/www.actecir.cat\/?p=6111"},"modified":"2023-05-10T13:59:59","modified_gmt":"2023-05-10T11:59:59","slug":"mitsubishi-electric-colabora-con-save-the-children-en-la-lucha-contra-el-covid-19","status":"publish","type":"post","link":"https:\/\/www.actecir.cat\/es\/mitsubishi-electric-colabora-con-save-the-children-en-la-lucha-contra-el-covid-19\/","title":{"rendered":"Mitsubishi Electric colabora con Save the Children en la lucha contra el COVID 19"},"content":{"rendered":"<p>Mitsubishi Electric Spanish Branch sigue adelante con el \u201cPlan de ayudas COVID 19\u201d<\/p>\n<p><strong>Madrid, 18 de mayo de 2020<\/strong><strong>.\u00a0<\/strong><strong>Mitsubishi Electric Spanish Branch sigue adelante con el \u201cPlan de ayudas COVID 19\u201d, un plan de acci\u00f3n espec\u00edfico que la firma puso en marcha al inicio de la pandemia y cuyo objetivo es contribuir a paliar las consecuencias del Coronavirus en aquellos escenarios donde m\u00e1s se necesite.<\/strong><\/p>\n<p><strong>\u00a0<\/strong><\/p>\n<p><strong>Concretamente, Mitsubishi Electric ha realizado la donaci\u00f3n de una serie de equipos de climatizaci\u00f3n a\u00a0<\/strong><strong>Save the Children<\/strong>\u00a0que se utilizar\u00e1n en\u00a0sus Centros de Recursos para la Infancia y la Adolescencia (CRIAs)\u00a0de Madrid y Sevilla.<\/p>\n<p>La aportaci\u00f3n realizada permitir\u00e1 que desde Save the Children sigan trabajando para garantizar una<strong>educaci\u00f3n de calidad en unos espacios dignos<\/strong>\u00a0<strong>y seguros<\/strong>\u00a0a todos estos ni\u00f1os cuyo futuro, si no se interviene, se ver\u00e1 fuertemente condicionado por la situaci\u00f3n de pobreza y exclusi\u00f3n social en la que viven.\u00a0La colaboraci\u00f3n se ha llevado a cabo dentro del marco de la Campa\u00f1a que est\u00e1 desarrollando en estos momentos la Fundaci\u00f3n destinada a\u00a0<strong>cubrir la emergencia sociosanitaria ocasionada por el COVID 19 en favor de los ni\u00f1os y ni\u00f1as en riesgo de exclusi\u00f3n social, y que atiende en sus Centros de Recursos para la Infancia y la Adolescencia en los distintos territorios de Espa\u00f1a.<\/strong><\/p>\n<p>Mitsubishi Electric continuar\u00e1, en los pr\u00f3ximos meses, sumando nuevas iniciativas en colaboraci\u00f3n con distintas organizaciones y fundaciones sin \u00e1nimo de lucro, activaciones dirigidas fundamentalmente a ayudar a cubrir las necesidades de los servicios de emergencias, hospitalarios y asistenciales ocasionadas la pandemia.<\/p>\n<p>La firma quiere agradecer, adem\u00e1s, a todos los colectivos que est\u00e1n en primera l\u00ednea en la lucha contra la enfermedad, as\u00ed como recordar el compromiso y responsabilidad de toda la sociedad para lograr salir cuanto antes de esta situaci\u00f3n.<\/p>\n","protected":false},"excerpt":{"rendered":"<p>Mitsubishi Electric Spanish Branch sigue adelante con el \u201cPlan de ayudas COVID 19\u201d<\/p>\n","protected":false},"author":1,"featured_media":6109,"comment_status":"closed","ping_status":"closed","sticky":false,"template":"","format":"standard","meta":{"footnotes":""},"categories":[25],"tags":[],"class_list":["post-6111","post","type-post","status-publish","format-standard","has-post-thumbnail","hentry","category-noticias"],"yoast_head":"<!-- This site is optimized with the Yoast SEO plugin v27.2 - https:\/\/yoast.com\/product\/yoast-seo-wordpress\/ -->\n<title>Mitsubishi Electric colabora con Save the Children en la lucha contra el COVID 19 - Actecir<\/title>\n<meta name=\"robots\" content=\"index, follow, max-snippet:-1, max-image-preview:large, max-video-preview:-1\" \/>\n<link rel=\"canonical\" href=\"https:\/\/www.actecir.cat\/es\/mitsubishi-electric-colabora-con-save-the-children-en-la-lucha-contra-el-covid-19\/\" \/>\n<meta property=\"og:locale\" content=\"es_ES\" \/>\n<meta property=\"og:type\" content=\"article\" \/>\n<meta property=\"og:title\" content=\"Mitsubishi Electric colabora con Save the Children en la lucha contra el COVID 19 - Actecir\" \/>\n<meta property=\"og:description\" content=\"Mitsubishi Electric Spanish Branch sigue adelante con el \u201cPlan de ayudas COVID 19\u201d\" \/>\n<meta property=\"og:url\" content=\"https:\/\/www.actecir.cat\/es\/mitsubishi-electric-colabora-con-save-the-children-en-la-lucha-contra-el-covid-19\/\" \/>\n<meta property=\"og:site_name\" content=\"Actecir\" \/>\n<meta property=\"article:published_time\" content=\"2020-05-18T11:57:12+00:00\" \/>\n<meta property=\"article:modified_time\" content=\"2023-05-10T11:59:59+00:00\" \/>\n<meta property=\"og:image\" content=\"https:\/\/www.actecir.cat\/wp-content\/uploads\/2023\/05\/save-children.jpg\" \/>\n\t<meta property=\"og:image:width\" content=\"600\" \/>\n\t<meta property=\"og:image:height\" content=\"400\" \/>\n\t<meta property=\"og:image:type\" content=\"image\/jpeg\" \/>\n<meta name=\"author\" content=\"Soporte web\" \/>\n<meta name=\"twitter:card\" content=\"summary_large_image\" \/>\n<meta name=\"twitter:creator\" content=\"@actecir\" \/>\n<meta name=\"twitter:site\" content=\"@actecir\" \/>\n<meta name=\"twitter:label1\" content=\"Escrito por\" \/>\n\t<meta name=\"twitter:data1\" content=\"Soporte web\" \/>\n\t<meta name=\"twitter:label2\" content=\"Tiempo de lectura\" \/>\n\t<meta name=\"twitter:data2\" content=\"2 minutos\" \/>\n<script type=\"application\/ld+json\" class=\"yoast-schema-graph\">{\"@context\":\"https:\/\/schema.org\",\"@graph\":[{\"@type\":\"Article\",\"@id\":\"https:\/\/www.actecir.cat\/es\/mitsubishi-electric-colabora-con-save-the-children-en-la-lucha-contra-el-covid-19\/#article\",\"isPartOf\":{\"@id\":\"https:\/\/www.actecir.cat\/es\/mitsubishi-electric-colabora-con-save-the-children-en-la-lucha-contra-el-covid-19\/\"},\"author\":{\"name\":\"Soporte web\",\"@id\":\"https:\/\/www.actecir.cat\/#\/schema\/person\/42edd02f0b1d55e19444428c5d321413\"},\"headline\":\"Mitsubishi Electric colabora con Save the Children en la lucha contra el COVID 19\",\"datePublished\":\"2020-05-18T11:57:12+00:00\",\"dateModified\":\"2023-05-10T11:59:59+00:00\",\"mainEntityOfPage\":{\"@id\":\"https:\/\/www.actecir.cat\/es\/mitsubishi-electric-colabora-con-save-the-children-en-la-lucha-contra-el-covid-19\/\"},\"wordCount\":327,\"publisher\":{\"@id\":\"https:\/\/www.actecir.cat\/#organization\"},\"image\":{\"@id\":\"https:\/\/www.actecir.cat\/es\/mitsubishi-electric-colabora-con-save-the-children-en-la-lucha-contra-el-covid-19\/#primaryimage\"},\"thumbnailUrl\":\"https:\/\/www.actecir.cat\/wp-content\/uploads\/2023\/05\/save-children.jpg\",\"articleSection\":[\"Noticias\"],\"inLanguage\":\"es\"},{\"@type\":\"WebPage\",\"@id\":\"https:\/\/www.actecir.cat\/es\/mitsubishi-electric-colabora-con-save-the-children-en-la-lucha-contra-el-covid-19\/\",\"url\":\"https:\/\/www.actecir.cat\/es\/mitsubishi-electric-colabora-con-save-the-children-en-la-lucha-contra-el-covid-19\/\",\"name\":\"Mitsubishi Electric colabora con Save the Children en la lucha contra el COVID 19 - Actecir\",\"isPartOf\":{\"@id\":\"https:\/\/www.actecir.cat\/#website\"},\"primaryImageOfPage\":{\"@id\":\"https:\/\/www.actecir.cat\/es\/mitsubishi-electric-colabora-con-save-the-children-en-la-lucha-contra-el-covid-19\/#primaryimage\"},\"image\":{\"@id\":\"https:\/\/www.actecir.cat\/es\/mitsubishi-electric-colabora-con-save-the-children-en-la-lucha-contra-el-covid-19\/#primaryimage\"},\"thumbnailUrl\":\"https:\/\/www.actecir.cat\/wp-content\/uploads\/2023\/05\/save-children.jpg\",\"datePublished\":\"2020-05-18T11:57:12+00:00\",\"dateModified\":\"2023-05-10T11:59:59+00:00\",\"breadcrumb\":{\"@id\":\"https:\/\/www.actecir.cat\/es\/mitsubishi-electric-colabora-con-save-the-children-en-la-lucha-contra-el-covid-19\/#breadcrumb\"},\"inLanguage\":\"es\",\"potentialAction\":[{\"@type\":\"ReadAction\",\"target\":[\"https:\/\/www.actecir.cat\/es\/mitsubishi-electric-colabora-con-save-the-children-en-la-lucha-contra-el-covid-19\/\"]}]},{\"@type\":\"ImageObject\",\"inLanguage\":\"es\",\"@id\":\"https:\/\/www.actecir.cat\/es\/mitsubishi-electric-colabora-con-save-the-children-en-la-lucha-contra-el-covid-19\/#primaryimage\",\"url\":\"https:\/\/www.actecir.cat\/wp-content\/uploads\/2023\/05\/save-children.jpg\",\"contentUrl\":\"https:\/\/www.actecir.cat\/wp-content\/uploads\/2023\/05\/save-children.jpg\",\"width\":600,\"height\":400},{\"@type\":\"BreadcrumbList\",\"@id\":\"https:\/\/www.actecir.cat\/es\/mitsubishi-electric-colabora-con-save-the-children-en-la-lucha-contra-el-covid-19\/#breadcrumb\",\"itemListElement\":[{\"@type\":\"ListItem\",\"position\":1,\"name\":\"Inici\",\"item\":\"https:\/\/www.actecir.cat\/es\/\"},{\"@type\":\"ListItem\",\"position\":2,\"name\":\"Mitsubishi Electric colabora con Save the Children en la lucha contra el COVID 19\"}]},{\"@type\":\"WebSite\",\"@id\":\"https:\/\/www.actecir.cat\/#website\",\"url\":\"https:\/\/www.actecir.cat\/\",\"name\":\"Actecir\",\"description\":\"Associaci\u00f3 Catalana de T\u00e8cnics en Energia, Climatitzaci\u00f3 i Refrigeraci\u00f3\",\"publisher\":{\"@id\":\"https:\/\/www.actecir.cat\/#organization\"},\"potentialAction\":[{\"@type\":\"SearchAction\",\"target\":{\"@type\":\"EntryPoint\",\"urlTemplate\":\"https:\/\/www.actecir.cat\/?s={search_term_string}\"},\"query-input\":{\"@type\":\"PropertyValueSpecification\",\"valueRequired\":true,\"valueName\":\"search_term_string\"}}],\"inLanguage\":\"es\"},{\"@type\":\"Organization\",\"@id\":\"https:\/\/www.actecir.cat\/#organization\",\"name\":\"Actecir\",\"url\":\"https:\/\/www.actecir.cat\/\",\"logo\":{\"@type\":\"ImageObject\",\"inLanguage\":\"es\",\"@id\":\"https:\/\/www.actecir.cat\/#\/schema\/logo\/image\/\",\"url\":\"https:\/\/www.actecir.cat\/wp-content\/uploads\/2023\/04\/cropped-logo_actecir_60_alto.png\",\"contentUrl\":\"https:\/\/www.actecir.cat\/wp-content\/uploads\/2023\/04\/cropped-logo_actecir_60_alto.png\",\"width\":283,\"height\":80,\"caption\":\"Actecir\"},\"image\":{\"@id\":\"https:\/\/www.actecir.cat\/#\/schema\/logo\/image\/\"},\"sameAs\":[\"https:\/\/x.com\/actecir\",\"https:\/\/www.linkedin.com\/company\/actecir\"]},{\"@type\":\"Person\",\"@id\":\"https:\/\/www.actecir.cat\/#\/schema\/person\/42edd02f0b1d55e19444428c5d321413\",\"name\":\"Soporte web\",\"sameAs\":[\"https:\/\/www.actecir.cat\"],\"url\":\"https:\/\/www.actecir.cat\/es\/author\/maensystems\/\"}]}<\/script>\n<!-- \/ Yoast SEO plugin. -->","yoast_head_json":{"title":"Mitsubishi Electric colabora con Save the Children en la lucha contra el COVID 19 - Actecir","robots":{"index":"index","follow":"follow","max-snippet":"max-snippet:-1","max-image-preview":"max-image-preview:large","max-video-preview":"max-video-preview:-1"},"canonical":"https:\/\/www.actecir.cat\/es\/mitsubishi-electric-colabora-con-save-the-children-en-la-lucha-contra-el-covid-19\/","og_locale":"es_ES","og_type":"article","og_title":"Mitsubishi Electric colabora con Save the Children en la lucha contra el COVID 19 - Actecir","og_description":"Mitsubishi Electric Spanish Branch sigue adelante con el \u201cPlan de ayudas COVID 19\u201d","og_url":"https:\/\/www.actecir.cat\/es\/mitsubishi-electric-colabora-con-save-the-children-en-la-lucha-contra-el-covid-19\/","og_site_name":"Actecir","article_published_time":"2020-05-18T11:57:12+00:00","article_modified_time":"2023-05-10T11:59:59+00:00","og_image":[{"width":600,"height":400,"url":"https:\/\/www.actecir.cat\/wp-content\/uploads\/2023\/05\/save-children.jpg","type":"image\/jpeg"}],"author":"Soporte web","twitter_card":"summary_large_image","twitter_creator":"@actecir","twitter_site":"@actecir","twitter_misc":{"Escrito por":"Soporte web","Tiempo de lectura":"2 minutos"},"schema":{"@context":"https:\/\/schema.org","@graph":[{"@type":"Article","@id":"https:\/\/www.actecir.cat\/es\/mitsubishi-electric-colabora-con-save-the-children-en-la-lucha-contra-el-covid-19\/#article","isPartOf":{"@id":"https:\/\/www.actecir.cat\/es\/mitsubishi-electric-colabora-con-save-the-children-en-la-lucha-contra-el-covid-19\/"},"author":{"name":"Soporte web","@id":"https:\/\/www.actecir.cat\/#\/schema\/person\/42edd02f0b1d55e19444428c5d321413"},"headline":"Mitsubishi Electric colabora con Save the Children en la lucha contra el COVID 19","datePublished":"2020-05-18T11:57:12+00:00","dateModified":"2023-05-10T11:59:59+00:00","mainEntityOfPage":{"@id":"https:\/\/www.actecir.cat\/es\/mitsubishi-electric-colabora-con-save-the-children-en-la-lucha-contra-el-covid-19\/"},"wordCount":327,"publisher":{"@id":"https:\/\/www.actecir.cat\/#organization"},"image":{"@id":"https:\/\/www.actecir.cat\/es\/mitsubishi-electric-colabora-con-save-the-children-en-la-lucha-contra-el-covid-19\/#primaryimage"},"thumbnailUrl":"https:\/\/www.actecir.cat\/wp-content\/uploads\/2023\/05\/save-children.jpg","articleSection":["Noticias"],"inLanguage":"es"},{"@type":"WebPage","@id":"https:\/\/www.actecir.cat\/es\/mitsubishi-electric-colabora-con-save-the-children-en-la-lucha-contra-el-covid-19\/","url":"https:\/\/www.actecir.cat\/es\/mitsubishi-electric-colabora-con-save-the-children-en-la-lucha-contra-el-covid-19\/","name":"Mitsubishi Electric colabora con Save the Children en la lucha contra el COVID 19 - Actecir","isPartOf":{"@id":"https:\/\/www.actecir.cat\/#website"},"primaryImageOfPage":{"@id":"https:\/\/www.actecir.cat\/es\/mitsubishi-electric-colabora-con-save-the-children-en-la-lucha-contra-el-covid-19\/#primaryimage"},"image":{"@id":"https:\/\/www.actecir.cat\/es\/mitsubishi-electric-colabora-con-save-the-children-en-la-lucha-contra-el-covid-19\/#primaryimage"},"thumbnailUrl":"https:\/\/www.actecir.cat\/wp-content\/uploads\/2023\/05\/save-children.jpg","datePublished":"2020-05-18T11:57:12+00:00","dateModified":"2023-05-10T11:59:59+00:00","breadcrumb":{"@id":"https:\/\/www.actecir.cat\/es\/mitsubishi-electric-colabora-con-save-the-children-en-la-lucha-contra-el-covid-19\/#breadcrumb"},"inLanguage":"es","potentialAction":[{"@type":"ReadAction","target":["https:\/\/www.actecir.cat\/es\/mitsubishi-electric-colabora-con-save-the-children-en-la-lucha-contra-el-covid-19\/"]}]},{"@type":"ImageObject","inLanguage":"es","@id":"https:\/\/www.actecir.cat\/es\/mitsubishi-electric-colabora-con-save-the-children-en-la-lucha-contra-el-covid-19\/#primaryimage","url":"https:\/\/www.actecir.cat\/wp-content\/uploads\/2023\/05\/save-children.jpg","contentUrl":"https:\/\/www.actecir.cat\/wp-content\/uploads\/2023\/05\/save-children.jpg","width":600,"height":400},{"@type":"BreadcrumbList","@id":"https:\/\/www.actecir.cat\/es\/mitsubishi-electric-colabora-con-save-the-children-en-la-lucha-contra-el-covid-19\/#breadcrumb","itemListElement":[{"@type":"ListItem","position":1,"name":"Inici","item":"https:\/\/www.actecir.cat\/es\/"},{"@type":"ListItem","position":2,"name":"Mitsubishi Electric colabora con Save the Children en la lucha contra el COVID 19"}]},{"@type":"WebSite","@id":"https:\/\/www.actecir.cat\/#website","url":"https:\/\/www.actecir.cat\/","name":"Actecir","description":"Associaci\u00f3 Catalana de T\u00e8cnics en Energia, Climatitzaci\u00f3 i Refrigeraci\u00f3","publisher":{"@id":"https:\/\/www.actecir.cat\/#organization"},"potentialAction":[{"@type":"SearchAction","target":{"@type":"EntryPoint","urlTemplate":"https:\/\/www.actecir.cat\/?s={search_term_string}"},"query-input":{"@type":"PropertyValueSpecification","valueRequired":true,"valueName":"search_term_string"}}],"inLanguage":"es"},{"@type":"Organization","@id":"https:\/\/www.actecir.cat\/#organization","name":"Actecir","url":"https:\/\/www.actecir.cat\/","logo":{"@type":"ImageObject","inLanguage":"es","@id":"https:\/\/www.actecir.cat\/#\/schema\/logo\/image\/","url":"https:\/\/www.actecir.cat\/wp-content\/uploads\/2023\/04\/cropped-logo_actecir_60_alto.png","contentUrl":"https:\/\/www.actecir.cat\/wp-content\/uploads\/2023\/04\/cropped-logo_actecir_60_alto.png","width":283,"height":80,"caption":"Actecir"},"image":{"@id":"https:\/\/www.actecir.cat\/#\/schema\/logo\/image\/"},"sameAs":["https:\/\/x.com\/actecir","https:\/\/www.linkedin.com\/company\/actecir"]},{"@type":"Person","@id":"https:\/\/www.actecir.cat\/#\/schema\/person\/42edd02f0b1d55e19444428c5d321413","name":"Soporte web","sameAs":["https:\/\/www.actecir.cat"],"url":"https:\/\/www.actecir.cat\/es\/author\/maensystems\/"}]}},"_links":{"self":[{"href":"https:\/\/www.actecir.cat\/es\/wp-json\/wp\/v2\/posts\/6111","targetHints":{"allow":["GET"]}}],"collection":[{"href":"https:\/\/www.actecir.cat\/es\/wp-json\/wp\/v2\/posts"}],"about":[{"href":"https:\/\/www.actecir.cat\/es\/wp-json\/wp\/v2\/types\/post"}],"author":[{"embeddable":true,"href":"https:\/\/www.actecir.cat\/es\/wp-json\/wp\/v2\/users\/1"}],"replies":[{"embeddable":true,"href":"https:\/\/www.actecir.cat\/es\/wp-json\/wp\/v2\/comments?post=6111"}],"version-history":[{"count":1,"href":"https:\/\/www.actecir.cat\/es\/wp-json\/wp\/v2\/posts\/6111\/revisions"}],"predecessor-version":[{"id":6112,"href":"https:\/\/www.actecir.cat\/es\/wp-json\/wp\/v2\/posts\/6111\/revisions\/6112"}],"wp:featuredmedia":[{"embeddable":true,"href":"https:\/\/www.actecir.cat\/es\/wp-json\/wp\/v2\/media\/6109"}],"wp:attachment":[{"href":"https:\/\/www.actecir.cat\/es\/wp-json\/wp\/v2\/media?parent=6111"}],"wp:term":[{"taxonomy":"category","embeddable":true,"href":"https:\/\/www.actecir.cat\/es\/wp-json\/wp\/v2\/categories?post=6111"},{"taxonomy":"post_tag","embeddable":true,"href":"https:\/\/www.actecir.cat\/es\/wp-json\/wp\/v2\/tags?post=6111"}],"curies":[{"name":"wp","href":"https:\/\/api.w.org\/{rel}","templated":true}]}}