{"id":6156,"date":"2020-03-30T16:08:33","date_gmt":"2020-03-30T14:08:33","guid":{"rendered":"https:\/\/www.actecir.cat\/?p=6156"},"modified":"2023-05-10T16:13:16","modified_gmt":"2023-05-10T14:13:16","slug":"defuncion-juan-gallostra-pedemonte","status":"publish","type":"post","link":"https:\/\/www.actecir.cat\/es\/defuncion-juan-gallostra-pedemonte\/","title":{"rendered":"Defunci\u00f3n Juan Gallostra Pedemonte"},"content":{"rendered":"<p>Doctor ingeniero industrial y Fundador de JG Ingenieros, SA<\/p>\n<p>Juan Gallostra Pedemonte, socio de ACTECIR &#8220;Asociaci\u00f3n Catalana de T\u00e9cnicos en Energ\u00eda, Climatizaci\u00f3n y Refrigeraci\u00f3n&#8221; y\u00a0Fundador de JG Ingenieros, SA, muri\u00f3 el pasado 28 de marzo de 2020 con la edad de 83 a\u00f1os.<\/p>\n<p>&nbsp;<\/p>\n<p>Desde ACTECIR queremos dar nuestro m\u00e1s sentido p\u00e9same a su familia.<\/p>\n","protected":false},"excerpt":{"rendered":"<p>Doctor ingeniero industrial y Fundador de JG Ingenieros, SA<\/p>\n","protected":false},"author":1,"featured_media":6153,"comment_status":"closed","ping_status":"closed","sticky":false,"template":"","format":"standard","meta":{"footnotes":""},"categories":[25],"tags":[],"class_list":["post-6156","post","type-post","status-publish","format-standard","has-post-thumbnail","hentry","category-noticias"],"yoast_head":"<!-- This site is optimized with the Yoast SEO plugin v27.2 - https:\/\/yoast.com\/product\/yoast-seo-wordpress\/ -->\n<title>Defunci\u00f3n Juan Gallostra Pedemonte - Actecir<\/title>\n<meta name=\"robots\" content=\"index, follow, max-snippet:-1, max-image-preview:large, max-video-preview:-1\" \/>\n<link rel=\"canonical\" href=\"https:\/\/www.actecir.cat\/es\/defuncion-juan-gallostra-pedemonte\/\" \/>\n<meta property=\"og:locale\" content=\"es_ES\" \/>\n<meta property=\"og:type\" content=\"article\" \/>\n<meta property=\"og:title\" content=\"Defunci\u00f3n Juan Gallostra Pedemonte - Actecir\" \/>\n<meta property=\"og:description\" content=\"Doctor ingeniero industrial y Fundador de JG Ingenieros, SA\" \/>\n<meta property=\"og:url\" content=\"https:\/\/www.actecir.cat\/es\/defuncion-juan-gallostra-pedemonte\/\" \/>\n<meta property=\"og:site_name\" content=\"Actecir\" \/>\n<meta property=\"article:published_time\" content=\"2020-03-30T14:08:33+00:00\" \/>\n<meta property=\"article:modified_time\" content=\"2023-05-10T14:13:16+00:00\" \/>\n<meta property=\"og:image\" content=\"https:\/\/www.actecir.cat\/wp-content\/uploads\/2023\/05\/Ha-fallecido-Joan-Gallostra-actecir.jpg\" \/>\n\t<meta property=\"og:image:width\" content=\"600\" \/>\n\t<meta property=\"og:image:height\" content=\"400\" \/>\n\t<meta property=\"og:image:type\" content=\"image\/jpeg\" \/>\n<meta name=\"author\" content=\"Soporte web\" \/>\n<meta name=\"twitter:card\" content=\"summary_large_image\" \/>\n<meta name=\"twitter:creator\" content=\"@actecir\" \/>\n<meta name=\"twitter:site\" content=\"@actecir\" \/>\n<meta name=\"twitter:label1\" content=\"Escrito por\" \/>\n\t<meta name=\"twitter:data1\" content=\"Soporte web\" \/>\n<script type=\"application\/ld+json\" class=\"yoast-schema-graph\">{\"@context\":\"https:\/\/schema.org\",\"@graph\":[{\"@type\":\"Article\",\"@id\":\"https:\/\/www.actecir.cat\/es\/defuncion-juan-gallostra-pedemonte\/#article\",\"isPartOf\":{\"@id\":\"https:\/\/www.actecir.cat\/es\/defuncion-juan-gallostra-pedemonte\/\"},\"author\":{\"name\":\"Soporte web\",\"@id\":\"https:\/\/www.actecir.cat\/#\/schema\/person\/42edd02f0b1d55e19444428c5d321413\"},\"headline\":\"Defunci\u00f3n Juan Gallostra Pedemonte\",\"datePublished\":\"2020-03-30T14:08:33+00:00\",\"dateModified\":\"2023-05-10T14:13:16+00:00\",\"mainEntityOfPage\":{\"@id\":\"https:\/\/www.actecir.cat\/es\/defuncion-juan-gallostra-pedemonte\/\"},\"wordCount\":66,\"publisher\":{\"@id\":\"https:\/\/www.actecir.cat\/#organization\"},\"image\":{\"@id\":\"https:\/\/www.actecir.cat\/es\/defuncion-juan-gallostra-pedemonte\/#primaryimage\"},\"thumbnailUrl\":\"https:\/\/www.actecir.cat\/wp-content\/uploads\/2023\/05\/Ha-fallecido-Joan-Gallostra-actecir.jpg\",\"articleSection\":[\"Noticias\"],\"inLanguage\":\"es\"},{\"@type\":\"WebPage\",\"@id\":\"https:\/\/www.actecir.cat\/es\/defuncion-juan-gallostra-pedemonte\/\",\"url\":\"https:\/\/www.actecir.cat\/es\/defuncion-juan-gallostra-pedemonte\/\",\"name\":\"Defunci\u00f3n Juan Gallostra Pedemonte - Actecir\",\"isPartOf\":{\"@id\":\"https:\/\/www.actecir.cat\/#website\"},\"primaryImageOfPage\":{\"@id\":\"https:\/\/www.actecir.cat\/es\/defuncion-juan-gallostra-pedemonte\/#primaryimage\"},\"image\":{\"@id\":\"https:\/\/www.actecir.cat\/es\/defuncion-juan-gallostra-pedemonte\/#primaryimage\"},\"thumbnailUrl\":\"https:\/\/www.actecir.cat\/wp-content\/uploads\/2023\/05\/Ha-fallecido-Joan-Gallostra-actecir.jpg\",\"datePublished\":\"2020-03-30T14:08:33+00:00\",\"dateModified\":\"2023-05-10T14:13:16+00:00\",\"breadcrumb\":{\"@id\":\"https:\/\/www.actecir.cat\/es\/defuncion-juan-gallostra-pedemonte\/#breadcrumb\"},\"inLanguage\":\"es\",\"potentialAction\":[{\"@type\":\"ReadAction\",\"target\":[\"https:\/\/www.actecir.cat\/es\/defuncion-juan-gallostra-pedemonte\/\"]}]},{\"@type\":\"ImageObject\",\"inLanguage\":\"es\",\"@id\":\"https:\/\/www.actecir.cat\/es\/defuncion-juan-gallostra-pedemonte\/#primaryimage\",\"url\":\"https:\/\/www.actecir.cat\/wp-content\/uploads\/2023\/05\/Ha-fallecido-Joan-Gallostra-actecir.jpg\",\"contentUrl\":\"https:\/\/www.actecir.cat\/wp-content\/uploads\/2023\/05\/Ha-fallecido-Joan-Gallostra-actecir.jpg\",\"width\":600,\"height\":400},{\"@type\":\"BreadcrumbList\",\"@id\":\"https:\/\/www.actecir.cat\/es\/defuncion-juan-gallostra-pedemonte\/#breadcrumb\",\"itemListElement\":[{\"@type\":\"ListItem\",\"position\":1,\"name\":\"Inici\",\"item\":\"https:\/\/www.actecir.cat\/es\/\"},{\"@type\":\"ListItem\",\"position\":2,\"name\":\"Defunci\u00f3n Juan Gallostra Pedemonte\"}]},{\"@type\":\"WebSite\",\"@id\":\"https:\/\/www.actecir.cat\/#website\",\"url\":\"https:\/\/www.actecir.cat\/\",\"name\":\"Actecir\",\"description\":\"Associaci\u00f3 Catalana de T\u00e8cnics en Energia, Climatitzaci\u00f3 i Refrigeraci\u00f3\",\"publisher\":{\"@id\":\"https:\/\/www.actecir.cat\/#organization\"},\"potentialAction\":[{\"@type\":\"SearchAction\",\"target\":{\"@type\":\"EntryPoint\",\"urlTemplate\":\"https:\/\/www.actecir.cat\/?s={search_term_string}\"},\"query-input\":{\"@type\":\"PropertyValueSpecification\",\"valueRequired\":true,\"valueName\":\"search_term_string\"}}],\"inLanguage\":\"es\"},{\"@type\":\"Organization\",\"@id\":\"https:\/\/www.actecir.cat\/#organization\",\"name\":\"Actecir\",\"url\":\"https:\/\/www.actecir.cat\/\",\"logo\":{\"@type\":\"ImageObject\",\"inLanguage\":\"es\",\"@id\":\"https:\/\/www.actecir.cat\/#\/schema\/logo\/image\/\",\"url\":\"https:\/\/www.actecir.cat\/wp-content\/uploads\/2023\/04\/cropped-logo_actecir_60_alto.png\",\"contentUrl\":\"https:\/\/www.actecir.cat\/wp-content\/uploads\/2023\/04\/cropped-logo_actecir_60_alto.png\",\"width\":283,\"height\":80,\"caption\":\"Actecir\"},\"image\":{\"@id\":\"https:\/\/www.actecir.cat\/#\/schema\/logo\/image\/\"},\"sameAs\":[\"https:\/\/x.com\/actecir\",\"https:\/\/www.linkedin.com\/company\/actecir\"]},{\"@type\":\"Person\",\"@id\":\"https:\/\/www.actecir.cat\/#\/schema\/person\/42edd02f0b1d55e19444428c5d321413\",\"name\":\"Soporte web\",\"sameAs\":[\"https:\/\/www.actecir.cat\"],\"url\":\"https:\/\/www.actecir.cat\/es\/author\/maensystems\/\"}]}<\/script>\n<!-- \/ Yoast SEO plugin. -->","yoast_head_json":{"title":"Defunci\u00f3n Juan Gallostra Pedemonte - Actecir","robots":{"index":"index","follow":"follow","max-snippet":"max-snippet:-1","max-image-preview":"max-image-preview:large","max-video-preview":"max-video-preview:-1"},"canonical":"https:\/\/www.actecir.cat\/es\/defuncion-juan-gallostra-pedemonte\/","og_locale":"es_ES","og_type":"article","og_title":"Defunci\u00f3n Juan Gallostra Pedemonte - Actecir","og_description":"Doctor ingeniero industrial y Fundador de JG Ingenieros, SA","og_url":"https:\/\/www.actecir.cat\/es\/defuncion-juan-gallostra-pedemonte\/","og_site_name":"Actecir","article_published_time":"2020-03-30T14:08:33+00:00","article_modified_time":"2023-05-10T14:13:16+00:00","og_image":[{"width":600,"height":400,"url":"https:\/\/www.actecir.cat\/wp-content\/uploads\/2023\/05\/Ha-fallecido-Joan-Gallostra-actecir.jpg","type":"image\/jpeg"}],"author":"Soporte web","twitter_card":"summary_large_image","twitter_creator":"@actecir","twitter_site":"@actecir","twitter_misc":{"Escrito por":"Soporte web"},"schema":{"@context":"https:\/\/schema.org","@graph":[{"@type":"Article","@id":"https:\/\/www.actecir.cat\/es\/defuncion-juan-gallostra-pedemonte\/#article","isPartOf":{"@id":"https:\/\/www.actecir.cat\/es\/defuncion-juan-gallostra-pedemonte\/"},"author":{"name":"Soporte web","@id":"https:\/\/www.actecir.cat\/#\/schema\/person\/42edd02f0b1d55e19444428c5d321413"},"headline":"Defunci\u00f3n Juan Gallostra Pedemonte","datePublished":"2020-03-30T14:08:33+00:00","dateModified":"2023-05-10T14:13:16+00:00","mainEntityOfPage":{"@id":"https:\/\/www.actecir.cat\/es\/defuncion-juan-gallostra-pedemonte\/"},"wordCount":66,"publisher":{"@id":"https:\/\/www.actecir.cat\/#organization"},"image":{"@id":"https:\/\/www.actecir.cat\/es\/defuncion-juan-gallostra-pedemonte\/#primaryimage"},"thumbnailUrl":"https:\/\/www.actecir.cat\/wp-content\/uploads\/2023\/05\/Ha-fallecido-Joan-Gallostra-actecir.jpg","articleSection":["Noticias"],"inLanguage":"es"},{"@type":"WebPage","@id":"https:\/\/www.actecir.cat\/es\/defuncion-juan-gallostra-pedemonte\/","url":"https:\/\/www.actecir.cat\/es\/defuncion-juan-gallostra-pedemonte\/","name":"Defunci\u00f3n Juan Gallostra Pedemonte - Actecir","isPartOf":{"@id":"https:\/\/www.actecir.cat\/#website"},"primaryImageOfPage":{"@id":"https:\/\/www.actecir.cat\/es\/defuncion-juan-gallostra-pedemonte\/#primaryimage"},"image":{"@id":"https:\/\/www.actecir.cat\/es\/defuncion-juan-gallostra-pedemonte\/#primaryimage"},"thumbnailUrl":"https:\/\/www.actecir.cat\/wp-content\/uploads\/2023\/05\/Ha-fallecido-Joan-Gallostra-actecir.jpg","datePublished":"2020-03-30T14:08:33+00:00","dateModified":"2023-05-10T14:13:16+00:00","breadcrumb":{"@id":"https:\/\/www.actecir.cat\/es\/defuncion-juan-gallostra-pedemonte\/#breadcrumb"},"inLanguage":"es","potentialAction":[{"@type":"ReadAction","target":["https:\/\/www.actecir.cat\/es\/defuncion-juan-gallostra-pedemonte\/"]}]},{"@type":"ImageObject","inLanguage":"es","@id":"https:\/\/www.actecir.cat\/es\/defuncion-juan-gallostra-pedemonte\/#primaryimage","url":"https:\/\/www.actecir.cat\/wp-content\/uploads\/2023\/05\/Ha-fallecido-Joan-Gallostra-actecir.jpg","contentUrl":"https:\/\/www.actecir.cat\/wp-content\/uploads\/2023\/05\/Ha-fallecido-Joan-Gallostra-actecir.jpg","width":600,"height":400},{"@type":"BreadcrumbList","@id":"https:\/\/www.actecir.cat\/es\/defuncion-juan-gallostra-pedemonte\/#breadcrumb","itemListElement":[{"@type":"ListItem","position":1,"name":"Inici","item":"https:\/\/www.actecir.cat\/es\/"},{"@type":"ListItem","position":2,"name":"Defunci\u00f3n Juan Gallostra Pedemonte"}]},{"@type":"WebSite","@id":"https:\/\/www.actecir.cat\/#website","url":"https:\/\/www.actecir.cat\/","name":"Actecir","description":"Associaci\u00f3 Catalana de T\u00e8cnics en Energia, Climatitzaci\u00f3 i Refrigeraci\u00f3","publisher":{"@id":"https:\/\/www.actecir.cat\/#organization"},"potentialAction":[{"@type":"SearchAction","target":{"@type":"EntryPoint","urlTemplate":"https:\/\/www.actecir.cat\/?s={search_term_string}"},"query-input":{"@type":"PropertyValueSpecification","valueRequired":true,"valueName":"search_term_string"}}],"inLanguage":"es"},{"@type":"Organization","@id":"https:\/\/www.actecir.cat\/#organization","name":"Actecir","url":"https:\/\/www.actecir.cat\/","logo":{"@type":"ImageObject","inLanguage":"es","@id":"https:\/\/www.actecir.cat\/#\/schema\/logo\/image\/","url":"https:\/\/www.actecir.cat\/wp-content\/uploads\/2023\/04\/cropped-logo_actecir_60_alto.png","contentUrl":"https:\/\/www.actecir.cat\/wp-content\/uploads\/2023\/04\/cropped-logo_actecir_60_alto.png","width":283,"height":80,"caption":"Actecir"},"image":{"@id":"https:\/\/www.actecir.cat\/#\/schema\/logo\/image\/"},"sameAs":["https:\/\/x.com\/actecir","https:\/\/www.linkedin.com\/company\/actecir"]},{"@type":"Person","@id":"https:\/\/www.actecir.cat\/#\/schema\/person\/42edd02f0b1d55e19444428c5d321413","name":"Soporte web","sameAs":["https:\/\/www.actecir.cat"],"url":"https:\/\/www.actecir.cat\/es\/author\/maensystems\/"}]}},"_links":{"self":[{"href":"https:\/\/www.actecir.cat\/es\/wp-json\/wp\/v2\/posts\/6156","targetHints":{"allow":["GET"]}}],"collection":[{"href":"https:\/\/www.actecir.cat\/es\/wp-json\/wp\/v2\/posts"}],"about":[{"href":"https:\/\/www.actecir.cat\/es\/wp-json\/wp\/v2\/types\/post"}],"author":[{"embeddable":true,"href":"https:\/\/www.actecir.cat\/es\/wp-json\/wp\/v2\/users\/1"}],"replies":[{"embeddable":true,"href":"https:\/\/www.actecir.cat\/es\/wp-json\/wp\/v2\/comments?post=6156"}],"version-history":[{"count":1,"href":"https:\/\/www.actecir.cat\/es\/wp-json\/wp\/v2\/posts\/6156\/revisions"}],"predecessor-version":[{"id":6157,"href":"https:\/\/www.actecir.cat\/es\/wp-json\/wp\/v2\/posts\/6156\/revisions\/6157"}],"wp:featuredmedia":[{"embeddable":true,"href":"https:\/\/www.actecir.cat\/es\/wp-json\/wp\/v2\/media\/6153"}],"wp:attachment":[{"href":"https:\/\/www.actecir.cat\/es\/wp-json\/wp\/v2\/media?parent=6156"}],"wp:term":[{"taxonomy":"category","embeddable":true,"href":"https:\/\/www.actecir.cat\/es\/wp-json\/wp\/v2\/categories?post=6156"},{"taxonomy":"post_tag","embeddable":true,"href":"https:\/\/www.actecir.cat\/es\/wp-json\/wp\/v2\/tags?post=6156"}],"curies":[{"name":"wp","href":"https:\/\/api.w.org\/{rel}","templated":true}]}}