{"id":6162,"date":"2020-03-25T16:13:58","date_gmt":"2020-03-25T15:13:58","guid":{"rendered":"https:\/\/www.actecir.cat\/?p=6162"},"modified":"2023-05-10T16:15:13","modified_gmt":"2023-05-10T14:15:13","slug":"formacion-acv-ygnis","status":"publish","type":"post","link":"https:\/\/www.actecir.cat\/es\/formacion-acv-ygnis\/","title":{"rendered":"Formaci\u00f3n ACV &#8211; Ygnis"},"content":{"rendered":"<p><strong>Tendencias en instalaciones para edificaci\u00f3n terciaria ante el nuevo CTE<\/strong><\/p>\n<p>ACV e Ygnis, como marcas l\u00edderes en soluciones globales para instalaciones centralizadas y especialistas en ACS y calefacci\u00f3n, propone para estos d\u00edas de teletrabajo distintas sesiones de formaci\u00f3n online gratuitas enfocadas al profesional.<\/p>\n<p>Con el compromiso de continuar ofreciendo el mejor servicio a los clientes, el objetivo es actualizar a los prescriptores, arquitectos, ingenieros y especialistas de la edificaci\u00f3n en las \u00faltimas novedades del sector.<\/p>\n<p>Las sesiones estar\u00e1n dirigidas por Gaspar Mart\u00edn, Director T\u00e9cnico de Groupe Atlantic Espa\u00f1a. En la primera, programada para el viernes 27 de marzo a las 11h, se presentar\u00e1n las \u00faltimas tendencias en instalaciones de edificaci\u00f3n terciaria ante el nuevo CTE.<\/p>\n<p>Reg\u00edstrate en\u00a0<span id=\"cloak417891d96b1c973412c5de65d3aa0705\"><a href=\"mailto:spain@groupe-atlantic.com\">spain@groupe-atlantic.com<\/a><\/span><\/p>\n","protected":false},"excerpt":{"rendered":"<p>Tendencias en instalaciones para edificaci\u00f3n terciaria ante el nuevo CTE<\/p>\n","protected":false},"author":1,"featured_media":6160,"comment_status":"closed","ping_status":"closed","sticky":false,"template":"","format":"standard","meta":{"footnotes":""},"categories":[25],"tags":[],"class_list":["post-6162","post","type-post","status-publish","format-standard","has-post-thumbnail","hentry","category-noticias"],"yoast_head":"<!-- This site is optimized with the Yoast SEO plugin v27.2 - https:\/\/yoast.com\/product\/yoast-seo-wordpress\/ -->\n<title>Formaci\u00f3n ACV - Ygnis - Actecir<\/title>\n<meta name=\"robots\" content=\"index, follow, max-snippet:-1, max-image-preview:large, max-video-preview:-1\" \/>\n<link rel=\"canonical\" href=\"https:\/\/www.actecir.cat\/es\/formacion-acv-ygnis\/\" \/>\n<meta property=\"og:locale\" content=\"es_ES\" \/>\n<meta property=\"og:type\" content=\"article\" \/>\n<meta property=\"og:title\" content=\"Formaci\u00f3n ACV - Ygnis - Actecir\" \/>\n<meta property=\"og:description\" content=\"Tendencias en instalaciones para edificaci\u00f3n terciaria ante el nuevo CTE\" \/>\n<meta property=\"og:url\" content=\"https:\/\/www.actecir.cat\/es\/formacion-acv-ygnis\/\" \/>\n<meta property=\"og:site_name\" content=\"Actecir\" \/>\n<meta property=\"article:published_time\" content=\"2020-03-25T15:13:58+00:00\" \/>\n<meta property=\"article:modified_time\" content=\"2023-05-10T14:15:13+00:00\" \/>\n<meta property=\"og:image\" content=\"https:\/\/www.actecir.cat\/wp-content\/uploads\/2023\/05\/PORTADA_ACV_600_400.jpg\" \/>\n\t<meta property=\"og:image:width\" content=\"600\" \/>\n\t<meta property=\"og:image:height\" content=\"400\" \/>\n\t<meta property=\"og:image:type\" content=\"image\/jpeg\" \/>\n<meta name=\"author\" content=\"Soporte web\" \/>\n<meta name=\"twitter:card\" content=\"summary_large_image\" \/>\n<meta name=\"twitter:creator\" content=\"@actecir\" \/>\n<meta name=\"twitter:site\" content=\"@actecir\" \/>\n<meta name=\"twitter:label1\" content=\"Escrito por\" \/>\n\t<meta name=\"twitter:data1\" content=\"Soporte web\" \/>\n\t<meta name=\"twitter:label2\" content=\"Tiempo de lectura\" \/>\n\t<meta name=\"twitter:data2\" content=\"1 minuto\" \/>\n<script type=\"application\/ld+json\" class=\"yoast-schema-graph\">{\"@context\":\"https:\/\/schema.org\",\"@graph\":[{\"@type\":\"Article\",\"@id\":\"https:\/\/www.actecir.cat\/es\/formacion-acv-ygnis\/#article\",\"isPartOf\":{\"@id\":\"https:\/\/www.actecir.cat\/es\/formacion-acv-ygnis\/\"},\"author\":{\"name\":\"Soporte web\",\"@id\":\"https:\/\/www.actecir.cat\/#\/schema\/person\/42edd02f0b1d55e19444428c5d321413\"},\"headline\":\"Formaci\u00f3n ACV &#8211; Ygnis\",\"datePublished\":\"2020-03-25T15:13:58+00:00\",\"dateModified\":\"2023-05-10T14:15:13+00:00\",\"mainEntityOfPage\":{\"@id\":\"https:\/\/www.actecir.cat\/es\/formacion-acv-ygnis\/\"},\"wordCount\":137,\"publisher\":{\"@id\":\"https:\/\/www.actecir.cat\/#organization\"},\"image\":{\"@id\":\"https:\/\/www.actecir.cat\/es\/formacion-acv-ygnis\/#primaryimage\"},\"thumbnailUrl\":\"https:\/\/www.actecir.cat\/wp-content\/uploads\/2023\/05\/PORTADA_ACV_600_400.jpg\",\"articleSection\":[\"Noticias\"],\"inLanguage\":\"es\"},{\"@type\":\"WebPage\",\"@id\":\"https:\/\/www.actecir.cat\/es\/formacion-acv-ygnis\/\",\"url\":\"https:\/\/www.actecir.cat\/es\/formacion-acv-ygnis\/\",\"name\":\"Formaci\u00f3n ACV - Ygnis - Actecir\",\"isPartOf\":{\"@id\":\"https:\/\/www.actecir.cat\/#website\"},\"primaryImageOfPage\":{\"@id\":\"https:\/\/www.actecir.cat\/es\/formacion-acv-ygnis\/#primaryimage\"},\"image\":{\"@id\":\"https:\/\/www.actecir.cat\/es\/formacion-acv-ygnis\/#primaryimage\"},\"thumbnailUrl\":\"https:\/\/www.actecir.cat\/wp-content\/uploads\/2023\/05\/PORTADA_ACV_600_400.jpg\",\"datePublished\":\"2020-03-25T15:13:58+00:00\",\"dateModified\":\"2023-05-10T14:15:13+00:00\",\"breadcrumb\":{\"@id\":\"https:\/\/www.actecir.cat\/es\/formacion-acv-ygnis\/#breadcrumb\"},\"inLanguage\":\"es\",\"potentialAction\":[{\"@type\":\"ReadAction\",\"target\":[\"https:\/\/www.actecir.cat\/es\/formacion-acv-ygnis\/\"]}]},{\"@type\":\"ImageObject\",\"inLanguage\":\"es\",\"@id\":\"https:\/\/www.actecir.cat\/es\/formacion-acv-ygnis\/#primaryimage\",\"url\":\"https:\/\/www.actecir.cat\/wp-content\/uploads\/2023\/05\/PORTADA_ACV_600_400.jpg\",\"contentUrl\":\"https:\/\/www.actecir.cat\/wp-content\/uploads\/2023\/05\/PORTADA_ACV_600_400.jpg\",\"width\":600,\"height\":400},{\"@type\":\"BreadcrumbList\",\"@id\":\"https:\/\/www.actecir.cat\/es\/formacion-acv-ygnis\/#breadcrumb\",\"itemListElement\":[{\"@type\":\"ListItem\",\"position\":1,\"name\":\"Inici\",\"item\":\"https:\/\/www.actecir.cat\/es\/\"},{\"@type\":\"ListItem\",\"position\":2,\"name\":\"Formaci\u00f3n ACV &#8211; Ygnis\"}]},{\"@type\":\"WebSite\",\"@id\":\"https:\/\/www.actecir.cat\/#website\",\"url\":\"https:\/\/www.actecir.cat\/\",\"name\":\"Actecir\",\"description\":\"Associaci\u00f3 Catalana de T\u00e8cnics en Energia, Climatitzaci\u00f3 i Refrigeraci\u00f3\",\"publisher\":{\"@id\":\"https:\/\/www.actecir.cat\/#organization\"},\"potentialAction\":[{\"@type\":\"SearchAction\",\"target\":{\"@type\":\"EntryPoint\",\"urlTemplate\":\"https:\/\/www.actecir.cat\/?s={search_term_string}\"},\"query-input\":{\"@type\":\"PropertyValueSpecification\",\"valueRequired\":true,\"valueName\":\"search_term_string\"}}],\"inLanguage\":\"es\"},{\"@type\":\"Organization\",\"@id\":\"https:\/\/www.actecir.cat\/#organization\",\"name\":\"Actecir\",\"url\":\"https:\/\/www.actecir.cat\/\",\"logo\":{\"@type\":\"ImageObject\",\"inLanguage\":\"es\",\"@id\":\"https:\/\/www.actecir.cat\/#\/schema\/logo\/image\/\",\"url\":\"https:\/\/www.actecir.cat\/wp-content\/uploads\/2023\/04\/cropped-logo_actecir_60_alto.png\",\"contentUrl\":\"https:\/\/www.actecir.cat\/wp-content\/uploads\/2023\/04\/cropped-logo_actecir_60_alto.png\",\"width\":283,\"height\":80,\"caption\":\"Actecir\"},\"image\":{\"@id\":\"https:\/\/www.actecir.cat\/#\/schema\/logo\/image\/\"},\"sameAs\":[\"https:\/\/x.com\/actecir\",\"https:\/\/www.linkedin.com\/company\/actecir\"]},{\"@type\":\"Person\",\"@id\":\"https:\/\/www.actecir.cat\/#\/schema\/person\/42edd02f0b1d55e19444428c5d321413\",\"name\":\"Soporte web\",\"sameAs\":[\"https:\/\/www.actecir.cat\"],\"url\":\"https:\/\/www.actecir.cat\/es\/author\/maensystems\/\"}]}<\/script>\n<!-- \/ Yoast SEO plugin. -->","yoast_head_json":{"title":"Formaci\u00f3n ACV - Ygnis - Actecir","robots":{"index":"index","follow":"follow","max-snippet":"max-snippet:-1","max-image-preview":"max-image-preview:large","max-video-preview":"max-video-preview:-1"},"canonical":"https:\/\/www.actecir.cat\/es\/formacion-acv-ygnis\/","og_locale":"es_ES","og_type":"article","og_title":"Formaci\u00f3n ACV - Ygnis - Actecir","og_description":"Tendencias en instalaciones para edificaci\u00f3n terciaria ante el nuevo CTE","og_url":"https:\/\/www.actecir.cat\/es\/formacion-acv-ygnis\/","og_site_name":"Actecir","article_published_time":"2020-03-25T15:13:58+00:00","article_modified_time":"2023-05-10T14:15:13+00:00","og_image":[{"width":600,"height":400,"url":"https:\/\/www.actecir.cat\/wp-content\/uploads\/2023\/05\/PORTADA_ACV_600_400.jpg","type":"image\/jpeg"}],"author":"Soporte web","twitter_card":"summary_large_image","twitter_creator":"@actecir","twitter_site":"@actecir","twitter_misc":{"Escrito por":"Soporte web","Tiempo de lectura":"1 minuto"},"schema":{"@context":"https:\/\/schema.org","@graph":[{"@type":"Article","@id":"https:\/\/www.actecir.cat\/es\/formacion-acv-ygnis\/#article","isPartOf":{"@id":"https:\/\/www.actecir.cat\/es\/formacion-acv-ygnis\/"},"author":{"name":"Soporte web","@id":"https:\/\/www.actecir.cat\/#\/schema\/person\/42edd02f0b1d55e19444428c5d321413"},"headline":"Formaci\u00f3n ACV &#8211; Ygnis","datePublished":"2020-03-25T15:13:58+00:00","dateModified":"2023-05-10T14:15:13+00:00","mainEntityOfPage":{"@id":"https:\/\/www.actecir.cat\/es\/formacion-acv-ygnis\/"},"wordCount":137,"publisher":{"@id":"https:\/\/www.actecir.cat\/#organization"},"image":{"@id":"https:\/\/www.actecir.cat\/es\/formacion-acv-ygnis\/#primaryimage"},"thumbnailUrl":"https:\/\/www.actecir.cat\/wp-content\/uploads\/2023\/05\/PORTADA_ACV_600_400.jpg","articleSection":["Noticias"],"inLanguage":"es"},{"@type":"WebPage","@id":"https:\/\/www.actecir.cat\/es\/formacion-acv-ygnis\/","url":"https:\/\/www.actecir.cat\/es\/formacion-acv-ygnis\/","name":"Formaci\u00f3n ACV - Ygnis - Actecir","isPartOf":{"@id":"https:\/\/www.actecir.cat\/#website"},"primaryImageOfPage":{"@id":"https:\/\/www.actecir.cat\/es\/formacion-acv-ygnis\/#primaryimage"},"image":{"@id":"https:\/\/www.actecir.cat\/es\/formacion-acv-ygnis\/#primaryimage"},"thumbnailUrl":"https:\/\/www.actecir.cat\/wp-content\/uploads\/2023\/05\/PORTADA_ACV_600_400.jpg","datePublished":"2020-03-25T15:13:58+00:00","dateModified":"2023-05-10T14:15:13+00:00","breadcrumb":{"@id":"https:\/\/www.actecir.cat\/es\/formacion-acv-ygnis\/#breadcrumb"},"inLanguage":"es","potentialAction":[{"@type":"ReadAction","target":["https:\/\/www.actecir.cat\/es\/formacion-acv-ygnis\/"]}]},{"@type":"ImageObject","inLanguage":"es","@id":"https:\/\/www.actecir.cat\/es\/formacion-acv-ygnis\/#primaryimage","url":"https:\/\/www.actecir.cat\/wp-content\/uploads\/2023\/05\/PORTADA_ACV_600_400.jpg","contentUrl":"https:\/\/www.actecir.cat\/wp-content\/uploads\/2023\/05\/PORTADA_ACV_600_400.jpg","width":600,"height":400},{"@type":"BreadcrumbList","@id":"https:\/\/www.actecir.cat\/es\/formacion-acv-ygnis\/#breadcrumb","itemListElement":[{"@type":"ListItem","position":1,"name":"Inici","item":"https:\/\/www.actecir.cat\/es\/"},{"@type":"ListItem","position":2,"name":"Formaci\u00f3n ACV &#8211; Ygnis"}]},{"@type":"WebSite","@id":"https:\/\/www.actecir.cat\/#website","url":"https:\/\/www.actecir.cat\/","name":"Actecir","description":"Associaci\u00f3 Catalana de T\u00e8cnics en Energia, Climatitzaci\u00f3 i Refrigeraci\u00f3","publisher":{"@id":"https:\/\/www.actecir.cat\/#organization"},"potentialAction":[{"@type":"SearchAction","target":{"@type":"EntryPoint","urlTemplate":"https:\/\/www.actecir.cat\/?s={search_term_string}"},"query-input":{"@type":"PropertyValueSpecification","valueRequired":true,"valueName":"search_term_string"}}],"inLanguage":"es"},{"@type":"Organization","@id":"https:\/\/www.actecir.cat\/#organization","name":"Actecir","url":"https:\/\/www.actecir.cat\/","logo":{"@type":"ImageObject","inLanguage":"es","@id":"https:\/\/www.actecir.cat\/#\/schema\/logo\/image\/","url":"https:\/\/www.actecir.cat\/wp-content\/uploads\/2023\/04\/cropped-logo_actecir_60_alto.png","contentUrl":"https:\/\/www.actecir.cat\/wp-content\/uploads\/2023\/04\/cropped-logo_actecir_60_alto.png","width":283,"height":80,"caption":"Actecir"},"image":{"@id":"https:\/\/www.actecir.cat\/#\/schema\/logo\/image\/"},"sameAs":["https:\/\/x.com\/actecir","https:\/\/www.linkedin.com\/company\/actecir"]},{"@type":"Person","@id":"https:\/\/www.actecir.cat\/#\/schema\/person\/42edd02f0b1d55e19444428c5d321413","name":"Soporte web","sameAs":["https:\/\/www.actecir.cat"],"url":"https:\/\/www.actecir.cat\/es\/author\/maensystems\/"}]}},"_links":{"self":[{"href":"https:\/\/www.actecir.cat\/es\/wp-json\/wp\/v2\/posts\/6162","targetHints":{"allow":["GET"]}}],"collection":[{"href":"https:\/\/www.actecir.cat\/es\/wp-json\/wp\/v2\/posts"}],"about":[{"href":"https:\/\/www.actecir.cat\/es\/wp-json\/wp\/v2\/types\/post"}],"author":[{"embeddable":true,"href":"https:\/\/www.actecir.cat\/es\/wp-json\/wp\/v2\/users\/1"}],"replies":[{"embeddable":true,"href":"https:\/\/www.actecir.cat\/es\/wp-json\/wp\/v2\/comments?post=6162"}],"version-history":[{"count":1,"href":"https:\/\/www.actecir.cat\/es\/wp-json\/wp\/v2\/posts\/6162\/revisions"}],"predecessor-version":[{"id":6163,"href":"https:\/\/www.actecir.cat\/es\/wp-json\/wp\/v2\/posts\/6162\/revisions\/6163"}],"wp:featuredmedia":[{"embeddable":true,"href":"https:\/\/www.actecir.cat\/es\/wp-json\/wp\/v2\/media\/6160"}],"wp:attachment":[{"href":"https:\/\/www.actecir.cat\/es\/wp-json\/wp\/v2\/media?parent=6162"}],"wp:term":[{"taxonomy":"category","embeddable":true,"href":"https:\/\/www.actecir.cat\/es\/wp-json\/wp\/v2\/categories?post=6162"},{"taxonomy":"post_tag","embeddable":true,"href":"https:\/\/www.actecir.cat\/es\/wp-json\/wp\/v2\/tags?post=6162"}],"curies":[{"name":"wp","href":"https:\/\/api.w.org\/{rel}","templated":true}]}}