{"id":6186,"date":"2020-03-19T16:23:46","date_gmt":"2020-03-19T15:23:46","guid":{"rendered":"https:\/\/www.actecir.cat\/?p=6186"},"modified":"2023-05-10T16:26:51","modified_gmt":"2023-05-10T14:26:51","slug":"ashrae-crea-una-pagina-especifica-del-covid-19","status":"publish","type":"post","link":"https:\/\/www.actecir.cat\/es\/ashrae-crea-una-pagina-especifica-del-covid-19\/","title":{"rendered":"ASHRAE crea una p\u00e1gina espec\u00edfica del COVID-19"},"content":{"rendered":"<p>Con informaci\u00f3n t\u00e9cnica y relevante<\/p>\n<p>Al igual que todas las organizaciones a nivel mundial, ASHRAE reacciona ante la amenaza del COVID\u201319, que ya estamos sufriendo en much\u00edsimos pa\u00edses del mundo.<\/p>\n<p>ASHRAE ha creado una p\u00e1gina espec\u00edfica con informaci\u00f3n t\u00e9cnica y relevante para ayudar a responder cuestiones sobre el corona virus, relacionadas con la operativa y el mantenimiento de los sistemas de climatizaci\u00f3n y refrigeraci\u00f3n.<\/p>\n<p>&nbsp;<\/p>\n<p><a href=\"https:\/\/www.ashrae.org\/technical-resources\/resources\" target=\"_blank\" rel=\"noopener\">RECURSOS T\u00c9CNICOS COVID-19<\/a><\/p>\n<p>&nbsp;<\/p>\n<p>Esta p\u00e1gina ofrece un acceso f\u00e1cil a los recursos propios, en relaci\u00f3n a este tema, de ASHRAE y de distintos profesionales del sector.<br \/>\nRecomiendan a todos sus miembros, patrocinadores, entidades colaboradoras y dem\u00e1s simpatizantes del ASHRAE Spain Chapter que sigan las pautas dictadas por el\u00a0<a href=\"https:\/\/www.cdc.gov\/coronavirus\/2019-ncov\/index.html\" target=\"_blank\" rel=\"noopener\">CDC<\/a>\u00a0y la\u00a0<a href=\"https:\/\/www.who.int\/emergencies\/diseases\/novel-coronavirus-2019\/advice-for-public\" target=\"_blank\" rel=\"noopener\">OMS<\/a>\u00a0para minimizar el riesgo de contagio por COVID-19.<br \/>\nLa Junta Directiva de ASHRAE evaluar\u00e1, continuamente, el impacto del COVID-19 y ajustar\u00e1 las actividades y recursos de la Sociedad en consecuencia.\u00a0Desde el Spain Chapter os iran informando a medida que ASHRAE se adapte a estas circunstancias que cambian r\u00e1pidamente.<\/p>\n<p>Desean y esperan que todos vosotros y vuestras familias est\u00e9is sanos y seguros y pronto podamos retomar la normalidad.<\/p>\n<p>&nbsp;<\/p>\n<p><img decoding=\"async\" class=\"alignleft size-full wp-image-1879\" src=\"https:\/\/www.actecir.cat\/wp-content\/uploads\/2023\/04\/ashrae-spain.png\" alt=\"\" width=\"300\" height=\"60\" \/><\/p>\n","protected":false},"excerpt":{"rendered":"<p>Con informaci\u00f3n t\u00e9cnica y relevante\u00a0<\/p>\n","protected":false},"author":1,"featured_media":6184,"comment_status":"closed","ping_status":"closed","sticky":false,"template":"","format":"standard","meta":{"footnotes":""},"categories":[25],"tags":[],"class_list":["post-6186","post","type-post","status-publish","format-standard","has-post-thumbnail","hentry","category-noticias"],"yoast_head":"<!-- This site is optimized with the Yoast SEO plugin v27.2 - https:\/\/yoast.com\/product\/yoast-seo-wordpress\/ -->\n<title>ASHRAE crea una p\u00e1gina espec\u00edfica del COVID-19 - Actecir<\/title>\n<meta name=\"robots\" content=\"index, follow, max-snippet:-1, max-image-preview:large, max-video-preview:-1\" \/>\n<link rel=\"canonical\" href=\"https:\/\/www.actecir.cat\/es\/ashrae-crea-una-pagina-especifica-del-covid-19\/\" \/>\n<meta property=\"og:locale\" content=\"es_ES\" \/>\n<meta property=\"og:type\" content=\"article\" \/>\n<meta property=\"og:title\" content=\"ASHRAE crea una p\u00e1gina espec\u00edfica del COVID-19 - Actecir\" \/>\n<meta property=\"og:description\" content=\"Con informaci\u00f3n t\u00e9cnica y relevante\u00a0\" \/>\n<meta property=\"og:url\" content=\"https:\/\/www.actecir.cat\/es\/ashrae-crea-una-pagina-especifica-del-covid-19\/\" \/>\n<meta property=\"og:site_name\" content=\"Actecir\" \/>\n<meta property=\"article:published_time\" content=\"2020-03-19T15:23:46+00:00\" \/>\n<meta property=\"article:modified_time\" content=\"2023-05-10T14:26:51+00:00\" \/>\n<meta property=\"og:image\" content=\"https:\/\/www.actecir.cat\/wp-content\/uploads\/2023\/05\/ASHRAE_Covid-19_600_400.png\" \/>\n\t<meta property=\"og:image:width\" content=\"600\" \/>\n\t<meta property=\"og:image:height\" content=\"400\" \/>\n\t<meta property=\"og:image:type\" content=\"image\/png\" \/>\n<meta name=\"author\" content=\"Soporte web\" \/>\n<meta name=\"twitter:card\" content=\"summary_large_image\" \/>\n<meta name=\"twitter:creator\" content=\"@actecir\" \/>\n<meta name=\"twitter:site\" content=\"@actecir\" \/>\n<meta name=\"twitter:label1\" content=\"Escrito por\" \/>\n\t<meta name=\"twitter:data1\" content=\"Soporte web\" \/>\n\t<meta name=\"twitter:label2\" content=\"Tiempo de lectura\" \/>\n\t<meta name=\"twitter:data2\" content=\"1 minuto\" \/>\n<script type=\"application\/ld+json\" class=\"yoast-schema-graph\">{\"@context\":\"https:\/\/schema.org\",\"@graph\":[{\"@type\":\"Article\",\"@id\":\"https:\/\/www.actecir.cat\/es\/ashrae-crea-una-pagina-especifica-del-covid-19\/#article\",\"isPartOf\":{\"@id\":\"https:\/\/www.actecir.cat\/es\/ashrae-crea-una-pagina-especifica-del-covid-19\/\"},\"author\":{\"name\":\"Soporte web\",\"@id\":\"https:\/\/www.actecir.cat\/#\/schema\/person\/42edd02f0b1d55e19444428c5d321413\"},\"headline\":\"ASHRAE crea una p\u00e1gina espec\u00edfica del COVID-19\",\"datePublished\":\"2020-03-19T15:23:46+00:00\",\"dateModified\":\"2023-05-10T14:26:51+00:00\",\"mainEntityOfPage\":{\"@id\":\"https:\/\/www.actecir.cat\/es\/ashrae-crea-una-pagina-especifica-del-covid-19\/\"},\"wordCount\":213,\"publisher\":{\"@id\":\"https:\/\/www.actecir.cat\/#organization\"},\"image\":{\"@id\":\"https:\/\/www.actecir.cat\/es\/ashrae-crea-una-pagina-especifica-del-covid-19\/#primaryimage\"},\"thumbnailUrl\":\"https:\/\/www.actecir.cat\/wp-content\/uploads\/2023\/05\/ASHRAE_Covid-19_600_400.png\",\"articleSection\":[\"Noticias\"],\"inLanguage\":\"es\"},{\"@type\":\"WebPage\",\"@id\":\"https:\/\/www.actecir.cat\/es\/ashrae-crea-una-pagina-especifica-del-covid-19\/\",\"url\":\"https:\/\/www.actecir.cat\/es\/ashrae-crea-una-pagina-especifica-del-covid-19\/\",\"name\":\"ASHRAE crea una p\u00e1gina espec\u00edfica del COVID-19 - Actecir\",\"isPartOf\":{\"@id\":\"https:\/\/www.actecir.cat\/#website\"},\"primaryImageOfPage\":{\"@id\":\"https:\/\/www.actecir.cat\/es\/ashrae-crea-una-pagina-especifica-del-covid-19\/#primaryimage\"},\"image\":{\"@id\":\"https:\/\/www.actecir.cat\/es\/ashrae-crea-una-pagina-especifica-del-covid-19\/#primaryimage\"},\"thumbnailUrl\":\"https:\/\/www.actecir.cat\/wp-content\/uploads\/2023\/05\/ASHRAE_Covid-19_600_400.png\",\"datePublished\":\"2020-03-19T15:23:46+00:00\",\"dateModified\":\"2023-05-10T14:26:51+00:00\",\"breadcrumb\":{\"@id\":\"https:\/\/www.actecir.cat\/es\/ashrae-crea-una-pagina-especifica-del-covid-19\/#breadcrumb\"},\"inLanguage\":\"es\",\"potentialAction\":[{\"@type\":\"ReadAction\",\"target\":[\"https:\/\/www.actecir.cat\/es\/ashrae-crea-una-pagina-especifica-del-covid-19\/\"]}]},{\"@type\":\"ImageObject\",\"inLanguage\":\"es\",\"@id\":\"https:\/\/www.actecir.cat\/es\/ashrae-crea-una-pagina-especifica-del-covid-19\/#primaryimage\",\"url\":\"https:\/\/www.actecir.cat\/wp-content\/uploads\/2023\/05\/ASHRAE_Covid-19_600_400.png\",\"contentUrl\":\"https:\/\/www.actecir.cat\/wp-content\/uploads\/2023\/05\/ASHRAE_Covid-19_600_400.png\",\"width\":600,\"height\":400},{\"@type\":\"BreadcrumbList\",\"@id\":\"https:\/\/www.actecir.cat\/es\/ashrae-crea-una-pagina-especifica-del-covid-19\/#breadcrumb\",\"itemListElement\":[{\"@type\":\"ListItem\",\"position\":1,\"name\":\"Inici\",\"item\":\"https:\/\/www.actecir.cat\/es\/\"},{\"@type\":\"ListItem\",\"position\":2,\"name\":\"ASHRAE crea una p\u00e1gina espec\u00edfica del COVID-19\"}]},{\"@type\":\"WebSite\",\"@id\":\"https:\/\/www.actecir.cat\/#website\",\"url\":\"https:\/\/www.actecir.cat\/\",\"name\":\"Actecir\",\"description\":\"Associaci\u00f3 Catalana de T\u00e8cnics en Energia, Climatitzaci\u00f3 i Refrigeraci\u00f3\",\"publisher\":{\"@id\":\"https:\/\/www.actecir.cat\/#organization\"},\"potentialAction\":[{\"@type\":\"SearchAction\",\"target\":{\"@type\":\"EntryPoint\",\"urlTemplate\":\"https:\/\/www.actecir.cat\/?s={search_term_string}\"},\"query-input\":{\"@type\":\"PropertyValueSpecification\",\"valueRequired\":true,\"valueName\":\"search_term_string\"}}],\"inLanguage\":\"es\"},{\"@type\":\"Organization\",\"@id\":\"https:\/\/www.actecir.cat\/#organization\",\"name\":\"Actecir\",\"url\":\"https:\/\/www.actecir.cat\/\",\"logo\":{\"@type\":\"ImageObject\",\"inLanguage\":\"es\",\"@id\":\"https:\/\/www.actecir.cat\/#\/schema\/logo\/image\/\",\"url\":\"https:\/\/www.actecir.cat\/wp-content\/uploads\/2023\/04\/cropped-logo_actecir_60_alto.png\",\"contentUrl\":\"https:\/\/www.actecir.cat\/wp-content\/uploads\/2023\/04\/cropped-logo_actecir_60_alto.png\",\"width\":283,\"height\":80,\"caption\":\"Actecir\"},\"image\":{\"@id\":\"https:\/\/www.actecir.cat\/#\/schema\/logo\/image\/\"},\"sameAs\":[\"https:\/\/x.com\/actecir\",\"https:\/\/www.linkedin.com\/company\/actecir\"]},{\"@type\":\"Person\",\"@id\":\"https:\/\/www.actecir.cat\/#\/schema\/person\/42edd02f0b1d55e19444428c5d321413\",\"name\":\"Soporte web\",\"sameAs\":[\"https:\/\/www.actecir.cat\"],\"url\":\"https:\/\/www.actecir.cat\/es\/author\/maensystems\/\"}]}<\/script>\n<!-- \/ Yoast SEO plugin. -->","yoast_head_json":{"title":"ASHRAE crea una p\u00e1gina espec\u00edfica del COVID-19 - Actecir","robots":{"index":"index","follow":"follow","max-snippet":"max-snippet:-1","max-image-preview":"max-image-preview:large","max-video-preview":"max-video-preview:-1"},"canonical":"https:\/\/www.actecir.cat\/es\/ashrae-crea-una-pagina-especifica-del-covid-19\/","og_locale":"es_ES","og_type":"article","og_title":"ASHRAE crea una p\u00e1gina espec\u00edfica del COVID-19 - Actecir","og_description":"Con informaci\u00f3n t\u00e9cnica y relevante\u00a0","og_url":"https:\/\/www.actecir.cat\/es\/ashrae-crea-una-pagina-especifica-del-covid-19\/","og_site_name":"Actecir","article_published_time":"2020-03-19T15:23:46+00:00","article_modified_time":"2023-05-10T14:26:51+00:00","og_image":[{"width":600,"height":400,"url":"https:\/\/www.actecir.cat\/wp-content\/uploads\/2023\/05\/ASHRAE_Covid-19_600_400.png","type":"image\/png"}],"author":"Soporte web","twitter_card":"summary_large_image","twitter_creator":"@actecir","twitter_site":"@actecir","twitter_misc":{"Escrito por":"Soporte web","Tiempo de lectura":"1 minuto"},"schema":{"@context":"https:\/\/schema.org","@graph":[{"@type":"Article","@id":"https:\/\/www.actecir.cat\/es\/ashrae-crea-una-pagina-especifica-del-covid-19\/#article","isPartOf":{"@id":"https:\/\/www.actecir.cat\/es\/ashrae-crea-una-pagina-especifica-del-covid-19\/"},"author":{"name":"Soporte web","@id":"https:\/\/www.actecir.cat\/#\/schema\/person\/42edd02f0b1d55e19444428c5d321413"},"headline":"ASHRAE crea una p\u00e1gina espec\u00edfica del COVID-19","datePublished":"2020-03-19T15:23:46+00:00","dateModified":"2023-05-10T14:26:51+00:00","mainEntityOfPage":{"@id":"https:\/\/www.actecir.cat\/es\/ashrae-crea-una-pagina-especifica-del-covid-19\/"},"wordCount":213,"publisher":{"@id":"https:\/\/www.actecir.cat\/#organization"},"image":{"@id":"https:\/\/www.actecir.cat\/es\/ashrae-crea-una-pagina-especifica-del-covid-19\/#primaryimage"},"thumbnailUrl":"https:\/\/www.actecir.cat\/wp-content\/uploads\/2023\/05\/ASHRAE_Covid-19_600_400.png","articleSection":["Noticias"],"inLanguage":"es"},{"@type":"WebPage","@id":"https:\/\/www.actecir.cat\/es\/ashrae-crea-una-pagina-especifica-del-covid-19\/","url":"https:\/\/www.actecir.cat\/es\/ashrae-crea-una-pagina-especifica-del-covid-19\/","name":"ASHRAE crea una p\u00e1gina espec\u00edfica del COVID-19 - Actecir","isPartOf":{"@id":"https:\/\/www.actecir.cat\/#website"},"primaryImageOfPage":{"@id":"https:\/\/www.actecir.cat\/es\/ashrae-crea-una-pagina-especifica-del-covid-19\/#primaryimage"},"image":{"@id":"https:\/\/www.actecir.cat\/es\/ashrae-crea-una-pagina-especifica-del-covid-19\/#primaryimage"},"thumbnailUrl":"https:\/\/www.actecir.cat\/wp-content\/uploads\/2023\/05\/ASHRAE_Covid-19_600_400.png","datePublished":"2020-03-19T15:23:46+00:00","dateModified":"2023-05-10T14:26:51+00:00","breadcrumb":{"@id":"https:\/\/www.actecir.cat\/es\/ashrae-crea-una-pagina-especifica-del-covid-19\/#breadcrumb"},"inLanguage":"es","potentialAction":[{"@type":"ReadAction","target":["https:\/\/www.actecir.cat\/es\/ashrae-crea-una-pagina-especifica-del-covid-19\/"]}]},{"@type":"ImageObject","inLanguage":"es","@id":"https:\/\/www.actecir.cat\/es\/ashrae-crea-una-pagina-especifica-del-covid-19\/#primaryimage","url":"https:\/\/www.actecir.cat\/wp-content\/uploads\/2023\/05\/ASHRAE_Covid-19_600_400.png","contentUrl":"https:\/\/www.actecir.cat\/wp-content\/uploads\/2023\/05\/ASHRAE_Covid-19_600_400.png","width":600,"height":400},{"@type":"BreadcrumbList","@id":"https:\/\/www.actecir.cat\/es\/ashrae-crea-una-pagina-especifica-del-covid-19\/#breadcrumb","itemListElement":[{"@type":"ListItem","position":1,"name":"Inici","item":"https:\/\/www.actecir.cat\/es\/"},{"@type":"ListItem","position":2,"name":"ASHRAE crea una p\u00e1gina espec\u00edfica del COVID-19"}]},{"@type":"WebSite","@id":"https:\/\/www.actecir.cat\/#website","url":"https:\/\/www.actecir.cat\/","name":"Actecir","description":"Associaci\u00f3 Catalana de T\u00e8cnics en Energia, Climatitzaci\u00f3 i Refrigeraci\u00f3","publisher":{"@id":"https:\/\/www.actecir.cat\/#organization"},"potentialAction":[{"@type":"SearchAction","target":{"@type":"EntryPoint","urlTemplate":"https:\/\/www.actecir.cat\/?s={search_term_string}"},"query-input":{"@type":"PropertyValueSpecification","valueRequired":true,"valueName":"search_term_string"}}],"inLanguage":"es"},{"@type":"Organization","@id":"https:\/\/www.actecir.cat\/#organization","name":"Actecir","url":"https:\/\/www.actecir.cat\/","logo":{"@type":"ImageObject","inLanguage":"es","@id":"https:\/\/www.actecir.cat\/#\/schema\/logo\/image\/","url":"https:\/\/www.actecir.cat\/wp-content\/uploads\/2023\/04\/cropped-logo_actecir_60_alto.png","contentUrl":"https:\/\/www.actecir.cat\/wp-content\/uploads\/2023\/04\/cropped-logo_actecir_60_alto.png","width":283,"height":80,"caption":"Actecir"},"image":{"@id":"https:\/\/www.actecir.cat\/#\/schema\/logo\/image\/"},"sameAs":["https:\/\/x.com\/actecir","https:\/\/www.linkedin.com\/company\/actecir"]},{"@type":"Person","@id":"https:\/\/www.actecir.cat\/#\/schema\/person\/42edd02f0b1d55e19444428c5d321413","name":"Soporte web","sameAs":["https:\/\/www.actecir.cat"],"url":"https:\/\/www.actecir.cat\/es\/author\/maensystems\/"}]}},"_links":{"self":[{"href":"https:\/\/www.actecir.cat\/es\/wp-json\/wp\/v2\/posts\/6186","targetHints":{"allow":["GET"]}}],"collection":[{"href":"https:\/\/www.actecir.cat\/es\/wp-json\/wp\/v2\/posts"}],"about":[{"href":"https:\/\/www.actecir.cat\/es\/wp-json\/wp\/v2\/types\/post"}],"author":[{"embeddable":true,"href":"https:\/\/www.actecir.cat\/es\/wp-json\/wp\/v2\/users\/1"}],"replies":[{"embeddable":true,"href":"https:\/\/www.actecir.cat\/es\/wp-json\/wp\/v2\/comments?post=6186"}],"version-history":[{"count":1,"href":"https:\/\/www.actecir.cat\/es\/wp-json\/wp\/v2\/posts\/6186\/revisions"}],"predecessor-version":[{"id":6187,"href":"https:\/\/www.actecir.cat\/es\/wp-json\/wp\/v2\/posts\/6186\/revisions\/6187"}],"wp:featuredmedia":[{"embeddable":true,"href":"https:\/\/www.actecir.cat\/es\/wp-json\/wp\/v2\/media\/6184"}],"wp:attachment":[{"href":"https:\/\/www.actecir.cat\/es\/wp-json\/wp\/v2\/media?parent=6186"}],"wp:term":[{"taxonomy":"category","embeddable":true,"href":"https:\/\/www.actecir.cat\/es\/wp-json\/wp\/v2\/categories?post=6186"},{"taxonomy":"post_tag","embeddable":true,"href":"https:\/\/www.actecir.cat\/es\/wp-json\/wp\/v2\/tags?post=6186"}],"curies":[{"name":"wp","href":"https:\/\/api.w.org\/{rel}","templated":true}]}}