{"id":6192,"date":"2020-02-21T16:27:53","date_gmt":"2020-02-21T15:27:53","guid":{"rendered":"https:\/\/www.actecir.cat\/?p=6192"},"modified":"2023-07-07T16:05:14","modified_gmt":"2023-07-07T14:05:14","slug":"atean-y-bosch-industrial-organizan-un-seminario-sobre-la-generacion-de-vapor-en-la-industria","status":"publish","type":"post","link":"https:\/\/www.actecir.cat\/es\/atean-y-bosch-industrial-organizan-un-seminario-sobre-la-generacion-de-vapor-en-la-industria\/","title":{"rendered":"Atean y Bosch Industrial organizan un seminario sobre la generaci\u00f3n de vapor en la industria"},"content":{"rendered":"<p>Durante la jornada, los asistentes recibieron formaci\u00f3n te\u00f3rico-pr\u00e1ctica para optimizar el funcionamiento de los sistemas de calderas industriales con las m\u00e1ximas prestaciones<\/p>\n<p><strong>Madrid, 19 de febrero de 2020.<\/strong>\u00a0En su compromiso por contribuir a la mejor formaci\u00f3n de los profesionales, el \u00e1rea Industrial de\u00a0<a href=\"https:\/\/www.bosch-homecomfort.com\/es\/es\/residencial\/inicio\/\">Bosch Termotecnia<\/a>, divisi\u00f3n perteneciente al\u00a0<a href=\"https:\/\/www.grupo-bosch.es\/\">Grupo Bosch<\/a>, ha organizado, con la colaboraci\u00f3n de\u00a0<a href=\"https:\/\/atean.es\/content\/seminario_bosch_2020\">ATEAN<\/a>, un seminario sobre la generaci\u00f3n de vapor en la industria. Dicho seminario se produjo durante dos d\u00edas en el COGITI &#8211; Consejo General de Colegios oficiales de Graduados e Ingenieros T\u00e9cnicos Industriales de Espa\u00f1a, en Sevilla.<\/p>\n<p>Los profesionales pudieron asistir a la impartici\u00f3n de dicho seminario por parte de\u00a0Aitor Alc\u00e1zar Lizano, Ingeniero Industrial, encargado del Desarrollo del Negocio Industrial de Bosch Termotecnia. Durante el primer d\u00eda de jornada, los profesionales recibieron formaci\u00f3n sobre los principios b\u00e1sicos del vapor, las calderas de vapor, los quemadores industriales y los componentes de las salas de calderas.<\/p>\n<p>Durante la segunda jornada la formaci\u00f3n fue m\u00e1s espec\u00edfica y pr\u00e1ctica y se centr\u00f3 en el dise\u00f1o y planificaci\u00f3n de equipos, en la prevenci\u00f3n de posibles fallos y en la eficiencia energ\u00e9tica, aspecto que desde la Divisi\u00f3n Comercial e Industrial de Bosch Termotecnia se considera un objetivo prioritario, ya que se ha convertido en una exigencia por parte de usuarios, clientes e instituciones.<\/p>\n<p>De esta manera, Bosch sigue demostrando su compromiso con los profesionales del sector mientras que traslada su amplio conocimiento y experiencia en el campo de las calderas industriales y sus tecnolog\u00edas aplicadas. El segmento de las calderas industriales contin\u00faa siendo uno de los m\u00e1s importantes, ya que la exigencia de los diferentes procesos productivos de los clientes es cada vez m\u00e1s alta.<\/p>\n<p>Las soluciones industriales que Bosch ofrece, junto con los consejos que los profesionales pudieron recibir a lo largo de las dos jornadas que abarc\u00f3 el seminario, buscan garantizar el \u00f3ptimo funcionamiento de los sistemas con las m\u00e1ximas prestaciones. Para ello Bosch ofrece soluciones en calderas de vapor, calderas de agua caliente o sobrecalentada y componentes de salas de calderas. Estas soluciones y gracias a los componentes adecuados y la aplicaci\u00f3n de sistemas de control inteligentes, pueden reducir considerablemente el consumo de energ\u00eda y emisiones.<\/p>\n<p>Con todo ello, el \u00e1rea Industrial de Bosch Termotecnia pone de manifiesto su compromiso con el sector con el fin de ofrecer el mejor servicio, facilitar el trabajo al profesional, as\u00ed como para aplicar la innovaci\u00f3n a cada proceso de mejora y ofrecer las mejores soluciones al consumidor final.<\/p>\n","protected":false},"excerpt":{"rendered":"<p>Durante la jornada, los asistentes recibieron formaci\u00f3n te\u00f3rico-pr\u00e1ctica para optimizar el funcionamiento de los sistemas de calderas industriales con las m\u00e1ximas prestaciones<\/p>\n","protected":false},"author":1,"featured_media":6190,"comment_status":"closed","ping_status":"closed","sticky":false,"template":"","format":"standard","meta":{"footnotes":""},"categories":[25],"tags":[],"class_list":["post-6192","post","type-post","status-publish","format-standard","has-post-thumbnail","hentry","category-noticias"],"yoast_head":"<!-- This site is optimized with the Yoast SEO plugin v27.2 - https:\/\/yoast.com\/product\/yoast-seo-wordpress\/ -->\n<title>Atean y Bosch Industrial organizan un seminario sobre la generaci\u00f3n de vapor en la industria - Actecir<\/title>\n<meta name=\"robots\" content=\"index, follow, max-snippet:-1, max-image-preview:large, max-video-preview:-1\" \/>\n<link rel=\"canonical\" href=\"https:\/\/www.actecir.cat\/es\/atean-y-bosch-industrial-organizan-un-seminario-sobre-la-generacion-de-vapor-en-la-industria\/\" \/>\n<meta property=\"og:locale\" content=\"es_ES\" \/>\n<meta property=\"og:type\" content=\"article\" \/>\n<meta property=\"og:title\" content=\"Atean y Bosch Industrial organizan un seminario sobre la generaci\u00f3n de vapor en la industria - Actecir\" \/>\n<meta property=\"og:description\" content=\"Durante la jornada, los asistentes recibieron formaci\u00f3n te\u00f3rico-pr\u00e1ctica para optimizar el funcionamiento de los sistemas de calderas industriales con las m\u00e1ximas prestaciones\" \/>\n<meta property=\"og:url\" content=\"https:\/\/www.actecir.cat\/es\/atean-y-bosch-industrial-organizan-un-seminario-sobre-la-generacion-de-vapor-en-la-industria\/\" \/>\n<meta property=\"og:site_name\" content=\"Actecir\" \/>\n<meta property=\"article:published_time\" content=\"2020-02-21T15:27:53+00:00\" \/>\n<meta property=\"article:modified_time\" content=\"2023-07-07T14:05:14+00:00\" \/>\n<meta property=\"og:image\" content=\"https:\/\/www.actecir.cat\/wp-content\/uploads\/2023\/05\/Atean_y_Bosch_Industrial_organizan_un_seminario_sobre_la_generacion_de_vapor_en_la_industria.jpg\" \/>\n\t<meta property=\"og:image:width\" content=\"600\" \/>\n\t<meta property=\"og:image:height\" content=\"400\" \/>\n\t<meta property=\"og:image:type\" content=\"image\/jpeg\" \/>\n<meta name=\"author\" content=\"Soporte web\" \/>\n<meta name=\"twitter:card\" content=\"summary_large_image\" \/>\n<meta name=\"twitter:creator\" content=\"@actecir\" \/>\n<meta name=\"twitter:site\" content=\"@actecir\" \/>\n<meta name=\"twitter:label1\" content=\"Escrito por\" \/>\n\t<meta name=\"twitter:data1\" content=\"Soporte web\" \/>\n\t<meta name=\"twitter:label2\" content=\"Tiempo de lectura\" \/>\n\t<meta name=\"twitter:data2\" content=\"2 minutos\" \/>\n<script type=\"application\/ld+json\" class=\"yoast-schema-graph\">{\"@context\":\"https:\/\/schema.org\",\"@graph\":[{\"@type\":\"Article\",\"@id\":\"https:\/\/www.actecir.cat\/es\/atean-y-bosch-industrial-organizan-un-seminario-sobre-la-generacion-de-vapor-en-la-industria\/#article\",\"isPartOf\":{\"@id\":\"https:\/\/www.actecir.cat\/es\/atean-y-bosch-industrial-organizan-un-seminario-sobre-la-generacion-de-vapor-en-la-industria\/\"},\"author\":{\"name\":\"Soporte web\",\"@id\":\"https:\/\/www.actecir.cat\/#\/schema\/person\/42edd02f0b1d55e19444428c5d321413\"},\"headline\":\"Atean y Bosch Industrial organizan un seminario sobre la generaci\u00f3n de vapor en la industria\",\"datePublished\":\"2020-02-21T15:27:53+00:00\",\"dateModified\":\"2023-07-07T14:05:14+00:00\",\"mainEntityOfPage\":{\"@id\":\"https:\/\/www.actecir.cat\/es\/atean-y-bosch-industrial-organizan-un-seminario-sobre-la-generacion-de-vapor-en-la-industria\/\"},\"wordCount\":457,\"publisher\":{\"@id\":\"https:\/\/www.actecir.cat\/#organization\"},\"image\":{\"@id\":\"https:\/\/www.actecir.cat\/es\/atean-y-bosch-industrial-organizan-un-seminario-sobre-la-generacion-de-vapor-en-la-industria\/#primaryimage\"},\"thumbnailUrl\":\"https:\/\/www.actecir.cat\/wp-content\/uploads\/2023\/05\/Atean_y_Bosch_Industrial_organizan_un_seminario_sobre_la_generacion_de_vapor_en_la_industria.jpg\",\"articleSection\":[\"Noticias\"],\"inLanguage\":\"es\"},{\"@type\":\"WebPage\",\"@id\":\"https:\/\/www.actecir.cat\/es\/atean-y-bosch-industrial-organizan-un-seminario-sobre-la-generacion-de-vapor-en-la-industria\/\",\"url\":\"https:\/\/www.actecir.cat\/es\/atean-y-bosch-industrial-organizan-un-seminario-sobre-la-generacion-de-vapor-en-la-industria\/\",\"name\":\"Atean y Bosch Industrial organizan un seminario sobre la generaci\u00f3n de vapor en la industria - Actecir\",\"isPartOf\":{\"@id\":\"https:\/\/www.actecir.cat\/#website\"},\"primaryImageOfPage\":{\"@id\":\"https:\/\/www.actecir.cat\/es\/atean-y-bosch-industrial-organizan-un-seminario-sobre-la-generacion-de-vapor-en-la-industria\/#primaryimage\"},\"image\":{\"@id\":\"https:\/\/www.actecir.cat\/es\/atean-y-bosch-industrial-organizan-un-seminario-sobre-la-generacion-de-vapor-en-la-industria\/#primaryimage\"},\"thumbnailUrl\":\"https:\/\/www.actecir.cat\/wp-content\/uploads\/2023\/05\/Atean_y_Bosch_Industrial_organizan_un_seminario_sobre_la_generacion_de_vapor_en_la_industria.jpg\",\"datePublished\":\"2020-02-21T15:27:53+00:00\",\"dateModified\":\"2023-07-07T14:05:14+00:00\",\"breadcrumb\":{\"@id\":\"https:\/\/www.actecir.cat\/es\/atean-y-bosch-industrial-organizan-un-seminario-sobre-la-generacion-de-vapor-en-la-industria\/#breadcrumb\"},\"inLanguage\":\"es\",\"potentialAction\":[{\"@type\":\"ReadAction\",\"target\":[\"https:\/\/www.actecir.cat\/es\/atean-y-bosch-industrial-organizan-un-seminario-sobre-la-generacion-de-vapor-en-la-industria\/\"]}]},{\"@type\":\"ImageObject\",\"inLanguage\":\"es\",\"@id\":\"https:\/\/www.actecir.cat\/es\/atean-y-bosch-industrial-organizan-un-seminario-sobre-la-generacion-de-vapor-en-la-industria\/#primaryimage\",\"url\":\"https:\/\/www.actecir.cat\/wp-content\/uploads\/2023\/05\/Atean_y_Bosch_Industrial_organizan_un_seminario_sobre_la_generacion_de_vapor_en_la_industria.jpg\",\"contentUrl\":\"https:\/\/www.actecir.cat\/wp-content\/uploads\/2023\/05\/Atean_y_Bosch_Industrial_organizan_un_seminario_sobre_la_generacion_de_vapor_en_la_industria.jpg\",\"width\":600,\"height\":400},{\"@type\":\"BreadcrumbList\",\"@id\":\"https:\/\/www.actecir.cat\/es\/atean-y-bosch-industrial-organizan-un-seminario-sobre-la-generacion-de-vapor-en-la-industria\/#breadcrumb\",\"itemListElement\":[{\"@type\":\"ListItem\",\"position\":1,\"name\":\"Inici\",\"item\":\"https:\/\/www.actecir.cat\/es\/\"},{\"@type\":\"ListItem\",\"position\":2,\"name\":\"Atean y Bosch Industrial organizan un seminario sobre la generaci\u00f3n de vapor en la industria\"}]},{\"@type\":\"WebSite\",\"@id\":\"https:\/\/www.actecir.cat\/#website\",\"url\":\"https:\/\/www.actecir.cat\/\",\"name\":\"Actecir\",\"description\":\"Associaci\u00f3 Catalana de T\u00e8cnics en Energia, Climatitzaci\u00f3 i Refrigeraci\u00f3\",\"publisher\":{\"@id\":\"https:\/\/www.actecir.cat\/#organization\"},\"potentialAction\":[{\"@type\":\"SearchAction\",\"target\":{\"@type\":\"EntryPoint\",\"urlTemplate\":\"https:\/\/www.actecir.cat\/?s={search_term_string}\"},\"query-input\":{\"@type\":\"PropertyValueSpecification\",\"valueRequired\":true,\"valueName\":\"search_term_string\"}}],\"inLanguage\":\"es\"},{\"@type\":\"Organization\",\"@id\":\"https:\/\/www.actecir.cat\/#organization\",\"name\":\"Actecir\",\"url\":\"https:\/\/www.actecir.cat\/\",\"logo\":{\"@type\":\"ImageObject\",\"inLanguage\":\"es\",\"@id\":\"https:\/\/www.actecir.cat\/#\/schema\/logo\/image\/\",\"url\":\"https:\/\/www.actecir.cat\/wp-content\/uploads\/2023\/04\/cropped-logo_actecir_60_alto.png\",\"contentUrl\":\"https:\/\/www.actecir.cat\/wp-content\/uploads\/2023\/04\/cropped-logo_actecir_60_alto.png\",\"width\":283,\"height\":80,\"caption\":\"Actecir\"},\"image\":{\"@id\":\"https:\/\/www.actecir.cat\/#\/schema\/logo\/image\/\"},\"sameAs\":[\"https:\/\/x.com\/actecir\",\"https:\/\/www.linkedin.com\/company\/actecir\"]},{\"@type\":\"Person\",\"@id\":\"https:\/\/www.actecir.cat\/#\/schema\/person\/42edd02f0b1d55e19444428c5d321413\",\"name\":\"Soporte web\",\"sameAs\":[\"https:\/\/www.actecir.cat\"],\"url\":\"https:\/\/www.actecir.cat\/es\/author\/maensystems\/\"}]}<\/script>\n<!-- \/ Yoast SEO plugin. -->","yoast_head_json":{"title":"Atean y Bosch Industrial organizan un seminario sobre la generaci\u00f3n de vapor en la industria - Actecir","robots":{"index":"index","follow":"follow","max-snippet":"max-snippet:-1","max-image-preview":"max-image-preview:large","max-video-preview":"max-video-preview:-1"},"canonical":"https:\/\/www.actecir.cat\/es\/atean-y-bosch-industrial-organizan-un-seminario-sobre-la-generacion-de-vapor-en-la-industria\/","og_locale":"es_ES","og_type":"article","og_title":"Atean y Bosch Industrial organizan un seminario sobre la generaci\u00f3n de vapor en la industria - Actecir","og_description":"Durante la jornada, los asistentes recibieron formaci\u00f3n te\u00f3rico-pr\u00e1ctica para optimizar el funcionamiento de los sistemas de calderas industriales con las m\u00e1ximas prestaciones","og_url":"https:\/\/www.actecir.cat\/es\/atean-y-bosch-industrial-organizan-un-seminario-sobre-la-generacion-de-vapor-en-la-industria\/","og_site_name":"Actecir","article_published_time":"2020-02-21T15:27:53+00:00","article_modified_time":"2023-07-07T14:05:14+00:00","og_image":[{"width":600,"height":400,"url":"https:\/\/www.actecir.cat\/wp-content\/uploads\/2023\/05\/Atean_y_Bosch_Industrial_organizan_un_seminario_sobre_la_generacion_de_vapor_en_la_industria.jpg","type":"image\/jpeg"}],"author":"Soporte web","twitter_card":"summary_large_image","twitter_creator":"@actecir","twitter_site":"@actecir","twitter_misc":{"Escrito por":"Soporte web","Tiempo de lectura":"2 minutos"},"schema":{"@context":"https:\/\/schema.org","@graph":[{"@type":"Article","@id":"https:\/\/www.actecir.cat\/es\/atean-y-bosch-industrial-organizan-un-seminario-sobre-la-generacion-de-vapor-en-la-industria\/#article","isPartOf":{"@id":"https:\/\/www.actecir.cat\/es\/atean-y-bosch-industrial-organizan-un-seminario-sobre-la-generacion-de-vapor-en-la-industria\/"},"author":{"name":"Soporte web","@id":"https:\/\/www.actecir.cat\/#\/schema\/person\/42edd02f0b1d55e19444428c5d321413"},"headline":"Atean y Bosch Industrial organizan un seminario sobre la generaci\u00f3n de vapor en la industria","datePublished":"2020-02-21T15:27:53+00:00","dateModified":"2023-07-07T14:05:14+00:00","mainEntityOfPage":{"@id":"https:\/\/www.actecir.cat\/es\/atean-y-bosch-industrial-organizan-un-seminario-sobre-la-generacion-de-vapor-en-la-industria\/"},"wordCount":457,"publisher":{"@id":"https:\/\/www.actecir.cat\/#organization"},"image":{"@id":"https:\/\/www.actecir.cat\/es\/atean-y-bosch-industrial-organizan-un-seminario-sobre-la-generacion-de-vapor-en-la-industria\/#primaryimage"},"thumbnailUrl":"https:\/\/www.actecir.cat\/wp-content\/uploads\/2023\/05\/Atean_y_Bosch_Industrial_organizan_un_seminario_sobre_la_generacion_de_vapor_en_la_industria.jpg","articleSection":["Noticias"],"inLanguage":"es"},{"@type":"WebPage","@id":"https:\/\/www.actecir.cat\/es\/atean-y-bosch-industrial-organizan-un-seminario-sobre-la-generacion-de-vapor-en-la-industria\/","url":"https:\/\/www.actecir.cat\/es\/atean-y-bosch-industrial-organizan-un-seminario-sobre-la-generacion-de-vapor-en-la-industria\/","name":"Atean y Bosch Industrial organizan un seminario sobre la generaci\u00f3n de vapor en la industria - Actecir","isPartOf":{"@id":"https:\/\/www.actecir.cat\/#website"},"primaryImageOfPage":{"@id":"https:\/\/www.actecir.cat\/es\/atean-y-bosch-industrial-organizan-un-seminario-sobre-la-generacion-de-vapor-en-la-industria\/#primaryimage"},"image":{"@id":"https:\/\/www.actecir.cat\/es\/atean-y-bosch-industrial-organizan-un-seminario-sobre-la-generacion-de-vapor-en-la-industria\/#primaryimage"},"thumbnailUrl":"https:\/\/www.actecir.cat\/wp-content\/uploads\/2023\/05\/Atean_y_Bosch_Industrial_organizan_un_seminario_sobre_la_generacion_de_vapor_en_la_industria.jpg","datePublished":"2020-02-21T15:27:53+00:00","dateModified":"2023-07-07T14:05:14+00:00","breadcrumb":{"@id":"https:\/\/www.actecir.cat\/es\/atean-y-bosch-industrial-organizan-un-seminario-sobre-la-generacion-de-vapor-en-la-industria\/#breadcrumb"},"inLanguage":"es","potentialAction":[{"@type":"ReadAction","target":["https:\/\/www.actecir.cat\/es\/atean-y-bosch-industrial-organizan-un-seminario-sobre-la-generacion-de-vapor-en-la-industria\/"]}]},{"@type":"ImageObject","inLanguage":"es","@id":"https:\/\/www.actecir.cat\/es\/atean-y-bosch-industrial-organizan-un-seminario-sobre-la-generacion-de-vapor-en-la-industria\/#primaryimage","url":"https:\/\/www.actecir.cat\/wp-content\/uploads\/2023\/05\/Atean_y_Bosch_Industrial_organizan_un_seminario_sobre_la_generacion_de_vapor_en_la_industria.jpg","contentUrl":"https:\/\/www.actecir.cat\/wp-content\/uploads\/2023\/05\/Atean_y_Bosch_Industrial_organizan_un_seminario_sobre_la_generacion_de_vapor_en_la_industria.jpg","width":600,"height":400},{"@type":"BreadcrumbList","@id":"https:\/\/www.actecir.cat\/es\/atean-y-bosch-industrial-organizan-un-seminario-sobre-la-generacion-de-vapor-en-la-industria\/#breadcrumb","itemListElement":[{"@type":"ListItem","position":1,"name":"Inici","item":"https:\/\/www.actecir.cat\/es\/"},{"@type":"ListItem","position":2,"name":"Atean y Bosch Industrial organizan un seminario sobre la generaci\u00f3n de vapor en la industria"}]},{"@type":"WebSite","@id":"https:\/\/www.actecir.cat\/#website","url":"https:\/\/www.actecir.cat\/","name":"Actecir","description":"Associaci\u00f3 Catalana de T\u00e8cnics en Energia, Climatitzaci\u00f3 i Refrigeraci\u00f3","publisher":{"@id":"https:\/\/www.actecir.cat\/#organization"},"potentialAction":[{"@type":"SearchAction","target":{"@type":"EntryPoint","urlTemplate":"https:\/\/www.actecir.cat\/?s={search_term_string}"},"query-input":{"@type":"PropertyValueSpecification","valueRequired":true,"valueName":"search_term_string"}}],"inLanguage":"es"},{"@type":"Organization","@id":"https:\/\/www.actecir.cat\/#organization","name":"Actecir","url":"https:\/\/www.actecir.cat\/","logo":{"@type":"ImageObject","inLanguage":"es","@id":"https:\/\/www.actecir.cat\/#\/schema\/logo\/image\/","url":"https:\/\/www.actecir.cat\/wp-content\/uploads\/2023\/04\/cropped-logo_actecir_60_alto.png","contentUrl":"https:\/\/www.actecir.cat\/wp-content\/uploads\/2023\/04\/cropped-logo_actecir_60_alto.png","width":283,"height":80,"caption":"Actecir"},"image":{"@id":"https:\/\/www.actecir.cat\/#\/schema\/logo\/image\/"},"sameAs":["https:\/\/x.com\/actecir","https:\/\/www.linkedin.com\/company\/actecir"]},{"@type":"Person","@id":"https:\/\/www.actecir.cat\/#\/schema\/person\/42edd02f0b1d55e19444428c5d321413","name":"Soporte web","sameAs":["https:\/\/www.actecir.cat"],"url":"https:\/\/www.actecir.cat\/es\/author\/maensystems\/"}]}},"_links":{"self":[{"href":"https:\/\/www.actecir.cat\/es\/wp-json\/wp\/v2\/posts\/6192","targetHints":{"allow":["GET"]}}],"collection":[{"href":"https:\/\/www.actecir.cat\/es\/wp-json\/wp\/v2\/posts"}],"about":[{"href":"https:\/\/www.actecir.cat\/es\/wp-json\/wp\/v2\/types\/post"}],"author":[{"embeddable":true,"href":"https:\/\/www.actecir.cat\/es\/wp-json\/wp\/v2\/users\/1"}],"replies":[{"embeddable":true,"href":"https:\/\/www.actecir.cat\/es\/wp-json\/wp\/v2\/comments?post=6192"}],"version-history":[{"count":2,"href":"https:\/\/www.actecir.cat\/es\/wp-json\/wp\/v2\/posts\/6192\/revisions"}],"predecessor-version":[{"id":11560,"href":"https:\/\/www.actecir.cat\/es\/wp-json\/wp\/v2\/posts\/6192\/revisions\/11560"}],"wp:featuredmedia":[{"embeddable":true,"href":"https:\/\/www.actecir.cat\/es\/wp-json\/wp\/v2\/media\/6190"}],"wp:attachment":[{"href":"https:\/\/www.actecir.cat\/es\/wp-json\/wp\/v2\/media?parent=6192"}],"wp:term":[{"taxonomy":"category","embeddable":true,"href":"https:\/\/www.actecir.cat\/es\/wp-json\/wp\/v2\/categories?post=6192"},{"taxonomy":"post_tag","embeddable":true,"href":"https:\/\/www.actecir.cat\/es\/wp-json\/wp\/v2\/tags?post=6192"}],"curies":[{"name":"wp","href":"https:\/\/api.w.org\/{rel}","templated":true}]}}