{"id":6198,"date":"2020-02-19T16:30:52","date_gmt":"2020-02-19T15:30:52","guid":{"rendered":"https:\/\/www.actecir.cat\/?p=6198"},"modified":"2023-07-07T16:05:15","modified_gmt":"2023-07-07T14:05:15","slug":"bosch-termotecnia-muestra-su-compromiso-con-la-eficiencia-y-la-sostenibilidad","status":"publish","type":"post","link":"https:\/\/www.actecir.cat\/es\/bosch-termotecnia-muestra-su-compromiso-con-la-eficiencia-y-la-sostenibilidad\/","title":{"rendered":"Bosch Termotecnia muestra su compromiso con la eficiencia y la sostenibilidad"},"content":{"rendered":"<p>En el D\u00eda Mundial de la Energ\u00eda que tiene lugar el 14 de febrero<\/p>\n<p><strong>Madrid, 14 de febrero de 2020.<\/strong>El 14 febrero es el\u00a0D\u00eda\u00a0Mundial de la\u00a0Energ\u00eda. Este\u00a0d\u00eda\u00a0se instituy\u00f3 en 1949 con el objetivo de promover el uso de fuentes alternativas y disminuir el de las energ\u00edas no renovables. Hoy, 61 a\u00f1os despu\u00e9s, el Grupo Bosch contin\u00faa con su compromiso con la sostenibilidad y para 2030, quiere ahorrar 1,7 TWh, el equivalente al consumo anual de electricidad de las viviendas de una ciudad de las caracter\u00edsticas de Colonia, en Alemania, que actualmente cuenta con una poblaci\u00f3n que se sit\u00faa por encima del mill\u00f3n de personas.<\/p>\n<p>Asimismo, Bosch ha adquirido el compromiso generar 400 GWh de sus necesidades energ\u00e9ticas a partir de sus propios recursos renovables. Para ello, se destinar\u00e1 un presupuesto adicional de 100 millones de euros anuales, una iniciativa que comenz\u00f3 el pasado 2018 y que se extender\u00e1 hasta el a\u00f1o 2030.<\/p>\n<p>El objetivo prioritario es proteger el entorno natural para futuras generaciones y, para ello, resulta indispensable marcarse ciertos objetivos con respecto a la eficiencia energ\u00e9tica y a la generaci\u00f3n de energ\u00eda a partir de fuentes renovables. Estos dos factores constituyen palancas fundamentales para lograr el objetivo que Bosch se ha marcado para 2030.<\/p>\n<p>La Divisi\u00f3n de\u00a0<a href=\"https:\/\/www.bosch-homecomfort.com\/\">Bosch Termotecnia<\/a>cuenta con soluciones de calefacci\u00f3n, climatizaci\u00f3n y agua caliente sanitaria para el sector terciario y el sector residencial, tecnolog\u00edas consolidadas de elevada eficiencia como la condensaci\u00f3n,que permiten reducir el consumo energ\u00e9tico, junto con soluciones renovables como son la energ\u00eda solar y la aerotermia, que permiten obtener elevados niveles de eficiencia energ\u00e9tica.<\/p>\n<p>Durante este 2020, el nuevo C\u00f3digo T\u00e9cnico de la Edificaci\u00f3n (CTE) va a jugar un importante papel en la edificaci\u00f3n. Este es el marco que define las condiciones para que un edificio limite su consumo energ\u00e9tico y consiga la clasificaci\u00f3n de \u201cedificio de consumo casi nulo\u201d.En este sentido, los aparatos de regulaci\u00f3n y control modulante en las instalaciones de calefacci\u00f3n permiten ahorrar hasta un 25% del consumo de energ\u00eda y reducir hasta un 35% las emisiones de CO2 con respecto a un sistema convencional.<\/p>\n<p>En este contexto, Bosch Termotecnia contin\u00faa apostando por soluciones y productos eficientes y respetuosos con el medio ambiente.<\/p>\n","protected":false},"excerpt":{"rendered":"<p>En el D\u00eda Mundial de la Energ\u00eda que tiene lugar el 14 de febrero<\/p>\n","protected":false},"author":1,"featured_media":6196,"comment_status":"closed","ping_status":"closed","sticky":false,"template":"","format":"standard","meta":{"footnotes":""},"categories":[25],"tags":[],"class_list":["post-6198","post","type-post","status-publish","format-standard","has-post-thumbnail","hentry","category-noticias"],"yoast_head":"<!-- This site is optimized with the Yoast SEO plugin v27.2 - https:\/\/yoast.com\/product\/yoast-seo-wordpress\/ -->\n<title>Bosch Termotecnia muestra su compromiso con la eficiencia y la sostenibilidad - Actecir<\/title>\n<meta name=\"robots\" content=\"index, follow, max-snippet:-1, max-image-preview:large, max-video-preview:-1\" \/>\n<link rel=\"canonical\" href=\"https:\/\/www.actecir.cat\/es\/bosch-termotecnia-muestra-su-compromiso-con-la-eficiencia-y-la-sostenibilidad\/\" \/>\n<meta property=\"og:locale\" content=\"es_ES\" \/>\n<meta property=\"og:type\" content=\"article\" \/>\n<meta property=\"og:title\" content=\"Bosch Termotecnia muestra su compromiso con la eficiencia y la sostenibilidad - Actecir\" \/>\n<meta property=\"og:description\" content=\"En el D\u00eda Mundial de la Energ\u00eda que tiene lugar el 14 de febrero\" \/>\n<meta property=\"og:url\" content=\"https:\/\/www.actecir.cat\/es\/bosch-termotecnia-muestra-su-compromiso-con-la-eficiencia-y-la-sostenibilidad\/\" \/>\n<meta property=\"og:site_name\" content=\"Actecir\" \/>\n<meta property=\"article:published_time\" content=\"2020-02-19T15:30:52+00:00\" \/>\n<meta property=\"article:modified_time\" content=\"2023-07-07T14:05:15+00:00\" \/>\n<meta property=\"og:image\" content=\"https:\/\/www.actecir.cat\/wp-content\/uploads\/2023\/05\/Bosch_Termotecnia_muestra_su_compromiso_con_la_eficiencia_y_la_sostenibilidad.jpg\" \/>\n\t<meta property=\"og:image:width\" content=\"600\" \/>\n\t<meta property=\"og:image:height\" content=\"400\" \/>\n\t<meta property=\"og:image:type\" content=\"image\/jpeg\" \/>\n<meta name=\"author\" content=\"Soporte web\" \/>\n<meta name=\"twitter:card\" content=\"summary_large_image\" \/>\n<meta name=\"twitter:creator\" content=\"@actecir\" \/>\n<meta name=\"twitter:site\" content=\"@actecir\" \/>\n<meta name=\"twitter:label1\" content=\"Escrito por\" \/>\n\t<meta name=\"twitter:data1\" content=\"Soporte web\" \/>\n\t<meta name=\"twitter:label2\" content=\"Tiempo de lectura\" \/>\n\t<meta name=\"twitter:data2\" content=\"2 minutos\" \/>\n<script type=\"application\/ld+json\" class=\"yoast-schema-graph\">{\"@context\":\"https:\/\/schema.org\",\"@graph\":[{\"@type\":\"Article\",\"@id\":\"https:\/\/www.actecir.cat\/es\/bosch-termotecnia-muestra-su-compromiso-con-la-eficiencia-y-la-sostenibilidad\/#article\",\"isPartOf\":{\"@id\":\"https:\/\/www.actecir.cat\/es\/bosch-termotecnia-muestra-su-compromiso-con-la-eficiencia-y-la-sostenibilidad\/\"},\"author\":{\"name\":\"Soporte web\",\"@id\":\"https:\/\/www.actecir.cat\/#\/schema\/person\/42edd02f0b1d55e19444428c5d321413\"},\"headline\":\"Bosch Termotecnia muestra su compromiso con la eficiencia y la sostenibilidad\",\"datePublished\":\"2020-02-19T15:30:52+00:00\",\"dateModified\":\"2023-07-07T14:05:15+00:00\",\"mainEntityOfPage\":{\"@id\":\"https:\/\/www.actecir.cat\/es\/bosch-termotecnia-muestra-su-compromiso-con-la-eficiencia-y-la-sostenibilidad\/\"},\"wordCount\":401,\"publisher\":{\"@id\":\"https:\/\/www.actecir.cat\/#organization\"},\"image\":{\"@id\":\"https:\/\/www.actecir.cat\/es\/bosch-termotecnia-muestra-su-compromiso-con-la-eficiencia-y-la-sostenibilidad\/#primaryimage\"},\"thumbnailUrl\":\"https:\/\/www.actecir.cat\/wp-content\/uploads\/2023\/05\/Bosch_Termotecnia_muestra_su_compromiso_con_la_eficiencia_y_la_sostenibilidad.jpg\",\"articleSection\":[\"Noticias\"],\"inLanguage\":\"es\"},{\"@type\":\"WebPage\",\"@id\":\"https:\/\/www.actecir.cat\/es\/bosch-termotecnia-muestra-su-compromiso-con-la-eficiencia-y-la-sostenibilidad\/\",\"url\":\"https:\/\/www.actecir.cat\/es\/bosch-termotecnia-muestra-su-compromiso-con-la-eficiencia-y-la-sostenibilidad\/\",\"name\":\"Bosch Termotecnia muestra su compromiso con la eficiencia y la sostenibilidad - Actecir\",\"isPartOf\":{\"@id\":\"https:\/\/www.actecir.cat\/#website\"},\"primaryImageOfPage\":{\"@id\":\"https:\/\/www.actecir.cat\/es\/bosch-termotecnia-muestra-su-compromiso-con-la-eficiencia-y-la-sostenibilidad\/#primaryimage\"},\"image\":{\"@id\":\"https:\/\/www.actecir.cat\/es\/bosch-termotecnia-muestra-su-compromiso-con-la-eficiencia-y-la-sostenibilidad\/#primaryimage\"},\"thumbnailUrl\":\"https:\/\/www.actecir.cat\/wp-content\/uploads\/2023\/05\/Bosch_Termotecnia_muestra_su_compromiso_con_la_eficiencia_y_la_sostenibilidad.jpg\",\"datePublished\":\"2020-02-19T15:30:52+00:00\",\"dateModified\":\"2023-07-07T14:05:15+00:00\",\"breadcrumb\":{\"@id\":\"https:\/\/www.actecir.cat\/es\/bosch-termotecnia-muestra-su-compromiso-con-la-eficiencia-y-la-sostenibilidad\/#breadcrumb\"},\"inLanguage\":\"es\",\"potentialAction\":[{\"@type\":\"ReadAction\",\"target\":[\"https:\/\/www.actecir.cat\/es\/bosch-termotecnia-muestra-su-compromiso-con-la-eficiencia-y-la-sostenibilidad\/\"]}]},{\"@type\":\"ImageObject\",\"inLanguage\":\"es\",\"@id\":\"https:\/\/www.actecir.cat\/es\/bosch-termotecnia-muestra-su-compromiso-con-la-eficiencia-y-la-sostenibilidad\/#primaryimage\",\"url\":\"https:\/\/www.actecir.cat\/wp-content\/uploads\/2023\/05\/Bosch_Termotecnia_muestra_su_compromiso_con_la_eficiencia_y_la_sostenibilidad.jpg\",\"contentUrl\":\"https:\/\/www.actecir.cat\/wp-content\/uploads\/2023\/05\/Bosch_Termotecnia_muestra_su_compromiso_con_la_eficiencia_y_la_sostenibilidad.jpg\",\"width\":600,\"height\":400},{\"@type\":\"BreadcrumbList\",\"@id\":\"https:\/\/www.actecir.cat\/es\/bosch-termotecnia-muestra-su-compromiso-con-la-eficiencia-y-la-sostenibilidad\/#breadcrumb\",\"itemListElement\":[{\"@type\":\"ListItem\",\"position\":1,\"name\":\"Inici\",\"item\":\"https:\/\/www.actecir.cat\/es\/\"},{\"@type\":\"ListItem\",\"position\":2,\"name\":\"Bosch Termotecnia muestra su compromiso con la eficiencia y la sostenibilidad\"}]},{\"@type\":\"WebSite\",\"@id\":\"https:\/\/www.actecir.cat\/#website\",\"url\":\"https:\/\/www.actecir.cat\/\",\"name\":\"Actecir\",\"description\":\"Associaci\u00f3 Catalana de T\u00e8cnics en Energia, Climatitzaci\u00f3 i Refrigeraci\u00f3\",\"publisher\":{\"@id\":\"https:\/\/www.actecir.cat\/#organization\"},\"potentialAction\":[{\"@type\":\"SearchAction\",\"target\":{\"@type\":\"EntryPoint\",\"urlTemplate\":\"https:\/\/www.actecir.cat\/?s={search_term_string}\"},\"query-input\":{\"@type\":\"PropertyValueSpecification\",\"valueRequired\":true,\"valueName\":\"search_term_string\"}}],\"inLanguage\":\"es\"},{\"@type\":\"Organization\",\"@id\":\"https:\/\/www.actecir.cat\/#organization\",\"name\":\"Actecir\",\"url\":\"https:\/\/www.actecir.cat\/\",\"logo\":{\"@type\":\"ImageObject\",\"inLanguage\":\"es\",\"@id\":\"https:\/\/www.actecir.cat\/#\/schema\/logo\/image\/\",\"url\":\"https:\/\/www.actecir.cat\/wp-content\/uploads\/2023\/04\/cropped-logo_actecir_60_alto.png\",\"contentUrl\":\"https:\/\/www.actecir.cat\/wp-content\/uploads\/2023\/04\/cropped-logo_actecir_60_alto.png\",\"width\":283,\"height\":80,\"caption\":\"Actecir\"},\"image\":{\"@id\":\"https:\/\/www.actecir.cat\/#\/schema\/logo\/image\/\"},\"sameAs\":[\"https:\/\/x.com\/actecir\",\"https:\/\/www.linkedin.com\/company\/actecir\"]},{\"@type\":\"Person\",\"@id\":\"https:\/\/www.actecir.cat\/#\/schema\/person\/42edd02f0b1d55e19444428c5d321413\",\"name\":\"Soporte web\",\"sameAs\":[\"https:\/\/www.actecir.cat\"],\"url\":\"https:\/\/www.actecir.cat\/es\/author\/maensystems\/\"}]}<\/script>\n<!-- \/ Yoast SEO plugin. -->","yoast_head_json":{"title":"Bosch Termotecnia muestra su compromiso con la eficiencia y la sostenibilidad - Actecir","robots":{"index":"index","follow":"follow","max-snippet":"max-snippet:-1","max-image-preview":"max-image-preview:large","max-video-preview":"max-video-preview:-1"},"canonical":"https:\/\/www.actecir.cat\/es\/bosch-termotecnia-muestra-su-compromiso-con-la-eficiencia-y-la-sostenibilidad\/","og_locale":"es_ES","og_type":"article","og_title":"Bosch Termotecnia muestra su compromiso con la eficiencia y la sostenibilidad - Actecir","og_description":"En el D\u00eda Mundial de la Energ\u00eda que tiene lugar el 14 de febrero","og_url":"https:\/\/www.actecir.cat\/es\/bosch-termotecnia-muestra-su-compromiso-con-la-eficiencia-y-la-sostenibilidad\/","og_site_name":"Actecir","article_published_time":"2020-02-19T15:30:52+00:00","article_modified_time":"2023-07-07T14:05:15+00:00","og_image":[{"width":600,"height":400,"url":"https:\/\/www.actecir.cat\/wp-content\/uploads\/2023\/05\/Bosch_Termotecnia_muestra_su_compromiso_con_la_eficiencia_y_la_sostenibilidad.jpg","type":"image\/jpeg"}],"author":"Soporte web","twitter_card":"summary_large_image","twitter_creator":"@actecir","twitter_site":"@actecir","twitter_misc":{"Escrito por":"Soporte web","Tiempo de lectura":"2 minutos"},"schema":{"@context":"https:\/\/schema.org","@graph":[{"@type":"Article","@id":"https:\/\/www.actecir.cat\/es\/bosch-termotecnia-muestra-su-compromiso-con-la-eficiencia-y-la-sostenibilidad\/#article","isPartOf":{"@id":"https:\/\/www.actecir.cat\/es\/bosch-termotecnia-muestra-su-compromiso-con-la-eficiencia-y-la-sostenibilidad\/"},"author":{"name":"Soporte web","@id":"https:\/\/www.actecir.cat\/#\/schema\/person\/42edd02f0b1d55e19444428c5d321413"},"headline":"Bosch Termotecnia muestra su compromiso con la eficiencia y la sostenibilidad","datePublished":"2020-02-19T15:30:52+00:00","dateModified":"2023-07-07T14:05:15+00:00","mainEntityOfPage":{"@id":"https:\/\/www.actecir.cat\/es\/bosch-termotecnia-muestra-su-compromiso-con-la-eficiencia-y-la-sostenibilidad\/"},"wordCount":401,"publisher":{"@id":"https:\/\/www.actecir.cat\/#organization"},"image":{"@id":"https:\/\/www.actecir.cat\/es\/bosch-termotecnia-muestra-su-compromiso-con-la-eficiencia-y-la-sostenibilidad\/#primaryimage"},"thumbnailUrl":"https:\/\/www.actecir.cat\/wp-content\/uploads\/2023\/05\/Bosch_Termotecnia_muestra_su_compromiso_con_la_eficiencia_y_la_sostenibilidad.jpg","articleSection":["Noticias"],"inLanguage":"es"},{"@type":"WebPage","@id":"https:\/\/www.actecir.cat\/es\/bosch-termotecnia-muestra-su-compromiso-con-la-eficiencia-y-la-sostenibilidad\/","url":"https:\/\/www.actecir.cat\/es\/bosch-termotecnia-muestra-su-compromiso-con-la-eficiencia-y-la-sostenibilidad\/","name":"Bosch Termotecnia muestra su compromiso con la eficiencia y la sostenibilidad - Actecir","isPartOf":{"@id":"https:\/\/www.actecir.cat\/#website"},"primaryImageOfPage":{"@id":"https:\/\/www.actecir.cat\/es\/bosch-termotecnia-muestra-su-compromiso-con-la-eficiencia-y-la-sostenibilidad\/#primaryimage"},"image":{"@id":"https:\/\/www.actecir.cat\/es\/bosch-termotecnia-muestra-su-compromiso-con-la-eficiencia-y-la-sostenibilidad\/#primaryimage"},"thumbnailUrl":"https:\/\/www.actecir.cat\/wp-content\/uploads\/2023\/05\/Bosch_Termotecnia_muestra_su_compromiso_con_la_eficiencia_y_la_sostenibilidad.jpg","datePublished":"2020-02-19T15:30:52+00:00","dateModified":"2023-07-07T14:05:15+00:00","breadcrumb":{"@id":"https:\/\/www.actecir.cat\/es\/bosch-termotecnia-muestra-su-compromiso-con-la-eficiencia-y-la-sostenibilidad\/#breadcrumb"},"inLanguage":"es","potentialAction":[{"@type":"ReadAction","target":["https:\/\/www.actecir.cat\/es\/bosch-termotecnia-muestra-su-compromiso-con-la-eficiencia-y-la-sostenibilidad\/"]}]},{"@type":"ImageObject","inLanguage":"es","@id":"https:\/\/www.actecir.cat\/es\/bosch-termotecnia-muestra-su-compromiso-con-la-eficiencia-y-la-sostenibilidad\/#primaryimage","url":"https:\/\/www.actecir.cat\/wp-content\/uploads\/2023\/05\/Bosch_Termotecnia_muestra_su_compromiso_con_la_eficiencia_y_la_sostenibilidad.jpg","contentUrl":"https:\/\/www.actecir.cat\/wp-content\/uploads\/2023\/05\/Bosch_Termotecnia_muestra_su_compromiso_con_la_eficiencia_y_la_sostenibilidad.jpg","width":600,"height":400},{"@type":"BreadcrumbList","@id":"https:\/\/www.actecir.cat\/es\/bosch-termotecnia-muestra-su-compromiso-con-la-eficiencia-y-la-sostenibilidad\/#breadcrumb","itemListElement":[{"@type":"ListItem","position":1,"name":"Inici","item":"https:\/\/www.actecir.cat\/es\/"},{"@type":"ListItem","position":2,"name":"Bosch Termotecnia muestra su compromiso con la eficiencia y la sostenibilidad"}]},{"@type":"WebSite","@id":"https:\/\/www.actecir.cat\/#website","url":"https:\/\/www.actecir.cat\/","name":"Actecir","description":"Associaci\u00f3 Catalana de T\u00e8cnics en Energia, Climatitzaci\u00f3 i Refrigeraci\u00f3","publisher":{"@id":"https:\/\/www.actecir.cat\/#organization"},"potentialAction":[{"@type":"SearchAction","target":{"@type":"EntryPoint","urlTemplate":"https:\/\/www.actecir.cat\/?s={search_term_string}"},"query-input":{"@type":"PropertyValueSpecification","valueRequired":true,"valueName":"search_term_string"}}],"inLanguage":"es"},{"@type":"Organization","@id":"https:\/\/www.actecir.cat\/#organization","name":"Actecir","url":"https:\/\/www.actecir.cat\/","logo":{"@type":"ImageObject","inLanguage":"es","@id":"https:\/\/www.actecir.cat\/#\/schema\/logo\/image\/","url":"https:\/\/www.actecir.cat\/wp-content\/uploads\/2023\/04\/cropped-logo_actecir_60_alto.png","contentUrl":"https:\/\/www.actecir.cat\/wp-content\/uploads\/2023\/04\/cropped-logo_actecir_60_alto.png","width":283,"height":80,"caption":"Actecir"},"image":{"@id":"https:\/\/www.actecir.cat\/#\/schema\/logo\/image\/"},"sameAs":["https:\/\/x.com\/actecir","https:\/\/www.linkedin.com\/company\/actecir"]},{"@type":"Person","@id":"https:\/\/www.actecir.cat\/#\/schema\/person\/42edd02f0b1d55e19444428c5d321413","name":"Soporte web","sameAs":["https:\/\/www.actecir.cat"],"url":"https:\/\/www.actecir.cat\/es\/author\/maensystems\/"}]}},"_links":{"self":[{"href":"https:\/\/www.actecir.cat\/es\/wp-json\/wp\/v2\/posts\/6198","targetHints":{"allow":["GET"]}}],"collection":[{"href":"https:\/\/www.actecir.cat\/es\/wp-json\/wp\/v2\/posts"}],"about":[{"href":"https:\/\/www.actecir.cat\/es\/wp-json\/wp\/v2\/types\/post"}],"author":[{"embeddable":true,"href":"https:\/\/www.actecir.cat\/es\/wp-json\/wp\/v2\/users\/1"}],"replies":[{"embeddable":true,"href":"https:\/\/www.actecir.cat\/es\/wp-json\/wp\/v2\/comments?post=6198"}],"version-history":[{"count":2,"href":"https:\/\/www.actecir.cat\/es\/wp-json\/wp\/v2\/posts\/6198\/revisions"}],"predecessor-version":[{"id":11562,"href":"https:\/\/www.actecir.cat\/es\/wp-json\/wp\/v2\/posts\/6198\/revisions\/11562"}],"wp:featuredmedia":[{"embeddable":true,"href":"https:\/\/www.actecir.cat\/es\/wp-json\/wp\/v2\/media\/6196"}],"wp:attachment":[{"href":"https:\/\/www.actecir.cat\/es\/wp-json\/wp\/v2\/media?parent=6198"}],"wp:term":[{"taxonomy":"category","embeddable":true,"href":"https:\/\/www.actecir.cat\/es\/wp-json\/wp\/v2\/categories?post=6198"},{"taxonomy":"post_tag","embeddable":true,"href":"https:\/\/www.actecir.cat\/es\/wp-json\/wp\/v2\/tags?post=6198"}],"curies":[{"name":"wp","href":"https:\/\/api.w.org\/{rel}","templated":true}]}}