{"id":6204,"date":"2020-02-18T16:32:34","date_gmt":"2020-02-18T15:32:34","guid":{"rendered":"https:\/\/www.actecir.cat\/?p=6204"},"modified":"2023-05-10T16:33:58","modified_gmt":"2023-05-10T14:33:58","slug":"daikin-presenta-en-copenhague-el-nuevo-vrv-5-mini-con-refrigerante-r32","status":"publish","type":"post","link":"https:\/\/www.actecir.cat\/es\/daikin-presenta-en-copenhague-el-nuevo-vrv-5-mini-con-refrigerante-r32\/","title":{"rendered":"Daikin presenta en Copenhague el nuevo VRV 5 mini con refrigerante R32"},"content":{"rendered":"<p>M\u00e1s de 500 socios empresariales de toda Europa se reunieron en Copenhague del 5 al 7 de febrero para asistir la conferencia sobre sistemas VRV de Daikin 2020.<\/p>\n<p>Madrid, 14 de febrero 2020.- Daikin, como compa\u00f1\u00eda l\u00edder en el \u00e1mbito de la climatizaci\u00f3n, ha presentado las nuevas soluciones Mini VRV 5 con R32 en la conferencia sobre los sistemas VRV de Daikin 2020. En el foro celebrado en Copenhague, se destacaron los avances m\u00e1s importantes llevados a cabo para reducir el impacto medioambiental de los sistemas de climatizaci\u00f3n, en apoyo de su objetivo de lograr unas emisiones neutras de CO<sub>2<\/sub>\u00a0para 2050.<\/p>\n<p>Bajo el lema \u201cCreando un futuro sostenible juntos\u201d, la conferencia abarc\u00f3 un amplio abanico de productos y servicios que contribuyen a reducir las emisiones CO2 y a evitar el agotamiento de los recursos naturales a trav\u00e9s de una serie de charlas informativas, talleres y exhibiciones. El momento clave de este evento fue la presentaci\u00f3n de la innovaci\u00f3n m\u00e1s reciente de Daikin, la nueva serie Mini VRV 5, con un Potencial de Calentamiento Atmosf\u00e9rico (PCA) una tercera parte inferior al de la serie anterior, gracias a la utilizaci\u00f3n del R32 como refrigerante del futuro.<\/p>\n<p><strong>La nueva serie Mini VRV 5 con R32<\/strong><\/p>\n<p>La misi\u00f3n de Daikin siempre ha sido reducir el impacto medioambiental que produce el uso de la energ\u00eda en el sector de la climatizaci\u00f3n, desarrollando productos y refrigerantes con una alta eficiencia estacional en bombas de calor.<\/p>\n<p>Con un\u00a0<strong>PCA de tan solo 675 y un 10% menos de carga de refrigerante<\/strong>, el potencial de calentamiento atmosf\u00e9rico del nuevo VRV 5 es inferior a una tercera parte del de la alternativa m\u00e1s comunes como el refrigerante R-410A, al mismo tiempo que ofrece una mayor eficiencia.<\/p>\n<p>Adem\u00e1s, gracias a sus\u00a0<strong>dimensiones compactas (870 x 1.100 x 460 mm)<\/strong>, con un solo ventilador, es f\u00e1cil de transportar y vers\u00e1til en cualquier aplicaci\u00f3n. El nuevo dise\u00f1o del ventilador consigue una\u00a0<strong>reducci\u00f3n de las emisiones sonoras hasta los 39 dBA y una presi\u00f3n disponible de 45 Pa, lo que permite mayor flexibilidad en la ubicaci\u00f3n de la unidad.<\/strong><\/p>\n<p>Las nuevas unidades interiores de R32 tienen integrado de serie un detector de fugas que, junto con la se\u00f1alizaci\u00f3n visual y ac\u00fastica de 65 dBA cumple con la normativa\u00a0vigente para refrigerantes A2L. Un todo incluido que facilita seguir con la filosof\u00eda de VRV de \u201cInstalar y listo&#8221;.<\/p>\n<p>Como siempre, es combinable con unidades de cassette Round Flow y de cassette integrado, as\u00ed como con varias unidades de conductos y murales. Adem\u00e1s, tambi\u00e9n se pueden integrar cortinas de aire y unidades de tratamiento de aire.<\/p>\n<p>La nueva serie VRV 5 ya cumple totalmente con los requisitos de\u00a0<strong>Dise\u00f1o Ecol\u00f3gico Europeo bajo Lot 21, Tier 2 y ofrece altas eficiencias estacionales en la vida real.<\/strong><\/p>\n<p><strong>El camino hacia la econom\u00eda circular<\/strong><\/p>\n<p>Otro de los momentos clave desarrollados en la conferencia sobre sistemas VRV fue la presentaci\u00f3n de L\u221eP by Daikin, una iniciativa que proporciona un marco de soluciones para avanzar a una econom\u00eda circular que Daikin ya ha adoptado y contin\u00faa implementando. El \u00e1mbito de estas actividades incluye la facilidad de reciclaje de la mayor\u00eda de los materiales de las unidades Daikin, as\u00ed como el uso en nuestra cadena de producci\u00f3n de refrigerante regenerado que cuenta con las mismas garant\u00edas que el virgen pero consumiendo menos recursos y originando menos desechos. Esta nueva iniciativa hace m\u00e1s sostenible el negocio de la climatizaci\u00f3n adapt\u00e1ndose a la legislaci\u00f3n actual y futura.<\/p>\n<p>Copenhague fue elegida sede de la cumbre, por su papel de &#8220;Capital Verde Europea&#8221; en 2014 y su dedicaci\u00f3n a la sostenibilidad. Un diverso programa de eventos culturales complet\u00f3 la conferencia sobre sistemas VRV de 2020.<\/p>\n","protected":false},"excerpt":{"rendered":"<p>M\u00e1s de 500 socios empresariales de toda Europa se reunieron en Copenhague del 5 al 7 de febrero para asistir la conferencia sobre sistemas VRV de Daikin 2020.<\/p>\n","protected":false},"author":1,"featured_media":6202,"comment_status":"closed","ping_status":"closed","sticky":false,"template":"","format":"standard","meta":{"footnotes":""},"categories":[25],"tags":[],"class_list":["post-6204","post","type-post","status-publish","format-standard","has-post-thumbnail","hentry","category-noticias"],"yoast_head":"<!-- This site is optimized with the Yoast SEO plugin v27.2 - https:\/\/yoast.com\/product\/yoast-seo-wordpress\/ -->\n<title>Daikin presenta en Copenhague el nuevo VRV 5 mini con refrigerante R32 - Actecir<\/title>\n<meta name=\"robots\" content=\"index, follow, max-snippet:-1, max-image-preview:large, max-video-preview:-1\" \/>\n<link rel=\"canonical\" href=\"https:\/\/www.actecir.cat\/es\/daikin-presenta-en-copenhague-el-nuevo-vrv-5-mini-con-refrigerante-r32\/\" \/>\n<meta property=\"og:locale\" content=\"es_ES\" \/>\n<meta property=\"og:type\" content=\"article\" \/>\n<meta property=\"og:title\" content=\"Daikin presenta en Copenhague el nuevo VRV 5 mini con refrigerante R32 - Actecir\" \/>\n<meta property=\"og:description\" content=\"M\u00e1s de 500 socios empresariales de toda Europa se reunieron en Copenhague del 5 al 7 de febrero para asistir la conferencia sobre sistemas VRV de Daikin 2020.\" \/>\n<meta property=\"og:url\" content=\"https:\/\/www.actecir.cat\/es\/daikin-presenta-en-copenhague-el-nuevo-vrv-5-mini-con-refrigerante-r32\/\" \/>\n<meta property=\"og:site_name\" content=\"Actecir\" \/>\n<meta property=\"article:published_time\" content=\"2020-02-18T15:32:34+00:00\" \/>\n<meta property=\"article:modified_time\" content=\"2023-05-10T14:33:58+00:00\" \/>\n<meta property=\"og:image\" content=\"https:\/\/www.actecir.cat\/wp-content\/uploads\/2023\/05\/DAIKIN.png\" \/>\n\t<meta property=\"og:image:width\" content=\"600\" \/>\n\t<meta property=\"og:image:height\" content=\"400\" \/>\n\t<meta property=\"og:image:type\" content=\"image\/png\" \/>\n<meta name=\"author\" content=\"Soporte web\" \/>\n<meta name=\"twitter:card\" content=\"summary_large_image\" \/>\n<meta name=\"twitter:creator\" content=\"@actecir\" \/>\n<meta name=\"twitter:site\" content=\"@actecir\" \/>\n<meta name=\"twitter:label1\" content=\"Escrito por\" \/>\n\t<meta name=\"twitter:data1\" content=\"Soporte web\" \/>\n\t<meta name=\"twitter:label2\" content=\"Tiempo de lectura\" \/>\n\t<meta name=\"twitter:data2\" content=\"3 minutos\" \/>\n<script type=\"application\/ld+json\" class=\"yoast-schema-graph\">{\"@context\":\"https:\/\/schema.org\",\"@graph\":[{\"@type\":\"Article\",\"@id\":\"https:\/\/www.actecir.cat\/es\/daikin-presenta-en-copenhague-el-nuevo-vrv-5-mini-con-refrigerante-r32\/#article\",\"isPartOf\":{\"@id\":\"https:\/\/www.actecir.cat\/es\/daikin-presenta-en-copenhague-el-nuevo-vrv-5-mini-con-refrigerante-r32\/\"},\"author\":{\"name\":\"Soporte web\",\"@id\":\"https:\/\/www.actecir.cat\/#\/schema\/person\/42edd02f0b1d55e19444428c5d321413\"},\"headline\":\"Daikin presenta en Copenhague el nuevo VRV 5 mini con refrigerante R32\",\"datePublished\":\"2020-02-18T15:32:34+00:00\",\"dateModified\":\"2023-05-10T14:33:58+00:00\",\"mainEntityOfPage\":{\"@id\":\"https:\/\/www.actecir.cat\/es\/daikin-presenta-en-copenhague-el-nuevo-vrv-5-mini-con-refrigerante-r32\/\"},\"wordCount\":646,\"publisher\":{\"@id\":\"https:\/\/www.actecir.cat\/#organization\"},\"image\":{\"@id\":\"https:\/\/www.actecir.cat\/es\/daikin-presenta-en-copenhague-el-nuevo-vrv-5-mini-con-refrigerante-r32\/#primaryimage\"},\"thumbnailUrl\":\"https:\/\/www.actecir.cat\/wp-content\/uploads\/2023\/05\/DAIKIN.png\",\"articleSection\":[\"Noticias\"],\"inLanguage\":\"es\"},{\"@type\":\"WebPage\",\"@id\":\"https:\/\/www.actecir.cat\/es\/daikin-presenta-en-copenhague-el-nuevo-vrv-5-mini-con-refrigerante-r32\/\",\"url\":\"https:\/\/www.actecir.cat\/es\/daikin-presenta-en-copenhague-el-nuevo-vrv-5-mini-con-refrigerante-r32\/\",\"name\":\"Daikin presenta en Copenhague el nuevo VRV 5 mini con refrigerante R32 - Actecir\",\"isPartOf\":{\"@id\":\"https:\/\/www.actecir.cat\/#website\"},\"primaryImageOfPage\":{\"@id\":\"https:\/\/www.actecir.cat\/es\/daikin-presenta-en-copenhague-el-nuevo-vrv-5-mini-con-refrigerante-r32\/#primaryimage\"},\"image\":{\"@id\":\"https:\/\/www.actecir.cat\/es\/daikin-presenta-en-copenhague-el-nuevo-vrv-5-mini-con-refrigerante-r32\/#primaryimage\"},\"thumbnailUrl\":\"https:\/\/www.actecir.cat\/wp-content\/uploads\/2023\/05\/DAIKIN.png\",\"datePublished\":\"2020-02-18T15:32:34+00:00\",\"dateModified\":\"2023-05-10T14:33:58+00:00\",\"breadcrumb\":{\"@id\":\"https:\/\/www.actecir.cat\/es\/daikin-presenta-en-copenhague-el-nuevo-vrv-5-mini-con-refrigerante-r32\/#breadcrumb\"},\"inLanguage\":\"es\",\"potentialAction\":[{\"@type\":\"ReadAction\",\"target\":[\"https:\/\/www.actecir.cat\/es\/daikin-presenta-en-copenhague-el-nuevo-vrv-5-mini-con-refrigerante-r32\/\"]}]},{\"@type\":\"ImageObject\",\"inLanguage\":\"es\",\"@id\":\"https:\/\/www.actecir.cat\/es\/daikin-presenta-en-copenhague-el-nuevo-vrv-5-mini-con-refrigerante-r32\/#primaryimage\",\"url\":\"https:\/\/www.actecir.cat\/wp-content\/uploads\/2023\/05\/DAIKIN.png\",\"contentUrl\":\"https:\/\/www.actecir.cat\/wp-content\/uploads\/2023\/05\/DAIKIN.png\",\"width\":600,\"height\":400},{\"@type\":\"BreadcrumbList\",\"@id\":\"https:\/\/www.actecir.cat\/es\/daikin-presenta-en-copenhague-el-nuevo-vrv-5-mini-con-refrigerante-r32\/#breadcrumb\",\"itemListElement\":[{\"@type\":\"ListItem\",\"position\":1,\"name\":\"Inici\",\"item\":\"https:\/\/www.actecir.cat\/es\/\"},{\"@type\":\"ListItem\",\"position\":2,\"name\":\"Daikin presenta en Copenhague el nuevo VRV 5 mini con refrigerante R32\"}]},{\"@type\":\"WebSite\",\"@id\":\"https:\/\/www.actecir.cat\/#website\",\"url\":\"https:\/\/www.actecir.cat\/\",\"name\":\"Actecir\",\"description\":\"Associaci\u00f3 Catalana de T\u00e8cnics en Energia, Climatitzaci\u00f3 i Refrigeraci\u00f3\",\"publisher\":{\"@id\":\"https:\/\/www.actecir.cat\/#organization\"},\"potentialAction\":[{\"@type\":\"SearchAction\",\"target\":{\"@type\":\"EntryPoint\",\"urlTemplate\":\"https:\/\/www.actecir.cat\/?s={search_term_string}\"},\"query-input\":{\"@type\":\"PropertyValueSpecification\",\"valueRequired\":true,\"valueName\":\"search_term_string\"}}],\"inLanguage\":\"es\"},{\"@type\":\"Organization\",\"@id\":\"https:\/\/www.actecir.cat\/#organization\",\"name\":\"Actecir\",\"url\":\"https:\/\/www.actecir.cat\/\",\"logo\":{\"@type\":\"ImageObject\",\"inLanguage\":\"es\",\"@id\":\"https:\/\/www.actecir.cat\/#\/schema\/logo\/image\/\",\"url\":\"https:\/\/www.actecir.cat\/wp-content\/uploads\/2023\/04\/cropped-logo_actecir_60_alto.png\",\"contentUrl\":\"https:\/\/www.actecir.cat\/wp-content\/uploads\/2023\/04\/cropped-logo_actecir_60_alto.png\",\"width\":283,\"height\":80,\"caption\":\"Actecir\"},\"image\":{\"@id\":\"https:\/\/www.actecir.cat\/#\/schema\/logo\/image\/\"},\"sameAs\":[\"https:\/\/x.com\/actecir\",\"https:\/\/www.linkedin.com\/company\/actecir\"]},{\"@type\":\"Person\",\"@id\":\"https:\/\/www.actecir.cat\/#\/schema\/person\/42edd02f0b1d55e19444428c5d321413\",\"name\":\"Soporte web\",\"sameAs\":[\"https:\/\/www.actecir.cat\"],\"url\":\"https:\/\/www.actecir.cat\/es\/author\/maensystems\/\"}]}<\/script>\n<!-- \/ Yoast SEO plugin. -->","yoast_head_json":{"title":"Daikin presenta en Copenhague el nuevo VRV 5 mini con refrigerante R32 - Actecir","robots":{"index":"index","follow":"follow","max-snippet":"max-snippet:-1","max-image-preview":"max-image-preview:large","max-video-preview":"max-video-preview:-1"},"canonical":"https:\/\/www.actecir.cat\/es\/daikin-presenta-en-copenhague-el-nuevo-vrv-5-mini-con-refrigerante-r32\/","og_locale":"es_ES","og_type":"article","og_title":"Daikin presenta en Copenhague el nuevo VRV 5 mini con refrigerante R32 - Actecir","og_description":"M\u00e1s de 500 socios empresariales de toda Europa se reunieron en Copenhague del 5 al 7 de febrero para asistir la conferencia sobre sistemas VRV de Daikin 2020.","og_url":"https:\/\/www.actecir.cat\/es\/daikin-presenta-en-copenhague-el-nuevo-vrv-5-mini-con-refrigerante-r32\/","og_site_name":"Actecir","article_published_time":"2020-02-18T15:32:34+00:00","article_modified_time":"2023-05-10T14:33:58+00:00","og_image":[{"width":600,"height":400,"url":"https:\/\/www.actecir.cat\/wp-content\/uploads\/2023\/05\/DAIKIN.png","type":"image\/png"}],"author":"Soporte web","twitter_card":"summary_large_image","twitter_creator":"@actecir","twitter_site":"@actecir","twitter_misc":{"Escrito por":"Soporte web","Tiempo de lectura":"3 minutos"},"schema":{"@context":"https:\/\/schema.org","@graph":[{"@type":"Article","@id":"https:\/\/www.actecir.cat\/es\/daikin-presenta-en-copenhague-el-nuevo-vrv-5-mini-con-refrigerante-r32\/#article","isPartOf":{"@id":"https:\/\/www.actecir.cat\/es\/daikin-presenta-en-copenhague-el-nuevo-vrv-5-mini-con-refrigerante-r32\/"},"author":{"name":"Soporte web","@id":"https:\/\/www.actecir.cat\/#\/schema\/person\/42edd02f0b1d55e19444428c5d321413"},"headline":"Daikin presenta en Copenhague el nuevo VRV 5 mini con refrigerante R32","datePublished":"2020-02-18T15:32:34+00:00","dateModified":"2023-05-10T14:33:58+00:00","mainEntityOfPage":{"@id":"https:\/\/www.actecir.cat\/es\/daikin-presenta-en-copenhague-el-nuevo-vrv-5-mini-con-refrigerante-r32\/"},"wordCount":646,"publisher":{"@id":"https:\/\/www.actecir.cat\/#organization"},"image":{"@id":"https:\/\/www.actecir.cat\/es\/daikin-presenta-en-copenhague-el-nuevo-vrv-5-mini-con-refrigerante-r32\/#primaryimage"},"thumbnailUrl":"https:\/\/www.actecir.cat\/wp-content\/uploads\/2023\/05\/DAIKIN.png","articleSection":["Noticias"],"inLanguage":"es"},{"@type":"WebPage","@id":"https:\/\/www.actecir.cat\/es\/daikin-presenta-en-copenhague-el-nuevo-vrv-5-mini-con-refrigerante-r32\/","url":"https:\/\/www.actecir.cat\/es\/daikin-presenta-en-copenhague-el-nuevo-vrv-5-mini-con-refrigerante-r32\/","name":"Daikin presenta en Copenhague el nuevo VRV 5 mini con refrigerante R32 - Actecir","isPartOf":{"@id":"https:\/\/www.actecir.cat\/#website"},"primaryImageOfPage":{"@id":"https:\/\/www.actecir.cat\/es\/daikin-presenta-en-copenhague-el-nuevo-vrv-5-mini-con-refrigerante-r32\/#primaryimage"},"image":{"@id":"https:\/\/www.actecir.cat\/es\/daikin-presenta-en-copenhague-el-nuevo-vrv-5-mini-con-refrigerante-r32\/#primaryimage"},"thumbnailUrl":"https:\/\/www.actecir.cat\/wp-content\/uploads\/2023\/05\/DAIKIN.png","datePublished":"2020-02-18T15:32:34+00:00","dateModified":"2023-05-10T14:33:58+00:00","breadcrumb":{"@id":"https:\/\/www.actecir.cat\/es\/daikin-presenta-en-copenhague-el-nuevo-vrv-5-mini-con-refrigerante-r32\/#breadcrumb"},"inLanguage":"es","potentialAction":[{"@type":"ReadAction","target":["https:\/\/www.actecir.cat\/es\/daikin-presenta-en-copenhague-el-nuevo-vrv-5-mini-con-refrigerante-r32\/"]}]},{"@type":"ImageObject","inLanguage":"es","@id":"https:\/\/www.actecir.cat\/es\/daikin-presenta-en-copenhague-el-nuevo-vrv-5-mini-con-refrigerante-r32\/#primaryimage","url":"https:\/\/www.actecir.cat\/wp-content\/uploads\/2023\/05\/DAIKIN.png","contentUrl":"https:\/\/www.actecir.cat\/wp-content\/uploads\/2023\/05\/DAIKIN.png","width":600,"height":400},{"@type":"BreadcrumbList","@id":"https:\/\/www.actecir.cat\/es\/daikin-presenta-en-copenhague-el-nuevo-vrv-5-mini-con-refrigerante-r32\/#breadcrumb","itemListElement":[{"@type":"ListItem","position":1,"name":"Inici","item":"https:\/\/www.actecir.cat\/es\/"},{"@type":"ListItem","position":2,"name":"Daikin presenta en Copenhague el nuevo VRV 5 mini con refrigerante R32"}]},{"@type":"WebSite","@id":"https:\/\/www.actecir.cat\/#website","url":"https:\/\/www.actecir.cat\/","name":"Actecir","description":"Associaci\u00f3 Catalana de T\u00e8cnics en Energia, Climatitzaci\u00f3 i Refrigeraci\u00f3","publisher":{"@id":"https:\/\/www.actecir.cat\/#organization"},"potentialAction":[{"@type":"SearchAction","target":{"@type":"EntryPoint","urlTemplate":"https:\/\/www.actecir.cat\/?s={search_term_string}"},"query-input":{"@type":"PropertyValueSpecification","valueRequired":true,"valueName":"search_term_string"}}],"inLanguage":"es"},{"@type":"Organization","@id":"https:\/\/www.actecir.cat\/#organization","name":"Actecir","url":"https:\/\/www.actecir.cat\/","logo":{"@type":"ImageObject","inLanguage":"es","@id":"https:\/\/www.actecir.cat\/#\/schema\/logo\/image\/","url":"https:\/\/www.actecir.cat\/wp-content\/uploads\/2023\/04\/cropped-logo_actecir_60_alto.png","contentUrl":"https:\/\/www.actecir.cat\/wp-content\/uploads\/2023\/04\/cropped-logo_actecir_60_alto.png","width":283,"height":80,"caption":"Actecir"},"image":{"@id":"https:\/\/www.actecir.cat\/#\/schema\/logo\/image\/"},"sameAs":["https:\/\/x.com\/actecir","https:\/\/www.linkedin.com\/company\/actecir"]},{"@type":"Person","@id":"https:\/\/www.actecir.cat\/#\/schema\/person\/42edd02f0b1d55e19444428c5d321413","name":"Soporte web","sameAs":["https:\/\/www.actecir.cat"],"url":"https:\/\/www.actecir.cat\/es\/author\/maensystems\/"}]}},"_links":{"self":[{"href":"https:\/\/www.actecir.cat\/es\/wp-json\/wp\/v2\/posts\/6204","targetHints":{"allow":["GET"]}}],"collection":[{"href":"https:\/\/www.actecir.cat\/es\/wp-json\/wp\/v2\/posts"}],"about":[{"href":"https:\/\/www.actecir.cat\/es\/wp-json\/wp\/v2\/types\/post"}],"author":[{"embeddable":true,"href":"https:\/\/www.actecir.cat\/es\/wp-json\/wp\/v2\/users\/1"}],"replies":[{"embeddable":true,"href":"https:\/\/www.actecir.cat\/es\/wp-json\/wp\/v2\/comments?post=6204"}],"version-history":[{"count":1,"href":"https:\/\/www.actecir.cat\/es\/wp-json\/wp\/v2\/posts\/6204\/revisions"}],"predecessor-version":[{"id":6205,"href":"https:\/\/www.actecir.cat\/es\/wp-json\/wp\/v2\/posts\/6204\/revisions\/6205"}],"wp:featuredmedia":[{"embeddable":true,"href":"https:\/\/www.actecir.cat\/es\/wp-json\/wp\/v2\/media\/6202"}],"wp:attachment":[{"href":"https:\/\/www.actecir.cat\/es\/wp-json\/wp\/v2\/media?parent=6204"}],"wp:term":[{"taxonomy":"category","embeddable":true,"href":"https:\/\/www.actecir.cat\/es\/wp-json\/wp\/v2\/categories?post=6204"},{"taxonomy":"post_tag","embeddable":true,"href":"https:\/\/www.actecir.cat\/es\/wp-json\/wp\/v2\/tags?post=6204"}],"curies":[{"name":"wp","href":"https:\/\/api.w.org\/{rel}","templated":true}]}}