{"id":6208,"date":"2020-02-07T16:45:33","date_gmt":"2020-02-07T15:45:33","guid":{"rendered":"https:\/\/www.actecir.cat\/?p=6208"},"modified":"2023-07-07T16:06:28","modified_gmt":"2023-07-07T14:06:28","slug":"bosch-acerca-el-software-air-select-a-sus-profesionales","status":"publish","type":"post","link":"https:\/\/www.actecir.cat\/es\/bosch-acerca-el-software-air-select-a-sus-profesionales\/","title":{"rendered":"Bosch acerca el Software Air Select a sus profesionales"},"content":{"rendered":"<p>El \u00e1rea Comercial e Industrial de Bosch Termotecnia ha creado diez videos tutoriales para guiar al usuario a automatizar proyectos de sistemas de aire acondicionadi y VVRF<\/p>\n<p><strong>Madrid, 6 de febrero de 2020.\u00a0<\/strong>En respuesta a las necesidades de los ingenieros, consultores e instaladores, el \u00e1rea Comercial e Industrial de\u00a0<a href=\"https:\/\/www.bosch-industrial.com\/es\/es\/comercial-e-industrial\/inicio\/\">Bosch Termotecnia<\/a>, divisi\u00f3n perteneciente al\u00a0<a href=\"https:\/\/www.grupo-bosch.es\/\">Grupo Bosch<\/a>, ha desarrollado para su gama de aire acondicionado y VRF\u00a0<strong>el Software de selecci\u00f3n Air Select<\/strong>, una herramienta avanzada de automatizaci\u00f3n de proyectos.<\/p>\n<p>Esta herramienta, que puede encontrarse en diferentes idiomas, permite definir una selecci\u00f3n r\u00e1pida y segura de un completo sistema de climatizaci\u00f3n Bosch. Y, para facilitar su uso, la marca ha realizado una serie de\u00a0<strong>diezv\u00eddeos tutoriales que guiar\u00e1n al usuario paso a paso<\/strong>\u00a0en las distintas funcionalidades de la herramienta, desde el inicio de sesi\u00f3n y creaci\u00f3n del proyecto, hasta la configuraci\u00f3n de informes y la exportaci\u00f3n del sistema en formato AutoCAD.<\/p>\n<p>Estos v\u00eddeos est\u00e1n disponibles de forma online y se pueden visualizar desde el canal de\u00a0<a href=\"https:\/\/www.youtube.com\/channel\/UCEPa33HLkgv-Yvwp19Xxj2Q?cbrd=1&amp;ucbcb=1\">YouTube<\/a>\u00a0de Bosch Comercial e Industrial Espa\u00f1a. Con estos v\u00eddeos tutoriales la marca quiere mostrar las ventajas y el sencillo funcionamiento de la herramienta. Gracias al software Air Select, los profesionales podr\u00e1n optimizar su sistema de climatizaci\u00f3n y obtener un informe de c\u00e1lculo de una forma pr\u00e1ctica y simple.<\/p>\n<p>De esta forma, Bosch contin\u00faa apostando por la formaci\u00f3n de sus profesionales con el objetivo demantener el m\u00e1s alto nivel de satisfacci\u00f3n del usuario.<\/p>\n<p>Listado de tutoriales sobre el Software Air Select:<\/p>\n<ol>\n<li><a href=\"https:\/\/www.youtube.com\/watch?v=bwBl_4hNMco&amp;t=1s\">Iniciar sesi\u00f3n y crear proyecto<\/a><\/li>\n<li><a href=\"https:\/\/www.youtube.com\/watch?v=KA_pLkJRZj8\">C\u00f3mo abrir un proyecto existente<\/a><\/li>\n<li><a href=\"https:\/\/www.youtube.com\/watch?v=V2cFdQQmOa4\">C\u00f3mo crear un sistema con AHU<\/a><\/li>\n<li><a href=\"https:\/\/www.youtube.com\/watch?v=wmFKBJq_hBY\">C\u00f3mo crear un sistema de dos tubos<\/a><\/li>\n<li><a href=\"https:\/\/www.youtube.com\/watch?v=xcaGZijw36s\">C\u00f3mo crear un sistema de tres tubos<\/a><\/li>\n<li><a href=\"https:\/\/www.youtube.com\/watch?v=7XTlaVNAbWA\">C\u00f3mo descargar un proyecto<\/a><\/li>\n<li><a href=\"https:\/\/www.youtube.com\/watch?v=U6fZlpR1eRw\">C\u00f3mo obtener DXF para AutoCAD<\/a><\/li>\n<li><a href=\"https:\/\/www.youtube.com\/watch?v=R1m4XF80-FY\">C\u00f3mo obtener el informe<\/a><\/li>\n<li><a href=\"https:\/\/www.youtube.com\/watch?v=uT9mqOt8dtU\">C\u00f3mo crear un sistema Mono-SPlit<\/a><\/li>\n<li><a href=\"https:\/\/www.youtube.com\/watch?v=m2nbRkoJ6W0\">C\u00f3mo a\u00f1adir controles<\/a>\u00a0y accesorios<\/li>\n<\/ol>\n<p>Software Air Select:\u00a0<a href=\"https:\/\/www.bosch-airselect.com\/\">http:\/\/www.bosch-airselect.com<\/a><\/p>\n<p>Folleto Air Select:\u00a0<a href=\"https:\/\/www.bosch-homecomfort.com\/es\/es\/residencial\/inicio\/\">Bosch Air Select.pdf<\/a><\/p>\n<p>&nbsp;<\/p>\n","protected":false},"excerpt":{"rendered":"<p>El \u00e1rea Comercial e Industrial de Bosch Termotecnia ha creado diez videos tutoriales para guiar al usuario a automatizar proyectos de sistemas de aire acondicionadi y VVRF<\/p>\n","protected":false},"author":1,"featured_media":6196,"comment_status":"closed","ping_status":"closed","sticky":false,"template":"","format":"standard","meta":{"footnotes":""},"categories":[25],"tags":[],"class_list":["post-6208","post","type-post","status-publish","format-standard","has-post-thumbnail","hentry","category-noticias"],"yoast_head":"<!-- This site is optimized with the Yoast SEO plugin v27.2 - https:\/\/yoast.com\/product\/yoast-seo-wordpress\/ -->\n<title>Bosch acerca el Software Air Select a sus profesionales - Actecir<\/title>\n<meta name=\"robots\" content=\"index, follow, max-snippet:-1, max-image-preview:large, max-video-preview:-1\" \/>\n<link rel=\"canonical\" href=\"https:\/\/www.actecir.cat\/es\/bosch-acerca-el-software-air-select-a-sus-profesionales\/\" \/>\n<meta property=\"og:locale\" content=\"es_ES\" \/>\n<meta property=\"og:type\" content=\"article\" \/>\n<meta property=\"og:title\" content=\"Bosch acerca el Software Air Select a sus profesionales - Actecir\" \/>\n<meta property=\"og:description\" content=\"El \u00e1rea Comercial e Industrial de Bosch Termotecnia ha creado diez videos tutoriales para guiar al usuario a automatizar proyectos de sistemas de aire acondicionadi y VVRF\" \/>\n<meta property=\"og:url\" content=\"https:\/\/www.actecir.cat\/es\/bosch-acerca-el-software-air-select-a-sus-profesionales\/\" \/>\n<meta property=\"og:site_name\" content=\"Actecir\" \/>\n<meta property=\"article:published_time\" content=\"2020-02-07T15:45:33+00:00\" \/>\n<meta property=\"article:modified_time\" content=\"2023-07-07T14:06:28+00:00\" \/>\n<meta property=\"og:image\" content=\"https:\/\/www.actecir.cat\/wp-content\/uploads\/2023\/05\/Bosch_Termotecnia_muestra_su_compromiso_con_la_eficiencia_y_la_sostenibilidad.jpg\" \/>\n\t<meta property=\"og:image:width\" content=\"600\" \/>\n\t<meta property=\"og:image:height\" content=\"400\" \/>\n\t<meta property=\"og:image:type\" content=\"image\/jpeg\" \/>\n<meta name=\"author\" content=\"Soporte web\" \/>\n<meta name=\"twitter:card\" content=\"summary_large_image\" \/>\n<meta name=\"twitter:creator\" content=\"@actecir\" \/>\n<meta name=\"twitter:site\" content=\"@actecir\" \/>\n<meta name=\"twitter:label1\" content=\"Escrito por\" \/>\n\t<meta name=\"twitter:data1\" content=\"Soporte web\" \/>\n\t<meta name=\"twitter:label2\" content=\"Tiempo de lectura\" \/>\n\t<meta name=\"twitter:data2\" content=\"2 minutos\" \/>\n<script type=\"application\/ld+json\" class=\"yoast-schema-graph\">{\"@context\":\"https:\/\/schema.org\",\"@graph\":[{\"@type\":\"Article\",\"@id\":\"https:\/\/www.actecir.cat\/es\/bosch-acerca-el-software-air-select-a-sus-profesionales\/#article\",\"isPartOf\":{\"@id\":\"https:\/\/www.actecir.cat\/es\/bosch-acerca-el-software-air-select-a-sus-profesionales\/\"},\"author\":{\"name\":\"Soporte web\",\"@id\":\"https:\/\/www.actecir.cat\/#\/schema\/person\/42edd02f0b1d55e19444428c5d321413\"},\"headline\":\"Bosch acerca el Software Air Select a sus profesionales\",\"datePublished\":\"2020-02-07T15:45:33+00:00\",\"dateModified\":\"2023-07-07T14:06:28+00:00\",\"mainEntityOfPage\":{\"@id\":\"https:\/\/www.actecir.cat\/es\/bosch-acerca-el-software-air-select-a-sus-profesionales\/\"},\"wordCount\":358,\"publisher\":{\"@id\":\"https:\/\/www.actecir.cat\/#organization\"},\"image\":{\"@id\":\"https:\/\/www.actecir.cat\/es\/bosch-acerca-el-software-air-select-a-sus-profesionales\/#primaryimage\"},\"thumbnailUrl\":\"https:\/\/www.actecir.cat\/wp-content\/uploads\/2023\/05\/Bosch_Termotecnia_muestra_su_compromiso_con_la_eficiencia_y_la_sostenibilidad.jpg\",\"articleSection\":[\"Noticias\"],\"inLanguage\":\"es\"},{\"@type\":\"WebPage\",\"@id\":\"https:\/\/www.actecir.cat\/es\/bosch-acerca-el-software-air-select-a-sus-profesionales\/\",\"url\":\"https:\/\/www.actecir.cat\/es\/bosch-acerca-el-software-air-select-a-sus-profesionales\/\",\"name\":\"Bosch acerca el Software Air Select a sus profesionales - Actecir\",\"isPartOf\":{\"@id\":\"https:\/\/www.actecir.cat\/#website\"},\"primaryImageOfPage\":{\"@id\":\"https:\/\/www.actecir.cat\/es\/bosch-acerca-el-software-air-select-a-sus-profesionales\/#primaryimage\"},\"image\":{\"@id\":\"https:\/\/www.actecir.cat\/es\/bosch-acerca-el-software-air-select-a-sus-profesionales\/#primaryimage\"},\"thumbnailUrl\":\"https:\/\/www.actecir.cat\/wp-content\/uploads\/2023\/05\/Bosch_Termotecnia_muestra_su_compromiso_con_la_eficiencia_y_la_sostenibilidad.jpg\",\"datePublished\":\"2020-02-07T15:45:33+00:00\",\"dateModified\":\"2023-07-07T14:06:28+00:00\",\"breadcrumb\":{\"@id\":\"https:\/\/www.actecir.cat\/es\/bosch-acerca-el-software-air-select-a-sus-profesionales\/#breadcrumb\"},\"inLanguage\":\"es\",\"potentialAction\":[{\"@type\":\"ReadAction\",\"target\":[\"https:\/\/www.actecir.cat\/es\/bosch-acerca-el-software-air-select-a-sus-profesionales\/\"]}]},{\"@type\":\"ImageObject\",\"inLanguage\":\"es\",\"@id\":\"https:\/\/www.actecir.cat\/es\/bosch-acerca-el-software-air-select-a-sus-profesionales\/#primaryimage\",\"url\":\"https:\/\/www.actecir.cat\/wp-content\/uploads\/2023\/05\/Bosch_Termotecnia_muestra_su_compromiso_con_la_eficiencia_y_la_sostenibilidad.jpg\",\"contentUrl\":\"https:\/\/www.actecir.cat\/wp-content\/uploads\/2023\/05\/Bosch_Termotecnia_muestra_su_compromiso_con_la_eficiencia_y_la_sostenibilidad.jpg\",\"width\":600,\"height\":400},{\"@type\":\"BreadcrumbList\",\"@id\":\"https:\/\/www.actecir.cat\/es\/bosch-acerca-el-software-air-select-a-sus-profesionales\/#breadcrumb\",\"itemListElement\":[{\"@type\":\"ListItem\",\"position\":1,\"name\":\"Inici\",\"item\":\"https:\/\/www.actecir.cat\/es\/\"},{\"@type\":\"ListItem\",\"position\":2,\"name\":\"Bosch acerca el Software Air Select a sus profesionales\"}]},{\"@type\":\"WebSite\",\"@id\":\"https:\/\/www.actecir.cat\/#website\",\"url\":\"https:\/\/www.actecir.cat\/\",\"name\":\"Actecir\",\"description\":\"Associaci\u00f3 Catalana de T\u00e8cnics en Energia, Climatitzaci\u00f3 i Refrigeraci\u00f3\",\"publisher\":{\"@id\":\"https:\/\/www.actecir.cat\/#organization\"},\"potentialAction\":[{\"@type\":\"SearchAction\",\"target\":{\"@type\":\"EntryPoint\",\"urlTemplate\":\"https:\/\/www.actecir.cat\/?s={search_term_string}\"},\"query-input\":{\"@type\":\"PropertyValueSpecification\",\"valueRequired\":true,\"valueName\":\"search_term_string\"}}],\"inLanguage\":\"es\"},{\"@type\":\"Organization\",\"@id\":\"https:\/\/www.actecir.cat\/#organization\",\"name\":\"Actecir\",\"url\":\"https:\/\/www.actecir.cat\/\",\"logo\":{\"@type\":\"ImageObject\",\"inLanguage\":\"es\",\"@id\":\"https:\/\/www.actecir.cat\/#\/schema\/logo\/image\/\",\"url\":\"https:\/\/www.actecir.cat\/wp-content\/uploads\/2023\/04\/cropped-logo_actecir_60_alto.png\",\"contentUrl\":\"https:\/\/www.actecir.cat\/wp-content\/uploads\/2023\/04\/cropped-logo_actecir_60_alto.png\",\"width\":283,\"height\":80,\"caption\":\"Actecir\"},\"image\":{\"@id\":\"https:\/\/www.actecir.cat\/#\/schema\/logo\/image\/\"},\"sameAs\":[\"https:\/\/x.com\/actecir\",\"https:\/\/www.linkedin.com\/company\/actecir\"]},{\"@type\":\"Person\",\"@id\":\"https:\/\/www.actecir.cat\/#\/schema\/person\/42edd02f0b1d55e19444428c5d321413\",\"name\":\"Soporte web\",\"sameAs\":[\"https:\/\/www.actecir.cat\"],\"url\":\"https:\/\/www.actecir.cat\/es\/author\/maensystems\/\"}]}<\/script>\n<!-- \/ Yoast SEO plugin. -->","yoast_head_json":{"title":"Bosch acerca el Software Air Select a sus profesionales - Actecir","robots":{"index":"index","follow":"follow","max-snippet":"max-snippet:-1","max-image-preview":"max-image-preview:large","max-video-preview":"max-video-preview:-1"},"canonical":"https:\/\/www.actecir.cat\/es\/bosch-acerca-el-software-air-select-a-sus-profesionales\/","og_locale":"es_ES","og_type":"article","og_title":"Bosch acerca el Software Air Select a sus profesionales - Actecir","og_description":"El \u00e1rea Comercial e Industrial de Bosch Termotecnia ha creado diez videos tutoriales para guiar al usuario a automatizar proyectos de sistemas de aire acondicionadi y VVRF","og_url":"https:\/\/www.actecir.cat\/es\/bosch-acerca-el-software-air-select-a-sus-profesionales\/","og_site_name":"Actecir","article_published_time":"2020-02-07T15:45:33+00:00","article_modified_time":"2023-07-07T14:06:28+00:00","og_image":[{"width":600,"height":400,"url":"https:\/\/www.actecir.cat\/wp-content\/uploads\/2023\/05\/Bosch_Termotecnia_muestra_su_compromiso_con_la_eficiencia_y_la_sostenibilidad.jpg","type":"image\/jpeg"}],"author":"Soporte web","twitter_card":"summary_large_image","twitter_creator":"@actecir","twitter_site":"@actecir","twitter_misc":{"Escrito por":"Soporte web","Tiempo de lectura":"2 minutos"},"schema":{"@context":"https:\/\/schema.org","@graph":[{"@type":"Article","@id":"https:\/\/www.actecir.cat\/es\/bosch-acerca-el-software-air-select-a-sus-profesionales\/#article","isPartOf":{"@id":"https:\/\/www.actecir.cat\/es\/bosch-acerca-el-software-air-select-a-sus-profesionales\/"},"author":{"name":"Soporte web","@id":"https:\/\/www.actecir.cat\/#\/schema\/person\/42edd02f0b1d55e19444428c5d321413"},"headline":"Bosch acerca el Software Air Select a sus profesionales","datePublished":"2020-02-07T15:45:33+00:00","dateModified":"2023-07-07T14:06:28+00:00","mainEntityOfPage":{"@id":"https:\/\/www.actecir.cat\/es\/bosch-acerca-el-software-air-select-a-sus-profesionales\/"},"wordCount":358,"publisher":{"@id":"https:\/\/www.actecir.cat\/#organization"},"image":{"@id":"https:\/\/www.actecir.cat\/es\/bosch-acerca-el-software-air-select-a-sus-profesionales\/#primaryimage"},"thumbnailUrl":"https:\/\/www.actecir.cat\/wp-content\/uploads\/2023\/05\/Bosch_Termotecnia_muestra_su_compromiso_con_la_eficiencia_y_la_sostenibilidad.jpg","articleSection":["Noticias"],"inLanguage":"es"},{"@type":"WebPage","@id":"https:\/\/www.actecir.cat\/es\/bosch-acerca-el-software-air-select-a-sus-profesionales\/","url":"https:\/\/www.actecir.cat\/es\/bosch-acerca-el-software-air-select-a-sus-profesionales\/","name":"Bosch acerca el Software Air Select a sus profesionales - Actecir","isPartOf":{"@id":"https:\/\/www.actecir.cat\/#website"},"primaryImageOfPage":{"@id":"https:\/\/www.actecir.cat\/es\/bosch-acerca-el-software-air-select-a-sus-profesionales\/#primaryimage"},"image":{"@id":"https:\/\/www.actecir.cat\/es\/bosch-acerca-el-software-air-select-a-sus-profesionales\/#primaryimage"},"thumbnailUrl":"https:\/\/www.actecir.cat\/wp-content\/uploads\/2023\/05\/Bosch_Termotecnia_muestra_su_compromiso_con_la_eficiencia_y_la_sostenibilidad.jpg","datePublished":"2020-02-07T15:45:33+00:00","dateModified":"2023-07-07T14:06:28+00:00","breadcrumb":{"@id":"https:\/\/www.actecir.cat\/es\/bosch-acerca-el-software-air-select-a-sus-profesionales\/#breadcrumb"},"inLanguage":"es","potentialAction":[{"@type":"ReadAction","target":["https:\/\/www.actecir.cat\/es\/bosch-acerca-el-software-air-select-a-sus-profesionales\/"]}]},{"@type":"ImageObject","inLanguage":"es","@id":"https:\/\/www.actecir.cat\/es\/bosch-acerca-el-software-air-select-a-sus-profesionales\/#primaryimage","url":"https:\/\/www.actecir.cat\/wp-content\/uploads\/2023\/05\/Bosch_Termotecnia_muestra_su_compromiso_con_la_eficiencia_y_la_sostenibilidad.jpg","contentUrl":"https:\/\/www.actecir.cat\/wp-content\/uploads\/2023\/05\/Bosch_Termotecnia_muestra_su_compromiso_con_la_eficiencia_y_la_sostenibilidad.jpg","width":600,"height":400},{"@type":"BreadcrumbList","@id":"https:\/\/www.actecir.cat\/es\/bosch-acerca-el-software-air-select-a-sus-profesionales\/#breadcrumb","itemListElement":[{"@type":"ListItem","position":1,"name":"Inici","item":"https:\/\/www.actecir.cat\/es\/"},{"@type":"ListItem","position":2,"name":"Bosch acerca el Software Air Select a sus profesionales"}]},{"@type":"WebSite","@id":"https:\/\/www.actecir.cat\/#website","url":"https:\/\/www.actecir.cat\/","name":"Actecir","description":"Associaci\u00f3 Catalana de T\u00e8cnics en Energia, Climatitzaci\u00f3 i Refrigeraci\u00f3","publisher":{"@id":"https:\/\/www.actecir.cat\/#organization"},"potentialAction":[{"@type":"SearchAction","target":{"@type":"EntryPoint","urlTemplate":"https:\/\/www.actecir.cat\/?s={search_term_string}"},"query-input":{"@type":"PropertyValueSpecification","valueRequired":true,"valueName":"search_term_string"}}],"inLanguage":"es"},{"@type":"Organization","@id":"https:\/\/www.actecir.cat\/#organization","name":"Actecir","url":"https:\/\/www.actecir.cat\/","logo":{"@type":"ImageObject","inLanguage":"es","@id":"https:\/\/www.actecir.cat\/#\/schema\/logo\/image\/","url":"https:\/\/www.actecir.cat\/wp-content\/uploads\/2023\/04\/cropped-logo_actecir_60_alto.png","contentUrl":"https:\/\/www.actecir.cat\/wp-content\/uploads\/2023\/04\/cropped-logo_actecir_60_alto.png","width":283,"height":80,"caption":"Actecir"},"image":{"@id":"https:\/\/www.actecir.cat\/#\/schema\/logo\/image\/"},"sameAs":["https:\/\/x.com\/actecir","https:\/\/www.linkedin.com\/company\/actecir"]},{"@type":"Person","@id":"https:\/\/www.actecir.cat\/#\/schema\/person\/42edd02f0b1d55e19444428c5d321413","name":"Soporte web","sameAs":["https:\/\/www.actecir.cat"],"url":"https:\/\/www.actecir.cat\/es\/author\/maensystems\/"}]}},"_links":{"self":[{"href":"https:\/\/www.actecir.cat\/es\/wp-json\/wp\/v2\/posts\/6208","targetHints":{"allow":["GET"]}}],"collection":[{"href":"https:\/\/www.actecir.cat\/es\/wp-json\/wp\/v2\/posts"}],"about":[{"href":"https:\/\/www.actecir.cat\/es\/wp-json\/wp\/v2\/types\/post"}],"author":[{"embeddable":true,"href":"https:\/\/www.actecir.cat\/es\/wp-json\/wp\/v2\/users\/1"}],"replies":[{"embeddable":true,"href":"https:\/\/www.actecir.cat\/es\/wp-json\/wp\/v2\/comments?post=6208"}],"version-history":[{"count":5,"href":"https:\/\/www.actecir.cat\/es\/wp-json\/wp\/v2\/posts\/6208\/revisions"}],"predecessor-version":[{"id":11568,"href":"https:\/\/www.actecir.cat\/es\/wp-json\/wp\/v2\/posts\/6208\/revisions\/11568"}],"wp:featuredmedia":[{"embeddable":true,"href":"https:\/\/www.actecir.cat\/es\/wp-json\/wp\/v2\/media\/6196"}],"wp:attachment":[{"href":"https:\/\/www.actecir.cat\/es\/wp-json\/wp\/v2\/media?parent=6208"}],"wp:term":[{"taxonomy":"category","embeddable":true,"href":"https:\/\/www.actecir.cat\/es\/wp-json\/wp\/v2\/categories?post=6208"},{"taxonomy":"post_tag","embeddable":true,"href":"https:\/\/www.actecir.cat\/es\/wp-json\/wp\/v2\/tags?post=6208"}],"curies":[{"name":"wp","href":"https:\/\/api.w.org\/{rel}","templated":true}]}}