{"id":6216,"date":"2020-02-06T16:48:45","date_gmt":"2020-02-06T15:48:45","guid":{"rendered":"https:\/\/www.actecir.cat\/?p=6216"},"modified":"2023-05-10T16:51:07","modified_gmt":"2023-05-10T14:51:07","slug":"mitsubishi-electric-comprometida-con-el-fomento-profesional-entre-los-mas-jovenes","status":"publish","type":"post","link":"https:\/\/www.actecir.cat\/es\/mitsubishi-electric-comprometida-con-el-fomento-profesional-entre-los-mas-jovenes\/","title":{"rendered":"Mitsubishi Electric, comprometida con el fomento profesional entre los m\u00e1s j\u00f3venes"},"content":{"rendered":"<p>Cede a Tecnun equipos de trabajo para la formaci\u00f3n de los futuros ingenieros<\/p>\n<p>&nbsp;<\/p>\n<p><strong>Madrid,5 de enero de 2020<\/strong><\/p>\n<p><strong>Tecnun,\u00a0<\/strong>la Escuela de Ingenieros de la Universidad de Navarraen San Sebasti\u00e1n y\u00a0<strong>Mitsubishi Electric\u00a0<\/strong>protagonizaron ayer el acto de inauguraci\u00f3n del\u00a0<strong>Aula Mitsubishi<\/strong>\u00a0en el campus donostiarra de Ibaeta, en los laboratorios de Ingenier\u00eda T\u00e9rmica y Fluidos de Tecnun.<\/p>\n<p>Con la inauguraci\u00f3n de este Aula, tanto Tecnun como Mitsubishi Electtricdesean establecer \u201cuna colaboraci\u00f3n en el \u00e1mbito de la investigaci\u00f3n y la docencia en favor del desarrollo y la capacitaci\u00f3n de los estudiantes de la Escuela de Ingenieros, orientado a una mejor preparaci\u00f3n para su ejercicio profesional\u201d.<\/p>\n<p>Concretamente, Mitsubishi Electric ha cedido a la Escuela de Ingenieros distintos equipos de trabajo para la formaci\u00f3n de los futuros ingenieros. Y Tecnun contar\u00e1 con un laboratorio dedicado a la Tecnolog\u00eda de Aire Acondicionado con la imagen corporativa de Mitsubishi como patrocinador.<\/p>\n<p>Ambas partes pusieron de manifiesto durante el acto que est\u00e1n \u201cfirmemente convencidos de que la relaci\u00f3n Universidad-Empresa debe ser en el futuro cada vez m\u00e1s intensa y profunda y que esta relaci\u00f3n redundar\u00e1 en una empresa m\u00e1s competitiva y en una Universidad m\u00e1s en sinton\u00eda con las necesidades del mundo empresarial\u201d.<\/p>\n<p>En la presentaci\u00f3n del Aula estuvieron presentes el director de Relaciones Exteriores de la Escuela,\u00a0<strong>Javier Ganuza<\/strong>, y el director de Tecnun,\u00a0<strong>Ra\u00fal Ant\u00f3n<\/strong>, quien puso de manifiesto que \u201cla contribuci\u00f3n de Mitsubishi Electric para que Tecnun establezca este laboratorio de investigaci\u00f3n bajo su patrocinio permitir\u00e1 a nuestros estudiantes aprender mejor sobre la tecnolog\u00eda de aire acondicionado utilizando equipos industriales reales mientras se familiarizan con su empresa\u201d.<\/p>\n<p>Por parte de MitsubishiElectric, asistieron el\u00a0<strong>Pedro Ruiz<\/strong>, Director General de la Divisi\u00f3n Aire Acondicionado<em><strong>,\u00a0<\/strong><\/em><em>y el Presidente de la sucursal de Espa\u00f1a y Portugal,\u00a0<strong>Masami Kusano<\/strong>, quien incidi\u00f3 en que \u201cMitsubishi Electric siempre quiere cambiar y mejorar para contribuir a la sociedad y creo que Tecnun, con sus conceptos de ense\u00f1anza, investigaci\u00f3n y servicio a la sociedad, coincide con nuestra declaraci\u00f3n corporativa.\u00a0<strong>Kusano<\/strong>\u00a0concluy\u00f3 su discurso dirigi\u00e9ndose a los j\u00f3venes estudiantes que estuvieron presentes en la inauguraci\u00f3n. \u201cNo dej\u00e9is de luchar por vuestros sue\u00f1os, nunca perd\u00e1is la esperanza y el deseo de aprender porque eso os llevar\u00e1 a ser mejores personas\u201d.<\/em><\/p>\n<p>&nbsp;<\/p>\n<p><img fetchpriority=\"high\" decoding=\"async\" class=\"alignleft  wp-image-6212\" src=\"https:\/\/www.actecir.cat\/wp-content\/uploads\/2023\/05\/LOGO_Mitsubishi-SiempreContigo-01_recort.jpg\" alt=\"\" width=\"876\" height=\"225\" srcset=\"https:\/\/www.actecir.cat\/wp-content\/uploads\/2023\/05\/LOGO_Mitsubishi-SiempreContigo-01_recort.jpg 2121w, https:\/\/www.actecir.cat\/wp-content\/uploads\/2023\/05\/LOGO_Mitsubishi-SiempreContigo-01_recort-300x77.jpg 300w, https:\/\/www.actecir.cat\/wp-content\/uploads\/2023\/05\/LOGO_Mitsubishi-SiempreContigo-01_recort-1024x263.jpg 1024w, https:\/\/www.actecir.cat\/wp-content\/uploads\/2023\/05\/LOGO_Mitsubishi-SiempreContigo-01_recort-768x197.jpg 768w, https:\/\/www.actecir.cat\/wp-content\/uploads\/2023\/05\/LOGO_Mitsubishi-SiempreContigo-01_recort-1536x395.jpg 1536w, https:\/\/www.actecir.cat\/wp-content\/uploads\/2023\/05\/LOGO_Mitsubishi-SiempreContigo-01_recort-2048x526.jpg 2048w\" sizes=\"(max-width: 876px) 100vw, 876px\" \/><\/p>\n","protected":false},"excerpt":{"rendered":"<p>Cede a Tecnun equipos de trabajo para la formaci\u00f3n de los futuros ingenieros<\/p>\n","protected":false},"author":1,"featured_media":6214,"comment_status":"closed","ping_status":"closed","sticky":false,"template":"","format":"standard","meta":{"footnotes":""},"categories":[25],"tags":[],"class_list":["post-6216","post","type-post","status-publish","format-standard","has-post-thumbnail","hentry","category-noticias"],"yoast_head":"<!-- This site is optimized with the Yoast SEO plugin v27.2 - https:\/\/yoast.com\/product\/yoast-seo-wordpress\/ -->\n<title>Mitsubishi Electric, comprometida con el fomento profesional entre los m\u00e1s j\u00f3venes - Actecir<\/title>\n<meta name=\"robots\" content=\"index, follow, max-snippet:-1, max-image-preview:large, max-video-preview:-1\" \/>\n<link rel=\"canonical\" href=\"https:\/\/www.actecir.cat\/es\/mitsubishi-electric-comprometida-con-el-fomento-profesional-entre-los-mas-jovenes\/\" \/>\n<meta property=\"og:locale\" content=\"es_ES\" \/>\n<meta property=\"og:type\" content=\"article\" \/>\n<meta property=\"og:title\" content=\"Mitsubishi Electric, comprometida con el fomento profesional entre los m\u00e1s j\u00f3venes - Actecir\" \/>\n<meta property=\"og:description\" content=\"Cede a Tecnun equipos de trabajo para la formaci\u00f3n de los futuros ingenieros\" \/>\n<meta property=\"og:url\" content=\"https:\/\/www.actecir.cat\/es\/mitsubishi-electric-comprometida-con-el-fomento-profesional-entre-los-mas-jovenes\/\" \/>\n<meta property=\"og:site_name\" content=\"Actecir\" \/>\n<meta property=\"article:published_time\" content=\"2020-02-06T15:48:45+00:00\" \/>\n<meta property=\"article:modified_time\" content=\"2023-05-10T14:51:07+00:00\" \/>\n<meta property=\"og:image\" content=\"https:\/\/www.actecir.cat\/wp-content\/uploads\/2023\/05\/edit__Raul_Anton_y_Masami_Kusano_cortando_la_cinta_de_la_inauguracion.jpg\" \/>\n\t<meta property=\"og:image:width\" content=\"600\" \/>\n\t<meta property=\"og:image:height\" content=\"400\" \/>\n\t<meta property=\"og:image:type\" content=\"image\/jpeg\" \/>\n<meta name=\"author\" content=\"Soporte web\" \/>\n<meta name=\"twitter:card\" content=\"summary_large_image\" \/>\n<meta name=\"twitter:creator\" content=\"@actecir\" \/>\n<meta name=\"twitter:site\" content=\"@actecir\" \/>\n<meta name=\"twitter:label1\" content=\"Escrito por\" \/>\n\t<meta name=\"twitter:data1\" content=\"Soporte web\" \/>\n\t<meta name=\"twitter:label2\" content=\"Tiempo de lectura\" \/>\n\t<meta name=\"twitter:data2\" content=\"2 minutos\" \/>\n<script type=\"application\/ld+json\" class=\"yoast-schema-graph\">{\"@context\":\"https:\/\/schema.org\",\"@graph\":[{\"@type\":\"Article\",\"@id\":\"https:\/\/www.actecir.cat\/es\/mitsubishi-electric-comprometida-con-el-fomento-profesional-entre-los-mas-jovenes\/#article\",\"isPartOf\":{\"@id\":\"https:\/\/www.actecir.cat\/es\/mitsubishi-electric-comprometida-con-el-fomento-profesional-entre-los-mas-jovenes\/\"},\"author\":{\"name\":\"Soporte web\",\"@id\":\"https:\/\/www.actecir.cat\/#\/schema\/person\/42edd02f0b1d55e19444428c5d321413\"},\"headline\":\"Mitsubishi Electric, comprometida con el fomento profesional entre los m\u00e1s j\u00f3venes\",\"datePublished\":\"2020-02-06T15:48:45+00:00\",\"dateModified\":\"2023-05-10T14:51:07+00:00\",\"mainEntityOfPage\":{\"@id\":\"https:\/\/www.actecir.cat\/es\/mitsubishi-electric-comprometida-con-el-fomento-profesional-entre-los-mas-jovenes\/\"},\"wordCount\":417,\"publisher\":{\"@id\":\"https:\/\/www.actecir.cat\/#organization\"},\"image\":{\"@id\":\"https:\/\/www.actecir.cat\/es\/mitsubishi-electric-comprometida-con-el-fomento-profesional-entre-los-mas-jovenes\/#primaryimage\"},\"thumbnailUrl\":\"https:\/\/www.actecir.cat\/wp-content\/uploads\/2023\/05\/edit__Raul_Anton_y_Masami_Kusano_cortando_la_cinta_de_la_inauguracion.jpg\",\"articleSection\":[\"Noticias\"],\"inLanguage\":\"es\"},{\"@type\":\"WebPage\",\"@id\":\"https:\/\/www.actecir.cat\/es\/mitsubishi-electric-comprometida-con-el-fomento-profesional-entre-los-mas-jovenes\/\",\"url\":\"https:\/\/www.actecir.cat\/es\/mitsubishi-electric-comprometida-con-el-fomento-profesional-entre-los-mas-jovenes\/\",\"name\":\"Mitsubishi Electric, comprometida con el fomento profesional entre los m\u00e1s j\u00f3venes - Actecir\",\"isPartOf\":{\"@id\":\"https:\/\/www.actecir.cat\/#website\"},\"primaryImageOfPage\":{\"@id\":\"https:\/\/www.actecir.cat\/es\/mitsubishi-electric-comprometida-con-el-fomento-profesional-entre-los-mas-jovenes\/#primaryimage\"},\"image\":{\"@id\":\"https:\/\/www.actecir.cat\/es\/mitsubishi-electric-comprometida-con-el-fomento-profesional-entre-los-mas-jovenes\/#primaryimage\"},\"thumbnailUrl\":\"https:\/\/www.actecir.cat\/wp-content\/uploads\/2023\/05\/edit__Raul_Anton_y_Masami_Kusano_cortando_la_cinta_de_la_inauguracion.jpg\",\"datePublished\":\"2020-02-06T15:48:45+00:00\",\"dateModified\":\"2023-05-10T14:51:07+00:00\",\"breadcrumb\":{\"@id\":\"https:\/\/www.actecir.cat\/es\/mitsubishi-electric-comprometida-con-el-fomento-profesional-entre-los-mas-jovenes\/#breadcrumb\"},\"inLanguage\":\"es\",\"potentialAction\":[{\"@type\":\"ReadAction\",\"target\":[\"https:\/\/www.actecir.cat\/es\/mitsubishi-electric-comprometida-con-el-fomento-profesional-entre-los-mas-jovenes\/\"]}]},{\"@type\":\"ImageObject\",\"inLanguage\":\"es\",\"@id\":\"https:\/\/www.actecir.cat\/es\/mitsubishi-electric-comprometida-con-el-fomento-profesional-entre-los-mas-jovenes\/#primaryimage\",\"url\":\"https:\/\/www.actecir.cat\/wp-content\/uploads\/2023\/05\/edit__Raul_Anton_y_Masami_Kusano_cortando_la_cinta_de_la_inauguracion.jpg\",\"contentUrl\":\"https:\/\/www.actecir.cat\/wp-content\/uploads\/2023\/05\/edit__Raul_Anton_y_Masami_Kusano_cortando_la_cinta_de_la_inauguracion.jpg\",\"width\":600,\"height\":400},{\"@type\":\"BreadcrumbList\",\"@id\":\"https:\/\/www.actecir.cat\/es\/mitsubishi-electric-comprometida-con-el-fomento-profesional-entre-los-mas-jovenes\/#breadcrumb\",\"itemListElement\":[{\"@type\":\"ListItem\",\"position\":1,\"name\":\"Inici\",\"item\":\"https:\/\/www.actecir.cat\/es\/\"},{\"@type\":\"ListItem\",\"position\":2,\"name\":\"Mitsubishi Electric, comprometida con el fomento profesional entre los m\u00e1s j\u00f3venes\"}]},{\"@type\":\"WebSite\",\"@id\":\"https:\/\/www.actecir.cat\/#website\",\"url\":\"https:\/\/www.actecir.cat\/\",\"name\":\"Actecir\",\"description\":\"Associaci\u00f3 Catalana de T\u00e8cnics en Energia, Climatitzaci\u00f3 i Refrigeraci\u00f3\",\"publisher\":{\"@id\":\"https:\/\/www.actecir.cat\/#organization\"},\"potentialAction\":[{\"@type\":\"SearchAction\",\"target\":{\"@type\":\"EntryPoint\",\"urlTemplate\":\"https:\/\/www.actecir.cat\/?s={search_term_string}\"},\"query-input\":{\"@type\":\"PropertyValueSpecification\",\"valueRequired\":true,\"valueName\":\"search_term_string\"}}],\"inLanguage\":\"es\"},{\"@type\":\"Organization\",\"@id\":\"https:\/\/www.actecir.cat\/#organization\",\"name\":\"Actecir\",\"url\":\"https:\/\/www.actecir.cat\/\",\"logo\":{\"@type\":\"ImageObject\",\"inLanguage\":\"es\",\"@id\":\"https:\/\/www.actecir.cat\/#\/schema\/logo\/image\/\",\"url\":\"https:\/\/www.actecir.cat\/wp-content\/uploads\/2023\/04\/cropped-logo_actecir_60_alto.png\",\"contentUrl\":\"https:\/\/www.actecir.cat\/wp-content\/uploads\/2023\/04\/cropped-logo_actecir_60_alto.png\",\"width\":283,\"height\":80,\"caption\":\"Actecir\"},\"image\":{\"@id\":\"https:\/\/www.actecir.cat\/#\/schema\/logo\/image\/\"},\"sameAs\":[\"https:\/\/x.com\/actecir\",\"https:\/\/www.linkedin.com\/company\/actecir\"]},{\"@type\":\"Person\",\"@id\":\"https:\/\/www.actecir.cat\/#\/schema\/person\/42edd02f0b1d55e19444428c5d321413\",\"name\":\"Soporte web\",\"sameAs\":[\"https:\/\/www.actecir.cat\"],\"url\":\"https:\/\/www.actecir.cat\/es\/author\/maensystems\/\"}]}<\/script>\n<!-- \/ Yoast SEO plugin. -->","yoast_head_json":{"title":"Mitsubishi Electric, comprometida con el fomento profesional entre los m\u00e1s j\u00f3venes - Actecir","robots":{"index":"index","follow":"follow","max-snippet":"max-snippet:-1","max-image-preview":"max-image-preview:large","max-video-preview":"max-video-preview:-1"},"canonical":"https:\/\/www.actecir.cat\/es\/mitsubishi-electric-comprometida-con-el-fomento-profesional-entre-los-mas-jovenes\/","og_locale":"es_ES","og_type":"article","og_title":"Mitsubishi Electric, comprometida con el fomento profesional entre los m\u00e1s j\u00f3venes - Actecir","og_description":"Cede a Tecnun equipos de trabajo para la formaci\u00f3n de los futuros ingenieros","og_url":"https:\/\/www.actecir.cat\/es\/mitsubishi-electric-comprometida-con-el-fomento-profesional-entre-los-mas-jovenes\/","og_site_name":"Actecir","article_published_time":"2020-02-06T15:48:45+00:00","article_modified_time":"2023-05-10T14:51:07+00:00","og_image":[{"width":600,"height":400,"url":"https:\/\/www.actecir.cat\/wp-content\/uploads\/2023\/05\/edit__Raul_Anton_y_Masami_Kusano_cortando_la_cinta_de_la_inauguracion.jpg","type":"image\/jpeg"}],"author":"Soporte web","twitter_card":"summary_large_image","twitter_creator":"@actecir","twitter_site":"@actecir","twitter_misc":{"Escrito por":"Soporte web","Tiempo de lectura":"2 minutos"},"schema":{"@context":"https:\/\/schema.org","@graph":[{"@type":"Article","@id":"https:\/\/www.actecir.cat\/es\/mitsubishi-electric-comprometida-con-el-fomento-profesional-entre-los-mas-jovenes\/#article","isPartOf":{"@id":"https:\/\/www.actecir.cat\/es\/mitsubishi-electric-comprometida-con-el-fomento-profesional-entre-los-mas-jovenes\/"},"author":{"name":"Soporte web","@id":"https:\/\/www.actecir.cat\/#\/schema\/person\/42edd02f0b1d55e19444428c5d321413"},"headline":"Mitsubishi Electric, comprometida con el fomento profesional entre los m\u00e1s j\u00f3venes","datePublished":"2020-02-06T15:48:45+00:00","dateModified":"2023-05-10T14:51:07+00:00","mainEntityOfPage":{"@id":"https:\/\/www.actecir.cat\/es\/mitsubishi-electric-comprometida-con-el-fomento-profesional-entre-los-mas-jovenes\/"},"wordCount":417,"publisher":{"@id":"https:\/\/www.actecir.cat\/#organization"},"image":{"@id":"https:\/\/www.actecir.cat\/es\/mitsubishi-electric-comprometida-con-el-fomento-profesional-entre-los-mas-jovenes\/#primaryimage"},"thumbnailUrl":"https:\/\/www.actecir.cat\/wp-content\/uploads\/2023\/05\/edit__Raul_Anton_y_Masami_Kusano_cortando_la_cinta_de_la_inauguracion.jpg","articleSection":["Noticias"],"inLanguage":"es"},{"@type":"WebPage","@id":"https:\/\/www.actecir.cat\/es\/mitsubishi-electric-comprometida-con-el-fomento-profesional-entre-los-mas-jovenes\/","url":"https:\/\/www.actecir.cat\/es\/mitsubishi-electric-comprometida-con-el-fomento-profesional-entre-los-mas-jovenes\/","name":"Mitsubishi Electric, comprometida con el fomento profesional entre los m\u00e1s j\u00f3venes - Actecir","isPartOf":{"@id":"https:\/\/www.actecir.cat\/#website"},"primaryImageOfPage":{"@id":"https:\/\/www.actecir.cat\/es\/mitsubishi-electric-comprometida-con-el-fomento-profesional-entre-los-mas-jovenes\/#primaryimage"},"image":{"@id":"https:\/\/www.actecir.cat\/es\/mitsubishi-electric-comprometida-con-el-fomento-profesional-entre-los-mas-jovenes\/#primaryimage"},"thumbnailUrl":"https:\/\/www.actecir.cat\/wp-content\/uploads\/2023\/05\/edit__Raul_Anton_y_Masami_Kusano_cortando_la_cinta_de_la_inauguracion.jpg","datePublished":"2020-02-06T15:48:45+00:00","dateModified":"2023-05-10T14:51:07+00:00","breadcrumb":{"@id":"https:\/\/www.actecir.cat\/es\/mitsubishi-electric-comprometida-con-el-fomento-profesional-entre-los-mas-jovenes\/#breadcrumb"},"inLanguage":"es","potentialAction":[{"@type":"ReadAction","target":["https:\/\/www.actecir.cat\/es\/mitsubishi-electric-comprometida-con-el-fomento-profesional-entre-los-mas-jovenes\/"]}]},{"@type":"ImageObject","inLanguage":"es","@id":"https:\/\/www.actecir.cat\/es\/mitsubishi-electric-comprometida-con-el-fomento-profesional-entre-los-mas-jovenes\/#primaryimage","url":"https:\/\/www.actecir.cat\/wp-content\/uploads\/2023\/05\/edit__Raul_Anton_y_Masami_Kusano_cortando_la_cinta_de_la_inauguracion.jpg","contentUrl":"https:\/\/www.actecir.cat\/wp-content\/uploads\/2023\/05\/edit__Raul_Anton_y_Masami_Kusano_cortando_la_cinta_de_la_inauguracion.jpg","width":600,"height":400},{"@type":"BreadcrumbList","@id":"https:\/\/www.actecir.cat\/es\/mitsubishi-electric-comprometida-con-el-fomento-profesional-entre-los-mas-jovenes\/#breadcrumb","itemListElement":[{"@type":"ListItem","position":1,"name":"Inici","item":"https:\/\/www.actecir.cat\/es\/"},{"@type":"ListItem","position":2,"name":"Mitsubishi Electric, comprometida con el fomento profesional entre los m\u00e1s j\u00f3venes"}]},{"@type":"WebSite","@id":"https:\/\/www.actecir.cat\/#website","url":"https:\/\/www.actecir.cat\/","name":"Actecir","description":"Associaci\u00f3 Catalana de T\u00e8cnics en Energia, Climatitzaci\u00f3 i Refrigeraci\u00f3","publisher":{"@id":"https:\/\/www.actecir.cat\/#organization"},"potentialAction":[{"@type":"SearchAction","target":{"@type":"EntryPoint","urlTemplate":"https:\/\/www.actecir.cat\/?s={search_term_string}"},"query-input":{"@type":"PropertyValueSpecification","valueRequired":true,"valueName":"search_term_string"}}],"inLanguage":"es"},{"@type":"Organization","@id":"https:\/\/www.actecir.cat\/#organization","name":"Actecir","url":"https:\/\/www.actecir.cat\/","logo":{"@type":"ImageObject","inLanguage":"es","@id":"https:\/\/www.actecir.cat\/#\/schema\/logo\/image\/","url":"https:\/\/www.actecir.cat\/wp-content\/uploads\/2023\/04\/cropped-logo_actecir_60_alto.png","contentUrl":"https:\/\/www.actecir.cat\/wp-content\/uploads\/2023\/04\/cropped-logo_actecir_60_alto.png","width":283,"height":80,"caption":"Actecir"},"image":{"@id":"https:\/\/www.actecir.cat\/#\/schema\/logo\/image\/"},"sameAs":["https:\/\/x.com\/actecir","https:\/\/www.linkedin.com\/company\/actecir"]},{"@type":"Person","@id":"https:\/\/www.actecir.cat\/#\/schema\/person\/42edd02f0b1d55e19444428c5d321413","name":"Soporte web","sameAs":["https:\/\/www.actecir.cat"],"url":"https:\/\/www.actecir.cat\/es\/author\/maensystems\/"}]}},"_links":{"self":[{"href":"https:\/\/www.actecir.cat\/es\/wp-json\/wp\/v2\/posts\/6216","targetHints":{"allow":["GET"]}}],"collection":[{"href":"https:\/\/www.actecir.cat\/es\/wp-json\/wp\/v2\/posts"}],"about":[{"href":"https:\/\/www.actecir.cat\/es\/wp-json\/wp\/v2\/types\/post"}],"author":[{"embeddable":true,"href":"https:\/\/www.actecir.cat\/es\/wp-json\/wp\/v2\/users\/1"}],"replies":[{"embeddable":true,"href":"https:\/\/www.actecir.cat\/es\/wp-json\/wp\/v2\/comments?post=6216"}],"version-history":[{"count":2,"href":"https:\/\/www.actecir.cat\/es\/wp-json\/wp\/v2\/posts\/6216\/revisions"}],"predecessor-version":[{"id":6218,"href":"https:\/\/www.actecir.cat\/es\/wp-json\/wp\/v2\/posts\/6216\/revisions\/6218"}],"wp:featuredmedia":[{"embeddable":true,"href":"https:\/\/www.actecir.cat\/es\/wp-json\/wp\/v2\/media\/6214"}],"wp:attachment":[{"href":"https:\/\/www.actecir.cat\/es\/wp-json\/wp\/v2\/media?parent=6216"}],"wp:term":[{"taxonomy":"category","embeddable":true,"href":"https:\/\/www.actecir.cat\/es\/wp-json\/wp\/v2\/categories?post=6216"},{"taxonomy":"post_tag","embeddable":true,"href":"https:\/\/www.actecir.cat\/es\/wp-json\/wp\/v2\/tags?post=6216"}],"curies":[{"name":"wp","href":"https:\/\/api.w.org\/{rel}","templated":true}]}}