{"id":6239,"date":"2020-01-20T17:04:35","date_gmt":"2020-01-20T16:04:35","guid":{"rendered":"https:\/\/www.actecir.cat\/?p=6239"},"modified":"2023-05-10T17:05:32","modified_gmt":"2023-05-10T15:05:32","slug":"daikin-presentara-en-fitur-sus-novedades-en-el-sector-de-la-climatizacion","status":"publish","type":"post","link":"https:\/\/www.actecir.cat\/es\/daikin-presentara-en-fitur-sus-novedades-en-el-sector-de-la-climatizacion\/","title":{"rendered":"Daikin presentar\u00e1 en FITUR sus novedades en el sector de la climatizaci\u00f3n"},"content":{"rendered":"<p>En colaboraci\u00f3n con la Asociaci\u00f3n Empresarial Hotelera de Madrid y El Corte Ingl\u00e9s<\/p>\n<p>Madrid, 17 de enero 2020.- Daikin, compa\u00f1\u00eda l\u00edder en el \u00e1mbito de la climatizaci\u00f3n, participar\u00e1 un a\u00f1o m\u00e1s en la Feria Internacional de Turismo 2020 (FITUR) que tendr\u00e1 lugar del 22 al 26 de enero en IFEMA, donde expondr\u00e1 algunos de sus sistemas m\u00e1s destacados, como Daikin Stylish y el control Madoka.<\/p>\n<p>En colaboraci\u00f3n con la Asociaci\u00f3n Empresarial Hotelera de Madrid (AEHM) y El Corte Ingl\u00e9s, Daikin tendr\u00e1 presencia en la feria,\u00a0<strong>concretamente en el stand 10D24 ubicado en el pabell\u00f3n 10 (puerta A) de IFEMA.<\/strong><\/p>\n<p>Tanto Daikin Stylish como el control multifunci\u00f3n Madoka destacan por su cuidado y elegante dise\u00f1o, as\u00ed como por integrar la \u00faltima tecnolog\u00eda. Gracias a esto, se adaptan perfectamente a diferentes espacios. Son una soluci\u00f3n ideal para el sector hotelero, pues su uso es sencillo y c\u00f3modo adem\u00e1s de sostenible. En este sentido, la compa\u00f1\u00eda cuenta con una amplia gama de sistemas de climatizaci\u00f3n adaptables a los diferentes entornos con el objetivo de garantizar una estancia confortable para los hu\u00e9spedes o visitantes.<\/p>\n","protected":false},"excerpt":{"rendered":"<p>En colaboraci\u00f3n con la Asociaci\u00f3n Empresarial Hotelera de Madrid y El Corte Ingl\u00e9s<\/p>\n","protected":false},"author":1,"featured_media":6237,"comment_status":"closed","ping_status":"closed","sticky":false,"template":"","format":"standard","meta":{"footnotes":""},"categories":[25],"tags":[],"class_list":["post-6239","post","type-post","status-publish","format-standard","has-post-thumbnail","hentry","category-noticias"],"yoast_head":"<!-- This site is optimized with the Yoast SEO plugin v27.2 - https:\/\/yoast.com\/product\/yoast-seo-wordpress\/ -->\n<title>Daikin presentar\u00e1 en FITUR sus novedades en el sector de la climatizaci\u00f3n - Actecir<\/title>\n<meta name=\"robots\" content=\"index, follow, max-snippet:-1, max-image-preview:large, max-video-preview:-1\" \/>\n<link rel=\"canonical\" href=\"https:\/\/www.actecir.cat\/es\/daikin-presentara-en-fitur-sus-novedades-en-el-sector-de-la-climatizacion\/\" \/>\n<meta property=\"og:locale\" content=\"es_ES\" \/>\n<meta property=\"og:type\" content=\"article\" \/>\n<meta property=\"og:title\" content=\"Daikin presentar\u00e1 en FITUR sus novedades en el sector de la climatizaci\u00f3n - Actecir\" \/>\n<meta property=\"og:description\" content=\"En colaboraci\u00f3n con la Asociaci\u00f3n Empresarial Hotelera de Madrid y El Corte Ingl\u00e9s\" \/>\n<meta property=\"og:url\" content=\"https:\/\/www.actecir.cat\/es\/daikin-presentara-en-fitur-sus-novedades-en-el-sector-de-la-climatizacion\/\" \/>\n<meta property=\"og:site_name\" content=\"Actecir\" \/>\n<meta property=\"article:published_time\" content=\"2020-01-20T16:04:35+00:00\" \/>\n<meta property=\"article:modified_time\" content=\"2023-05-10T15:05:32+00:00\" \/>\n<meta property=\"og:image\" content=\"https:\/\/www.actecir.cat\/wp-content\/uploads\/2023\/05\/Daikin_FITUR.jpg\" \/>\n\t<meta property=\"og:image:width\" content=\"600\" \/>\n\t<meta property=\"og:image:height\" content=\"400\" \/>\n\t<meta property=\"og:image:type\" content=\"image\/jpeg\" \/>\n<meta name=\"author\" content=\"Soporte web\" \/>\n<meta name=\"twitter:card\" content=\"summary_large_image\" \/>\n<meta name=\"twitter:creator\" content=\"@actecir\" \/>\n<meta name=\"twitter:site\" content=\"@actecir\" \/>\n<meta name=\"twitter:label1\" content=\"Escrito por\" \/>\n\t<meta name=\"twitter:data1\" content=\"Soporte web\" \/>\n\t<meta name=\"twitter:label2\" content=\"Tiempo de lectura\" \/>\n\t<meta name=\"twitter:data2\" content=\"1 minuto\" \/>\n<script type=\"application\/ld+json\" class=\"yoast-schema-graph\">{\"@context\":\"https:\/\/schema.org\",\"@graph\":[{\"@type\":\"Article\",\"@id\":\"https:\/\/www.actecir.cat\/es\/daikin-presentara-en-fitur-sus-novedades-en-el-sector-de-la-climatizacion\/#article\",\"isPartOf\":{\"@id\":\"https:\/\/www.actecir.cat\/es\/daikin-presentara-en-fitur-sus-novedades-en-el-sector-de-la-climatizacion\/\"},\"author\":{\"name\":\"Soporte web\",\"@id\":\"https:\/\/www.actecir.cat\/#\/schema\/person\/42edd02f0b1d55e19444428c5d321413\"},\"headline\":\"Daikin presentar\u00e1 en FITUR sus novedades en el sector de la climatizaci\u00f3n\",\"datePublished\":\"2020-01-20T16:04:35+00:00\",\"dateModified\":\"2023-05-10T15:05:32+00:00\",\"mainEntityOfPage\":{\"@id\":\"https:\/\/www.actecir.cat\/es\/daikin-presentara-en-fitur-sus-novedades-en-el-sector-de-la-climatizacion\/\"},\"wordCount\":210,\"publisher\":{\"@id\":\"https:\/\/www.actecir.cat\/#organization\"},\"image\":{\"@id\":\"https:\/\/www.actecir.cat\/es\/daikin-presentara-en-fitur-sus-novedades-en-el-sector-de-la-climatizacion\/#primaryimage\"},\"thumbnailUrl\":\"https:\/\/www.actecir.cat\/wp-content\/uploads\/2023\/05\/Daikin_FITUR.jpg\",\"articleSection\":[\"Noticias\"],\"inLanguage\":\"es\"},{\"@type\":\"WebPage\",\"@id\":\"https:\/\/www.actecir.cat\/es\/daikin-presentara-en-fitur-sus-novedades-en-el-sector-de-la-climatizacion\/\",\"url\":\"https:\/\/www.actecir.cat\/es\/daikin-presentara-en-fitur-sus-novedades-en-el-sector-de-la-climatizacion\/\",\"name\":\"Daikin presentar\u00e1 en FITUR sus novedades en el sector de la climatizaci\u00f3n - Actecir\",\"isPartOf\":{\"@id\":\"https:\/\/www.actecir.cat\/#website\"},\"primaryImageOfPage\":{\"@id\":\"https:\/\/www.actecir.cat\/es\/daikin-presentara-en-fitur-sus-novedades-en-el-sector-de-la-climatizacion\/#primaryimage\"},\"image\":{\"@id\":\"https:\/\/www.actecir.cat\/es\/daikin-presentara-en-fitur-sus-novedades-en-el-sector-de-la-climatizacion\/#primaryimage\"},\"thumbnailUrl\":\"https:\/\/www.actecir.cat\/wp-content\/uploads\/2023\/05\/Daikin_FITUR.jpg\",\"datePublished\":\"2020-01-20T16:04:35+00:00\",\"dateModified\":\"2023-05-10T15:05:32+00:00\",\"breadcrumb\":{\"@id\":\"https:\/\/www.actecir.cat\/es\/daikin-presentara-en-fitur-sus-novedades-en-el-sector-de-la-climatizacion\/#breadcrumb\"},\"inLanguage\":\"es\",\"potentialAction\":[{\"@type\":\"ReadAction\",\"target\":[\"https:\/\/www.actecir.cat\/es\/daikin-presentara-en-fitur-sus-novedades-en-el-sector-de-la-climatizacion\/\"]}]},{\"@type\":\"ImageObject\",\"inLanguage\":\"es\",\"@id\":\"https:\/\/www.actecir.cat\/es\/daikin-presentara-en-fitur-sus-novedades-en-el-sector-de-la-climatizacion\/#primaryimage\",\"url\":\"https:\/\/www.actecir.cat\/wp-content\/uploads\/2023\/05\/Daikin_FITUR.jpg\",\"contentUrl\":\"https:\/\/www.actecir.cat\/wp-content\/uploads\/2023\/05\/Daikin_FITUR.jpg\",\"width\":600,\"height\":400},{\"@type\":\"BreadcrumbList\",\"@id\":\"https:\/\/www.actecir.cat\/es\/daikin-presentara-en-fitur-sus-novedades-en-el-sector-de-la-climatizacion\/#breadcrumb\",\"itemListElement\":[{\"@type\":\"ListItem\",\"position\":1,\"name\":\"Inici\",\"item\":\"https:\/\/www.actecir.cat\/es\/\"},{\"@type\":\"ListItem\",\"position\":2,\"name\":\"Daikin presentar\u00e1 en FITUR sus novedades en el sector de la climatizaci\u00f3n\"}]},{\"@type\":\"WebSite\",\"@id\":\"https:\/\/www.actecir.cat\/#website\",\"url\":\"https:\/\/www.actecir.cat\/\",\"name\":\"Actecir\",\"description\":\"Associaci\u00f3 Catalana de T\u00e8cnics en Energia, Climatitzaci\u00f3 i Refrigeraci\u00f3\",\"publisher\":{\"@id\":\"https:\/\/www.actecir.cat\/#organization\"},\"potentialAction\":[{\"@type\":\"SearchAction\",\"target\":{\"@type\":\"EntryPoint\",\"urlTemplate\":\"https:\/\/www.actecir.cat\/?s={search_term_string}\"},\"query-input\":{\"@type\":\"PropertyValueSpecification\",\"valueRequired\":true,\"valueName\":\"search_term_string\"}}],\"inLanguage\":\"es\"},{\"@type\":\"Organization\",\"@id\":\"https:\/\/www.actecir.cat\/#organization\",\"name\":\"Actecir\",\"url\":\"https:\/\/www.actecir.cat\/\",\"logo\":{\"@type\":\"ImageObject\",\"inLanguage\":\"es\",\"@id\":\"https:\/\/www.actecir.cat\/#\/schema\/logo\/image\/\",\"url\":\"https:\/\/www.actecir.cat\/wp-content\/uploads\/2023\/04\/cropped-logo_actecir_60_alto.png\",\"contentUrl\":\"https:\/\/www.actecir.cat\/wp-content\/uploads\/2023\/04\/cropped-logo_actecir_60_alto.png\",\"width\":283,\"height\":80,\"caption\":\"Actecir\"},\"image\":{\"@id\":\"https:\/\/www.actecir.cat\/#\/schema\/logo\/image\/\"},\"sameAs\":[\"https:\/\/x.com\/actecir\",\"https:\/\/www.linkedin.com\/company\/actecir\"]},{\"@type\":\"Person\",\"@id\":\"https:\/\/www.actecir.cat\/#\/schema\/person\/42edd02f0b1d55e19444428c5d321413\",\"name\":\"Soporte web\",\"sameAs\":[\"https:\/\/www.actecir.cat\"],\"url\":\"https:\/\/www.actecir.cat\/es\/author\/maensystems\/\"}]}<\/script>\n<!-- \/ Yoast SEO plugin. -->","yoast_head_json":{"title":"Daikin presentar\u00e1 en FITUR sus novedades en el sector de la climatizaci\u00f3n - Actecir","robots":{"index":"index","follow":"follow","max-snippet":"max-snippet:-1","max-image-preview":"max-image-preview:large","max-video-preview":"max-video-preview:-1"},"canonical":"https:\/\/www.actecir.cat\/es\/daikin-presentara-en-fitur-sus-novedades-en-el-sector-de-la-climatizacion\/","og_locale":"es_ES","og_type":"article","og_title":"Daikin presentar\u00e1 en FITUR sus novedades en el sector de la climatizaci\u00f3n - Actecir","og_description":"En colaboraci\u00f3n con la Asociaci\u00f3n Empresarial Hotelera de Madrid y El Corte Ingl\u00e9s","og_url":"https:\/\/www.actecir.cat\/es\/daikin-presentara-en-fitur-sus-novedades-en-el-sector-de-la-climatizacion\/","og_site_name":"Actecir","article_published_time":"2020-01-20T16:04:35+00:00","article_modified_time":"2023-05-10T15:05:32+00:00","og_image":[{"width":600,"height":400,"url":"https:\/\/www.actecir.cat\/wp-content\/uploads\/2023\/05\/Daikin_FITUR.jpg","type":"image\/jpeg"}],"author":"Soporte web","twitter_card":"summary_large_image","twitter_creator":"@actecir","twitter_site":"@actecir","twitter_misc":{"Escrito por":"Soporte web","Tiempo de lectura":"1 minuto"},"schema":{"@context":"https:\/\/schema.org","@graph":[{"@type":"Article","@id":"https:\/\/www.actecir.cat\/es\/daikin-presentara-en-fitur-sus-novedades-en-el-sector-de-la-climatizacion\/#article","isPartOf":{"@id":"https:\/\/www.actecir.cat\/es\/daikin-presentara-en-fitur-sus-novedades-en-el-sector-de-la-climatizacion\/"},"author":{"name":"Soporte web","@id":"https:\/\/www.actecir.cat\/#\/schema\/person\/42edd02f0b1d55e19444428c5d321413"},"headline":"Daikin presentar\u00e1 en FITUR sus novedades en el sector de la climatizaci\u00f3n","datePublished":"2020-01-20T16:04:35+00:00","dateModified":"2023-05-10T15:05:32+00:00","mainEntityOfPage":{"@id":"https:\/\/www.actecir.cat\/es\/daikin-presentara-en-fitur-sus-novedades-en-el-sector-de-la-climatizacion\/"},"wordCount":210,"publisher":{"@id":"https:\/\/www.actecir.cat\/#organization"},"image":{"@id":"https:\/\/www.actecir.cat\/es\/daikin-presentara-en-fitur-sus-novedades-en-el-sector-de-la-climatizacion\/#primaryimage"},"thumbnailUrl":"https:\/\/www.actecir.cat\/wp-content\/uploads\/2023\/05\/Daikin_FITUR.jpg","articleSection":["Noticias"],"inLanguage":"es"},{"@type":"WebPage","@id":"https:\/\/www.actecir.cat\/es\/daikin-presentara-en-fitur-sus-novedades-en-el-sector-de-la-climatizacion\/","url":"https:\/\/www.actecir.cat\/es\/daikin-presentara-en-fitur-sus-novedades-en-el-sector-de-la-climatizacion\/","name":"Daikin presentar\u00e1 en FITUR sus novedades en el sector de la climatizaci\u00f3n - Actecir","isPartOf":{"@id":"https:\/\/www.actecir.cat\/#website"},"primaryImageOfPage":{"@id":"https:\/\/www.actecir.cat\/es\/daikin-presentara-en-fitur-sus-novedades-en-el-sector-de-la-climatizacion\/#primaryimage"},"image":{"@id":"https:\/\/www.actecir.cat\/es\/daikin-presentara-en-fitur-sus-novedades-en-el-sector-de-la-climatizacion\/#primaryimage"},"thumbnailUrl":"https:\/\/www.actecir.cat\/wp-content\/uploads\/2023\/05\/Daikin_FITUR.jpg","datePublished":"2020-01-20T16:04:35+00:00","dateModified":"2023-05-10T15:05:32+00:00","breadcrumb":{"@id":"https:\/\/www.actecir.cat\/es\/daikin-presentara-en-fitur-sus-novedades-en-el-sector-de-la-climatizacion\/#breadcrumb"},"inLanguage":"es","potentialAction":[{"@type":"ReadAction","target":["https:\/\/www.actecir.cat\/es\/daikin-presentara-en-fitur-sus-novedades-en-el-sector-de-la-climatizacion\/"]}]},{"@type":"ImageObject","inLanguage":"es","@id":"https:\/\/www.actecir.cat\/es\/daikin-presentara-en-fitur-sus-novedades-en-el-sector-de-la-climatizacion\/#primaryimage","url":"https:\/\/www.actecir.cat\/wp-content\/uploads\/2023\/05\/Daikin_FITUR.jpg","contentUrl":"https:\/\/www.actecir.cat\/wp-content\/uploads\/2023\/05\/Daikin_FITUR.jpg","width":600,"height":400},{"@type":"BreadcrumbList","@id":"https:\/\/www.actecir.cat\/es\/daikin-presentara-en-fitur-sus-novedades-en-el-sector-de-la-climatizacion\/#breadcrumb","itemListElement":[{"@type":"ListItem","position":1,"name":"Inici","item":"https:\/\/www.actecir.cat\/es\/"},{"@type":"ListItem","position":2,"name":"Daikin presentar\u00e1 en FITUR sus novedades en el sector de la climatizaci\u00f3n"}]},{"@type":"WebSite","@id":"https:\/\/www.actecir.cat\/#website","url":"https:\/\/www.actecir.cat\/","name":"Actecir","description":"Associaci\u00f3 Catalana de T\u00e8cnics en Energia, Climatitzaci\u00f3 i Refrigeraci\u00f3","publisher":{"@id":"https:\/\/www.actecir.cat\/#organization"},"potentialAction":[{"@type":"SearchAction","target":{"@type":"EntryPoint","urlTemplate":"https:\/\/www.actecir.cat\/?s={search_term_string}"},"query-input":{"@type":"PropertyValueSpecification","valueRequired":true,"valueName":"search_term_string"}}],"inLanguage":"es"},{"@type":"Organization","@id":"https:\/\/www.actecir.cat\/#organization","name":"Actecir","url":"https:\/\/www.actecir.cat\/","logo":{"@type":"ImageObject","inLanguage":"es","@id":"https:\/\/www.actecir.cat\/#\/schema\/logo\/image\/","url":"https:\/\/www.actecir.cat\/wp-content\/uploads\/2023\/04\/cropped-logo_actecir_60_alto.png","contentUrl":"https:\/\/www.actecir.cat\/wp-content\/uploads\/2023\/04\/cropped-logo_actecir_60_alto.png","width":283,"height":80,"caption":"Actecir"},"image":{"@id":"https:\/\/www.actecir.cat\/#\/schema\/logo\/image\/"},"sameAs":["https:\/\/x.com\/actecir","https:\/\/www.linkedin.com\/company\/actecir"]},{"@type":"Person","@id":"https:\/\/www.actecir.cat\/#\/schema\/person\/42edd02f0b1d55e19444428c5d321413","name":"Soporte web","sameAs":["https:\/\/www.actecir.cat"],"url":"https:\/\/www.actecir.cat\/es\/author\/maensystems\/"}]}},"_links":{"self":[{"href":"https:\/\/www.actecir.cat\/es\/wp-json\/wp\/v2\/posts\/6239","targetHints":{"allow":["GET"]}}],"collection":[{"href":"https:\/\/www.actecir.cat\/es\/wp-json\/wp\/v2\/posts"}],"about":[{"href":"https:\/\/www.actecir.cat\/es\/wp-json\/wp\/v2\/types\/post"}],"author":[{"embeddable":true,"href":"https:\/\/www.actecir.cat\/es\/wp-json\/wp\/v2\/users\/1"}],"replies":[{"embeddable":true,"href":"https:\/\/www.actecir.cat\/es\/wp-json\/wp\/v2\/comments?post=6239"}],"version-history":[{"count":1,"href":"https:\/\/www.actecir.cat\/es\/wp-json\/wp\/v2\/posts\/6239\/revisions"}],"predecessor-version":[{"id":6240,"href":"https:\/\/www.actecir.cat\/es\/wp-json\/wp\/v2\/posts\/6239\/revisions\/6240"}],"wp:featuredmedia":[{"embeddable":true,"href":"https:\/\/www.actecir.cat\/es\/wp-json\/wp\/v2\/media\/6237"}],"wp:attachment":[{"href":"https:\/\/www.actecir.cat\/es\/wp-json\/wp\/v2\/media?parent=6239"}],"wp:term":[{"taxonomy":"category","embeddable":true,"href":"https:\/\/www.actecir.cat\/es\/wp-json\/wp\/v2\/categories?post=6239"},{"taxonomy":"post_tag","embeddable":true,"href":"https:\/\/www.actecir.cat\/es\/wp-json\/wp\/v2\/tags?post=6239"}],"curies":[{"name":"wp","href":"https:\/\/api.w.org\/{rel}","templated":true}]}}