{"id":6284,"date":"2019-11-28T17:18:36","date_gmt":"2019-11-28T16:18:36","guid":{"rendered":"https:\/\/www.actecir.cat\/jornada-eurofred-curs-de-qualitat-daire-interior\/"},"modified":"2023-05-10T17:29:17","modified_gmt":"2023-05-10T15:29:17","slug":"jornada-eurofred-curs-de-qualitat-daire-interior","status":"publish","type":"post","link":"https:\/\/www.actecir.cat\/es\/jornada-eurofred-curs-de-qualitat-daire-interior\/","title":{"rendered":"Jornada Eurofred: Curso de calidad de aire interior"},"content":{"rendered":"<p>Se celebr\u00f3 el d\u00eda 19 de noviembre<\/p>\n<p>El d\u00eda 19 de noviembre se realiz\u00f3 la jornada de Eurofred al Institut Catal\u00e0 d&#8217;Energia (ICAEN)<\/p>\n<p>&nbsp;<\/p>\n<div id='gallery-1' class='gallery galleryid-6284 gallery-columns-3 gallery-size-full'><figure class='gallery-item'>\n\t\t\t<div class='gallery-icon landscape'>\n\t\t\t\t<a href='https:\/\/www.actecir.cat\/es\/jornada-eurofred-curs-de-qualitat-daire-interior\/dsc_2259_-2\/'><img fetchpriority=\"high\" decoding=\"async\" width=\"600\" height=\"346\" src=\"https:\/\/www.actecir.cat\/wp-content\/uploads\/2023\/05\/DSC_2259_.jpg\" class=\"attachment-full size-full\" alt=\"\" srcset=\"https:\/\/www.actecir.cat\/wp-content\/uploads\/2023\/05\/DSC_2259_.jpg 600w, https:\/\/www.actecir.cat\/wp-content\/uploads\/2023\/05\/DSC_2259_-300x173.jpg 300w\" sizes=\"(max-width: 600px) 100vw, 600px\" \/><\/a>\n\t\t\t<\/div><\/figure><figure class='gallery-item'>\n\t\t\t<div class='gallery-icon landscape'>\n\t\t\t\t<a href='https:\/\/www.actecir.cat\/es\/jornada-eurofred-curs-de-qualitat-daire-interior\/dsc_2234_-2\/'><img decoding=\"async\" width=\"600\" height=\"398\" src=\"https:\/\/www.actecir.cat\/wp-content\/uploads\/2023\/05\/DSC_2234_.jpg\" class=\"attachment-full size-full\" alt=\"\" srcset=\"https:\/\/www.actecir.cat\/wp-content\/uploads\/2023\/05\/DSC_2234_.jpg 600w, https:\/\/www.actecir.cat\/wp-content\/uploads\/2023\/05\/DSC_2234_-300x199.jpg 300w\" sizes=\"(max-width: 600px) 100vw, 600px\" \/><\/a>\n\t\t\t<\/div><\/figure><figure class='gallery-item'>\n\t\t\t<div class='gallery-icon landscape'>\n\t\t\t\t<a href='https:\/\/www.actecir.cat\/es\/jornada-eurofred-curs-de-qualitat-daire-interior\/dsc_2233_-2\/'><img decoding=\"async\" width=\"600\" height=\"398\" src=\"https:\/\/www.actecir.cat\/wp-content\/uploads\/2023\/05\/DSC_2233_.jpg\" class=\"attachment-full size-full\" alt=\"\" srcset=\"https:\/\/www.actecir.cat\/wp-content\/uploads\/2023\/05\/DSC_2233_.jpg 600w, https:\/\/www.actecir.cat\/wp-content\/uploads\/2023\/05\/DSC_2233_-300x199.jpg 300w\" sizes=\"(max-width: 600px) 100vw, 600px\" \/><\/a>\n\t\t\t<\/div><\/figure><figure class='gallery-item'>\n\t\t\t<div class='gallery-icon landscape'>\n\t\t\t\t<a href='https:\/\/www.actecir.cat\/es\/jornada-eurofred-curs-de-qualitat-daire-interior\/dsc_2229_-2\/'><img loading=\"lazy\" decoding=\"async\" width=\"600\" height=\"386\" src=\"https:\/\/www.actecir.cat\/wp-content\/uploads\/2023\/05\/DSC_2229_.jpg\" class=\"attachment-full size-full\" alt=\"\" srcset=\"https:\/\/www.actecir.cat\/wp-content\/uploads\/2023\/05\/DSC_2229_.jpg 600w, https:\/\/www.actecir.cat\/wp-content\/uploads\/2023\/05\/DSC_2229_-300x193.jpg 300w\" sizes=\"(max-width: 600px) 100vw, 600px\" \/><\/a>\n\t\t\t<\/div><\/figure><figure class='gallery-item'>\n\t\t\t<div class='gallery-icon landscape'>\n\t\t\t\t<a href='https:\/\/www.actecir.cat\/es\/jornada-eurofred-curs-de-qualitat-daire-interior\/dsc_2230_-2\/'><img loading=\"lazy\" decoding=\"async\" width=\"600\" height=\"358\" src=\"https:\/\/www.actecir.cat\/wp-content\/uploads\/2023\/05\/DSC_2230_.jpg\" class=\"attachment-full size-full\" alt=\"\" srcset=\"https:\/\/www.actecir.cat\/wp-content\/uploads\/2023\/05\/DSC_2230_.jpg 600w, https:\/\/www.actecir.cat\/wp-content\/uploads\/2023\/05\/DSC_2230_-300x179.jpg 300w\" sizes=\"(max-width: 600px) 100vw, 600px\" \/><\/a>\n\t\t\t<\/div><\/figure>\n\t\t<\/div>\n\n","protected":false},"excerpt":{"rendered":"<p>Se celebr\u00f3 el d\u00eda 19 de noviembre<\/p>\n","protected":false},"author":1,"featured_media":6279,"comment_status":"closed","ping_status":"closed","sticky":false,"template":"","format":"standard","meta":{"footnotes":""},"categories":[25],"tags":[],"class_list":["post-6284","post","type-post","status-publish","format-standard","has-post-thumbnail","hentry","category-noticias"],"yoast_head":"<!-- This site is optimized with the Yoast SEO plugin v27.2 - https:\/\/yoast.com\/product\/yoast-seo-wordpress\/ -->\n<title>Jornada Eurofred: Curso de calidad de aire interior - Actecir<\/title>\n<meta name=\"robots\" content=\"index, follow, max-snippet:-1, max-image-preview:large, max-video-preview:-1\" \/>\n<link rel=\"canonical\" href=\"https:\/\/www.actecir.cat\/es\/jornada-eurofred-curs-de-qualitat-daire-interior\/\" \/>\n<meta property=\"og:locale\" content=\"es_ES\" \/>\n<meta property=\"og:type\" content=\"article\" \/>\n<meta property=\"og:title\" content=\"Jornada Eurofred: Curso de calidad de aire interior - Actecir\" \/>\n<meta property=\"og:description\" content=\"Se celebr\u00f3 el d\u00eda 19 de noviembre\" \/>\n<meta property=\"og:url\" content=\"https:\/\/www.actecir.cat\/es\/jornada-eurofred-curs-de-qualitat-daire-interior\/\" \/>\n<meta property=\"og:site_name\" content=\"Actecir\" \/>\n<meta property=\"article:published_time\" content=\"2019-11-28T16:18:36+00:00\" \/>\n<meta property=\"article:modified_time\" content=\"2023-05-10T15:29:17+00:00\" \/>\n<meta property=\"og:image\" content=\"https:\/\/www.actecir.cat\/wp-content\/uploads\/2023\/05\/Eurofred_JORNADA_600_400.png\" \/>\n\t<meta property=\"og:image:width\" content=\"600\" \/>\n\t<meta property=\"og:image:height\" content=\"400\" \/>\n\t<meta property=\"og:image:type\" content=\"image\/png\" \/>\n<meta name=\"author\" content=\"Soporte web\" \/>\n<meta name=\"twitter:card\" content=\"summary_large_image\" \/>\n<meta name=\"twitter:creator\" content=\"@actecir\" \/>\n<meta name=\"twitter:site\" content=\"@actecir\" \/>\n<meta name=\"twitter:label1\" content=\"Escrito por\" \/>\n\t<meta name=\"twitter:data1\" content=\"Soporte web\" \/>\n<script type=\"application\/ld+json\" class=\"yoast-schema-graph\">{\"@context\":\"https:\/\/schema.org\",\"@graph\":[{\"@type\":\"Article\",\"@id\":\"https:\/\/www.actecir.cat\/es\/jornada-eurofred-curs-de-qualitat-daire-interior\/#article\",\"isPartOf\":{\"@id\":\"https:\/\/www.actecir.cat\/es\/jornada-eurofred-curs-de-qualitat-daire-interior\/\"},\"author\":{\"name\":\"Soporte web\",\"@id\":\"https:\/\/www.actecir.cat\/#\/schema\/person\/42edd02f0b1d55e19444428c5d321413\"},\"headline\":\"Jornada Eurofred: Curso de calidad de aire interior\",\"datePublished\":\"2019-11-28T16:18:36+00:00\",\"dateModified\":\"2023-05-10T15:29:17+00:00\",\"mainEntityOfPage\":{\"@id\":\"https:\/\/www.actecir.cat\/es\/jornada-eurofred-curs-de-qualitat-daire-interior\/\"},\"wordCount\":37,\"publisher\":{\"@id\":\"https:\/\/www.actecir.cat\/#organization\"},\"image\":{\"@id\":\"https:\/\/www.actecir.cat\/es\/jornada-eurofred-curs-de-qualitat-daire-interior\/#primaryimage\"},\"thumbnailUrl\":\"https:\/\/www.actecir.cat\/wp-content\/uploads\/2023\/05\/Eurofred_JORNADA_600_400.png\",\"articleSection\":[\"Noticias\"],\"inLanguage\":\"es\"},{\"@type\":\"WebPage\",\"@id\":\"https:\/\/www.actecir.cat\/es\/jornada-eurofred-curs-de-qualitat-daire-interior\/\",\"url\":\"https:\/\/www.actecir.cat\/es\/jornada-eurofred-curs-de-qualitat-daire-interior\/\",\"name\":\"Jornada Eurofred: Curso de calidad de aire interior - Actecir\",\"isPartOf\":{\"@id\":\"https:\/\/www.actecir.cat\/#website\"},\"primaryImageOfPage\":{\"@id\":\"https:\/\/www.actecir.cat\/es\/jornada-eurofred-curs-de-qualitat-daire-interior\/#primaryimage\"},\"image\":{\"@id\":\"https:\/\/www.actecir.cat\/es\/jornada-eurofred-curs-de-qualitat-daire-interior\/#primaryimage\"},\"thumbnailUrl\":\"https:\/\/www.actecir.cat\/wp-content\/uploads\/2023\/05\/Eurofred_JORNADA_600_400.png\",\"datePublished\":\"2019-11-28T16:18:36+00:00\",\"dateModified\":\"2023-05-10T15:29:17+00:00\",\"breadcrumb\":{\"@id\":\"https:\/\/www.actecir.cat\/es\/jornada-eurofred-curs-de-qualitat-daire-interior\/#breadcrumb\"},\"inLanguage\":\"es\",\"potentialAction\":[{\"@type\":\"ReadAction\",\"target\":[\"https:\/\/www.actecir.cat\/es\/jornada-eurofred-curs-de-qualitat-daire-interior\/\"]}]},{\"@type\":\"ImageObject\",\"inLanguage\":\"es\",\"@id\":\"https:\/\/www.actecir.cat\/es\/jornada-eurofred-curs-de-qualitat-daire-interior\/#primaryimage\",\"url\":\"https:\/\/www.actecir.cat\/wp-content\/uploads\/2023\/05\/Eurofred_JORNADA_600_400.png\",\"contentUrl\":\"https:\/\/www.actecir.cat\/wp-content\/uploads\/2023\/05\/Eurofred_JORNADA_600_400.png\",\"width\":600,\"height\":400},{\"@type\":\"BreadcrumbList\",\"@id\":\"https:\/\/www.actecir.cat\/es\/jornada-eurofred-curs-de-qualitat-daire-interior\/#breadcrumb\",\"itemListElement\":[{\"@type\":\"ListItem\",\"position\":1,\"name\":\"Inici\",\"item\":\"https:\/\/www.actecir.cat\/es\/\"},{\"@type\":\"ListItem\",\"position\":2,\"name\":\"Jornada Eurofred: Curso de calidad de aire interior\"}]},{\"@type\":\"WebSite\",\"@id\":\"https:\/\/www.actecir.cat\/#website\",\"url\":\"https:\/\/www.actecir.cat\/\",\"name\":\"Actecir\",\"description\":\"Associaci\u00f3 Catalana de T\u00e8cnics en Energia, Climatitzaci\u00f3 i Refrigeraci\u00f3\",\"publisher\":{\"@id\":\"https:\/\/www.actecir.cat\/#organization\"},\"potentialAction\":[{\"@type\":\"SearchAction\",\"target\":{\"@type\":\"EntryPoint\",\"urlTemplate\":\"https:\/\/www.actecir.cat\/?s={search_term_string}\"},\"query-input\":{\"@type\":\"PropertyValueSpecification\",\"valueRequired\":true,\"valueName\":\"search_term_string\"}}],\"inLanguage\":\"es\"},{\"@type\":\"Organization\",\"@id\":\"https:\/\/www.actecir.cat\/#organization\",\"name\":\"Actecir\",\"url\":\"https:\/\/www.actecir.cat\/\",\"logo\":{\"@type\":\"ImageObject\",\"inLanguage\":\"es\",\"@id\":\"https:\/\/www.actecir.cat\/#\/schema\/logo\/image\/\",\"url\":\"https:\/\/www.actecir.cat\/wp-content\/uploads\/2023\/04\/cropped-logo_actecir_60_alto.png\",\"contentUrl\":\"https:\/\/www.actecir.cat\/wp-content\/uploads\/2023\/04\/cropped-logo_actecir_60_alto.png\",\"width\":283,\"height\":80,\"caption\":\"Actecir\"},\"image\":{\"@id\":\"https:\/\/www.actecir.cat\/#\/schema\/logo\/image\/\"},\"sameAs\":[\"https:\/\/x.com\/actecir\",\"https:\/\/www.linkedin.com\/company\/actecir\"]},{\"@type\":\"Person\",\"@id\":\"https:\/\/www.actecir.cat\/#\/schema\/person\/42edd02f0b1d55e19444428c5d321413\",\"name\":\"Soporte web\",\"sameAs\":[\"https:\/\/www.actecir.cat\"],\"url\":\"https:\/\/www.actecir.cat\/es\/author\/maensystems\/\"}]}<\/script>\n<!-- \/ Yoast SEO plugin. -->","yoast_head_json":{"title":"Jornada Eurofred: Curso de calidad de aire interior - Actecir","robots":{"index":"index","follow":"follow","max-snippet":"max-snippet:-1","max-image-preview":"max-image-preview:large","max-video-preview":"max-video-preview:-1"},"canonical":"https:\/\/www.actecir.cat\/es\/jornada-eurofred-curs-de-qualitat-daire-interior\/","og_locale":"es_ES","og_type":"article","og_title":"Jornada Eurofred: Curso de calidad de aire interior - Actecir","og_description":"Se celebr\u00f3 el d\u00eda 19 de noviembre","og_url":"https:\/\/www.actecir.cat\/es\/jornada-eurofred-curs-de-qualitat-daire-interior\/","og_site_name":"Actecir","article_published_time":"2019-11-28T16:18:36+00:00","article_modified_time":"2023-05-10T15:29:17+00:00","og_image":[{"width":600,"height":400,"url":"https:\/\/www.actecir.cat\/wp-content\/uploads\/2023\/05\/Eurofred_JORNADA_600_400.png","type":"image\/png"}],"author":"Soporte web","twitter_card":"summary_large_image","twitter_creator":"@actecir","twitter_site":"@actecir","twitter_misc":{"Escrito por":"Soporte web"},"schema":{"@context":"https:\/\/schema.org","@graph":[{"@type":"Article","@id":"https:\/\/www.actecir.cat\/es\/jornada-eurofred-curs-de-qualitat-daire-interior\/#article","isPartOf":{"@id":"https:\/\/www.actecir.cat\/es\/jornada-eurofred-curs-de-qualitat-daire-interior\/"},"author":{"name":"Soporte web","@id":"https:\/\/www.actecir.cat\/#\/schema\/person\/42edd02f0b1d55e19444428c5d321413"},"headline":"Jornada Eurofred: Curso de calidad de aire interior","datePublished":"2019-11-28T16:18:36+00:00","dateModified":"2023-05-10T15:29:17+00:00","mainEntityOfPage":{"@id":"https:\/\/www.actecir.cat\/es\/jornada-eurofred-curs-de-qualitat-daire-interior\/"},"wordCount":37,"publisher":{"@id":"https:\/\/www.actecir.cat\/#organization"},"image":{"@id":"https:\/\/www.actecir.cat\/es\/jornada-eurofred-curs-de-qualitat-daire-interior\/#primaryimage"},"thumbnailUrl":"https:\/\/www.actecir.cat\/wp-content\/uploads\/2023\/05\/Eurofred_JORNADA_600_400.png","articleSection":["Noticias"],"inLanguage":"es"},{"@type":"WebPage","@id":"https:\/\/www.actecir.cat\/es\/jornada-eurofred-curs-de-qualitat-daire-interior\/","url":"https:\/\/www.actecir.cat\/es\/jornada-eurofred-curs-de-qualitat-daire-interior\/","name":"Jornada Eurofred: Curso de calidad de aire interior - Actecir","isPartOf":{"@id":"https:\/\/www.actecir.cat\/#website"},"primaryImageOfPage":{"@id":"https:\/\/www.actecir.cat\/es\/jornada-eurofred-curs-de-qualitat-daire-interior\/#primaryimage"},"image":{"@id":"https:\/\/www.actecir.cat\/es\/jornada-eurofred-curs-de-qualitat-daire-interior\/#primaryimage"},"thumbnailUrl":"https:\/\/www.actecir.cat\/wp-content\/uploads\/2023\/05\/Eurofred_JORNADA_600_400.png","datePublished":"2019-11-28T16:18:36+00:00","dateModified":"2023-05-10T15:29:17+00:00","breadcrumb":{"@id":"https:\/\/www.actecir.cat\/es\/jornada-eurofred-curs-de-qualitat-daire-interior\/#breadcrumb"},"inLanguage":"es","potentialAction":[{"@type":"ReadAction","target":["https:\/\/www.actecir.cat\/es\/jornada-eurofred-curs-de-qualitat-daire-interior\/"]}]},{"@type":"ImageObject","inLanguage":"es","@id":"https:\/\/www.actecir.cat\/es\/jornada-eurofred-curs-de-qualitat-daire-interior\/#primaryimage","url":"https:\/\/www.actecir.cat\/wp-content\/uploads\/2023\/05\/Eurofred_JORNADA_600_400.png","contentUrl":"https:\/\/www.actecir.cat\/wp-content\/uploads\/2023\/05\/Eurofred_JORNADA_600_400.png","width":600,"height":400},{"@type":"BreadcrumbList","@id":"https:\/\/www.actecir.cat\/es\/jornada-eurofred-curs-de-qualitat-daire-interior\/#breadcrumb","itemListElement":[{"@type":"ListItem","position":1,"name":"Inici","item":"https:\/\/www.actecir.cat\/es\/"},{"@type":"ListItem","position":2,"name":"Jornada Eurofred: Curso de calidad de aire interior"}]},{"@type":"WebSite","@id":"https:\/\/www.actecir.cat\/#website","url":"https:\/\/www.actecir.cat\/","name":"Actecir","description":"Associaci\u00f3 Catalana de T\u00e8cnics en Energia, Climatitzaci\u00f3 i Refrigeraci\u00f3","publisher":{"@id":"https:\/\/www.actecir.cat\/#organization"},"potentialAction":[{"@type":"SearchAction","target":{"@type":"EntryPoint","urlTemplate":"https:\/\/www.actecir.cat\/?s={search_term_string}"},"query-input":{"@type":"PropertyValueSpecification","valueRequired":true,"valueName":"search_term_string"}}],"inLanguage":"es"},{"@type":"Organization","@id":"https:\/\/www.actecir.cat\/#organization","name":"Actecir","url":"https:\/\/www.actecir.cat\/","logo":{"@type":"ImageObject","inLanguage":"es","@id":"https:\/\/www.actecir.cat\/#\/schema\/logo\/image\/","url":"https:\/\/www.actecir.cat\/wp-content\/uploads\/2023\/04\/cropped-logo_actecir_60_alto.png","contentUrl":"https:\/\/www.actecir.cat\/wp-content\/uploads\/2023\/04\/cropped-logo_actecir_60_alto.png","width":283,"height":80,"caption":"Actecir"},"image":{"@id":"https:\/\/www.actecir.cat\/#\/schema\/logo\/image\/"},"sameAs":["https:\/\/x.com\/actecir","https:\/\/www.linkedin.com\/company\/actecir"]},{"@type":"Person","@id":"https:\/\/www.actecir.cat\/#\/schema\/person\/42edd02f0b1d55e19444428c5d321413","name":"Soporte web","sameAs":["https:\/\/www.actecir.cat"],"url":"https:\/\/www.actecir.cat\/es\/author\/maensystems\/"}]}},"_links":{"self":[{"href":"https:\/\/www.actecir.cat\/es\/wp-json\/wp\/v2\/posts\/6284","targetHints":{"allow":["GET"]}}],"collection":[{"href":"https:\/\/www.actecir.cat\/es\/wp-json\/wp\/v2\/posts"}],"about":[{"href":"https:\/\/www.actecir.cat\/es\/wp-json\/wp\/v2\/types\/post"}],"author":[{"embeddable":true,"href":"https:\/\/www.actecir.cat\/es\/wp-json\/wp\/v2\/users\/1"}],"replies":[{"embeddable":true,"href":"https:\/\/www.actecir.cat\/es\/wp-json\/wp\/v2\/comments?post=6284"}],"version-history":[{"count":1,"href":"https:\/\/www.actecir.cat\/es\/wp-json\/wp\/v2\/posts\/6284\/revisions"}],"predecessor-version":[{"id":6285,"href":"https:\/\/www.actecir.cat\/es\/wp-json\/wp\/v2\/posts\/6284\/revisions\/6285"}],"wp:featuredmedia":[{"embeddable":true,"href":"https:\/\/www.actecir.cat\/es\/wp-json\/wp\/v2\/media\/6279"}],"wp:attachment":[{"href":"https:\/\/www.actecir.cat\/es\/wp-json\/wp\/v2\/media?parent=6284"}],"wp:term":[{"taxonomy":"category","embeddable":true,"href":"https:\/\/www.actecir.cat\/es\/wp-json\/wp\/v2\/categories?post=6284"},{"taxonomy":"post_tag","embeddable":true,"href":"https:\/\/www.actecir.cat\/es\/wp-json\/wp\/v2\/tags?post=6284"}],"curies":[{"name":"wp","href":"https:\/\/api.w.org\/{rel}","templated":true}]}}