{"id":6306,"date":"2019-11-07T17:40:42","date_gmt":"2019-11-07T16:40:42","guid":{"rendered":"https:\/\/www.actecir.cat\/?p=6306"},"modified":"2023-07-07T13:52:26","modified_gmt":"2023-07-07T11:52:26","slug":"daikin-patrocina-la-xi-conferencia-espanola-passivhaus","status":"publish","type":"post","link":"https:\/\/www.actecir.cat\/es\/daikin-patrocina-la-xi-conferencia-espanola-passivhaus\/","title":{"rendered":"Daikin patrocina la XI Conferencia Espa\u00f1ola Passivhaus"},"content":{"rendered":"<p><strong>El evento tendr\u00e1 lugar entre los d\u00edas 11 y 16 de noviembre<\/strong><\/p>\n<p>&nbsp;<\/p>\n<p>Madrid, 6 de noviembre de 2019<\/p>\n<p>Daikin, como compa\u00f1\u00eda l\u00edder en el \u00e1mbito de la climatizaci\u00f3n, estar\u00e1 presente por vez primera en la\u00a0<strong>XI<\/strong>\u00a0<strong>Conferencia Espa\u00f1ola Passivhaus,\u00a0<\/strong>organizada por la Plataforma de Edificaci\u00f3n Passivhaus (PEP),\u00a0<strong>que se celebra este a\u00f1o en Burgos del 11 al 16 de noviembre.\u00a0<\/strong>En el stand n\u00famero 5, se presentar\u00e1n todas las novedades de producto de calefacci\u00f3n de la compa\u00f1\u00eda. Los equipos Daikin Altherma basados en la Aerotermia (energ\u00eda gratuita del aire) cubren todas las necesidades de climatizaci\u00f3n y producci\u00f3n de Agua Caliente Sanitaria (ACS) de los usuarios e incorporan la tecnolog\u00eda m\u00e1s avanzada y eficiente del mercado.<\/p>\n<p><strong>E<\/strong>l\u00a0<strong>principal objetivo de esta Conferencia es proporcionar un foro de encuentro dirigido hacia la m\u00ednima demanda energ\u00e9tica para todo el sector de la construcci\u00f3n<\/strong>: t\u00e9cnicos, fabricantes y en definitiva todos los agentes implicados en este complejo proceso (t\u00e9cnicos, administraci\u00f3n, fabricantes y en general todos los agentes implicados en todo el proceso de dise\u00f1o, promoci\u00f3n, construcci\u00f3n y uso de edificaciones).<\/p>\n<p>Hoy en d\u00eda,\u00a0nuestros edificios son responsables del 40% de las emisiones de CO\u2082 de nuestro planeta, raz\u00f3n por la cual tanto Daikin como la Plataforma de Edificaci\u00f3n Passivhaus -y los dem\u00e1s participantes- buscan establecer par\u00e1metros que ayuden a reducir esta tasa de emisiones y garantizar un entorno m\u00e1s eficiente tanto a nivel energ\u00e9tico como econ\u00f3mico. Adem\u00e1s, hay que tener en cuenta que las personas pasamos la mayor\u00eda de nuestro tiempo en edificios -ya sean casas, colegios u oficinas- y su calidad ambiental guarda estrecha relaci\u00f3n con nuestro descanso, nuestra productividad y, a fin de cuentas, nuestra salud.<\/p>\n<p>En este sentido, Daikin, como\u00a0<strong>\u00fanico fabricante del mercado tanto de equipos de climatizaci\u00f3n como de refrigerantes,\u00a0<\/strong>ocupa una<strong>\u00a0<\/strong>posici\u00f3n privilegiada en el desarrollo de soluciones sostenibles que ayuden a reducir de manera relevante el impacto medioambiental\u00a0de las instalaciones de climatizaci\u00f3n. Adem\u00e1s, a ra\u00edz de este acuerdo, Daikin colabora en la difusi\u00f3n e implantaci\u00f3n del \u201cEst\u00e1ndar Passivhaus\u201d, un modelo de certificaci\u00f3n orientado a obtener edificios de muy baja demanda energ\u00e9tica y un reducido consumo de energ\u00eda primaria.<\/p>\n","protected":false},"excerpt":{"rendered":"<p>El evento tendr\u00e1 lugar entre los d\u00edas 11 y 16 de noviembre<\/p>\n","protected":false},"author":1,"featured_media":6304,"comment_status":"closed","ping_status":"closed","sticky":false,"template":"","format":"standard","meta":{"footnotes":""},"categories":[25],"tags":[],"class_list":["post-6306","post","type-post","status-publish","format-standard","has-post-thumbnail","hentry","category-noticias"],"yoast_head":"<!-- This site is optimized with the Yoast SEO plugin v27.2 - https:\/\/yoast.com\/product\/yoast-seo-wordpress\/ -->\n<title>Daikin patrocina la XI Conferencia Espa\u00f1ola Passivhaus - Actecir<\/title>\n<meta name=\"robots\" content=\"index, follow, max-snippet:-1, max-image-preview:large, max-video-preview:-1\" \/>\n<link rel=\"canonical\" href=\"https:\/\/www.actecir.cat\/es\/daikin-patrocina-la-xi-conferencia-espanola-passivhaus\/\" \/>\n<meta property=\"og:locale\" content=\"es_ES\" \/>\n<meta property=\"og:type\" content=\"article\" \/>\n<meta property=\"og:title\" content=\"Daikin patrocina la XI Conferencia Espa\u00f1ola Passivhaus - Actecir\" \/>\n<meta property=\"og:description\" content=\"El evento tendr\u00e1 lugar entre los d\u00edas 11 y 16 de noviembre\" \/>\n<meta property=\"og:url\" content=\"https:\/\/www.actecir.cat\/es\/daikin-patrocina-la-xi-conferencia-espanola-passivhaus\/\" \/>\n<meta property=\"og:site_name\" content=\"Actecir\" \/>\n<meta property=\"article:published_time\" content=\"2019-11-07T16:40:42+00:00\" \/>\n<meta property=\"article:modified_time\" content=\"2023-07-07T11:52:26+00:00\" \/>\n<meta property=\"og:image\" content=\"https:\/\/www.actecir.cat\/wp-content\/uploads\/2023\/05\/PORTADA_DAIKIN.png\" \/>\n\t<meta property=\"og:image:width\" content=\"600\" \/>\n\t<meta property=\"og:image:height\" content=\"400\" \/>\n\t<meta property=\"og:image:type\" content=\"image\/png\" \/>\n<meta name=\"author\" content=\"Soporte web\" \/>\n<meta name=\"twitter:card\" content=\"summary_large_image\" \/>\n<meta name=\"twitter:creator\" content=\"@actecir\" \/>\n<meta name=\"twitter:site\" content=\"@actecir\" \/>\n<meta name=\"twitter:label1\" content=\"Escrito por\" \/>\n\t<meta name=\"twitter:data1\" content=\"Soporte web\" \/>\n\t<meta name=\"twitter:label2\" content=\"Tiempo de lectura\" \/>\n\t<meta name=\"twitter:data2\" content=\"2 minutos\" \/>\n<script type=\"application\/ld+json\" class=\"yoast-schema-graph\">{\"@context\":\"https:\/\/schema.org\",\"@graph\":[{\"@type\":\"Article\",\"@id\":\"https:\/\/www.actecir.cat\/es\/daikin-patrocina-la-xi-conferencia-espanola-passivhaus\/#article\",\"isPartOf\":{\"@id\":\"https:\/\/www.actecir.cat\/es\/daikin-patrocina-la-xi-conferencia-espanola-passivhaus\/\"},\"author\":{\"name\":\"Soporte web\",\"@id\":\"https:\/\/www.actecir.cat\/#\/schema\/person\/42edd02f0b1d55e19444428c5d321413\"},\"headline\":\"Daikin patrocina la XI Conferencia Espa\u00f1ola Passivhaus\",\"datePublished\":\"2019-11-07T16:40:42+00:00\",\"dateModified\":\"2023-07-07T11:52:26+00:00\",\"mainEntityOfPage\":{\"@id\":\"https:\/\/www.actecir.cat\/es\/daikin-patrocina-la-xi-conferencia-espanola-passivhaus\/\"},\"wordCount\":399,\"publisher\":{\"@id\":\"https:\/\/www.actecir.cat\/#organization\"},\"image\":{\"@id\":\"https:\/\/www.actecir.cat\/es\/daikin-patrocina-la-xi-conferencia-espanola-passivhaus\/#primaryimage\"},\"thumbnailUrl\":\"https:\/\/www.actecir.cat\/wp-content\/uploads\/2023\/05\/PORTADA_DAIKIN.png\",\"articleSection\":[\"Noticias\"],\"inLanguage\":\"es\"},{\"@type\":\"WebPage\",\"@id\":\"https:\/\/www.actecir.cat\/es\/daikin-patrocina-la-xi-conferencia-espanola-passivhaus\/\",\"url\":\"https:\/\/www.actecir.cat\/es\/daikin-patrocina-la-xi-conferencia-espanola-passivhaus\/\",\"name\":\"Daikin patrocina la XI Conferencia Espa\u00f1ola Passivhaus - Actecir\",\"isPartOf\":{\"@id\":\"https:\/\/www.actecir.cat\/#website\"},\"primaryImageOfPage\":{\"@id\":\"https:\/\/www.actecir.cat\/es\/daikin-patrocina-la-xi-conferencia-espanola-passivhaus\/#primaryimage\"},\"image\":{\"@id\":\"https:\/\/www.actecir.cat\/es\/daikin-patrocina-la-xi-conferencia-espanola-passivhaus\/#primaryimage\"},\"thumbnailUrl\":\"https:\/\/www.actecir.cat\/wp-content\/uploads\/2023\/05\/PORTADA_DAIKIN.png\",\"datePublished\":\"2019-11-07T16:40:42+00:00\",\"dateModified\":\"2023-07-07T11:52:26+00:00\",\"breadcrumb\":{\"@id\":\"https:\/\/www.actecir.cat\/es\/daikin-patrocina-la-xi-conferencia-espanola-passivhaus\/#breadcrumb\"},\"inLanguage\":\"es\",\"potentialAction\":[{\"@type\":\"ReadAction\",\"target\":[\"https:\/\/www.actecir.cat\/es\/daikin-patrocina-la-xi-conferencia-espanola-passivhaus\/\"]}]},{\"@type\":\"ImageObject\",\"inLanguage\":\"es\",\"@id\":\"https:\/\/www.actecir.cat\/es\/daikin-patrocina-la-xi-conferencia-espanola-passivhaus\/#primaryimage\",\"url\":\"https:\/\/www.actecir.cat\/wp-content\/uploads\/2023\/05\/PORTADA_DAIKIN.png\",\"contentUrl\":\"https:\/\/www.actecir.cat\/wp-content\/uploads\/2023\/05\/PORTADA_DAIKIN.png\",\"width\":600,\"height\":400},{\"@type\":\"BreadcrumbList\",\"@id\":\"https:\/\/www.actecir.cat\/es\/daikin-patrocina-la-xi-conferencia-espanola-passivhaus\/#breadcrumb\",\"itemListElement\":[{\"@type\":\"ListItem\",\"position\":1,\"name\":\"Inici\",\"item\":\"https:\/\/www.actecir.cat\/es\/\"},{\"@type\":\"ListItem\",\"position\":2,\"name\":\"Daikin patrocina la XI Conferencia Espa\u00f1ola Passivhaus\"}]},{\"@type\":\"WebSite\",\"@id\":\"https:\/\/www.actecir.cat\/#website\",\"url\":\"https:\/\/www.actecir.cat\/\",\"name\":\"Actecir\",\"description\":\"Associaci\u00f3 Catalana de T\u00e8cnics en Energia, Climatitzaci\u00f3 i Refrigeraci\u00f3\",\"publisher\":{\"@id\":\"https:\/\/www.actecir.cat\/#organization\"},\"potentialAction\":[{\"@type\":\"SearchAction\",\"target\":{\"@type\":\"EntryPoint\",\"urlTemplate\":\"https:\/\/www.actecir.cat\/?s={search_term_string}\"},\"query-input\":{\"@type\":\"PropertyValueSpecification\",\"valueRequired\":true,\"valueName\":\"search_term_string\"}}],\"inLanguage\":\"es\"},{\"@type\":\"Organization\",\"@id\":\"https:\/\/www.actecir.cat\/#organization\",\"name\":\"Actecir\",\"url\":\"https:\/\/www.actecir.cat\/\",\"logo\":{\"@type\":\"ImageObject\",\"inLanguage\":\"es\",\"@id\":\"https:\/\/www.actecir.cat\/#\/schema\/logo\/image\/\",\"url\":\"https:\/\/www.actecir.cat\/wp-content\/uploads\/2023\/04\/cropped-logo_actecir_60_alto.png\",\"contentUrl\":\"https:\/\/www.actecir.cat\/wp-content\/uploads\/2023\/04\/cropped-logo_actecir_60_alto.png\",\"width\":283,\"height\":80,\"caption\":\"Actecir\"},\"image\":{\"@id\":\"https:\/\/www.actecir.cat\/#\/schema\/logo\/image\/\"},\"sameAs\":[\"https:\/\/x.com\/actecir\",\"https:\/\/www.linkedin.com\/company\/actecir\"]},{\"@type\":\"Person\",\"@id\":\"https:\/\/www.actecir.cat\/#\/schema\/person\/42edd02f0b1d55e19444428c5d321413\",\"name\":\"Soporte web\",\"sameAs\":[\"https:\/\/www.actecir.cat\"],\"url\":\"https:\/\/www.actecir.cat\/es\/author\/maensystems\/\"}]}<\/script>\n<!-- \/ Yoast SEO plugin. -->","yoast_head_json":{"title":"Daikin patrocina la XI Conferencia Espa\u00f1ola Passivhaus - Actecir","robots":{"index":"index","follow":"follow","max-snippet":"max-snippet:-1","max-image-preview":"max-image-preview:large","max-video-preview":"max-video-preview:-1"},"canonical":"https:\/\/www.actecir.cat\/es\/daikin-patrocina-la-xi-conferencia-espanola-passivhaus\/","og_locale":"es_ES","og_type":"article","og_title":"Daikin patrocina la XI Conferencia Espa\u00f1ola Passivhaus - Actecir","og_description":"El evento tendr\u00e1 lugar entre los d\u00edas 11 y 16 de noviembre","og_url":"https:\/\/www.actecir.cat\/es\/daikin-patrocina-la-xi-conferencia-espanola-passivhaus\/","og_site_name":"Actecir","article_published_time":"2019-11-07T16:40:42+00:00","article_modified_time":"2023-07-07T11:52:26+00:00","og_image":[{"width":600,"height":400,"url":"https:\/\/www.actecir.cat\/wp-content\/uploads\/2023\/05\/PORTADA_DAIKIN.png","type":"image\/png"}],"author":"Soporte web","twitter_card":"summary_large_image","twitter_creator":"@actecir","twitter_site":"@actecir","twitter_misc":{"Escrito por":"Soporte web","Tiempo de lectura":"2 minutos"},"schema":{"@context":"https:\/\/schema.org","@graph":[{"@type":"Article","@id":"https:\/\/www.actecir.cat\/es\/daikin-patrocina-la-xi-conferencia-espanola-passivhaus\/#article","isPartOf":{"@id":"https:\/\/www.actecir.cat\/es\/daikin-patrocina-la-xi-conferencia-espanola-passivhaus\/"},"author":{"name":"Soporte web","@id":"https:\/\/www.actecir.cat\/#\/schema\/person\/42edd02f0b1d55e19444428c5d321413"},"headline":"Daikin patrocina la XI Conferencia Espa\u00f1ola Passivhaus","datePublished":"2019-11-07T16:40:42+00:00","dateModified":"2023-07-07T11:52:26+00:00","mainEntityOfPage":{"@id":"https:\/\/www.actecir.cat\/es\/daikin-patrocina-la-xi-conferencia-espanola-passivhaus\/"},"wordCount":399,"publisher":{"@id":"https:\/\/www.actecir.cat\/#organization"},"image":{"@id":"https:\/\/www.actecir.cat\/es\/daikin-patrocina-la-xi-conferencia-espanola-passivhaus\/#primaryimage"},"thumbnailUrl":"https:\/\/www.actecir.cat\/wp-content\/uploads\/2023\/05\/PORTADA_DAIKIN.png","articleSection":["Noticias"],"inLanguage":"es"},{"@type":"WebPage","@id":"https:\/\/www.actecir.cat\/es\/daikin-patrocina-la-xi-conferencia-espanola-passivhaus\/","url":"https:\/\/www.actecir.cat\/es\/daikin-patrocina-la-xi-conferencia-espanola-passivhaus\/","name":"Daikin patrocina la XI Conferencia Espa\u00f1ola Passivhaus - Actecir","isPartOf":{"@id":"https:\/\/www.actecir.cat\/#website"},"primaryImageOfPage":{"@id":"https:\/\/www.actecir.cat\/es\/daikin-patrocina-la-xi-conferencia-espanola-passivhaus\/#primaryimage"},"image":{"@id":"https:\/\/www.actecir.cat\/es\/daikin-patrocina-la-xi-conferencia-espanola-passivhaus\/#primaryimage"},"thumbnailUrl":"https:\/\/www.actecir.cat\/wp-content\/uploads\/2023\/05\/PORTADA_DAIKIN.png","datePublished":"2019-11-07T16:40:42+00:00","dateModified":"2023-07-07T11:52:26+00:00","breadcrumb":{"@id":"https:\/\/www.actecir.cat\/es\/daikin-patrocina-la-xi-conferencia-espanola-passivhaus\/#breadcrumb"},"inLanguage":"es","potentialAction":[{"@type":"ReadAction","target":["https:\/\/www.actecir.cat\/es\/daikin-patrocina-la-xi-conferencia-espanola-passivhaus\/"]}]},{"@type":"ImageObject","inLanguage":"es","@id":"https:\/\/www.actecir.cat\/es\/daikin-patrocina-la-xi-conferencia-espanola-passivhaus\/#primaryimage","url":"https:\/\/www.actecir.cat\/wp-content\/uploads\/2023\/05\/PORTADA_DAIKIN.png","contentUrl":"https:\/\/www.actecir.cat\/wp-content\/uploads\/2023\/05\/PORTADA_DAIKIN.png","width":600,"height":400},{"@type":"BreadcrumbList","@id":"https:\/\/www.actecir.cat\/es\/daikin-patrocina-la-xi-conferencia-espanola-passivhaus\/#breadcrumb","itemListElement":[{"@type":"ListItem","position":1,"name":"Inici","item":"https:\/\/www.actecir.cat\/es\/"},{"@type":"ListItem","position":2,"name":"Daikin patrocina la XI Conferencia Espa\u00f1ola Passivhaus"}]},{"@type":"WebSite","@id":"https:\/\/www.actecir.cat\/#website","url":"https:\/\/www.actecir.cat\/","name":"Actecir","description":"Associaci\u00f3 Catalana de T\u00e8cnics en Energia, Climatitzaci\u00f3 i Refrigeraci\u00f3","publisher":{"@id":"https:\/\/www.actecir.cat\/#organization"},"potentialAction":[{"@type":"SearchAction","target":{"@type":"EntryPoint","urlTemplate":"https:\/\/www.actecir.cat\/?s={search_term_string}"},"query-input":{"@type":"PropertyValueSpecification","valueRequired":true,"valueName":"search_term_string"}}],"inLanguage":"es"},{"@type":"Organization","@id":"https:\/\/www.actecir.cat\/#organization","name":"Actecir","url":"https:\/\/www.actecir.cat\/","logo":{"@type":"ImageObject","inLanguage":"es","@id":"https:\/\/www.actecir.cat\/#\/schema\/logo\/image\/","url":"https:\/\/www.actecir.cat\/wp-content\/uploads\/2023\/04\/cropped-logo_actecir_60_alto.png","contentUrl":"https:\/\/www.actecir.cat\/wp-content\/uploads\/2023\/04\/cropped-logo_actecir_60_alto.png","width":283,"height":80,"caption":"Actecir"},"image":{"@id":"https:\/\/www.actecir.cat\/#\/schema\/logo\/image\/"},"sameAs":["https:\/\/x.com\/actecir","https:\/\/www.linkedin.com\/company\/actecir"]},{"@type":"Person","@id":"https:\/\/www.actecir.cat\/#\/schema\/person\/42edd02f0b1d55e19444428c5d321413","name":"Soporte web","sameAs":["https:\/\/www.actecir.cat"],"url":"https:\/\/www.actecir.cat\/es\/author\/maensystems\/"}]}},"_links":{"self":[{"href":"https:\/\/www.actecir.cat\/es\/wp-json\/wp\/v2\/posts\/6306","targetHints":{"allow":["GET"]}}],"collection":[{"href":"https:\/\/www.actecir.cat\/es\/wp-json\/wp\/v2\/posts"}],"about":[{"href":"https:\/\/www.actecir.cat\/es\/wp-json\/wp\/v2\/types\/post"}],"author":[{"embeddable":true,"href":"https:\/\/www.actecir.cat\/es\/wp-json\/wp\/v2\/users\/1"}],"replies":[{"embeddable":true,"href":"https:\/\/www.actecir.cat\/es\/wp-json\/wp\/v2\/comments?post=6306"}],"version-history":[{"count":2,"href":"https:\/\/www.actecir.cat\/es\/wp-json\/wp\/v2\/posts\/6306\/revisions"}],"predecessor-version":[{"id":11057,"href":"https:\/\/www.actecir.cat\/es\/wp-json\/wp\/v2\/posts\/6306\/revisions\/11057"}],"wp:featuredmedia":[{"embeddable":true,"href":"https:\/\/www.actecir.cat\/es\/wp-json\/wp\/v2\/media\/6304"}],"wp:attachment":[{"href":"https:\/\/www.actecir.cat\/es\/wp-json\/wp\/v2\/media?parent=6306"}],"wp:term":[{"taxonomy":"category","embeddable":true,"href":"https:\/\/www.actecir.cat\/es\/wp-json\/wp\/v2\/categories?post=6306"},{"taxonomy":"post_tag","embeddable":true,"href":"https:\/\/www.actecir.cat\/es\/wp-json\/wp\/v2\/tags?post=6306"}],"curies":[{"name":"wp","href":"https:\/\/api.w.org\/{rel}","templated":true}]}}