{"id":6321,"date":"2019-10-29T17:45:37","date_gmt":"2019-10-29T16:45:37","guid":{"rendered":"https:\/\/www.actecir.cat\/?p=6321"},"modified":"2023-05-10T17:47:17","modified_gmt":"2023-05-10T15:47:17","slug":"keyter-estrena-nueva-filial-en-francia","status":"publish","type":"post","link":"https:\/\/www.actecir.cat\/es\/keyter-estrena-nueva-filial-en-francia\/","title":{"rendered":"KEYTER estrena nueva filial en Francia"},"content":{"rendered":"<p>Francia es el nuevo hito empresarial de KEYTER en su estrategia de expansi\u00f3n internacional<\/p>\n<p>KEYTER dedicada a la fabricaci\u00f3n, dise\u00f1o y comercializaci\u00f3n de equipos basados en las tecnolog\u00edas de la refrigeraci\u00f3n y climatizaci\u00f3n (HVAC+R).\u00a0 Propone soluciones completas de climatizaci\u00f3n, eficientes y sostenibles para industria, aeropuertos, centros comerciales, hospitales, hoteles, centros deportivos, culturales\u2026<\/p>\n<p>Su estrategia de internacionalizaci\u00f3n le ha llevado a implantarse en Francia, este nuevo paso en la internacionalizaci\u00f3n de la empresa demuestra su compromiso directo de estar m\u00e1s cerca de los instaladores profesionales ofreci\u00e9ndoles soluciones HVAC+R adaptadas a cada aplicaci\u00f3n y m\u00e1s eficientes.<\/p>\n<p>Con esta nueva etapa, refuerza la presencia de KEYTER en Europa y territorios de Ultramar, donde ya cuenta con filiales bien asentadas como Holanda y Turqu\u00eda. La empresa ya ten\u00eda presencia en Francia desde hac\u00eda a\u00f1os a trav\u00e9s de su distribuidor y socio local, Entropie. Con esta nueva implantaci\u00f3n, KEYTER da un decidido impulso a su distribuidor en las \u00e1reas comerciales y tendr\u00e1 una mayor capacidad de respuesta ante las necesidades del mercado&#8230;<\/p>\n<p><a href=\"https:\/\/www.actecir.cat\/wp-content\/uploads\/2023\/05\/KEYTER.pdf\" target=\"_blank\" rel=\"noopener\">Haz click para seguir leyendo<\/a><\/p>\n","protected":false},"excerpt":{"rendered":"<p>Francia es el nuevo hito empresarial de KEYTER en su estrategia de expansi\u00f3n internacional<\/p>\n","protected":false},"author":1,"featured_media":6319,"comment_status":"closed","ping_status":"closed","sticky":false,"template":"","format":"standard","meta":{"footnotes":""},"categories":[25],"tags":[],"class_list":["post-6321","post","type-post","status-publish","format-standard","has-post-thumbnail","hentry","category-noticias"],"yoast_head":"<!-- This site is optimized with the Yoast SEO plugin v27.2 - https:\/\/yoast.com\/product\/yoast-seo-wordpress\/ -->\n<title>KEYTER estrena nueva filial en Francia - Actecir<\/title>\n<meta name=\"robots\" content=\"index, follow, max-snippet:-1, max-image-preview:large, max-video-preview:-1\" \/>\n<link rel=\"canonical\" href=\"https:\/\/www.actecir.cat\/es\/keyter-estrena-nueva-filial-en-francia\/\" \/>\n<meta property=\"og:locale\" content=\"es_ES\" \/>\n<meta property=\"og:type\" content=\"article\" \/>\n<meta property=\"og:title\" content=\"KEYTER estrena nueva filial en Francia - Actecir\" \/>\n<meta property=\"og:description\" content=\"Francia es el nuevo hito empresarial de KEYTER en su estrategia de expansi\u00f3n internacional\" \/>\n<meta property=\"og:url\" content=\"https:\/\/www.actecir.cat\/es\/keyter-estrena-nueva-filial-en-francia\/\" \/>\n<meta property=\"og:site_name\" content=\"Actecir\" \/>\n<meta property=\"article:published_time\" content=\"2019-10-29T16:45:37+00:00\" \/>\n<meta property=\"article:modified_time\" content=\"2023-05-10T15:47:17+00:00\" \/>\n<meta property=\"og:image\" content=\"https:\/\/www.actecir.cat\/wp-content\/uploads\/2023\/05\/PORTADA_KEY.png\" \/>\n\t<meta property=\"og:image:width\" content=\"600\" \/>\n\t<meta property=\"og:image:height\" content=\"400\" \/>\n\t<meta property=\"og:image:type\" content=\"image\/png\" \/>\n<meta name=\"author\" content=\"Soporte web\" \/>\n<meta name=\"twitter:card\" content=\"summary_large_image\" \/>\n<meta name=\"twitter:creator\" content=\"@actecir\" \/>\n<meta name=\"twitter:site\" content=\"@actecir\" \/>\n<meta name=\"twitter:label1\" content=\"Escrito por\" \/>\n\t<meta name=\"twitter:data1\" content=\"Soporte web\" \/>\n\t<meta name=\"twitter:label2\" content=\"Tiempo de lectura\" \/>\n\t<meta name=\"twitter:data2\" content=\"1 minuto\" \/>\n<script type=\"application\/ld+json\" class=\"yoast-schema-graph\">{\"@context\":\"https:\/\/schema.org\",\"@graph\":[{\"@type\":\"Article\",\"@id\":\"https:\/\/www.actecir.cat\/es\/keyter-estrena-nueva-filial-en-francia\/#article\",\"isPartOf\":{\"@id\":\"https:\/\/www.actecir.cat\/es\/keyter-estrena-nueva-filial-en-francia\/\"},\"author\":{\"name\":\"Soporte web\",\"@id\":\"https:\/\/www.actecir.cat\/#\/schema\/person\/42edd02f0b1d55e19444428c5d321413\"},\"headline\":\"KEYTER estrena nueva filial en Francia\",\"datePublished\":\"2019-10-29T16:45:37+00:00\",\"dateModified\":\"2023-05-10T15:47:17+00:00\",\"mainEntityOfPage\":{\"@id\":\"https:\/\/www.actecir.cat\/es\/keyter-estrena-nueva-filial-en-francia\/\"},\"wordCount\":200,\"publisher\":{\"@id\":\"https:\/\/www.actecir.cat\/#organization\"},\"image\":{\"@id\":\"https:\/\/www.actecir.cat\/es\/keyter-estrena-nueva-filial-en-francia\/#primaryimage\"},\"thumbnailUrl\":\"https:\/\/www.actecir.cat\/wp-content\/uploads\/2023\/05\/PORTADA_KEY.png\",\"articleSection\":[\"Noticias\"],\"inLanguage\":\"es\"},{\"@type\":\"WebPage\",\"@id\":\"https:\/\/www.actecir.cat\/es\/keyter-estrena-nueva-filial-en-francia\/\",\"url\":\"https:\/\/www.actecir.cat\/es\/keyter-estrena-nueva-filial-en-francia\/\",\"name\":\"KEYTER estrena nueva filial en Francia - Actecir\",\"isPartOf\":{\"@id\":\"https:\/\/www.actecir.cat\/#website\"},\"primaryImageOfPage\":{\"@id\":\"https:\/\/www.actecir.cat\/es\/keyter-estrena-nueva-filial-en-francia\/#primaryimage\"},\"image\":{\"@id\":\"https:\/\/www.actecir.cat\/es\/keyter-estrena-nueva-filial-en-francia\/#primaryimage\"},\"thumbnailUrl\":\"https:\/\/www.actecir.cat\/wp-content\/uploads\/2023\/05\/PORTADA_KEY.png\",\"datePublished\":\"2019-10-29T16:45:37+00:00\",\"dateModified\":\"2023-05-10T15:47:17+00:00\",\"breadcrumb\":{\"@id\":\"https:\/\/www.actecir.cat\/es\/keyter-estrena-nueva-filial-en-francia\/#breadcrumb\"},\"inLanguage\":\"es\",\"potentialAction\":[{\"@type\":\"ReadAction\",\"target\":[\"https:\/\/www.actecir.cat\/es\/keyter-estrena-nueva-filial-en-francia\/\"]}]},{\"@type\":\"ImageObject\",\"inLanguage\":\"es\",\"@id\":\"https:\/\/www.actecir.cat\/es\/keyter-estrena-nueva-filial-en-francia\/#primaryimage\",\"url\":\"https:\/\/www.actecir.cat\/wp-content\/uploads\/2023\/05\/PORTADA_KEY.png\",\"contentUrl\":\"https:\/\/www.actecir.cat\/wp-content\/uploads\/2023\/05\/PORTADA_KEY.png\",\"width\":600,\"height\":400},{\"@type\":\"BreadcrumbList\",\"@id\":\"https:\/\/www.actecir.cat\/es\/keyter-estrena-nueva-filial-en-francia\/#breadcrumb\",\"itemListElement\":[{\"@type\":\"ListItem\",\"position\":1,\"name\":\"Inici\",\"item\":\"https:\/\/www.actecir.cat\/es\/\"},{\"@type\":\"ListItem\",\"position\":2,\"name\":\"KEYTER estrena nueva filial en Francia\"}]},{\"@type\":\"WebSite\",\"@id\":\"https:\/\/www.actecir.cat\/#website\",\"url\":\"https:\/\/www.actecir.cat\/\",\"name\":\"Actecir\",\"description\":\"Associaci\u00f3 Catalana de T\u00e8cnics en Energia, Climatitzaci\u00f3 i Refrigeraci\u00f3\",\"publisher\":{\"@id\":\"https:\/\/www.actecir.cat\/#organization\"},\"potentialAction\":[{\"@type\":\"SearchAction\",\"target\":{\"@type\":\"EntryPoint\",\"urlTemplate\":\"https:\/\/www.actecir.cat\/?s={search_term_string}\"},\"query-input\":{\"@type\":\"PropertyValueSpecification\",\"valueRequired\":true,\"valueName\":\"search_term_string\"}}],\"inLanguage\":\"es\"},{\"@type\":\"Organization\",\"@id\":\"https:\/\/www.actecir.cat\/#organization\",\"name\":\"Actecir\",\"url\":\"https:\/\/www.actecir.cat\/\",\"logo\":{\"@type\":\"ImageObject\",\"inLanguage\":\"es\",\"@id\":\"https:\/\/www.actecir.cat\/#\/schema\/logo\/image\/\",\"url\":\"https:\/\/www.actecir.cat\/wp-content\/uploads\/2023\/04\/cropped-logo_actecir_60_alto.png\",\"contentUrl\":\"https:\/\/www.actecir.cat\/wp-content\/uploads\/2023\/04\/cropped-logo_actecir_60_alto.png\",\"width\":283,\"height\":80,\"caption\":\"Actecir\"},\"image\":{\"@id\":\"https:\/\/www.actecir.cat\/#\/schema\/logo\/image\/\"},\"sameAs\":[\"https:\/\/x.com\/actecir\",\"https:\/\/www.linkedin.com\/company\/actecir\"]},{\"@type\":\"Person\",\"@id\":\"https:\/\/www.actecir.cat\/#\/schema\/person\/42edd02f0b1d55e19444428c5d321413\",\"name\":\"Soporte web\",\"sameAs\":[\"https:\/\/www.actecir.cat\"],\"url\":\"https:\/\/www.actecir.cat\/es\/author\/maensystems\/\"}]}<\/script>\n<!-- \/ Yoast SEO plugin. -->","yoast_head_json":{"title":"KEYTER estrena nueva filial en Francia - Actecir","robots":{"index":"index","follow":"follow","max-snippet":"max-snippet:-1","max-image-preview":"max-image-preview:large","max-video-preview":"max-video-preview:-1"},"canonical":"https:\/\/www.actecir.cat\/es\/keyter-estrena-nueva-filial-en-francia\/","og_locale":"es_ES","og_type":"article","og_title":"KEYTER estrena nueva filial en Francia - Actecir","og_description":"Francia es el nuevo hito empresarial de KEYTER en su estrategia de expansi\u00f3n internacional","og_url":"https:\/\/www.actecir.cat\/es\/keyter-estrena-nueva-filial-en-francia\/","og_site_name":"Actecir","article_published_time":"2019-10-29T16:45:37+00:00","article_modified_time":"2023-05-10T15:47:17+00:00","og_image":[{"width":600,"height":400,"url":"https:\/\/www.actecir.cat\/wp-content\/uploads\/2023\/05\/PORTADA_KEY.png","type":"image\/png"}],"author":"Soporte web","twitter_card":"summary_large_image","twitter_creator":"@actecir","twitter_site":"@actecir","twitter_misc":{"Escrito por":"Soporte web","Tiempo de lectura":"1 minuto"},"schema":{"@context":"https:\/\/schema.org","@graph":[{"@type":"Article","@id":"https:\/\/www.actecir.cat\/es\/keyter-estrena-nueva-filial-en-francia\/#article","isPartOf":{"@id":"https:\/\/www.actecir.cat\/es\/keyter-estrena-nueva-filial-en-francia\/"},"author":{"name":"Soporte web","@id":"https:\/\/www.actecir.cat\/#\/schema\/person\/42edd02f0b1d55e19444428c5d321413"},"headline":"KEYTER estrena nueva filial en Francia","datePublished":"2019-10-29T16:45:37+00:00","dateModified":"2023-05-10T15:47:17+00:00","mainEntityOfPage":{"@id":"https:\/\/www.actecir.cat\/es\/keyter-estrena-nueva-filial-en-francia\/"},"wordCount":200,"publisher":{"@id":"https:\/\/www.actecir.cat\/#organization"},"image":{"@id":"https:\/\/www.actecir.cat\/es\/keyter-estrena-nueva-filial-en-francia\/#primaryimage"},"thumbnailUrl":"https:\/\/www.actecir.cat\/wp-content\/uploads\/2023\/05\/PORTADA_KEY.png","articleSection":["Noticias"],"inLanguage":"es"},{"@type":"WebPage","@id":"https:\/\/www.actecir.cat\/es\/keyter-estrena-nueva-filial-en-francia\/","url":"https:\/\/www.actecir.cat\/es\/keyter-estrena-nueva-filial-en-francia\/","name":"KEYTER estrena nueva filial en Francia - Actecir","isPartOf":{"@id":"https:\/\/www.actecir.cat\/#website"},"primaryImageOfPage":{"@id":"https:\/\/www.actecir.cat\/es\/keyter-estrena-nueva-filial-en-francia\/#primaryimage"},"image":{"@id":"https:\/\/www.actecir.cat\/es\/keyter-estrena-nueva-filial-en-francia\/#primaryimage"},"thumbnailUrl":"https:\/\/www.actecir.cat\/wp-content\/uploads\/2023\/05\/PORTADA_KEY.png","datePublished":"2019-10-29T16:45:37+00:00","dateModified":"2023-05-10T15:47:17+00:00","breadcrumb":{"@id":"https:\/\/www.actecir.cat\/es\/keyter-estrena-nueva-filial-en-francia\/#breadcrumb"},"inLanguage":"es","potentialAction":[{"@type":"ReadAction","target":["https:\/\/www.actecir.cat\/es\/keyter-estrena-nueva-filial-en-francia\/"]}]},{"@type":"ImageObject","inLanguage":"es","@id":"https:\/\/www.actecir.cat\/es\/keyter-estrena-nueva-filial-en-francia\/#primaryimage","url":"https:\/\/www.actecir.cat\/wp-content\/uploads\/2023\/05\/PORTADA_KEY.png","contentUrl":"https:\/\/www.actecir.cat\/wp-content\/uploads\/2023\/05\/PORTADA_KEY.png","width":600,"height":400},{"@type":"BreadcrumbList","@id":"https:\/\/www.actecir.cat\/es\/keyter-estrena-nueva-filial-en-francia\/#breadcrumb","itemListElement":[{"@type":"ListItem","position":1,"name":"Inici","item":"https:\/\/www.actecir.cat\/es\/"},{"@type":"ListItem","position":2,"name":"KEYTER estrena nueva filial en Francia"}]},{"@type":"WebSite","@id":"https:\/\/www.actecir.cat\/#website","url":"https:\/\/www.actecir.cat\/","name":"Actecir","description":"Associaci\u00f3 Catalana de T\u00e8cnics en Energia, Climatitzaci\u00f3 i Refrigeraci\u00f3","publisher":{"@id":"https:\/\/www.actecir.cat\/#organization"},"potentialAction":[{"@type":"SearchAction","target":{"@type":"EntryPoint","urlTemplate":"https:\/\/www.actecir.cat\/?s={search_term_string}"},"query-input":{"@type":"PropertyValueSpecification","valueRequired":true,"valueName":"search_term_string"}}],"inLanguage":"es"},{"@type":"Organization","@id":"https:\/\/www.actecir.cat\/#organization","name":"Actecir","url":"https:\/\/www.actecir.cat\/","logo":{"@type":"ImageObject","inLanguage":"es","@id":"https:\/\/www.actecir.cat\/#\/schema\/logo\/image\/","url":"https:\/\/www.actecir.cat\/wp-content\/uploads\/2023\/04\/cropped-logo_actecir_60_alto.png","contentUrl":"https:\/\/www.actecir.cat\/wp-content\/uploads\/2023\/04\/cropped-logo_actecir_60_alto.png","width":283,"height":80,"caption":"Actecir"},"image":{"@id":"https:\/\/www.actecir.cat\/#\/schema\/logo\/image\/"},"sameAs":["https:\/\/x.com\/actecir","https:\/\/www.linkedin.com\/company\/actecir"]},{"@type":"Person","@id":"https:\/\/www.actecir.cat\/#\/schema\/person\/42edd02f0b1d55e19444428c5d321413","name":"Soporte web","sameAs":["https:\/\/www.actecir.cat"],"url":"https:\/\/www.actecir.cat\/es\/author\/maensystems\/"}]}},"_links":{"self":[{"href":"https:\/\/www.actecir.cat\/es\/wp-json\/wp\/v2\/posts\/6321","targetHints":{"allow":["GET"]}}],"collection":[{"href":"https:\/\/www.actecir.cat\/es\/wp-json\/wp\/v2\/posts"}],"about":[{"href":"https:\/\/www.actecir.cat\/es\/wp-json\/wp\/v2\/types\/post"}],"author":[{"embeddable":true,"href":"https:\/\/www.actecir.cat\/es\/wp-json\/wp\/v2\/users\/1"}],"replies":[{"embeddable":true,"href":"https:\/\/www.actecir.cat\/es\/wp-json\/wp\/v2\/comments?post=6321"}],"version-history":[{"count":1,"href":"https:\/\/www.actecir.cat\/es\/wp-json\/wp\/v2\/posts\/6321\/revisions"}],"predecessor-version":[{"id":6322,"href":"https:\/\/www.actecir.cat\/es\/wp-json\/wp\/v2\/posts\/6321\/revisions\/6322"}],"wp:featuredmedia":[{"embeddable":true,"href":"https:\/\/www.actecir.cat\/es\/wp-json\/wp\/v2\/media\/6319"}],"wp:attachment":[{"href":"https:\/\/www.actecir.cat\/es\/wp-json\/wp\/v2\/media?parent=6321"}],"wp:term":[{"taxonomy":"category","embeddable":true,"href":"https:\/\/www.actecir.cat\/es\/wp-json\/wp\/v2\/categories?post=6321"},{"taxonomy":"post_tag","embeddable":true,"href":"https:\/\/www.actecir.cat\/es\/wp-json\/wp\/v2\/tags?post=6321"}],"curies":[{"name":"wp","href":"https:\/\/api.w.org\/{rel}","templated":true}]}}