{"id":6331,"date":"2019-10-23T17:48:15","date_gmt":"2019-10-23T15:48:15","guid":{"rendered":"https:\/\/www.actecir.cat\/installacions-frigorifiques-amb-fluids-inflamables\/"},"modified":"2023-05-10T17:51:07","modified_gmt":"2023-05-10T15:51:07","slug":"installacions-frigorifiques-amb-fluids-inflamables","status":"publish","type":"post","link":"https:\/\/www.actecir.cat\/es\/installacions-frigorifiques-amb-fluids-inflamables\/","title":{"rendered":"Instalaciones frigor\u00edficas con fluidos inflamables"},"content":{"rendered":"<p>Se realizar\u00e1 el 4\u00aa curso los d\u00edas 26 y 27 de noviembre.<\/p>\n<p>Se analizar\u00e1 el funcionamiento de las instalaciones frigor\u00edficas estableciendo las bases para el c\u00e1lculo de los componentes, dise\u00f1o y construcci\u00f3n de c\u00e1maras frigor\u00edficas de refrigerantes inflamables.<\/p>\n<p><i class=\"fa fa-file-pdf-o \"><\/i>\u00a0<a class=\"\" href=\"https:\/\/www.actecir.cat\/wp-content\/uploads\/2023\/05\/DIPTICO_CURSO_FLUIDOS_INFLAMABLES.2019.pdf\" target=\"_blank\" rel=\"noopener\">Acceso al programa<\/a><\/p>\n<p><i class=\"fa fa-file-word-o \"><\/i><a href=\"https:\/\/www.actecir.cat\/wp-content\/uploads\/2023\/05\/Inscripcio_CURS_fluidsinflamables_2019_1.docx\" target=\"_blank\" rel=\"noopener\">\u00a0Inscripci\u00f3n (formato editable)<\/a><\/p>\n","protected":false},"excerpt":{"rendered":"<p>Se realizar\u00e1 el 4\u00aa curso los d\u00edas 26 y 27 de noviembre.\u00a0<\/p>\n","protected":false},"author":1,"featured_media":6329,"comment_status":"closed","ping_status":"closed","sticky":false,"template":"","format":"standard","meta":{"footnotes":""},"categories":[25],"tags":[],"class_list":["post-6331","post","type-post","status-publish","format-standard","has-post-thumbnail","hentry","category-noticias"],"yoast_head":"<!-- This site is optimized with the Yoast SEO plugin v27.2 - https:\/\/yoast.com\/product\/yoast-seo-wordpress\/ -->\n<title>Instalaciones frigor\u00edficas con fluidos inflamables - Actecir<\/title>\n<meta name=\"robots\" content=\"index, follow, max-snippet:-1, max-image-preview:large, max-video-preview:-1\" \/>\n<link rel=\"canonical\" href=\"https:\/\/www.actecir.cat\/es\/installacions-frigorifiques-amb-fluids-inflamables\/\" \/>\n<meta property=\"og:locale\" content=\"es_ES\" \/>\n<meta property=\"og:type\" content=\"article\" \/>\n<meta property=\"og:title\" content=\"Instalaciones frigor\u00edficas con fluidos inflamables - Actecir\" \/>\n<meta property=\"og:description\" content=\"Se realizar\u00e1 el 4\u00aa curso los d\u00edas 26 y 27 de noviembre.\u00a0\" \/>\n<meta property=\"og:url\" content=\"https:\/\/www.actecir.cat\/es\/installacions-frigorifiques-amb-fluids-inflamables\/\" \/>\n<meta property=\"og:site_name\" content=\"Actecir\" \/>\n<meta property=\"article:published_time\" content=\"2019-10-23T15:48:15+00:00\" \/>\n<meta property=\"article:modified_time\" content=\"2023-05-10T15:51:07+00:00\" \/>\n<meta property=\"og:image\" content=\"https:\/\/www.actecir.cat\/wp-content\/uploads\/2023\/05\/Inscripcio_CURS_fluidsinflamables_2019.png\" \/>\n\t<meta property=\"og:image:width\" content=\"793\" \/>\n\t<meta property=\"og:image:height\" content=\"630\" \/>\n\t<meta property=\"og:image:type\" content=\"image\/png\" \/>\n<meta name=\"author\" content=\"Soporte web\" \/>\n<meta name=\"twitter:card\" content=\"summary_large_image\" \/>\n<meta name=\"twitter:creator\" content=\"@actecir\" \/>\n<meta name=\"twitter:site\" content=\"@actecir\" \/>\n<meta name=\"twitter:label1\" content=\"Escrito por\" \/>\n\t<meta name=\"twitter:data1\" content=\"Soporte web\" \/>\n<script type=\"application\/ld+json\" class=\"yoast-schema-graph\">{\"@context\":\"https:\/\/schema.org\",\"@graph\":[{\"@type\":\"Article\",\"@id\":\"https:\/\/www.actecir.cat\/es\/installacions-frigorifiques-amb-fluids-inflamables\/#article\",\"isPartOf\":{\"@id\":\"https:\/\/www.actecir.cat\/es\/installacions-frigorifiques-amb-fluids-inflamables\/\"},\"author\":{\"name\":\"Soporte web\",\"@id\":\"https:\/\/www.actecir.cat\/#\/schema\/person\/42edd02f0b1d55e19444428c5d321413\"},\"headline\":\"Instalaciones frigor\u00edficas con fluidos inflamables\",\"datePublished\":\"2019-10-23T15:48:15+00:00\",\"dateModified\":\"2023-05-10T15:51:07+00:00\",\"mainEntityOfPage\":{\"@id\":\"https:\/\/www.actecir.cat\/es\/installacions-frigorifiques-amb-fluids-inflamables\/\"},\"wordCount\":55,\"publisher\":{\"@id\":\"https:\/\/www.actecir.cat\/#organization\"},\"image\":{\"@id\":\"https:\/\/www.actecir.cat\/es\/installacions-frigorifiques-amb-fluids-inflamables\/#primaryimage\"},\"thumbnailUrl\":\"https:\/\/www.actecir.cat\/wp-content\/uploads\/2023\/05\/Inscripcio_CURS_fluidsinflamables_2019.png\",\"articleSection\":[\"Noticias\"],\"inLanguage\":\"es\"},{\"@type\":\"WebPage\",\"@id\":\"https:\/\/www.actecir.cat\/es\/installacions-frigorifiques-amb-fluids-inflamables\/\",\"url\":\"https:\/\/www.actecir.cat\/es\/installacions-frigorifiques-amb-fluids-inflamables\/\",\"name\":\"Instalaciones frigor\u00edficas con fluidos inflamables - Actecir\",\"isPartOf\":{\"@id\":\"https:\/\/www.actecir.cat\/#website\"},\"primaryImageOfPage\":{\"@id\":\"https:\/\/www.actecir.cat\/es\/installacions-frigorifiques-amb-fluids-inflamables\/#primaryimage\"},\"image\":{\"@id\":\"https:\/\/www.actecir.cat\/es\/installacions-frigorifiques-amb-fluids-inflamables\/#primaryimage\"},\"thumbnailUrl\":\"https:\/\/www.actecir.cat\/wp-content\/uploads\/2023\/05\/Inscripcio_CURS_fluidsinflamables_2019.png\",\"datePublished\":\"2019-10-23T15:48:15+00:00\",\"dateModified\":\"2023-05-10T15:51:07+00:00\",\"breadcrumb\":{\"@id\":\"https:\/\/www.actecir.cat\/es\/installacions-frigorifiques-amb-fluids-inflamables\/#breadcrumb\"},\"inLanguage\":\"es\",\"potentialAction\":[{\"@type\":\"ReadAction\",\"target\":[\"https:\/\/www.actecir.cat\/es\/installacions-frigorifiques-amb-fluids-inflamables\/\"]}]},{\"@type\":\"ImageObject\",\"inLanguage\":\"es\",\"@id\":\"https:\/\/www.actecir.cat\/es\/installacions-frigorifiques-amb-fluids-inflamables\/#primaryimage\",\"url\":\"https:\/\/www.actecir.cat\/wp-content\/uploads\/2023\/05\/Inscripcio_CURS_fluidsinflamables_2019.png\",\"contentUrl\":\"https:\/\/www.actecir.cat\/wp-content\/uploads\/2023\/05\/Inscripcio_CURS_fluidsinflamables_2019.png\",\"width\":793,\"height\":630},{\"@type\":\"BreadcrumbList\",\"@id\":\"https:\/\/www.actecir.cat\/es\/installacions-frigorifiques-amb-fluids-inflamables\/#breadcrumb\",\"itemListElement\":[{\"@type\":\"ListItem\",\"position\":1,\"name\":\"Inici\",\"item\":\"https:\/\/www.actecir.cat\/es\/\"},{\"@type\":\"ListItem\",\"position\":2,\"name\":\"Instalaciones frigor\u00edficas con fluidos inflamables\"}]},{\"@type\":\"WebSite\",\"@id\":\"https:\/\/www.actecir.cat\/#website\",\"url\":\"https:\/\/www.actecir.cat\/\",\"name\":\"Actecir\",\"description\":\"Associaci\u00f3 Catalana de T\u00e8cnics en Energia, Climatitzaci\u00f3 i Refrigeraci\u00f3\",\"publisher\":{\"@id\":\"https:\/\/www.actecir.cat\/#organization\"},\"potentialAction\":[{\"@type\":\"SearchAction\",\"target\":{\"@type\":\"EntryPoint\",\"urlTemplate\":\"https:\/\/www.actecir.cat\/?s={search_term_string}\"},\"query-input\":{\"@type\":\"PropertyValueSpecification\",\"valueRequired\":true,\"valueName\":\"search_term_string\"}}],\"inLanguage\":\"es\"},{\"@type\":\"Organization\",\"@id\":\"https:\/\/www.actecir.cat\/#organization\",\"name\":\"Actecir\",\"url\":\"https:\/\/www.actecir.cat\/\",\"logo\":{\"@type\":\"ImageObject\",\"inLanguage\":\"es\",\"@id\":\"https:\/\/www.actecir.cat\/#\/schema\/logo\/image\/\",\"url\":\"https:\/\/www.actecir.cat\/wp-content\/uploads\/2023\/04\/cropped-logo_actecir_60_alto.png\",\"contentUrl\":\"https:\/\/www.actecir.cat\/wp-content\/uploads\/2023\/04\/cropped-logo_actecir_60_alto.png\",\"width\":283,\"height\":80,\"caption\":\"Actecir\"},\"image\":{\"@id\":\"https:\/\/www.actecir.cat\/#\/schema\/logo\/image\/\"},\"sameAs\":[\"https:\/\/x.com\/actecir\",\"https:\/\/www.linkedin.com\/company\/actecir\"]},{\"@type\":\"Person\",\"@id\":\"https:\/\/www.actecir.cat\/#\/schema\/person\/42edd02f0b1d55e19444428c5d321413\",\"name\":\"Soporte web\",\"sameAs\":[\"https:\/\/www.actecir.cat\"],\"url\":\"https:\/\/www.actecir.cat\/es\/author\/maensystems\/\"}]}<\/script>\n<!-- \/ Yoast SEO plugin. -->","yoast_head_json":{"title":"Instalaciones frigor\u00edficas con fluidos inflamables - Actecir","robots":{"index":"index","follow":"follow","max-snippet":"max-snippet:-1","max-image-preview":"max-image-preview:large","max-video-preview":"max-video-preview:-1"},"canonical":"https:\/\/www.actecir.cat\/es\/installacions-frigorifiques-amb-fluids-inflamables\/","og_locale":"es_ES","og_type":"article","og_title":"Instalaciones frigor\u00edficas con fluidos inflamables - Actecir","og_description":"Se realizar\u00e1 el 4\u00aa curso los d\u00edas 26 y 27 de noviembre.\u00a0","og_url":"https:\/\/www.actecir.cat\/es\/installacions-frigorifiques-amb-fluids-inflamables\/","og_site_name":"Actecir","article_published_time":"2019-10-23T15:48:15+00:00","article_modified_time":"2023-05-10T15:51:07+00:00","og_image":[{"width":793,"height":630,"url":"https:\/\/www.actecir.cat\/wp-content\/uploads\/2023\/05\/Inscripcio_CURS_fluidsinflamables_2019.png","type":"image\/png"}],"author":"Soporte web","twitter_card":"summary_large_image","twitter_creator":"@actecir","twitter_site":"@actecir","twitter_misc":{"Escrito por":"Soporte web"},"schema":{"@context":"https:\/\/schema.org","@graph":[{"@type":"Article","@id":"https:\/\/www.actecir.cat\/es\/installacions-frigorifiques-amb-fluids-inflamables\/#article","isPartOf":{"@id":"https:\/\/www.actecir.cat\/es\/installacions-frigorifiques-amb-fluids-inflamables\/"},"author":{"name":"Soporte web","@id":"https:\/\/www.actecir.cat\/#\/schema\/person\/42edd02f0b1d55e19444428c5d321413"},"headline":"Instalaciones frigor\u00edficas con fluidos inflamables","datePublished":"2019-10-23T15:48:15+00:00","dateModified":"2023-05-10T15:51:07+00:00","mainEntityOfPage":{"@id":"https:\/\/www.actecir.cat\/es\/installacions-frigorifiques-amb-fluids-inflamables\/"},"wordCount":55,"publisher":{"@id":"https:\/\/www.actecir.cat\/#organization"},"image":{"@id":"https:\/\/www.actecir.cat\/es\/installacions-frigorifiques-amb-fluids-inflamables\/#primaryimage"},"thumbnailUrl":"https:\/\/www.actecir.cat\/wp-content\/uploads\/2023\/05\/Inscripcio_CURS_fluidsinflamables_2019.png","articleSection":["Noticias"],"inLanguage":"es"},{"@type":"WebPage","@id":"https:\/\/www.actecir.cat\/es\/installacions-frigorifiques-amb-fluids-inflamables\/","url":"https:\/\/www.actecir.cat\/es\/installacions-frigorifiques-amb-fluids-inflamables\/","name":"Instalaciones frigor\u00edficas con fluidos inflamables - Actecir","isPartOf":{"@id":"https:\/\/www.actecir.cat\/#website"},"primaryImageOfPage":{"@id":"https:\/\/www.actecir.cat\/es\/installacions-frigorifiques-amb-fluids-inflamables\/#primaryimage"},"image":{"@id":"https:\/\/www.actecir.cat\/es\/installacions-frigorifiques-amb-fluids-inflamables\/#primaryimage"},"thumbnailUrl":"https:\/\/www.actecir.cat\/wp-content\/uploads\/2023\/05\/Inscripcio_CURS_fluidsinflamables_2019.png","datePublished":"2019-10-23T15:48:15+00:00","dateModified":"2023-05-10T15:51:07+00:00","breadcrumb":{"@id":"https:\/\/www.actecir.cat\/es\/installacions-frigorifiques-amb-fluids-inflamables\/#breadcrumb"},"inLanguage":"es","potentialAction":[{"@type":"ReadAction","target":["https:\/\/www.actecir.cat\/es\/installacions-frigorifiques-amb-fluids-inflamables\/"]}]},{"@type":"ImageObject","inLanguage":"es","@id":"https:\/\/www.actecir.cat\/es\/installacions-frigorifiques-amb-fluids-inflamables\/#primaryimage","url":"https:\/\/www.actecir.cat\/wp-content\/uploads\/2023\/05\/Inscripcio_CURS_fluidsinflamables_2019.png","contentUrl":"https:\/\/www.actecir.cat\/wp-content\/uploads\/2023\/05\/Inscripcio_CURS_fluidsinflamables_2019.png","width":793,"height":630},{"@type":"BreadcrumbList","@id":"https:\/\/www.actecir.cat\/es\/installacions-frigorifiques-amb-fluids-inflamables\/#breadcrumb","itemListElement":[{"@type":"ListItem","position":1,"name":"Inici","item":"https:\/\/www.actecir.cat\/es\/"},{"@type":"ListItem","position":2,"name":"Instalaciones frigor\u00edficas con fluidos inflamables"}]},{"@type":"WebSite","@id":"https:\/\/www.actecir.cat\/#website","url":"https:\/\/www.actecir.cat\/","name":"Actecir","description":"Associaci\u00f3 Catalana de T\u00e8cnics en Energia, Climatitzaci\u00f3 i Refrigeraci\u00f3","publisher":{"@id":"https:\/\/www.actecir.cat\/#organization"},"potentialAction":[{"@type":"SearchAction","target":{"@type":"EntryPoint","urlTemplate":"https:\/\/www.actecir.cat\/?s={search_term_string}"},"query-input":{"@type":"PropertyValueSpecification","valueRequired":true,"valueName":"search_term_string"}}],"inLanguage":"es"},{"@type":"Organization","@id":"https:\/\/www.actecir.cat\/#organization","name":"Actecir","url":"https:\/\/www.actecir.cat\/","logo":{"@type":"ImageObject","inLanguage":"es","@id":"https:\/\/www.actecir.cat\/#\/schema\/logo\/image\/","url":"https:\/\/www.actecir.cat\/wp-content\/uploads\/2023\/04\/cropped-logo_actecir_60_alto.png","contentUrl":"https:\/\/www.actecir.cat\/wp-content\/uploads\/2023\/04\/cropped-logo_actecir_60_alto.png","width":283,"height":80,"caption":"Actecir"},"image":{"@id":"https:\/\/www.actecir.cat\/#\/schema\/logo\/image\/"},"sameAs":["https:\/\/x.com\/actecir","https:\/\/www.linkedin.com\/company\/actecir"]},{"@type":"Person","@id":"https:\/\/www.actecir.cat\/#\/schema\/person\/42edd02f0b1d55e19444428c5d321413","name":"Soporte web","sameAs":["https:\/\/www.actecir.cat"],"url":"https:\/\/www.actecir.cat\/es\/author\/maensystems\/"}]}},"_links":{"self":[{"href":"https:\/\/www.actecir.cat\/es\/wp-json\/wp\/v2\/posts\/6331","targetHints":{"allow":["GET"]}}],"collection":[{"href":"https:\/\/www.actecir.cat\/es\/wp-json\/wp\/v2\/posts"}],"about":[{"href":"https:\/\/www.actecir.cat\/es\/wp-json\/wp\/v2\/types\/post"}],"author":[{"embeddable":true,"href":"https:\/\/www.actecir.cat\/es\/wp-json\/wp\/v2\/users\/1"}],"replies":[{"embeddable":true,"href":"https:\/\/www.actecir.cat\/es\/wp-json\/wp\/v2\/comments?post=6331"}],"version-history":[{"count":1,"href":"https:\/\/www.actecir.cat\/es\/wp-json\/wp\/v2\/posts\/6331\/revisions"}],"predecessor-version":[{"id":6332,"href":"https:\/\/www.actecir.cat\/es\/wp-json\/wp\/v2\/posts\/6331\/revisions\/6332"}],"wp:featuredmedia":[{"embeddable":true,"href":"https:\/\/www.actecir.cat\/es\/wp-json\/wp\/v2\/media\/6329"}],"wp:attachment":[{"href":"https:\/\/www.actecir.cat\/es\/wp-json\/wp\/v2\/media?parent=6331"}],"wp:term":[{"taxonomy":"category","embeddable":true,"href":"https:\/\/www.actecir.cat\/es\/wp-json\/wp\/v2\/categories?post=6331"},{"taxonomy":"post_tag","embeddable":true,"href":"https:\/\/www.actecir.cat\/es\/wp-json\/wp\/v2\/tags?post=6331"}],"curies":[{"name":"wp","href":"https:\/\/api.w.org\/{rel}","templated":true}]}}