{"id":6349,"date":"2019-08-09T17:55:04","date_gmt":"2019-08-09T15:55:04","guid":{"rendered":"https:\/\/www.actecir.cat\/?p=6349"},"modified":"2023-05-10T17:56:36","modified_gmt":"2023-05-10T15:56:36","slug":"eficiencia-en-segunda-vivienda","status":"publish","type":"post","link":"https:\/\/www.actecir.cat\/es\/eficiencia-en-segunda-vivienda\/","title":{"rendered":"Eficiencia en segunda vivienda"},"content":{"rendered":"<p>La elecci\u00f3n de un termo el\u00e9ctrico seg\u00fan tu vivienda<\/p>\n<p><strong>Madrid, agosto de 2019.<\/strong>\u00a0Eficiencia y confort, esto es algo que todos los usuarios buscan y m\u00e1s cuando estamos pasando d\u00edas de relax en vacaciones como es el caso de las segundas viviendas. Gracias a su capacidad de adaptaci\u00f3n, a su f\u00e1cil instalaci\u00f3n y sus reducidas dimensiones, los termos el\u00e9ctricos son la soluci\u00f3n m\u00e1s extendida en hogares con usos discontinuos. Conocedores de ello, Junkers, marca de la divisi\u00f3n Bosch Termotecnia perteneciente al Grupo Bosch, quiere compartir una serie de consejos que permitan una correcta selecci\u00f3n y un uso correcto que contribuya a alargar su vida \u00fatil.<\/p>\n<p>Es esencial conocer las necesidades del hogar a la hora de elegir la capacidad del termo el\u00e9ctrico que m\u00e1s se ajuste a la demanda. Por lo tanto, la elecci\u00f3n de un termo u otro depender\u00e1 de las necesidades de cada consumidor, el n\u00famero de personas en la vivienda y los h\u00e1bitos de consumo. Tambi\u00e9n, se deber\u00e1 tener en cuenta la localizaci\u00f3n de la residencia y la calidad del agua de la zona. Esto \u00faltimo es especialmente importante ya que estas soluciones son habituales en residencias costeras, zonas en las que predominan las aguas duras caracter\u00edsticas por su alta concentraci\u00f3n de minerales, que pueden dar lugar a la aparici\u00f3n de cal y por tanto desgastar la instalaci\u00f3n y afectar a su rendimiento.<\/p>\n<p>Para llegar a todas las necesidades, la gama de Junkers cuenta con termos el\u00e9ctricos que van desde 10 litros hasta los 150 litros, modelos reversibles y con dimensiones reducidas para ser instalados en cualquier espacio y resistencias envainadas protegidas de las aguas duras.<\/p>\n<p><strong>Consejos para un uso eficiente<\/strong><\/p>\n<p>En primer lugar, a la hora de conocer lo necesario para un uso correcto, Junkers recuerda que, cuando se vaya a estar un largo periodo sin utilizar el termo, lo m\u00e1s aconsejable es dejarlo totalmente apagado. Por un lado, porque no es necesario mantener caliente el agua durante las semanas o meses en las que no vaya a utilizarse; y, en segundo lugar, porque teniendo la instalaci\u00f3n apagada se podr\u00e1 ahorrar tanto en consumo energ\u00e9tico como en gasto econ\u00f3mico, ya que el aparato no precisa de controles t\u00e9cnicos durante este periodo ni est\u00e1 gastando luz.<\/p>\n<p>Si el usuario sigui\u00f3 este consejo la \u00faltima vez y dej\u00f3 apagado el termo, a la hora de encenderlo debe tener en cuenta el uso que va a darle. As\u00ed, si solamente se va a utilizar unas horas concretas al d\u00eda y va a pasar la mayor parte de la jornada inactivo, conviene considerar la opci\u00f3n de emplear un programador digital externo para que el aparato entre en funcionamiento solamente antes y durante las horas en las que se prevea m\u00e1s uso y se apague el resto del tiempo. Una manera de mantener un bajo consumo el\u00e9ctrico tambi\u00e9n durante el periodo de uso que ayudar\u00e1 a reducir el gasto econ\u00f3mico.<\/p>\n<p><strong>Mantenimiento tras la elecci\u00f3n correcta<\/strong><\/p>\n<p>Si los termos van a pasar un largo periodo en desuso, es conveniente contar con un contrato de mantenimiento que ofrezca garant\u00edas de funcionamiento, por ello imprescindible contactar con el Servicio T\u00e9cnico Oficial que revisar\u00e1 los componentes y comprobar\u00e1 que tras ese periodo de inactividad el termo el\u00e9ctrico funciona correctamente.<\/p>\n<p><strong>Siete gamas de termos el\u00e9ctricos de \u00faltima generaci\u00f3n<\/strong><\/p>\n<p>As\u00ed, la gama de termos est\u00e1 conformada por la Elacell Comfort, termos el\u00e9ctricos de resistencia el\u00e9ctrica envainada en los que la resistencia no est\u00e1 en contacto directo con el agua y no corre riesgo de acumular cal; los termos Elacell y Ellacell Slim, con capacidades desde los 10 a los 120 litros, un funcionamiento muy sencillo y dimensiones reducidas para espacios limitados; Elacell Altos Litrajes, la opci\u00f3n para necesidades de grandes demandas gracias a sus capacidades de entre 150 y 500 litros; Elacell Horizontal, ideal para huecos estrechos como la parte inferior de una escalera y con capacidades de 50, 80 y 100 litros, Elacell Excellence, que adem\u00e1s de destacar por su dise\u00f1o moderno y sus 35-150 litros, cuenta con control electr\u00f3nico y la instalaci\u00f3n es reversible y por \u00faltimo Elacell Excellence 4500 con una elevada eficiencia energ\u00e9tica gracias a su funci\u00f3n Smart que optimiza el consumo de energ\u00eda. En definitiva, aparatos adaptados a las necesidades de cada usuario y vivienda, con toda la innovaci\u00f3n y tecnolog\u00eda Junkers a su servicio.<\/p>\n","protected":false},"excerpt":{"rendered":"<p>La elecci\u00f3n de un termo el\u00e9ctrico seg\u00fan tu vivienda<\/p>\n","protected":false},"author":1,"featured_media":6347,"comment_status":"closed","ping_status":"closed","sticky":false,"template":"","format":"standard","meta":{"footnotes":""},"categories":[25],"tags":[],"class_list":["post-6349","post","type-post","status-publish","format-standard","has-post-thumbnail","hentry","category-noticias"],"yoast_head":"<!-- This site is optimized with the Yoast SEO plugin v27.2 - https:\/\/yoast.com\/product\/yoast-seo-wordpress\/ -->\n<title>Eficiencia en segunda vivienda - Actecir<\/title>\n<meta name=\"robots\" content=\"index, follow, max-snippet:-1, max-image-preview:large, max-video-preview:-1\" \/>\n<link rel=\"canonical\" href=\"https:\/\/www.actecir.cat\/es\/eficiencia-en-segunda-vivienda\/\" \/>\n<meta property=\"og:locale\" content=\"es_ES\" \/>\n<meta property=\"og:type\" content=\"article\" \/>\n<meta property=\"og:title\" content=\"Eficiencia en segunda vivienda - Actecir\" \/>\n<meta property=\"og:description\" content=\"La elecci\u00f3n de un termo el\u00e9ctrico seg\u00fan tu vivienda\" \/>\n<meta property=\"og:url\" content=\"https:\/\/www.actecir.cat\/es\/eficiencia-en-segunda-vivienda\/\" \/>\n<meta property=\"og:site_name\" content=\"Actecir\" \/>\n<meta property=\"article:published_time\" content=\"2019-08-09T15:55:04+00:00\" \/>\n<meta property=\"article:modified_time\" content=\"2023-05-10T15:56:36+00:00\" \/>\n<meta property=\"og:image\" content=\"https:\/\/www.actecir.cat\/wp-content\/uploads\/2023\/05\/Termo_Electrico_-_Junkers_250_250.jpg\" \/>\n\t<meta property=\"og:image:width\" content=\"600\" \/>\n\t<meta property=\"og:image:height\" content=\"400\" \/>\n\t<meta property=\"og:image:type\" content=\"image\/jpeg\" \/>\n<meta name=\"author\" content=\"Soporte web\" \/>\n<meta name=\"twitter:card\" content=\"summary_large_image\" \/>\n<meta name=\"twitter:creator\" content=\"@actecir\" \/>\n<meta name=\"twitter:site\" content=\"@actecir\" \/>\n<meta name=\"twitter:label1\" content=\"Escrito por\" \/>\n\t<meta name=\"twitter:data1\" content=\"Soporte web\" \/>\n\t<meta name=\"twitter:label2\" content=\"Tiempo de lectura\" \/>\n\t<meta name=\"twitter:data2\" content=\"4 minutos\" \/>\n<script type=\"application\/ld+json\" class=\"yoast-schema-graph\">{\"@context\":\"https:\/\/schema.org\",\"@graph\":[{\"@type\":\"Article\",\"@id\":\"https:\/\/www.actecir.cat\/es\/eficiencia-en-segunda-vivienda\/#article\",\"isPartOf\":{\"@id\":\"https:\/\/www.actecir.cat\/es\/eficiencia-en-segunda-vivienda\/\"},\"author\":{\"name\":\"Soporte web\",\"@id\":\"https:\/\/www.actecir.cat\/#\/schema\/person\/42edd02f0b1d55e19444428c5d321413\"},\"headline\":\"Eficiencia en segunda vivienda\",\"datePublished\":\"2019-08-09T15:55:04+00:00\",\"dateModified\":\"2023-05-10T15:56:36+00:00\",\"mainEntityOfPage\":{\"@id\":\"https:\/\/www.actecir.cat\/es\/eficiencia-en-segunda-vivienda\/\"},\"wordCount\":760,\"publisher\":{\"@id\":\"https:\/\/www.actecir.cat\/#organization\"},\"image\":{\"@id\":\"https:\/\/www.actecir.cat\/es\/eficiencia-en-segunda-vivienda\/#primaryimage\"},\"thumbnailUrl\":\"https:\/\/www.actecir.cat\/wp-content\/uploads\/2023\/05\/Termo_Electrico_-_Junkers_250_250.jpg\",\"articleSection\":[\"Noticias\"],\"inLanguage\":\"es\"},{\"@type\":\"WebPage\",\"@id\":\"https:\/\/www.actecir.cat\/es\/eficiencia-en-segunda-vivienda\/\",\"url\":\"https:\/\/www.actecir.cat\/es\/eficiencia-en-segunda-vivienda\/\",\"name\":\"Eficiencia en segunda vivienda - Actecir\",\"isPartOf\":{\"@id\":\"https:\/\/www.actecir.cat\/#website\"},\"primaryImageOfPage\":{\"@id\":\"https:\/\/www.actecir.cat\/es\/eficiencia-en-segunda-vivienda\/#primaryimage\"},\"image\":{\"@id\":\"https:\/\/www.actecir.cat\/es\/eficiencia-en-segunda-vivienda\/#primaryimage\"},\"thumbnailUrl\":\"https:\/\/www.actecir.cat\/wp-content\/uploads\/2023\/05\/Termo_Electrico_-_Junkers_250_250.jpg\",\"datePublished\":\"2019-08-09T15:55:04+00:00\",\"dateModified\":\"2023-05-10T15:56:36+00:00\",\"breadcrumb\":{\"@id\":\"https:\/\/www.actecir.cat\/es\/eficiencia-en-segunda-vivienda\/#breadcrumb\"},\"inLanguage\":\"es\",\"potentialAction\":[{\"@type\":\"ReadAction\",\"target\":[\"https:\/\/www.actecir.cat\/es\/eficiencia-en-segunda-vivienda\/\"]}]},{\"@type\":\"ImageObject\",\"inLanguage\":\"es\",\"@id\":\"https:\/\/www.actecir.cat\/es\/eficiencia-en-segunda-vivienda\/#primaryimage\",\"url\":\"https:\/\/www.actecir.cat\/wp-content\/uploads\/2023\/05\/Termo_Electrico_-_Junkers_250_250.jpg\",\"contentUrl\":\"https:\/\/www.actecir.cat\/wp-content\/uploads\/2023\/05\/Termo_Electrico_-_Junkers_250_250.jpg\",\"width\":600,\"height\":400},{\"@type\":\"BreadcrumbList\",\"@id\":\"https:\/\/www.actecir.cat\/es\/eficiencia-en-segunda-vivienda\/#breadcrumb\",\"itemListElement\":[{\"@type\":\"ListItem\",\"position\":1,\"name\":\"Inici\",\"item\":\"https:\/\/www.actecir.cat\/es\/\"},{\"@type\":\"ListItem\",\"position\":2,\"name\":\"Eficiencia en segunda vivienda\"}]},{\"@type\":\"WebSite\",\"@id\":\"https:\/\/www.actecir.cat\/#website\",\"url\":\"https:\/\/www.actecir.cat\/\",\"name\":\"Actecir\",\"description\":\"Associaci\u00f3 Catalana de T\u00e8cnics en Energia, Climatitzaci\u00f3 i Refrigeraci\u00f3\",\"publisher\":{\"@id\":\"https:\/\/www.actecir.cat\/#organization\"},\"potentialAction\":[{\"@type\":\"SearchAction\",\"target\":{\"@type\":\"EntryPoint\",\"urlTemplate\":\"https:\/\/www.actecir.cat\/?s={search_term_string}\"},\"query-input\":{\"@type\":\"PropertyValueSpecification\",\"valueRequired\":true,\"valueName\":\"search_term_string\"}}],\"inLanguage\":\"es\"},{\"@type\":\"Organization\",\"@id\":\"https:\/\/www.actecir.cat\/#organization\",\"name\":\"Actecir\",\"url\":\"https:\/\/www.actecir.cat\/\",\"logo\":{\"@type\":\"ImageObject\",\"inLanguage\":\"es\",\"@id\":\"https:\/\/www.actecir.cat\/#\/schema\/logo\/image\/\",\"url\":\"https:\/\/www.actecir.cat\/wp-content\/uploads\/2023\/04\/cropped-logo_actecir_60_alto.png\",\"contentUrl\":\"https:\/\/www.actecir.cat\/wp-content\/uploads\/2023\/04\/cropped-logo_actecir_60_alto.png\",\"width\":283,\"height\":80,\"caption\":\"Actecir\"},\"image\":{\"@id\":\"https:\/\/www.actecir.cat\/#\/schema\/logo\/image\/\"},\"sameAs\":[\"https:\/\/x.com\/actecir\",\"https:\/\/www.linkedin.com\/company\/actecir\"]},{\"@type\":\"Person\",\"@id\":\"https:\/\/www.actecir.cat\/#\/schema\/person\/42edd02f0b1d55e19444428c5d321413\",\"name\":\"Soporte web\",\"sameAs\":[\"https:\/\/www.actecir.cat\"],\"url\":\"https:\/\/www.actecir.cat\/es\/author\/maensystems\/\"}]}<\/script>\n<!-- \/ Yoast SEO plugin. -->","yoast_head_json":{"title":"Eficiencia en segunda vivienda - Actecir","robots":{"index":"index","follow":"follow","max-snippet":"max-snippet:-1","max-image-preview":"max-image-preview:large","max-video-preview":"max-video-preview:-1"},"canonical":"https:\/\/www.actecir.cat\/es\/eficiencia-en-segunda-vivienda\/","og_locale":"es_ES","og_type":"article","og_title":"Eficiencia en segunda vivienda - Actecir","og_description":"La elecci\u00f3n de un termo el\u00e9ctrico seg\u00fan tu vivienda","og_url":"https:\/\/www.actecir.cat\/es\/eficiencia-en-segunda-vivienda\/","og_site_name":"Actecir","article_published_time":"2019-08-09T15:55:04+00:00","article_modified_time":"2023-05-10T15:56:36+00:00","og_image":[{"width":600,"height":400,"url":"https:\/\/www.actecir.cat\/wp-content\/uploads\/2023\/05\/Termo_Electrico_-_Junkers_250_250.jpg","type":"image\/jpeg"}],"author":"Soporte web","twitter_card":"summary_large_image","twitter_creator":"@actecir","twitter_site":"@actecir","twitter_misc":{"Escrito por":"Soporte web","Tiempo de lectura":"4 minutos"},"schema":{"@context":"https:\/\/schema.org","@graph":[{"@type":"Article","@id":"https:\/\/www.actecir.cat\/es\/eficiencia-en-segunda-vivienda\/#article","isPartOf":{"@id":"https:\/\/www.actecir.cat\/es\/eficiencia-en-segunda-vivienda\/"},"author":{"name":"Soporte web","@id":"https:\/\/www.actecir.cat\/#\/schema\/person\/42edd02f0b1d55e19444428c5d321413"},"headline":"Eficiencia en segunda vivienda","datePublished":"2019-08-09T15:55:04+00:00","dateModified":"2023-05-10T15:56:36+00:00","mainEntityOfPage":{"@id":"https:\/\/www.actecir.cat\/es\/eficiencia-en-segunda-vivienda\/"},"wordCount":760,"publisher":{"@id":"https:\/\/www.actecir.cat\/#organization"},"image":{"@id":"https:\/\/www.actecir.cat\/es\/eficiencia-en-segunda-vivienda\/#primaryimage"},"thumbnailUrl":"https:\/\/www.actecir.cat\/wp-content\/uploads\/2023\/05\/Termo_Electrico_-_Junkers_250_250.jpg","articleSection":["Noticias"],"inLanguage":"es"},{"@type":"WebPage","@id":"https:\/\/www.actecir.cat\/es\/eficiencia-en-segunda-vivienda\/","url":"https:\/\/www.actecir.cat\/es\/eficiencia-en-segunda-vivienda\/","name":"Eficiencia en segunda vivienda - Actecir","isPartOf":{"@id":"https:\/\/www.actecir.cat\/#website"},"primaryImageOfPage":{"@id":"https:\/\/www.actecir.cat\/es\/eficiencia-en-segunda-vivienda\/#primaryimage"},"image":{"@id":"https:\/\/www.actecir.cat\/es\/eficiencia-en-segunda-vivienda\/#primaryimage"},"thumbnailUrl":"https:\/\/www.actecir.cat\/wp-content\/uploads\/2023\/05\/Termo_Electrico_-_Junkers_250_250.jpg","datePublished":"2019-08-09T15:55:04+00:00","dateModified":"2023-05-10T15:56:36+00:00","breadcrumb":{"@id":"https:\/\/www.actecir.cat\/es\/eficiencia-en-segunda-vivienda\/#breadcrumb"},"inLanguage":"es","potentialAction":[{"@type":"ReadAction","target":["https:\/\/www.actecir.cat\/es\/eficiencia-en-segunda-vivienda\/"]}]},{"@type":"ImageObject","inLanguage":"es","@id":"https:\/\/www.actecir.cat\/es\/eficiencia-en-segunda-vivienda\/#primaryimage","url":"https:\/\/www.actecir.cat\/wp-content\/uploads\/2023\/05\/Termo_Electrico_-_Junkers_250_250.jpg","contentUrl":"https:\/\/www.actecir.cat\/wp-content\/uploads\/2023\/05\/Termo_Electrico_-_Junkers_250_250.jpg","width":600,"height":400},{"@type":"BreadcrumbList","@id":"https:\/\/www.actecir.cat\/es\/eficiencia-en-segunda-vivienda\/#breadcrumb","itemListElement":[{"@type":"ListItem","position":1,"name":"Inici","item":"https:\/\/www.actecir.cat\/es\/"},{"@type":"ListItem","position":2,"name":"Eficiencia en segunda vivienda"}]},{"@type":"WebSite","@id":"https:\/\/www.actecir.cat\/#website","url":"https:\/\/www.actecir.cat\/","name":"Actecir","description":"Associaci\u00f3 Catalana de T\u00e8cnics en Energia, Climatitzaci\u00f3 i Refrigeraci\u00f3","publisher":{"@id":"https:\/\/www.actecir.cat\/#organization"},"potentialAction":[{"@type":"SearchAction","target":{"@type":"EntryPoint","urlTemplate":"https:\/\/www.actecir.cat\/?s={search_term_string}"},"query-input":{"@type":"PropertyValueSpecification","valueRequired":true,"valueName":"search_term_string"}}],"inLanguage":"es"},{"@type":"Organization","@id":"https:\/\/www.actecir.cat\/#organization","name":"Actecir","url":"https:\/\/www.actecir.cat\/","logo":{"@type":"ImageObject","inLanguage":"es","@id":"https:\/\/www.actecir.cat\/#\/schema\/logo\/image\/","url":"https:\/\/www.actecir.cat\/wp-content\/uploads\/2023\/04\/cropped-logo_actecir_60_alto.png","contentUrl":"https:\/\/www.actecir.cat\/wp-content\/uploads\/2023\/04\/cropped-logo_actecir_60_alto.png","width":283,"height":80,"caption":"Actecir"},"image":{"@id":"https:\/\/www.actecir.cat\/#\/schema\/logo\/image\/"},"sameAs":["https:\/\/x.com\/actecir","https:\/\/www.linkedin.com\/company\/actecir"]},{"@type":"Person","@id":"https:\/\/www.actecir.cat\/#\/schema\/person\/42edd02f0b1d55e19444428c5d321413","name":"Soporte web","sameAs":["https:\/\/www.actecir.cat"],"url":"https:\/\/www.actecir.cat\/es\/author\/maensystems\/"}]}},"_links":{"self":[{"href":"https:\/\/www.actecir.cat\/es\/wp-json\/wp\/v2\/posts\/6349","targetHints":{"allow":["GET"]}}],"collection":[{"href":"https:\/\/www.actecir.cat\/es\/wp-json\/wp\/v2\/posts"}],"about":[{"href":"https:\/\/www.actecir.cat\/es\/wp-json\/wp\/v2\/types\/post"}],"author":[{"embeddable":true,"href":"https:\/\/www.actecir.cat\/es\/wp-json\/wp\/v2\/users\/1"}],"replies":[{"embeddable":true,"href":"https:\/\/www.actecir.cat\/es\/wp-json\/wp\/v2\/comments?post=6349"}],"version-history":[{"count":1,"href":"https:\/\/www.actecir.cat\/es\/wp-json\/wp\/v2\/posts\/6349\/revisions"}],"predecessor-version":[{"id":6350,"href":"https:\/\/www.actecir.cat\/es\/wp-json\/wp\/v2\/posts\/6349\/revisions\/6350"}],"wp:featuredmedia":[{"embeddable":true,"href":"https:\/\/www.actecir.cat\/es\/wp-json\/wp\/v2\/media\/6347"}],"wp:attachment":[{"href":"https:\/\/www.actecir.cat\/es\/wp-json\/wp\/v2\/media?parent=6349"}],"wp:term":[{"taxonomy":"category","embeddable":true,"href":"https:\/\/www.actecir.cat\/es\/wp-json\/wp\/v2\/categories?post=6349"},{"taxonomy":"post_tag","embeddable":true,"href":"https:\/\/www.actecir.cat\/es\/wp-json\/wp\/v2\/tags?post=6349"}],"curies":[{"name":"wp","href":"https:\/\/api.w.org\/{rel}","templated":true}]}}