{"id":6377,"date":"2019-07-08T18:16:54","date_gmt":"2019-07-08T16:16:54","guid":{"rendered":"https:\/\/www.actecir.cat\/6375\/"},"modified":"2023-05-10T18:20:48","modified_gmt":"2023-05-10T16:20:48","slug":"digues-si-a-lr32-de-mitsubishi-electric","status":"publish","type":"post","link":"https:\/\/www.actecir.cat\/es\/digues-si-a-lr32-de-mitsubishi-electric\/","title":{"rendered":"\u201cDI S\u00cd al R32\u201d de Mitsubishi Electric"},"content":{"rendered":"<p>Marron se suma a la campa\u00f1a<\/p>\n<ul>\n<li><strong>El conocido colaborador de El Hormiguero de Antena 3 TV participa en la iniciativa de la firma l\u00edder del aire acondicionado, incidiendo en los beneficios y cualidades del aire acondicionado con R32.<\/strong><\/li>\n<li><strong>Eficiencia energ\u00e9tica y respeto al medioambiente, objetivos principales de Mitsubishi Electric.<\/strong><\/li>\n<\/ul>\n<p><strong>Madrid, 4 de julio de 2019<\/strong>.\u00a0<strong>La empresa l\u00edder del sector del aire acondicionado y la climatizaci\u00f3n, Mitsubishi Electric Europe<\/strong>\u00a0<strong>B. V. Sucursal en Espa\u00f1a,<\/strong>\u00a0ha puesto en marcha una nueva activaci\u00f3n dentro de la Campa\u00f1a \u201cDi S\u00ed al R32\u201d, con la que\u00a0 entidad\u00a0<strong>quiere dar a conocer todas las ventajas y beneficios<\/strong>\u00a0de los equipos de aire acondicionado con este \u00a0gas refrigerante, poniendo a disposici\u00f3n de sus clientes, distribuidores, instaladores y consumidores la informaci\u00f3n m\u00e1s completa y detallada referente a esta legislaci\u00f3n y a la instalaci\u00f3n y utilizaci\u00f3n residencial y comercial de equipos de aire acondicionado con R32.<\/p>\n<p>La campa\u00f1a, que arranc\u00f3 en febrero y se ha podido ver en puntos de venta y medios de comunicaci\u00f3n, ya conto con la colaboraci\u00f3n del ex seleccionador\u00a0<strong>Vicente del Bosque<\/strong>, que particip\u00f3 en la inauguraci\u00f3n del stand de la firma en la feria de la Climatizaci\u00f3n, donde presentaba toda la gama R32,\u00a0<strong>sum\u00e1ndose y compartiendo as\u00ed los valores de la entidad, intr\u00ednsecos en su ADN: estar a la vanguardia en tecnolog\u00eda, innovaci\u00f3n, eficiencia y respeto al medio ambiente.<\/strong><\/p>\n<p>Ahora, da un giro de tuerca en RRSS con la colaboraci\u00f3n de Marron, conocido por su trabajo en El hormiguero, con el que busca aprovechar el comienzo del verano para incentivar el consumo de equipos con este refrigerante, m\u00e1s respetuoso con el medio ambiente y considerado como una opci\u00f3n moderna frente a otras alternativas, siendo la elecci\u00f3n con R32 m\u00e1s eficiente, ecol\u00f3gica y ahorradora.<\/p>\n<p>De esta forma, la entidad buscar acercar las ventajas de aire acondicionado con R32 mediante un toque desenfadado y de humor, m\u00e1s llamativo, a esta campa\u00f1a, sin dejar de incidir en las principales cualidades de los aires acondicionados con R32.<\/p>\n<p>Esta nueva etapa del \u201cDi S\u00ed al R 32\u201d ya se puede ver en todas las RRSS: Facebook, Twitter, Linkedin, You Tube e Instagram.<\/p>\n<p><iframe src=\"\/\/www.youtube.com\/embed\/Mq_Jc1nwrnE\" width=\"560\" height=\"314\" allowfullscreen=\"allowfullscreen\"><\/iframe><\/p>\n<p>&nbsp;<\/p>\n<p><iframe src=\"\/\/www.youtube.com\/embed\/00z7jAZw2EE\" width=\"560\" height=\"314\" allowfullscreen=\"allowfullscreen\"><\/iframe><\/p>\n<p>&nbsp;<\/p>\n<p><iframe src=\"\/\/www.youtube.com\/embed\/w6G7qJXS7Ho\" width=\"560\" height=\"314\" allowfullscreen=\"allowfullscreen\"><\/iframe><\/p>\n<p>&nbsp;<\/p>\n<p>El refrigerante R32, utilizado en la instalaci\u00f3n de los equipos de aire acondicionado, surge como respuesta a la necesidad de reducir las emisiones de gases fluorados a la atm\u00f3sfera con un alto nivel de Potencial de Calentamiento Global, una medida regulada por la Uni\u00f3n Europea a trav\u00e9s de su reglamento F-Gas, con la que pretende disminuir al m\u00e1ximo el impacto ambiental. En otras palabras, menor contaminaci\u00f3n.<\/p>\n<p>La firma japonesa, bajo su responsabilidad constante por la protecci\u00f3n del medio ambiente y bajo su compromiso por la sostenibilidad y el ahorro energ\u00e9tico, no solo apuesta por equipos cada vez m\u00e1s eficientes, sino que es consciente de su funci\u00f3n como valedora y representante en su sector, siendo conocedora de que solo es posible llevar a cabo estos objetivos mediante un\u00a0<strong>modelo energ\u00e9tico sostenible y eficiente.<\/strong><\/p>\n<p><strong>\u00a0<\/strong><\/p>\n<p>M\u00e1s informaci\u00f3n a trav\u00e9s del mail\u00a0\u00a0<span id=\"cloak51a8f6e440be882d0ab9f3c3aa700f85\"><a href=\"mailto:aire.acondicionado@sp.mee.com\">aire.acondicionado@sp.mee.com<\/a><\/span><\/p>\n<p><strong>\u00a0<\/strong><\/p>\n<p>M\u00e9s informaci\u00f3 a trav\u00e9s del mail\u00a0\u00a0<span id=\"cloakb6fbf950bb6bc7297b75659a1a511d55\"><a href=\"mailto:aire.acondicionado@sp.mee.com\">aire.acondicionado@sp.mee.com<\/a><\/span><\/p>\n","protected":false},"excerpt":{"rendered":"<p>Marron se suma a la campa\u00f1a<\/p>\n","protected":false},"author":1,"featured_media":6095,"comment_status":"closed","ping_status":"closed","sticky":false,"template":"","format":"standard","meta":{"footnotes":""},"categories":[25],"tags":[],"class_list":["post-6377","post","type-post","status-publish","format-standard","has-post-thumbnail","hentry","category-noticias"],"yoast_head":"<!-- This site is optimized with the Yoast SEO plugin v27.2 - https:\/\/yoast.com\/product\/yoast-seo-wordpress\/ -->\n<title>\u201cDI S\u00cd al R32\u201d de Mitsubishi Electric - Actecir<\/title>\n<meta name=\"robots\" content=\"index, follow, max-snippet:-1, max-image-preview:large, max-video-preview:-1\" \/>\n<link rel=\"canonical\" href=\"https:\/\/www.actecir.cat\/es\/digues-si-a-lr32-de-mitsubishi-electric\/\" \/>\n<meta property=\"og:locale\" content=\"es_ES\" \/>\n<meta property=\"og:type\" content=\"article\" \/>\n<meta property=\"og:title\" content=\"\u201cDI S\u00cd al R32\u201d de Mitsubishi Electric - Actecir\" \/>\n<meta property=\"og:description\" content=\"Marron se suma a la campa\u00f1a\" \/>\n<meta property=\"og:url\" content=\"https:\/\/www.actecir.cat\/es\/digues-si-a-lr32-de-mitsubishi-electric\/\" \/>\n<meta property=\"og:site_name\" content=\"Actecir\" \/>\n<meta property=\"article:published_time\" content=\"2019-07-08T16:16:54+00:00\" \/>\n<meta property=\"article:modified_time\" content=\"2023-05-10T16:20:48+00:00\" \/>\n<meta property=\"og:image\" content=\"https:\/\/www.actecir.cat\/wp-content\/uploads\/2023\/05\/mitsubishi-electric-logo-1024x683.png\" \/>\n\t<meta property=\"og:image:width\" content=\"1024\" \/>\n\t<meta property=\"og:image:height\" content=\"683\" \/>\n\t<meta property=\"og:image:type\" content=\"image\/png\" \/>\n<meta name=\"author\" content=\"Soporte web\" \/>\n<meta name=\"twitter:card\" content=\"summary_large_image\" \/>\n<meta name=\"twitter:creator\" content=\"@actecir\" \/>\n<meta name=\"twitter:site\" content=\"@actecir\" \/>\n<meta name=\"twitter:label1\" content=\"Escrito por\" \/>\n\t<meta name=\"twitter:data1\" content=\"Soporte web\" \/>\n\t<meta name=\"twitter:label2\" content=\"Tiempo de lectura\" \/>\n\t<meta name=\"twitter:data2\" content=\"3 minutos\" \/>\n<script type=\"application\/ld+json\" class=\"yoast-schema-graph\">{\"@context\":\"https:\/\/schema.org\",\"@graph\":[{\"@type\":\"Article\",\"@id\":\"https:\/\/www.actecir.cat\/es\/digues-si-a-lr32-de-mitsubishi-electric\/#article\",\"isPartOf\":{\"@id\":\"https:\/\/www.actecir.cat\/es\/digues-si-a-lr32-de-mitsubishi-electric\/\"},\"author\":{\"name\":\"Soporte web\",\"@id\":\"https:\/\/www.actecir.cat\/#\/schema\/person\/42edd02f0b1d55e19444428c5d321413\"},\"headline\":\"\u201cDI S\u00cd al R32\u201d de Mitsubishi Electric\",\"datePublished\":\"2019-07-08T16:16:54+00:00\",\"dateModified\":\"2023-05-10T16:20:48+00:00\",\"mainEntityOfPage\":{\"@id\":\"https:\/\/www.actecir.cat\/es\/digues-si-a-lr32-de-mitsubishi-electric\/\"},\"wordCount\":561,\"publisher\":{\"@id\":\"https:\/\/www.actecir.cat\/#organization\"},\"image\":{\"@id\":\"https:\/\/www.actecir.cat\/es\/digues-si-a-lr32-de-mitsubishi-electric\/#primaryimage\"},\"thumbnailUrl\":\"https:\/\/www.actecir.cat\/wp-content\/uploads\/2023\/05\/mitsubishi-electric-logo.png\",\"articleSection\":[\"Noticias\"],\"inLanguage\":\"es\"},{\"@type\":\"WebPage\",\"@id\":\"https:\/\/www.actecir.cat\/es\/digues-si-a-lr32-de-mitsubishi-electric\/\",\"url\":\"https:\/\/www.actecir.cat\/es\/digues-si-a-lr32-de-mitsubishi-electric\/\",\"name\":\"\u201cDI S\u00cd al R32\u201d de Mitsubishi Electric - Actecir\",\"isPartOf\":{\"@id\":\"https:\/\/www.actecir.cat\/#website\"},\"primaryImageOfPage\":{\"@id\":\"https:\/\/www.actecir.cat\/es\/digues-si-a-lr32-de-mitsubishi-electric\/#primaryimage\"},\"image\":{\"@id\":\"https:\/\/www.actecir.cat\/es\/digues-si-a-lr32-de-mitsubishi-electric\/#primaryimage\"},\"thumbnailUrl\":\"https:\/\/www.actecir.cat\/wp-content\/uploads\/2023\/05\/mitsubishi-electric-logo.png\",\"datePublished\":\"2019-07-08T16:16:54+00:00\",\"dateModified\":\"2023-05-10T16:20:48+00:00\",\"breadcrumb\":{\"@id\":\"https:\/\/www.actecir.cat\/es\/digues-si-a-lr32-de-mitsubishi-electric\/#breadcrumb\"},\"inLanguage\":\"es\",\"potentialAction\":[{\"@type\":\"ReadAction\",\"target\":[\"https:\/\/www.actecir.cat\/es\/digues-si-a-lr32-de-mitsubishi-electric\/\"]}]},{\"@type\":\"ImageObject\",\"inLanguage\":\"es\",\"@id\":\"https:\/\/www.actecir.cat\/es\/digues-si-a-lr32-de-mitsubishi-electric\/#primaryimage\",\"url\":\"https:\/\/www.actecir.cat\/wp-content\/uploads\/2023\/05\/mitsubishi-electric-logo.png\",\"contentUrl\":\"https:\/\/www.actecir.cat\/wp-content\/uploads\/2023\/05\/mitsubishi-electric-logo.png\",\"width\":17008,\"height\":11339},{\"@type\":\"BreadcrumbList\",\"@id\":\"https:\/\/www.actecir.cat\/es\/digues-si-a-lr32-de-mitsubishi-electric\/#breadcrumb\",\"itemListElement\":[{\"@type\":\"ListItem\",\"position\":1,\"name\":\"Inici\",\"item\":\"https:\/\/www.actecir.cat\/es\/\"},{\"@type\":\"ListItem\",\"position\":2,\"name\":\"\u201cDI S\u00cd al R32\u201d de Mitsubishi Electric\"}]},{\"@type\":\"WebSite\",\"@id\":\"https:\/\/www.actecir.cat\/#website\",\"url\":\"https:\/\/www.actecir.cat\/\",\"name\":\"Actecir\",\"description\":\"Associaci\u00f3 Catalana de T\u00e8cnics en Energia, Climatitzaci\u00f3 i Refrigeraci\u00f3\",\"publisher\":{\"@id\":\"https:\/\/www.actecir.cat\/#organization\"},\"potentialAction\":[{\"@type\":\"SearchAction\",\"target\":{\"@type\":\"EntryPoint\",\"urlTemplate\":\"https:\/\/www.actecir.cat\/?s={search_term_string}\"},\"query-input\":{\"@type\":\"PropertyValueSpecification\",\"valueRequired\":true,\"valueName\":\"search_term_string\"}}],\"inLanguage\":\"es\"},{\"@type\":\"Organization\",\"@id\":\"https:\/\/www.actecir.cat\/#organization\",\"name\":\"Actecir\",\"url\":\"https:\/\/www.actecir.cat\/\",\"logo\":{\"@type\":\"ImageObject\",\"inLanguage\":\"es\",\"@id\":\"https:\/\/www.actecir.cat\/#\/schema\/logo\/image\/\",\"url\":\"https:\/\/www.actecir.cat\/wp-content\/uploads\/2023\/04\/cropped-logo_actecir_60_alto.png\",\"contentUrl\":\"https:\/\/www.actecir.cat\/wp-content\/uploads\/2023\/04\/cropped-logo_actecir_60_alto.png\",\"width\":283,\"height\":80,\"caption\":\"Actecir\"},\"image\":{\"@id\":\"https:\/\/www.actecir.cat\/#\/schema\/logo\/image\/\"},\"sameAs\":[\"https:\/\/x.com\/actecir\",\"https:\/\/www.linkedin.com\/company\/actecir\"]},{\"@type\":\"Person\",\"@id\":\"https:\/\/www.actecir.cat\/#\/schema\/person\/42edd02f0b1d55e19444428c5d321413\",\"name\":\"Soporte web\",\"sameAs\":[\"https:\/\/www.actecir.cat\"],\"url\":\"https:\/\/www.actecir.cat\/es\/author\/maensystems\/\"}]}<\/script>\n<!-- \/ Yoast SEO plugin. -->","yoast_head_json":{"title":"\u201cDI S\u00cd al R32\u201d de Mitsubishi Electric - Actecir","robots":{"index":"index","follow":"follow","max-snippet":"max-snippet:-1","max-image-preview":"max-image-preview:large","max-video-preview":"max-video-preview:-1"},"canonical":"https:\/\/www.actecir.cat\/es\/digues-si-a-lr32-de-mitsubishi-electric\/","og_locale":"es_ES","og_type":"article","og_title":"\u201cDI S\u00cd al R32\u201d de Mitsubishi Electric - Actecir","og_description":"Marron se suma a la campa\u00f1a","og_url":"https:\/\/www.actecir.cat\/es\/digues-si-a-lr32-de-mitsubishi-electric\/","og_site_name":"Actecir","article_published_time":"2019-07-08T16:16:54+00:00","article_modified_time":"2023-05-10T16:20:48+00:00","og_image":[{"width":1024,"height":683,"url":"https:\/\/www.actecir.cat\/wp-content\/uploads\/2023\/05\/mitsubishi-electric-logo-1024x683.png","type":"image\/png"}],"author":"Soporte web","twitter_card":"summary_large_image","twitter_creator":"@actecir","twitter_site":"@actecir","twitter_misc":{"Escrito por":"Soporte web","Tiempo de lectura":"3 minutos"},"schema":{"@context":"https:\/\/schema.org","@graph":[{"@type":"Article","@id":"https:\/\/www.actecir.cat\/es\/digues-si-a-lr32-de-mitsubishi-electric\/#article","isPartOf":{"@id":"https:\/\/www.actecir.cat\/es\/digues-si-a-lr32-de-mitsubishi-electric\/"},"author":{"name":"Soporte web","@id":"https:\/\/www.actecir.cat\/#\/schema\/person\/42edd02f0b1d55e19444428c5d321413"},"headline":"\u201cDI S\u00cd al R32\u201d de Mitsubishi Electric","datePublished":"2019-07-08T16:16:54+00:00","dateModified":"2023-05-10T16:20:48+00:00","mainEntityOfPage":{"@id":"https:\/\/www.actecir.cat\/es\/digues-si-a-lr32-de-mitsubishi-electric\/"},"wordCount":561,"publisher":{"@id":"https:\/\/www.actecir.cat\/#organization"},"image":{"@id":"https:\/\/www.actecir.cat\/es\/digues-si-a-lr32-de-mitsubishi-electric\/#primaryimage"},"thumbnailUrl":"https:\/\/www.actecir.cat\/wp-content\/uploads\/2023\/05\/mitsubishi-electric-logo.png","articleSection":["Noticias"],"inLanguage":"es"},{"@type":"WebPage","@id":"https:\/\/www.actecir.cat\/es\/digues-si-a-lr32-de-mitsubishi-electric\/","url":"https:\/\/www.actecir.cat\/es\/digues-si-a-lr32-de-mitsubishi-electric\/","name":"\u201cDI S\u00cd al R32\u201d de Mitsubishi Electric - Actecir","isPartOf":{"@id":"https:\/\/www.actecir.cat\/#website"},"primaryImageOfPage":{"@id":"https:\/\/www.actecir.cat\/es\/digues-si-a-lr32-de-mitsubishi-electric\/#primaryimage"},"image":{"@id":"https:\/\/www.actecir.cat\/es\/digues-si-a-lr32-de-mitsubishi-electric\/#primaryimage"},"thumbnailUrl":"https:\/\/www.actecir.cat\/wp-content\/uploads\/2023\/05\/mitsubishi-electric-logo.png","datePublished":"2019-07-08T16:16:54+00:00","dateModified":"2023-05-10T16:20:48+00:00","breadcrumb":{"@id":"https:\/\/www.actecir.cat\/es\/digues-si-a-lr32-de-mitsubishi-electric\/#breadcrumb"},"inLanguage":"es","potentialAction":[{"@type":"ReadAction","target":["https:\/\/www.actecir.cat\/es\/digues-si-a-lr32-de-mitsubishi-electric\/"]}]},{"@type":"ImageObject","inLanguage":"es","@id":"https:\/\/www.actecir.cat\/es\/digues-si-a-lr32-de-mitsubishi-electric\/#primaryimage","url":"https:\/\/www.actecir.cat\/wp-content\/uploads\/2023\/05\/mitsubishi-electric-logo.png","contentUrl":"https:\/\/www.actecir.cat\/wp-content\/uploads\/2023\/05\/mitsubishi-electric-logo.png","width":17008,"height":11339},{"@type":"BreadcrumbList","@id":"https:\/\/www.actecir.cat\/es\/digues-si-a-lr32-de-mitsubishi-electric\/#breadcrumb","itemListElement":[{"@type":"ListItem","position":1,"name":"Inici","item":"https:\/\/www.actecir.cat\/es\/"},{"@type":"ListItem","position":2,"name":"\u201cDI S\u00cd al R32\u201d de Mitsubishi Electric"}]},{"@type":"WebSite","@id":"https:\/\/www.actecir.cat\/#website","url":"https:\/\/www.actecir.cat\/","name":"Actecir","description":"Associaci\u00f3 Catalana de T\u00e8cnics en Energia, Climatitzaci\u00f3 i Refrigeraci\u00f3","publisher":{"@id":"https:\/\/www.actecir.cat\/#organization"},"potentialAction":[{"@type":"SearchAction","target":{"@type":"EntryPoint","urlTemplate":"https:\/\/www.actecir.cat\/?s={search_term_string}"},"query-input":{"@type":"PropertyValueSpecification","valueRequired":true,"valueName":"search_term_string"}}],"inLanguage":"es"},{"@type":"Organization","@id":"https:\/\/www.actecir.cat\/#organization","name":"Actecir","url":"https:\/\/www.actecir.cat\/","logo":{"@type":"ImageObject","inLanguage":"es","@id":"https:\/\/www.actecir.cat\/#\/schema\/logo\/image\/","url":"https:\/\/www.actecir.cat\/wp-content\/uploads\/2023\/04\/cropped-logo_actecir_60_alto.png","contentUrl":"https:\/\/www.actecir.cat\/wp-content\/uploads\/2023\/04\/cropped-logo_actecir_60_alto.png","width":283,"height":80,"caption":"Actecir"},"image":{"@id":"https:\/\/www.actecir.cat\/#\/schema\/logo\/image\/"},"sameAs":["https:\/\/x.com\/actecir","https:\/\/www.linkedin.com\/company\/actecir"]},{"@type":"Person","@id":"https:\/\/www.actecir.cat\/#\/schema\/person\/42edd02f0b1d55e19444428c5d321413","name":"Soporte web","sameAs":["https:\/\/www.actecir.cat"],"url":"https:\/\/www.actecir.cat\/es\/author\/maensystems\/"}]}},"_links":{"self":[{"href":"https:\/\/www.actecir.cat\/es\/wp-json\/wp\/v2\/posts\/6377","targetHints":{"allow":["GET"]}}],"collection":[{"href":"https:\/\/www.actecir.cat\/es\/wp-json\/wp\/v2\/posts"}],"about":[{"href":"https:\/\/www.actecir.cat\/es\/wp-json\/wp\/v2\/types\/post"}],"author":[{"embeddable":true,"href":"https:\/\/www.actecir.cat\/es\/wp-json\/wp\/v2\/users\/1"}],"replies":[{"embeddable":true,"href":"https:\/\/www.actecir.cat\/es\/wp-json\/wp\/v2\/comments?post=6377"}],"version-history":[{"count":2,"href":"https:\/\/www.actecir.cat\/es\/wp-json\/wp\/v2\/posts\/6377\/revisions"}],"predecessor-version":[{"id":6380,"href":"https:\/\/www.actecir.cat\/es\/wp-json\/wp\/v2\/posts\/6377\/revisions\/6380"}],"wp:featuredmedia":[{"embeddable":true,"href":"https:\/\/www.actecir.cat\/es\/wp-json\/wp\/v2\/media\/6095"}],"wp:attachment":[{"href":"https:\/\/www.actecir.cat\/es\/wp-json\/wp\/v2\/media?parent=6377"}],"wp:term":[{"taxonomy":"category","embeddable":true,"href":"https:\/\/www.actecir.cat\/es\/wp-json\/wp\/v2\/categories?post=6377"},{"taxonomy":"post_tag","embeddable":true,"href":"https:\/\/www.actecir.cat\/es\/wp-json\/wp\/v2\/tags?post=6377"}],"curies":[{"name":"wp","href":"https:\/\/api.w.org\/{rel}","templated":true}]}}