{"id":6397,"date":"2019-07-03T09:12:57","date_gmt":"2019-07-03T07:12:57","guid":{"rendered":"https:\/\/www.actecir.cat\/?p=6397"},"modified":"2023-05-11T09:20:36","modified_gmt":"2023-05-11T07:20:36","slug":"baxi-presenta-la-caldera-domestica-a-base-de-hidrogeno","status":"publish","type":"post","link":"https:\/\/www.actecir.cat\/es\/baxi-presenta-la-caldera-domestica-a-base-de-hidrogeno\/","title":{"rendered":"BAXI presenta la caldera dom\u00e9stica a base de hidr\u00f3geno"},"content":{"rendered":"<p>La innovadora caldera ofrece una soluci\u00f3n a la descarbonizaci\u00f3n de la calefacci\u00f3n<\/p>\n<p>&nbsp;<\/p>\n<p>Madrid, 3 de junio de 2019.- La primera caldera dom\u00e9stica a base de hidr\u00f3geno del mundo se ha puesto en funcionamiento en una situaci\u00f3n real en Rozenburg, Pa\u00edses Bajos, el pasado 25 de junio. La caldera ha sido desarrollada por BDR Thermea Group, grupo l\u00edder en soluciones inteligentes de confort t\u00e9rmico en el que BAXI es una de las marcas m\u00e1s relevantes, cuya misi\u00f3n es desarrollar y producir soluciones de calefacci\u00f3n y agua caliente pr\u00e1cticamente sin emisiones de di\u00f3xido de carbono (CO2). Esta innovadora caldera utiliza hidr\u00f3geno puro que ha sido producido por energ\u00eda e\u00f3lica o solar sin liberar CO2.<\/p>\n<p>Ha sido la primera vez en la que se ha aplicado en una situaci\u00f3n de vida real el uso de hidr\u00f3geno puro para alimentar una caldera de condensaci\u00f3n de alta eficiencia para calentar el sistema de calefacci\u00f3n central de un edificio residencial. La caldera ha sido desarrollada por el centro de competencia de Investigaci\u00f3n y Desarrollo (I&amp;D) de BDR Thermea Group. Despu\u00e9s del primer piloto en los Pa\u00edses Bajos, que est\u00e1 siendo llevado a cabo por la filial holandesa del Grupo, se est\u00e1 realizando una prueba de campo a mayor escala en el Reino Unido. El objetivo es explorar nuevas oportunidades para proyectos en otros pa\u00edses europeos como parte del desarrollo m\u00e1s amplio y paneuropeo de esta tecnolog\u00eda.<\/p>\n<p><strong>Firme compromiso con la sostenibilidad<\/strong><\/p>\n<p>Jordi Mestres, CEO de BDR Thermea y BAXI en Espa\u00f1a y Portugal, valora muy positivamente este avance y confirma que \u201cEl desarrollo de una caldera de hidr\u00f3geno es parte de las soluciones de BDR Thermea Group para la descarbonizaci\u00f3n de la calefacci\u00f3n. Actualmente ya ofrecemos una gama de tecnolog\u00edas, como calderas de gas de alta eficiencia, bombas de calor, y ahora tambi\u00e9n calderas de hidr\u00f3geno y pilas de combustible (fuel-cell), pero el hidr\u00f3geno producido de manera sostenible es un importante portador de energ\u00eda potencialmente muy interesante para el futuro\u201d<\/p>\n<p>Seg\u00fan Mestres, &#8220;la energ\u00eda de gas (hidr\u00f3geno) es una tecnolog\u00eda inevitable y necesaria si queremos almacenar energ\u00eda generada de manera sostenible durante un per\u00edodo de tiempo m\u00e1s largo, ya que la energ\u00eda e\u00f3lica y solar abundante no siempre est\u00e1 disponible de inmediato en los momentos de mayor necesidad, como en el invierno. Con la nueva caldera de hidr\u00f3geno, junto con nuestros dispositivos de pilas de combustible, estamos firmemente comprometidos a contribuir que el entorno sea m\u00e1s sostenible&#8221;.<\/p>\n<p><strong>Explorando m\u00e1s pilotos<\/strong><\/p>\n<p>&#8220;El principio de funcionamiento de la caldera de hidr\u00f3geno es el mismo que el de una caldera que funciona con gas natural&#8221;, dice Peter Snel, director de tecnolog\u00eda de BDR Thermea Group. \u201cEn el futuro, podremos intercambiar calderas de gas convencionales por calderas de hidr\u00f3geno de forma similar, siempre que el suministro de hidr\u00f3geno est\u00e9 disponible a trav\u00e9s de las tuber\u00edas de gas natural. Es por eso que la cooperaci\u00f3n con los operadores de red es de crucial importancia para BDR Thermea Group. Adem\u00e1s del programa piloto en Rozenburg, tambi\u00e9n participaremos en un proyecto de demostraci\u00f3n a gran escala en el Reino Unido. M\u00e1s de 400 calderas de hidr\u00f3geno se instalar\u00e1n en los pr\u00f3ximos dos a\u00f1os.<\/p>\n<p>\u201cNos gustar\u00eda invitar a otros operadores de redes y propietarios de edificios en Europa a colaborar tambi\u00e9n en pruebas de campo. De esta manera, se acelerar\u00e1 el desarrollo de un suministro de calor libre de CO2 y, consecuentemente, impulsar\u00e1 la producci\u00f3n de hidr\u00f3geno sostenible y verde utilizando energ\u00eda e\u00f3lica y solar&#8221;, concluye Snel.<\/p>\n<p><strong>Piloto en Rozenburg (Holanda)<\/strong><\/p>\n<p>El proyecto holand\u00e9s en Rozenburg es una iniciativa conjunta con el operador de red Stedin, el municipio de Rotterdam y la cooperativa de vivienda Ressort Wonen. Est\u00e1 previsto que la caldera de hidr\u00f3geno se instale en una sala de calderas junto con una caldera de gas natural convencional existente que garantizar\u00e1 que los residentes tengan suficiente calor y agua caliente en todo momento. Stedin est\u00e1 utilizando una tuber\u00eda regular existente para suministrar hidr\u00f3geno, lo que demuestra que la red de gas existente es adecuada para transportar hidr\u00f3geno. En este proyecto, Stedin y sus socios est\u00e1n considerando la totalidad de la cadena del futuro: la producci\u00f3n, distribuci\u00f3n y conversi\u00f3n de hidr\u00f3geno, con el objetivo final de proporcionar confort con cero carbono.<\/p>\n<p>&nbsp;<\/p>\n<p>Para m\u00e1s informaci\u00f3n:<\/p>\n<p>Montse Castellana &#8211;\u00a0<span id=\"cloak9626bc1c63f9e2b9727cd15277248904\"><a href=\"mailto:mcastellana@tinkle.es\">mcastellana@tinkle.es<\/a><\/span>\u00a0&#8211; 679.98.33.10<\/p>\n","protected":false},"excerpt":{"rendered":"<p>La innovadora caldera ofrece una soluci\u00f3n a la descarbonizaci\u00f3n de la calefacci\u00f3n<\/p>\n","protected":false},"author":1,"featured_media":6395,"comment_status":"closed","ping_status":"closed","sticky":false,"template":"","format":"standard","meta":{"footnotes":""},"categories":[25],"tags":[],"class_list":["post-6397","post","type-post","status-publish","format-standard","has-post-thumbnail","hentry","category-noticias"],"yoast_head":"<!-- This site is optimized with the Yoast SEO plugin v27.2 - https:\/\/yoast.com\/product\/yoast-seo-wordpress\/ -->\n<title>BAXI presenta la caldera dom\u00e9stica a base de hidr\u00f3geno - Actecir<\/title>\n<meta name=\"robots\" content=\"index, follow, max-snippet:-1, max-image-preview:large, max-video-preview:-1\" \/>\n<link rel=\"canonical\" href=\"https:\/\/www.actecir.cat\/es\/baxi-presenta-la-caldera-domestica-a-base-de-hidrogeno\/\" \/>\n<meta property=\"og:locale\" content=\"es_ES\" \/>\n<meta property=\"og:type\" content=\"article\" \/>\n<meta property=\"og:title\" content=\"BAXI presenta la caldera dom\u00e9stica a base de hidr\u00f3geno - Actecir\" \/>\n<meta property=\"og:description\" content=\"La innovadora caldera ofrece una soluci\u00f3n a la descarbonizaci\u00f3n de la calefacci\u00f3n\" \/>\n<meta property=\"og:url\" content=\"https:\/\/www.actecir.cat\/es\/baxi-presenta-la-caldera-domestica-a-base-de-hidrogeno\/\" \/>\n<meta property=\"og:site_name\" content=\"Actecir\" \/>\n<meta property=\"article:published_time\" content=\"2019-07-03T07:12:57+00:00\" \/>\n<meta property=\"article:modified_time\" content=\"2023-05-11T07:20:36+00:00\" \/>\n<meta property=\"og:image\" content=\"https:\/\/www.actecir.cat\/wp-content\/uploads\/2023\/05\/BAXI_caldera_hidrogen.jpg\" \/>\n\t<meta property=\"og:image:width\" content=\"600\" \/>\n\t<meta property=\"og:image:height\" content=\"400\" \/>\n\t<meta property=\"og:image:type\" content=\"image\/jpeg\" \/>\n<meta name=\"author\" content=\"Soporte web\" \/>\n<meta name=\"twitter:card\" content=\"summary_large_image\" \/>\n<meta name=\"twitter:creator\" content=\"@actecir\" \/>\n<meta name=\"twitter:site\" content=\"@actecir\" \/>\n<meta name=\"twitter:label1\" content=\"Escrito por\" \/>\n\t<meta name=\"twitter:data1\" content=\"Soporte web\" \/>\n\t<meta name=\"twitter:label2\" content=\"Tiempo de lectura\" \/>\n\t<meta name=\"twitter:data2\" content=\"4 minutos\" \/>\n<script type=\"application\/ld+json\" class=\"yoast-schema-graph\">{\"@context\":\"https:\/\/schema.org\",\"@graph\":[{\"@type\":\"Article\",\"@id\":\"https:\/\/www.actecir.cat\/es\/baxi-presenta-la-caldera-domestica-a-base-de-hidrogeno\/#article\",\"isPartOf\":{\"@id\":\"https:\/\/www.actecir.cat\/es\/baxi-presenta-la-caldera-domestica-a-base-de-hidrogeno\/\"},\"author\":{\"name\":\"Soporte web\",\"@id\":\"https:\/\/www.actecir.cat\/#\/schema\/person\/42edd02f0b1d55e19444428c5d321413\"},\"headline\":\"BAXI presenta la caldera dom\u00e9stica a base de hidr\u00f3geno\",\"datePublished\":\"2019-07-03T07:12:57+00:00\",\"dateModified\":\"2023-05-11T07:20:36+00:00\",\"mainEntityOfPage\":{\"@id\":\"https:\/\/www.actecir.cat\/es\/baxi-presenta-la-caldera-domestica-a-base-de-hidrogeno\/\"},\"wordCount\":800,\"publisher\":{\"@id\":\"https:\/\/www.actecir.cat\/#organization\"},\"image\":{\"@id\":\"https:\/\/www.actecir.cat\/es\/baxi-presenta-la-caldera-domestica-a-base-de-hidrogeno\/#primaryimage\"},\"thumbnailUrl\":\"https:\/\/www.actecir.cat\/wp-content\/uploads\/2023\/05\/BAXI_caldera_hidrogen.jpg\",\"articleSection\":[\"Noticias\"],\"inLanguage\":\"es\"},{\"@type\":\"WebPage\",\"@id\":\"https:\/\/www.actecir.cat\/es\/baxi-presenta-la-caldera-domestica-a-base-de-hidrogeno\/\",\"url\":\"https:\/\/www.actecir.cat\/es\/baxi-presenta-la-caldera-domestica-a-base-de-hidrogeno\/\",\"name\":\"BAXI presenta la caldera dom\u00e9stica a base de hidr\u00f3geno - Actecir\",\"isPartOf\":{\"@id\":\"https:\/\/www.actecir.cat\/#website\"},\"primaryImageOfPage\":{\"@id\":\"https:\/\/www.actecir.cat\/es\/baxi-presenta-la-caldera-domestica-a-base-de-hidrogeno\/#primaryimage\"},\"image\":{\"@id\":\"https:\/\/www.actecir.cat\/es\/baxi-presenta-la-caldera-domestica-a-base-de-hidrogeno\/#primaryimage\"},\"thumbnailUrl\":\"https:\/\/www.actecir.cat\/wp-content\/uploads\/2023\/05\/BAXI_caldera_hidrogen.jpg\",\"datePublished\":\"2019-07-03T07:12:57+00:00\",\"dateModified\":\"2023-05-11T07:20:36+00:00\",\"breadcrumb\":{\"@id\":\"https:\/\/www.actecir.cat\/es\/baxi-presenta-la-caldera-domestica-a-base-de-hidrogeno\/#breadcrumb\"},\"inLanguage\":\"es\",\"potentialAction\":[{\"@type\":\"ReadAction\",\"target\":[\"https:\/\/www.actecir.cat\/es\/baxi-presenta-la-caldera-domestica-a-base-de-hidrogeno\/\"]}]},{\"@type\":\"ImageObject\",\"inLanguage\":\"es\",\"@id\":\"https:\/\/www.actecir.cat\/es\/baxi-presenta-la-caldera-domestica-a-base-de-hidrogeno\/#primaryimage\",\"url\":\"https:\/\/www.actecir.cat\/wp-content\/uploads\/2023\/05\/BAXI_caldera_hidrogen.jpg\",\"contentUrl\":\"https:\/\/www.actecir.cat\/wp-content\/uploads\/2023\/05\/BAXI_caldera_hidrogen.jpg\",\"width\":600,\"height\":400},{\"@type\":\"BreadcrumbList\",\"@id\":\"https:\/\/www.actecir.cat\/es\/baxi-presenta-la-caldera-domestica-a-base-de-hidrogeno\/#breadcrumb\",\"itemListElement\":[{\"@type\":\"ListItem\",\"position\":1,\"name\":\"Inici\",\"item\":\"https:\/\/www.actecir.cat\/es\/\"},{\"@type\":\"ListItem\",\"position\":2,\"name\":\"BAXI presenta la caldera dom\u00e9stica a base de hidr\u00f3geno\"}]},{\"@type\":\"WebSite\",\"@id\":\"https:\/\/www.actecir.cat\/#website\",\"url\":\"https:\/\/www.actecir.cat\/\",\"name\":\"Actecir\",\"description\":\"Associaci\u00f3 Catalana de T\u00e8cnics en Energia, Climatitzaci\u00f3 i Refrigeraci\u00f3\",\"publisher\":{\"@id\":\"https:\/\/www.actecir.cat\/#organization\"},\"potentialAction\":[{\"@type\":\"SearchAction\",\"target\":{\"@type\":\"EntryPoint\",\"urlTemplate\":\"https:\/\/www.actecir.cat\/?s={search_term_string}\"},\"query-input\":{\"@type\":\"PropertyValueSpecification\",\"valueRequired\":true,\"valueName\":\"search_term_string\"}}],\"inLanguage\":\"es\"},{\"@type\":\"Organization\",\"@id\":\"https:\/\/www.actecir.cat\/#organization\",\"name\":\"Actecir\",\"url\":\"https:\/\/www.actecir.cat\/\",\"logo\":{\"@type\":\"ImageObject\",\"inLanguage\":\"es\",\"@id\":\"https:\/\/www.actecir.cat\/#\/schema\/logo\/image\/\",\"url\":\"https:\/\/www.actecir.cat\/wp-content\/uploads\/2023\/04\/cropped-logo_actecir_60_alto.png\",\"contentUrl\":\"https:\/\/www.actecir.cat\/wp-content\/uploads\/2023\/04\/cropped-logo_actecir_60_alto.png\",\"width\":283,\"height\":80,\"caption\":\"Actecir\"},\"image\":{\"@id\":\"https:\/\/www.actecir.cat\/#\/schema\/logo\/image\/\"},\"sameAs\":[\"https:\/\/x.com\/actecir\",\"https:\/\/www.linkedin.com\/company\/actecir\"]},{\"@type\":\"Person\",\"@id\":\"https:\/\/www.actecir.cat\/#\/schema\/person\/42edd02f0b1d55e19444428c5d321413\",\"name\":\"Soporte web\",\"sameAs\":[\"https:\/\/www.actecir.cat\"],\"url\":\"https:\/\/www.actecir.cat\/es\/author\/maensystems\/\"}]}<\/script>\n<!-- \/ Yoast SEO plugin. -->","yoast_head_json":{"title":"BAXI presenta la caldera dom\u00e9stica a base de hidr\u00f3geno - Actecir","robots":{"index":"index","follow":"follow","max-snippet":"max-snippet:-1","max-image-preview":"max-image-preview:large","max-video-preview":"max-video-preview:-1"},"canonical":"https:\/\/www.actecir.cat\/es\/baxi-presenta-la-caldera-domestica-a-base-de-hidrogeno\/","og_locale":"es_ES","og_type":"article","og_title":"BAXI presenta la caldera dom\u00e9stica a base de hidr\u00f3geno - Actecir","og_description":"La innovadora caldera ofrece una soluci\u00f3n a la descarbonizaci\u00f3n de la calefacci\u00f3n","og_url":"https:\/\/www.actecir.cat\/es\/baxi-presenta-la-caldera-domestica-a-base-de-hidrogeno\/","og_site_name":"Actecir","article_published_time":"2019-07-03T07:12:57+00:00","article_modified_time":"2023-05-11T07:20:36+00:00","og_image":[{"width":600,"height":400,"url":"https:\/\/www.actecir.cat\/wp-content\/uploads\/2023\/05\/BAXI_caldera_hidrogen.jpg","type":"image\/jpeg"}],"author":"Soporte web","twitter_card":"summary_large_image","twitter_creator":"@actecir","twitter_site":"@actecir","twitter_misc":{"Escrito por":"Soporte web","Tiempo de lectura":"4 minutos"},"schema":{"@context":"https:\/\/schema.org","@graph":[{"@type":"Article","@id":"https:\/\/www.actecir.cat\/es\/baxi-presenta-la-caldera-domestica-a-base-de-hidrogeno\/#article","isPartOf":{"@id":"https:\/\/www.actecir.cat\/es\/baxi-presenta-la-caldera-domestica-a-base-de-hidrogeno\/"},"author":{"name":"Soporte web","@id":"https:\/\/www.actecir.cat\/#\/schema\/person\/42edd02f0b1d55e19444428c5d321413"},"headline":"BAXI presenta la caldera dom\u00e9stica a base de hidr\u00f3geno","datePublished":"2019-07-03T07:12:57+00:00","dateModified":"2023-05-11T07:20:36+00:00","mainEntityOfPage":{"@id":"https:\/\/www.actecir.cat\/es\/baxi-presenta-la-caldera-domestica-a-base-de-hidrogeno\/"},"wordCount":800,"publisher":{"@id":"https:\/\/www.actecir.cat\/#organization"},"image":{"@id":"https:\/\/www.actecir.cat\/es\/baxi-presenta-la-caldera-domestica-a-base-de-hidrogeno\/#primaryimage"},"thumbnailUrl":"https:\/\/www.actecir.cat\/wp-content\/uploads\/2023\/05\/BAXI_caldera_hidrogen.jpg","articleSection":["Noticias"],"inLanguage":"es"},{"@type":"WebPage","@id":"https:\/\/www.actecir.cat\/es\/baxi-presenta-la-caldera-domestica-a-base-de-hidrogeno\/","url":"https:\/\/www.actecir.cat\/es\/baxi-presenta-la-caldera-domestica-a-base-de-hidrogeno\/","name":"BAXI presenta la caldera dom\u00e9stica a base de hidr\u00f3geno - Actecir","isPartOf":{"@id":"https:\/\/www.actecir.cat\/#website"},"primaryImageOfPage":{"@id":"https:\/\/www.actecir.cat\/es\/baxi-presenta-la-caldera-domestica-a-base-de-hidrogeno\/#primaryimage"},"image":{"@id":"https:\/\/www.actecir.cat\/es\/baxi-presenta-la-caldera-domestica-a-base-de-hidrogeno\/#primaryimage"},"thumbnailUrl":"https:\/\/www.actecir.cat\/wp-content\/uploads\/2023\/05\/BAXI_caldera_hidrogen.jpg","datePublished":"2019-07-03T07:12:57+00:00","dateModified":"2023-05-11T07:20:36+00:00","breadcrumb":{"@id":"https:\/\/www.actecir.cat\/es\/baxi-presenta-la-caldera-domestica-a-base-de-hidrogeno\/#breadcrumb"},"inLanguage":"es","potentialAction":[{"@type":"ReadAction","target":["https:\/\/www.actecir.cat\/es\/baxi-presenta-la-caldera-domestica-a-base-de-hidrogeno\/"]}]},{"@type":"ImageObject","inLanguage":"es","@id":"https:\/\/www.actecir.cat\/es\/baxi-presenta-la-caldera-domestica-a-base-de-hidrogeno\/#primaryimage","url":"https:\/\/www.actecir.cat\/wp-content\/uploads\/2023\/05\/BAXI_caldera_hidrogen.jpg","contentUrl":"https:\/\/www.actecir.cat\/wp-content\/uploads\/2023\/05\/BAXI_caldera_hidrogen.jpg","width":600,"height":400},{"@type":"BreadcrumbList","@id":"https:\/\/www.actecir.cat\/es\/baxi-presenta-la-caldera-domestica-a-base-de-hidrogeno\/#breadcrumb","itemListElement":[{"@type":"ListItem","position":1,"name":"Inici","item":"https:\/\/www.actecir.cat\/es\/"},{"@type":"ListItem","position":2,"name":"BAXI presenta la caldera dom\u00e9stica a base de hidr\u00f3geno"}]},{"@type":"WebSite","@id":"https:\/\/www.actecir.cat\/#website","url":"https:\/\/www.actecir.cat\/","name":"Actecir","description":"Associaci\u00f3 Catalana de T\u00e8cnics en Energia, Climatitzaci\u00f3 i Refrigeraci\u00f3","publisher":{"@id":"https:\/\/www.actecir.cat\/#organization"},"potentialAction":[{"@type":"SearchAction","target":{"@type":"EntryPoint","urlTemplate":"https:\/\/www.actecir.cat\/?s={search_term_string}"},"query-input":{"@type":"PropertyValueSpecification","valueRequired":true,"valueName":"search_term_string"}}],"inLanguage":"es"},{"@type":"Organization","@id":"https:\/\/www.actecir.cat\/#organization","name":"Actecir","url":"https:\/\/www.actecir.cat\/","logo":{"@type":"ImageObject","inLanguage":"es","@id":"https:\/\/www.actecir.cat\/#\/schema\/logo\/image\/","url":"https:\/\/www.actecir.cat\/wp-content\/uploads\/2023\/04\/cropped-logo_actecir_60_alto.png","contentUrl":"https:\/\/www.actecir.cat\/wp-content\/uploads\/2023\/04\/cropped-logo_actecir_60_alto.png","width":283,"height":80,"caption":"Actecir"},"image":{"@id":"https:\/\/www.actecir.cat\/#\/schema\/logo\/image\/"},"sameAs":["https:\/\/x.com\/actecir","https:\/\/www.linkedin.com\/company\/actecir"]},{"@type":"Person","@id":"https:\/\/www.actecir.cat\/#\/schema\/person\/42edd02f0b1d55e19444428c5d321413","name":"Soporte web","sameAs":["https:\/\/www.actecir.cat"],"url":"https:\/\/www.actecir.cat\/es\/author\/maensystems\/"}]}},"_links":{"self":[{"href":"https:\/\/www.actecir.cat\/es\/wp-json\/wp\/v2\/posts\/6397","targetHints":{"allow":["GET"]}}],"collection":[{"href":"https:\/\/www.actecir.cat\/es\/wp-json\/wp\/v2\/posts"}],"about":[{"href":"https:\/\/www.actecir.cat\/es\/wp-json\/wp\/v2\/types\/post"}],"author":[{"embeddable":true,"href":"https:\/\/www.actecir.cat\/es\/wp-json\/wp\/v2\/users\/1"}],"replies":[{"embeddable":true,"href":"https:\/\/www.actecir.cat\/es\/wp-json\/wp\/v2\/comments?post=6397"}],"version-history":[{"count":1,"href":"https:\/\/www.actecir.cat\/es\/wp-json\/wp\/v2\/posts\/6397\/revisions"}],"predecessor-version":[{"id":6398,"href":"https:\/\/www.actecir.cat\/es\/wp-json\/wp\/v2\/posts\/6397\/revisions\/6398"}],"wp:featuredmedia":[{"embeddable":true,"href":"https:\/\/www.actecir.cat\/es\/wp-json\/wp\/v2\/media\/6395"}],"wp:attachment":[{"href":"https:\/\/www.actecir.cat\/es\/wp-json\/wp\/v2\/media?parent=6397"}],"wp:term":[{"taxonomy":"category","embeddable":true,"href":"https:\/\/www.actecir.cat\/es\/wp-json\/wp\/v2\/categories?post=6397"},{"taxonomy":"post_tag","embeddable":true,"href":"https:\/\/www.actecir.cat\/es\/wp-json\/wp\/v2\/tags?post=6397"}],"curies":[{"name":"wp","href":"https:\/\/api.w.org\/{rel}","templated":true}]}}