{"id":6403,"date":"2019-06-19T09:21:16","date_gmt":"2019-06-19T07:21:16","guid":{"rendered":"https:\/\/www.actecir.cat\/?p=6403"},"modified":"2023-05-11T09:24:08","modified_gmt":"2023-05-11T07:24:08","slug":"formacion-en-bombas-de-calor-desde-la-academia-junkers","status":"publish","type":"post","link":"https:\/\/www.actecir.cat\/es\/formacion-en-bombas-de-calor-desde-la-academia-junkers\/","title":{"rendered":"Formaci\u00f3n en bombas de calor desde la Academia Junkers"},"content":{"rendered":"<p>Conocedores de la importancia de la formaci\u00f3n en el sector profesional de la instalaci\u00f3n<\/p>\n<p>&nbsp;<\/p>\n<p>Conocedores de la importancia de la formaci\u00f3n en el sector profesional de la instalaci\u00f3n, desde Junkers, compa\u00f1\u00eda perteneciente a la divisi\u00f3n Bosch Termotecnia del Grupo Bosch, pone a disposici\u00f3n de todos los instaladores un modelo exclusivo de formaci\u00f3n denominado Aula Junkers, una plataforma que permite a los profesionales aprender sobre instalaci\u00f3n de manera sencilla, intuitiva y por supuesto interactiva y did\u00e1ctica.<\/p>\n<p>Dentro de este modelo de formaci\u00f3n diferencial, la compa\u00f1\u00eda demuestra su compromiso proponiendo contenido actual, para que el sector profesional pueda contar con los conocimientos m\u00e1s amplios posibles en una ense\u00f1anza online o pr\u00e1ctico \u2013 te\u00f3rica mediante cursos presenciales, siempre apoyados por una marca que aplica tecnolog\u00edas punteras en todas sus soluciones<\/p>\n<p>Dentro de este contenido, la compa\u00f1\u00eda ha puesto a disposici\u00f3n un nuevo m\u00f3dulo, Bombas de Calor Supraeco aire\/agua, cuyo objetivo es ofrecer un dominio en las gamas de bombas de calor aire-agua y su aplicaci\u00f3n a las instalaciones.<\/p>\n<p>La formaci\u00f3n especializada en bombas de calor combina material te\u00f3rico junto con material audiovisual y la vertiente pr\u00e1ctica, en la que se repasan temas como el circuito frigor\u00edfico y bombas de calor, la instalaci\u00f3n, mantenimiento y puesta en marcha de estas soluciones, la preparaci\u00f3n para a.c.s o el sistema de aire-aire con refrigerante R32, con diferentes enfoques pr\u00e1cticos, como la puesta en marcha o la identificaci\u00f3n de componentes y su funcionamiento, o la configuraci\u00f3n de par\u00e1metros para los equipos.<\/p>\n<p>El m\u00f3dulo est\u00e1 disponible en el Aula Online, el modelo de formaci\u00f3n que Junkers ha propuesto consciente de las necesidades que los profesionales tienen a d\u00eda de hoy de compaginar su continua formaci\u00f3n con el trabajo.<\/p>\n<p>Seguiremos proporcionando comunicaciones de manera peri\u00f3dica con informaci\u00f3n sobre esta tecnolog\u00eda aplicada a la climatizaci\u00f3n y agua caliente sanitaria por la cual la compa\u00f1\u00eda ha hecho una fuerte apuesta.<\/p>\n<p>No dude en compartir esta informaci\u00f3n con sus asociados y esperamos que sea de su inter\u00e9s \u00e9sta y otras comunicaciones que le haremos llegar.<\/p>\n<p><img fetchpriority=\"high\" decoding=\"async\" class=\"alignleft size-full wp-image-6401\" src=\"https:\/\/www.actecir.cat\/wp-content\/uploads\/2023\/05\/junkers.jpg\" alt=\"\" width=\"600\" height=\"400\" srcset=\"https:\/\/www.actecir.cat\/wp-content\/uploads\/2023\/05\/junkers.jpg 600w, https:\/\/www.actecir.cat\/wp-content\/uploads\/2023\/05\/junkers-300x200.jpg 300w\" sizes=\"(max-width: 600px) 100vw, 600px\" \/><\/p>\n<p>&nbsp;<\/p>\n<p>&nbsp;<\/p>\n<p>&nbsp;<\/p>\n<p>&nbsp;<\/p>\n<p>&nbsp;<\/p>\n<p>&nbsp;<\/p>\n<p>&nbsp;<\/p>\n<p>&nbsp;<\/p>\n<p>&nbsp;<\/p>\n<p>&nbsp;<\/p>\n<p>&nbsp;<\/p>\n<p><strong>Atentamente<\/strong><strong>.<\/strong><\/p>\n<p><strong>Robert Bosch Espa\u00f1a S.L.U.<\/strong><\/p>\n","protected":false},"excerpt":{"rendered":"<p>Conocedores de la importancia de la formaci\u00f3n en el sector profesional de la instalaci\u00f3n<\/p>\n","protected":false},"author":1,"featured_media":6401,"comment_status":"closed","ping_status":"closed","sticky":false,"template":"","format":"standard","meta":{"footnotes":""},"categories":[25],"tags":[],"class_list":["post-6403","post","type-post","status-publish","format-standard","has-post-thumbnail","hentry","category-noticias"],"yoast_head":"<!-- This site is optimized with the Yoast SEO plugin v27.2 - https:\/\/yoast.com\/product\/yoast-seo-wordpress\/ -->\n<title>Formaci\u00f3n en bombas de calor desde la Academia Junkers - Actecir<\/title>\n<meta name=\"robots\" content=\"index, follow, max-snippet:-1, max-image-preview:large, max-video-preview:-1\" \/>\n<link rel=\"canonical\" href=\"https:\/\/www.actecir.cat\/es\/formacion-en-bombas-de-calor-desde-la-academia-junkers\/\" \/>\n<meta property=\"og:locale\" content=\"es_ES\" \/>\n<meta property=\"og:type\" content=\"article\" \/>\n<meta property=\"og:title\" content=\"Formaci\u00f3n en bombas de calor desde la Academia Junkers - Actecir\" \/>\n<meta property=\"og:description\" content=\"Conocedores de la importancia de la formaci\u00f3n en el sector profesional de la instalaci\u00f3n\" \/>\n<meta property=\"og:url\" content=\"https:\/\/www.actecir.cat\/es\/formacion-en-bombas-de-calor-desde-la-academia-junkers\/\" \/>\n<meta property=\"og:site_name\" content=\"Actecir\" \/>\n<meta property=\"article:published_time\" content=\"2019-06-19T07:21:16+00:00\" \/>\n<meta property=\"article:modified_time\" content=\"2023-05-11T07:24:08+00:00\" \/>\n<meta property=\"og:image\" content=\"https:\/\/www.actecir.cat\/wp-content\/uploads\/2023\/05\/junkers.jpg\" \/>\n\t<meta property=\"og:image:width\" content=\"600\" \/>\n\t<meta property=\"og:image:height\" content=\"400\" \/>\n\t<meta property=\"og:image:type\" content=\"image\/jpeg\" \/>\n<meta name=\"author\" content=\"Soporte web\" \/>\n<meta name=\"twitter:card\" content=\"summary_large_image\" \/>\n<meta name=\"twitter:creator\" content=\"@actecir\" \/>\n<meta name=\"twitter:site\" content=\"@actecir\" \/>\n<meta name=\"twitter:label1\" content=\"Escrito por\" \/>\n\t<meta name=\"twitter:data1\" content=\"Soporte web\" \/>\n\t<meta name=\"twitter:label2\" content=\"Tiempo de lectura\" \/>\n\t<meta name=\"twitter:data2\" content=\"2 minutos\" \/>\n<script type=\"application\/ld+json\" class=\"yoast-schema-graph\">{\"@context\":\"https:\/\/schema.org\",\"@graph\":[{\"@type\":\"Article\",\"@id\":\"https:\/\/www.actecir.cat\/es\/formacion-en-bombas-de-calor-desde-la-academia-junkers\/#article\",\"isPartOf\":{\"@id\":\"https:\/\/www.actecir.cat\/es\/formacion-en-bombas-de-calor-desde-la-academia-junkers\/\"},\"author\":{\"name\":\"Soporte web\",\"@id\":\"https:\/\/www.actecir.cat\/#\/schema\/person\/42edd02f0b1d55e19444428c5d321413\"},\"headline\":\"Formaci\u00f3n en bombas de calor desde la Academia Junkers\",\"datePublished\":\"2019-06-19T07:21:16+00:00\",\"dateModified\":\"2023-05-11T07:24:08+00:00\",\"mainEntityOfPage\":{\"@id\":\"https:\/\/www.actecir.cat\/es\/formacion-en-bombas-de-calor-desde-la-academia-junkers\/\"},\"wordCount\":407,\"publisher\":{\"@id\":\"https:\/\/www.actecir.cat\/#organization\"},\"image\":{\"@id\":\"https:\/\/www.actecir.cat\/es\/formacion-en-bombas-de-calor-desde-la-academia-junkers\/#primaryimage\"},\"thumbnailUrl\":\"https:\/\/www.actecir.cat\/wp-content\/uploads\/2023\/05\/junkers.jpg\",\"articleSection\":[\"Noticias\"],\"inLanguage\":\"es\"},{\"@type\":\"WebPage\",\"@id\":\"https:\/\/www.actecir.cat\/es\/formacion-en-bombas-de-calor-desde-la-academia-junkers\/\",\"url\":\"https:\/\/www.actecir.cat\/es\/formacion-en-bombas-de-calor-desde-la-academia-junkers\/\",\"name\":\"Formaci\u00f3n en bombas de calor desde la Academia Junkers - Actecir\",\"isPartOf\":{\"@id\":\"https:\/\/www.actecir.cat\/#website\"},\"primaryImageOfPage\":{\"@id\":\"https:\/\/www.actecir.cat\/es\/formacion-en-bombas-de-calor-desde-la-academia-junkers\/#primaryimage\"},\"image\":{\"@id\":\"https:\/\/www.actecir.cat\/es\/formacion-en-bombas-de-calor-desde-la-academia-junkers\/#primaryimage\"},\"thumbnailUrl\":\"https:\/\/www.actecir.cat\/wp-content\/uploads\/2023\/05\/junkers.jpg\",\"datePublished\":\"2019-06-19T07:21:16+00:00\",\"dateModified\":\"2023-05-11T07:24:08+00:00\",\"breadcrumb\":{\"@id\":\"https:\/\/www.actecir.cat\/es\/formacion-en-bombas-de-calor-desde-la-academia-junkers\/#breadcrumb\"},\"inLanguage\":\"es\",\"potentialAction\":[{\"@type\":\"ReadAction\",\"target\":[\"https:\/\/www.actecir.cat\/es\/formacion-en-bombas-de-calor-desde-la-academia-junkers\/\"]}]},{\"@type\":\"ImageObject\",\"inLanguage\":\"es\",\"@id\":\"https:\/\/www.actecir.cat\/es\/formacion-en-bombas-de-calor-desde-la-academia-junkers\/#primaryimage\",\"url\":\"https:\/\/www.actecir.cat\/wp-content\/uploads\/2023\/05\/junkers.jpg\",\"contentUrl\":\"https:\/\/www.actecir.cat\/wp-content\/uploads\/2023\/05\/junkers.jpg\",\"width\":600,\"height\":400},{\"@type\":\"BreadcrumbList\",\"@id\":\"https:\/\/www.actecir.cat\/es\/formacion-en-bombas-de-calor-desde-la-academia-junkers\/#breadcrumb\",\"itemListElement\":[{\"@type\":\"ListItem\",\"position\":1,\"name\":\"Inici\",\"item\":\"https:\/\/www.actecir.cat\/es\/\"},{\"@type\":\"ListItem\",\"position\":2,\"name\":\"Formaci\u00f3n en bombas de calor desde la Academia Junkers\"}]},{\"@type\":\"WebSite\",\"@id\":\"https:\/\/www.actecir.cat\/#website\",\"url\":\"https:\/\/www.actecir.cat\/\",\"name\":\"Actecir\",\"description\":\"Associaci\u00f3 Catalana de T\u00e8cnics en Energia, Climatitzaci\u00f3 i Refrigeraci\u00f3\",\"publisher\":{\"@id\":\"https:\/\/www.actecir.cat\/#organization\"},\"potentialAction\":[{\"@type\":\"SearchAction\",\"target\":{\"@type\":\"EntryPoint\",\"urlTemplate\":\"https:\/\/www.actecir.cat\/?s={search_term_string}\"},\"query-input\":{\"@type\":\"PropertyValueSpecification\",\"valueRequired\":true,\"valueName\":\"search_term_string\"}}],\"inLanguage\":\"es\"},{\"@type\":\"Organization\",\"@id\":\"https:\/\/www.actecir.cat\/#organization\",\"name\":\"Actecir\",\"url\":\"https:\/\/www.actecir.cat\/\",\"logo\":{\"@type\":\"ImageObject\",\"inLanguage\":\"es\",\"@id\":\"https:\/\/www.actecir.cat\/#\/schema\/logo\/image\/\",\"url\":\"https:\/\/www.actecir.cat\/wp-content\/uploads\/2023\/04\/cropped-logo_actecir_60_alto.png\",\"contentUrl\":\"https:\/\/www.actecir.cat\/wp-content\/uploads\/2023\/04\/cropped-logo_actecir_60_alto.png\",\"width\":283,\"height\":80,\"caption\":\"Actecir\"},\"image\":{\"@id\":\"https:\/\/www.actecir.cat\/#\/schema\/logo\/image\/\"},\"sameAs\":[\"https:\/\/x.com\/actecir\",\"https:\/\/www.linkedin.com\/company\/actecir\"]},{\"@type\":\"Person\",\"@id\":\"https:\/\/www.actecir.cat\/#\/schema\/person\/42edd02f0b1d55e19444428c5d321413\",\"name\":\"Soporte web\",\"sameAs\":[\"https:\/\/www.actecir.cat\"],\"url\":\"https:\/\/www.actecir.cat\/es\/author\/maensystems\/\"}]}<\/script>\n<!-- \/ Yoast SEO plugin. -->","yoast_head_json":{"title":"Formaci\u00f3n en bombas de calor desde la Academia Junkers - Actecir","robots":{"index":"index","follow":"follow","max-snippet":"max-snippet:-1","max-image-preview":"max-image-preview:large","max-video-preview":"max-video-preview:-1"},"canonical":"https:\/\/www.actecir.cat\/es\/formacion-en-bombas-de-calor-desde-la-academia-junkers\/","og_locale":"es_ES","og_type":"article","og_title":"Formaci\u00f3n en bombas de calor desde la Academia Junkers - Actecir","og_description":"Conocedores de la importancia de la formaci\u00f3n en el sector profesional de la instalaci\u00f3n","og_url":"https:\/\/www.actecir.cat\/es\/formacion-en-bombas-de-calor-desde-la-academia-junkers\/","og_site_name":"Actecir","article_published_time":"2019-06-19T07:21:16+00:00","article_modified_time":"2023-05-11T07:24:08+00:00","og_image":[{"width":600,"height":400,"url":"https:\/\/www.actecir.cat\/wp-content\/uploads\/2023\/05\/junkers.jpg","type":"image\/jpeg"}],"author":"Soporte web","twitter_card":"summary_large_image","twitter_creator":"@actecir","twitter_site":"@actecir","twitter_misc":{"Escrito por":"Soporte web","Tiempo de lectura":"2 minutos"},"schema":{"@context":"https:\/\/schema.org","@graph":[{"@type":"Article","@id":"https:\/\/www.actecir.cat\/es\/formacion-en-bombas-de-calor-desde-la-academia-junkers\/#article","isPartOf":{"@id":"https:\/\/www.actecir.cat\/es\/formacion-en-bombas-de-calor-desde-la-academia-junkers\/"},"author":{"name":"Soporte web","@id":"https:\/\/www.actecir.cat\/#\/schema\/person\/42edd02f0b1d55e19444428c5d321413"},"headline":"Formaci\u00f3n en bombas de calor desde la Academia Junkers","datePublished":"2019-06-19T07:21:16+00:00","dateModified":"2023-05-11T07:24:08+00:00","mainEntityOfPage":{"@id":"https:\/\/www.actecir.cat\/es\/formacion-en-bombas-de-calor-desde-la-academia-junkers\/"},"wordCount":407,"publisher":{"@id":"https:\/\/www.actecir.cat\/#organization"},"image":{"@id":"https:\/\/www.actecir.cat\/es\/formacion-en-bombas-de-calor-desde-la-academia-junkers\/#primaryimage"},"thumbnailUrl":"https:\/\/www.actecir.cat\/wp-content\/uploads\/2023\/05\/junkers.jpg","articleSection":["Noticias"],"inLanguage":"es"},{"@type":"WebPage","@id":"https:\/\/www.actecir.cat\/es\/formacion-en-bombas-de-calor-desde-la-academia-junkers\/","url":"https:\/\/www.actecir.cat\/es\/formacion-en-bombas-de-calor-desde-la-academia-junkers\/","name":"Formaci\u00f3n en bombas de calor desde la Academia Junkers - Actecir","isPartOf":{"@id":"https:\/\/www.actecir.cat\/#website"},"primaryImageOfPage":{"@id":"https:\/\/www.actecir.cat\/es\/formacion-en-bombas-de-calor-desde-la-academia-junkers\/#primaryimage"},"image":{"@id":"https:\/\/www.actecir.cat\/es\/formacion-en-bombas-de-calor-desde-la-academia-junkers\/#primaryimage"},"thumbnailUrl":"https:\/\/www.actecir.cat\/wp-content\/uploads\/2023\/05\/junkers.jpg","datePublished":"2019-06-19T07:21:16+00:00","dateModified":"2023-05-11T07:24:08+00:00","breadcrumb":{"@id":"https:\/\/www.actecir.cat\/es\/formacion-en-bombas-de-calor-desde-la-academia-junkers\/#breadcrumb"},"inLanguage":"es","potentialAction":[{"@type":"ReadAction","target":["https:\/\/www.actecir.cat\/es\/formacion-en-bombas-de-calor-desde-la-academia-junkers\/"]}]},{"@type":"ImageObject","inLanguage":"es","@id":"https:\/\/www.actecir.cat\/es\/formacion-en-bombas-de-calor-desde-la-academia-junkers\/#primaryimage","url":"https:\/\/www.actecir.cat\/wp-content\/uploads\/2023\/05\/junkers.jpg","contentUrl":"https:\/\/www.actecir.cat\/wp-content\/uploads\/2023\/05\/junkers.jpg","width":600,"height":400},{"@type":"BreadcrumbList","@id":"https:\/\/www.actecir.cat\/es\/formacion-en-bombas-de-calor-desde-la-academia-junkers\/#breadcrumb","itemListElement":[{"@type":"ListItem","position":1,"name":"Inici","item":"https:\/\/www.actecir.cat\/es\/"},{"@type":"ListItem","position":2,"name":"Formaci\u00f3n en bombas de calor desde la Academia Junkers"}]},{"@type":"WebSite","@id":"https:\/\/www.actecir.cat\/#website","url":"https:\/\/www.actecir.cat\/","name":"Actecir","description":"Associaci\u00f3 Catalana de T\u00e8cnics en Energia, Climatitzaci\u00f3 i Refrigeraci\u00f3","publisher":{"@id":"https:\/\/www.actecir.cat\/#organization"},"potentialAction":[{"@type":"SearchAction","target":{"@type":"EntryPoint","urlTemplate":"https:\/\/www.actecir.cat\/?s={search_term_string}"},"query-input":{"@type":"PropertyValueSpecification","valueRequired":true,"valueName":"search_term_string"}}],"inLanguage":"es"},{"@type":"Organization","@id":"https:\/\/www.actecir.cat\/#organization","name":"Actecir","url":"https:\/\/www.actecir.cat\/","logo":{"@type":"ImageObject","inLanguage":"es","@id":"https:\/\/www.actecir.cat\/#\/schema\/logo\/image\/","url":"https:\/\/www.actecir.cat\/wp-content\/uploads\/2023\/04\/cropped-logo_actecir_60_alto.png","contentUrl":"https:\/\/www.actecir.cat\/wp-content\/uploads\/2023\/04\/cropped-logo_actecir_60_alto.png","width":283,"height":80,"caption":"Actecir"},"image":{"@id":"https:\/\/www.actecir.cat\/#\/schema\/logo\/image\/"},"sameAs":["https:\/\/x.com\/actecir","https:\/\/www.linkedin.com\/company\/actecir"]},{"@type":"Person","@id":"https:\/\/www.actecir.cat\/#\/schema\/person\/42edd02f0b1d55e19444428c5d321413","name":"Soporte web","sameAs":["https:\/\/www.actecir.cat"],"url":"https:\/\/www.actecir.cat\/es\/author\/maensystems\/"}]}},"_links":{"self":[{"href":"https:\/\/www.actecir.cat\/es\/wp-json\/wp\/v2\/posts\/6403","targetHints":{"allow":["GET"]}}],"collection":[{"href":"https:\/\/www.actecir.cat\/es\/wp-json\/wp\/v2\/posts"}],"about":[{"href":"https:\/\/www.actecir.cat\/es\/wp-json\/wp\/v2\/types\/post"}],"author":[{"embeddable":true,"href":"https:\/\/www.actecir.cat\/es\/wp-json\/wp\/v2\/users\/1"}],"replies":[{"embeddable":true,"href":"https:\/\/www.actecir.cat\/es\/wp-json\/wp\/v2\/comments?post=6403"}],"version-history":[{"count":1,"href":"https:\/\/www.actecir.cat\/es\/wp-json\/wp\/v2\/posts\/6403\/revisions"}],"predecessor-version":[{"id":6404,"href":"https:\/\/www.actecir.cat\/es\/wp-json\/wp\/v2\/posts\/6403\/revisions\/6404"}],"wp:featuredmedia":[{"embeddable":true,"href":"https:\/\/www.actecir.cat\/es\/wp-json\/wp\/v2\/media\/6401"}],"wp:attachment":[{"href":"https:\/\/www.actecir.cat\/es\/wp-json\/wp\/v2\/media?parent=6403"}],"wp:term":[{"taxonomy":"category","embeddable":true,"href":"https:\/\/www.actecir.cat\/es\/wp-json\/wp\/v2\/categories?post=6403"},{"taxonomy":"post_tag","embeddable":true,"href":"https:\/\/www.actecir.cat\/es\/wp-json\/wp\/v2\/tags?post=6403"}],"curies":[{"name":"wp","href":"https:\/\/api.w.org\/{rel}","templated":true}]}}