{"id":6411,"date":"2019-06-06T09:25:43","date_gmt":"2019-06-06T07:25:43","guid":{"rendered":"https:\/\/www.actecir.cat\/?p=6411"},"modified":"2023-07-07T16:06:28","modified_gmt":"2023-07-07T14:06:28","slug":"seis-cosas-que-no-sabes-pero-deberias-sobre-la-energia-solar","status":"publish","type":"post","link":"https:\/\/www.actecir.cat\/es\/seis-cosas-que-no-sabes-pero-deberias-sobre-la-energia-solar\/","title":{"rendered":"Seis cosas que no sabes, pero deber\u00edas, sobre la energ\u00eda solar"},"content":{"rendered":"<p>Consciente de la necesidad de avanzar hacia un modelo m\u00e1s eficiente<\/p>\n<p><img fetchpriority=\"high\" decoding=\"async\" class=\"\" src=\"https:\/\/bm.hosting.augure.com\/Augure_BM\/ImageBank\/2815.png?t=636936936310000000\" alt=\"\" width=\"600\" height=\"134\" \/><\/p>\n<p>&nbsp;<\/p>\n<p><strong>Seis cosas que no sabes, pero deber\u00edas, sobre la energ\u00eda solar<\/strong><\/p>\n<p><strong>\u00a0<\/strong><\/p>\n<ul>\n<li><strong>Con el auge de las energ\u00edas renovables, Junkers presenta una serie de claves para aprovechar los recursos naturales -como la energ\u00eda solar- perfectos para producir agua caliente sanitaria.<\/strong><\/li>\n<li><strong>Para poder sacar el m\u00e1ximo rendimiento de este recurso natural, Junkers cuenta con Sistemas Solares T\u00e9rmicos que se adaptan a las necesidades de cada vivienda y a las demandas de los usuarios.<\/strong><\/li>\n<\/ul>\n<p><strong>\u00a0<\/strong><\/p>\n<p><strong>Madrid, 22 de mayo de 2019.<\/strong>\u00a0Todos sabemos que el sol es una fuente inagotable de energ\u00eda para el ser humano y la naturaleza en general. Sin embargo, los espa\u00f1oles seguimos sin hacer un uso masivo de soluciones de energ\u00eda solar para la producci\u00f3n y el suministro de agua caliente sanitaria en nuestros hogares. Consciente de esto y con el objetivo de cambiar esta tendencia,\u00a0Junkers, la marca de la divisi\u00f3n\u00a0Bosch Termotecnia, perteneciente al\u00a0Grupo Bosch, quiere concienciar de los beneficios que supone la utilizaci\u00f3n de esta fuente de energ\u00eda gratuita e inagotable.<\/p>\n<p>El comportamiento responsable hacia la naturaleza y el medio ambiente es un objetivo empresarial fundamental para el Grupo Bosch. Bosch invierte m\u00e1s del 50% de su presupuesto de I+D en tecnolog\u00edas que protegen el medio ambiente y conservan los recursos naturales para una mejor calidad de vida.<\/p>\n<p><strong>\u00bfC\u00f3mo usar este tipo de soluciones?<\/strong><\/p>\n<p>A pesar de que el Sol est\u00e1 presente en todos los d\u00edas de nuestra vida, a\u00fan hay mucho desconocimiento alrededor de c\u00f3mo usar su energ\u00eda para el suministro de a.c.s. La amplia gama de sistemas solares Junkers favorecen la producci\u00f3n de agua caliente sanitaria de forma sostenible, por ello, Junkers presenta las siguientes claves que pueden llevarse a cabo con sus equipos:<\/p>\n<ol>\n<li>La energ\u00eda solar pertenece al grupo de \u201cEnerg\u00edas Renovables\u201d, que se caracterizan por obtenerse de fuentes naturales que no se agotan, bien sea porque hay una gran cantidad de ellas o porque pueden regenerarse por medios naturales. A nivel medioambiental, la energ\u00eda solar es especialmente beneficiosa ya que no genera contaminantes de ning\u00fan tipo.<\/li>\n<li>El sol produce energ\u00eda incluso en los d\u00edas nublados. De hecho, los captadores solares de tubo de vac\u00edo Junkers pueden absorber la radiaci\u00f3n solar difusa y transformarla en agua caliente.<\/li>\n<li>La instalaci\u00f3n de paneles solares en el hogar conlleva un ahorro econ\u00f3mico significativo. Seg\u00fan la zona geogr\u00e1fica y el tipo de energ\u00eda auxiliar, la cobertura solar puede llegar a ser de hasta un 70%. De este modo, la inversi\u00f3n inicial que conllevan se amortiza gracias a la no dependencia directa de otros recursos energ\u00e9ticos como, por ejemplo, el gas natural.<\/li>\n<li>Adem\u00e1s de la orientaci\u00f3n, la zona geogr\u00e1fica tambi\u00e9n es fundamental a la hora de decantarse por una u otra soluci\u00f3n de energ\u00eda solar. As\u00ed, para las zonas de climas m\u00e1s c\u00e1lidos como Levante o Andaluc\u00eda, los sistemas de Termosif\u00f3n Premium o Essence son los m\u00e1s indicados. Estos est\u00e1n formados por uno o dos captadores solares, estructura de aluminio o acero, dep\u00f3sito de acumulaci\u00f3n y accesorios de conexi\u00f3n flexible. Su principal ventaja es que el captador solar calienta el agua del circuito cerrado y esta, a su vez, calienta el agua sanitaria, gracias al dep\u00f3sito de doble envolvente, por lo que su instalaci\u00f3n es muy sencilla al no precisar de bomba para poner esa agua en movimiento.<\/li>\n<li>Para las zonas con climas m\u00e1s irregulares e inviernos m\u00e1s fr\u00edos, como el centro y norte de la pen\u00ednsula, se recomiendan los sistemas de circulaci\u00f3n forzada con captadores solares planos o de tubos de vac\u00edo.\u00a0 Estos fuerzan artificialmente el movimiento del agua en el circuito cerrado, mediante una bomba, y se produce el intercambio de calor en el serpent\u00edn del dep\u00f3sito de acumulaci\u00f3n o intercambiador externo. Los paquetes solares Junkers tiene todos los componentes necesarios ya definidos para una demanda y zona geogr\u00e1fica.<\/li>\n<li>Independientemente del tipo de sistema que por el que se opte, los captadores solares est\u00e1n dise\u00f1ados para durar, aproximadamente, 25 a\u00f1os, por lo que a nivel medioambiental se traduce en producir agua caliente de forma eficiente y renovable de una forma prolongada.<\/li>\n<\/ol>\n","protected":false},"excerpt":{"rendered":"<p>Consciente de la necesidad de avanzar hacia un modelo m\u00e1s eficiente<\/p>\n","protected":false},"author":1,"featured_media":6409,"comment_status":"closed","ping_status":"closed","sticky":false,"template":"","format":"standard","meta":{"footnotes":""},"categories":[25],"tags":[],"class_list":["post-6411","post","type-post","status-publish","format-standard","has-post-thumbnail","hentry","category-noticias"],"yoast_head":"<!-- This site is optimized with the Yoast SEO plugin v27.2 - https:\/\/yoast.com\/product\/yoast-seo-wordpress\/ -->\n<title>Seis cosas que no sabes, pero deber\u00edas, sobre la energ\u00eda solar - Actecir<\/title>\n<meta name=\"robots\" content=\"index, follow, max-snippet:-1, max-image-preview:large, max-video-preview:-1\" \/>\n<link rel=\"canonical\" href=\"https:\/\/www.actecir.cat\/es\/seis-cosas-que-no-sabes-pero-deberias-sobre-la-energia-solar\/\" \/>\n<meta property=\"og:locale\" content=\"es_ES\" \/>\n<meta property=\"og:type\" content=\"article\" \/>\n<meta property=\"og:title\" content=\"Seis cosas que no sabes, pero deber\u00edas, sobre la energ\u00eda solar - Actecir\" \/>\n<meta property=\"og:description\" content=\"Consciente de la necesidad de avanzar hacia un modelo m\u00e1s eficiente\" \/>\n<meta property=\"og:url\" content=\"https:\/\/www.actecir.cat\/es\/seis-cosas-que-no-sabes-pero-deberias-sobre-la-energia-solar\/\" \/>\n<meta property=\"og:site_name\" content=\"Actecir\" \/>\n<meta property=\"article:published_time\" content=\"2019-06-06T07:25:43+00:00\" \/>\n<meta property=\"article:modified_time\" content=\"2023-07-07T14:06:28+00:00\" \/>\n<meta property=\"og:image\" content=\"https:\/\/www.actecir.cat\/wp-content\/uploads\/2023\/05\/baixa600.jpg\" \/>\n\t<meta property=\"og:image:width\" content=\"600\" \/>\n\t<meta property=\"og:image:height\" content=\"400\" \/>\n\t<meta property=\"og:image:type\" content=\"image\/jpeg\" \/>\n<meta name=\"author\" content=\"Soporte web\" \/>\n<meta name=\"twitter:card\" content=\"summary_large_image\" \/>\n<meta name=\"twitter:creator\" content=\"@actecir\" \/>\n<meta name=\"twitter:site\" content=\"@actecir\" \/>\n<meta name=\"twitter:label1\" content=\"Escrito por\" \/>\n\t<meta name=\"twitter:data1\" content=\"Soporte web\" \/>\n\t<meta name=\"twitter:label2\" content=\"Tiempo de lectura\" \/>\n\t<meta name=\"twitter:data2\" content=\"4 minutos\" \/>\n<script type=\"application\/ld+json\" class=\"yoast-schema-graph\">{\"@context\":\"https:\/\/schema.org\",\"@graph\":[{\"@type\":\"Article\",\"@id\":\"https:\/\/www.actecir.cat\/es\/seis-cosas-que-no-sabes-pero-deberias-sobre-la-energia-solar\/#article\",\"isPartOf\":{\"@id\":\"https:\/\/www.actecir.cat\/es\/seis-cosas-que-no-sabes-pero-deberias-sobre-la-energia-solar\/\"},\"author\":{\"name\":\"Soporte web\",\"@id\":\"https:\/\/www.actecir.cat\/#\/schema\/person\/42edd02f0b1d55e19444428c5d321413\"},\"headline\":\"Seis cosas que no sabes, pero deber\u00edas, sobre la energ\u00eda solar\",\"datePublished\":\"2019-06-06T07:25:43+00:00\",\"dateModified\":\"2023-07-07T14:06:28+00:00\",\"mainEntityOfPage\":{\"@id\":\"https:\/\/www.actecir.cat\/es\/seis-cosas-que-no-sabes-pero-deberias-sobre-la-energia-solar\/\"},\"wordCount\":755,\"publisher\":{\"@id\":\"https:\/\/www.actecir.cat\/#organization\"},\"image\":{\"@id\":\"https:\/\/www.actecir.cat\/es\/seis-cosas-que-no-sabes-pero-deberias-sobre-la-energia-solar\/#primaryimage\"},\"thumbnailUrl\":\"https:\/\/www.actecir.cat\/wp-content\/uploads\/2023\/05\/baixa600.jpg\",\"articleSection\":[\"Noticias\"],\"inLanguage\":\"es\"},{\"@type\":\"WebPage\",\"@id\":\"https:\/\/www.actecir.cat\/es\/seis-cosas-que-no-sabes-pero-deberias-sobre-la-energia-solar\/\",\"url\":\"https:\/\/www.actecir.cat\/es\/seis-cosas-que-no-sabes-pero-deberias-sobre-la-energia-solar\/\",\"name\":\"Seis cosas que no sabes, pero deber\u00edas, sobre la energ\u00eda solar - Actecir\",\"isPartOf\":{\"@id\":\"https:\/\/www.actecir.cat\/#website\"},\"primaryImageOfPage\":{\"@id\":\"https:\/\/www.actecir.cat\/es\/seis-cosas-que-no-sabes-pero-deberias-sobre-la-energia-solar\/#primaryimage\"},\"image\":{\"@id\":\"https:\/\/www.actecir.cat\/es\/seis-cosas-que-no-sabes-pero-deberias-sobre-la-energia-solar\/#primaryimage\"},\"thumbnailUrl\":\"https:\/\/www.actecir.cat\/wp-content\/uploads\/2023\/05\/baixa600.jpg\",\"datePublished\":\"2019-06-06T07:25:43+00:00\",\"dateModified\":\"2023-07-07T14:06:28+00:00\",\"breadcrumb\":{\"@id\":\"https:\/\/www.actecir.cat\/es\/seis-cosas-que-no-sabes-pero-deberias-sobre-la-energia-solar\/#breadcrumb\"},\"inLanguage\":\"es\",\"potentialAction\":[{\"@type\":\"ReadAction\",\"target\":[\"https:\/\/www.actecir.cat\/es\/seis-cosas-que-no-sabes-pero-deberias-sobre-la-energia-solar\/\"]}]},{\"@type\":\"ImageObject\",\"inLanguage\":\"es\",\"@id\":\"https:\/\/www.actecir.cat\/es\/seis-cosas-que-no-sabes-pero-deberias-sobre-la-energia-solar\/#primaryimage\",\"url\":\"https:\/\/www.actecir.cat\/wp-content\/uploads\/2023\/05\/baixa600.jpg\",\"contentUrl\":\"https:\/\/www.actecir.cat\/wp-content\/uploads\/2023\/05\/baixa600.jpg\",\"width\":600,\"height\":400},{\"@type\":\"BreadcrumbList\",\"@id\":\"https:\/\/www.actecir.cat\/es\/seis-cosas-que-no-sabes-pero-deberias-sobre-la-energia-solar\/#breadcrumb\",\"itemListElement\":[{\"@type\":\"ListItem\",\"position\":1,\"name\":\"Inici\",\"item\":\"https:\/\/www.actecir.cat\/es\/\"},{\"@type\":\"ListItem\",\"position\":2,\"name\":\"Seis cosas que no sabes, pero deber\u00edas, sobre la energ\u00eda solar\"}]},{\"@type\":\"WebSite\",\"@id\":\"https:\/\/www.actecir.cat\/#website\",\"url\":\"https:\/\/www.actecir.cat\/\",\"name\":\"Actecir\",\"description\":\"Associaci\u00f3 Catalana de T\u00e8cnics en Energia, Climatitzaci\u00f3 i Refrigeraci\u00f3\",\"publisher\":{\"@id\":\"https:\/\/www.actecir.cat\/#organization\"},\"potentialAction\":[{\"@type\":\"SearchAction\",\"target\":{\"@type\":\"EntryPoint\",\"urlTemplate\":\"https:\/\/www.actecir.cat\/?s={search_term_string}\"},\"query-input\":{\"@type\":\"PropertyValueSpecification\",\"valueRequired\":true,\"valueName\":\"search_term_string\"}}],\"inLanguage\":\"es\"},{\"@type\":\"Organization\",\"@id\":\"https:\/\/www.actecir.cat\/#organization\",\"name\":\"Actecir\",\"url\":\"https:\/\/www.actecir.cat\/\",\"logo\":{\"@type\":\"ImageObject\",\"inLanguage\":\"es\",\"@id\":\"https:\/\/www.actecir.cat\/#\/schema\/logo\/image\/\",\"url\":\"https:\/\/www.actecir.cat\/wp-content\/uploads\/2023\/04\/cropped-logo_actecir_60_alto.png\",\"contentUrl\":\"https:\/\/www.actecir.cat\/wp-content\/uploads\/2023\/04\/cropped-logo_actecir_60_alto.png\",\"width\":283,\"height\":80,\"caption\":\"Actecir\"},\"image\":{\"@id\":\"https:\/\/www.actecir.cat\/#\/schema\/logo\/image\/\"},\"sameAs\":[\"https:\/\/x.com\/actecir\",\"https:\/\/www.linkedin.com\/company\/actecir\"]},{\"@type\":\"Person\",\"@id\":\"https:\/\/www.actecir.cat\/#\/schema\/person\/42edd02f0b1d55e19444428c5d321413\",\"name\":\"Soporte web\",\"sameAs\":[\"https:\/\/www.actecir.cat\"],\"url\":\"https:\/\/www.actecir.cat\/es\/author\/maensystems\/\"}]}<\/script>\n<!-- \/ Yoast SEO plugin. -->","yoast_head_json":{"title":"Seis cosas que no sabes, pero deber\u00edas, sobre la energ\u00eda solar - Actecir","robots":{"index":"index","follow":"follow","max-snippet":"max-snippet:-1","max-image-preview":"max-image-preview:large","max-video-preview":"max-video-preview:-1"},"canonical":"https:\/\/www.actecir.cat\/es\/seis-cosas-que-no-sabes-pero-deberias-sobre-la-energia-solar\/","og_locale":"es_ES","og_type":"article","og_title":"Seis cosas que no sabes, pero deber\u00edas, sobre la energ\u00eda solar - Actecir","og_description":"Consciente de la necesidad de avanzar hacia un modelo m\u00e1s eficiente","og_url":"https:\/\/www.actecir.cat\/es\/seis-cosas-que-no-sabes-pero-deberias-sobre-la-energia-solar\/","og_site_name":"Actecir","article_published_time":"2019-06-06T07:25:43+00:00","article_modified_time":"2023-07-07T14:06:28+00:00","og_image":[{"width":600,"height":400,"url":"https:\/\/www.actecir.cat\/wp-content\/uploads\/2023\/05\/baixa600.jpg","type":"image\/jpeg"}],"author":"Soporte web","twitter_card":"summary_large_image","twitter_creator":"@actecir","twitter_site":"@actecir","twitter_misc":{"Escrito por":"Soporte web","Tiempo de lectura":"4 minutos"},"schema":{"@context":"https:\/\/schema.org","@graph":[{"@type":"Article","@id":"https:\/\/www.actecir.cat\/es\/seis-cosas-que-no-sabes-pero-deberias-sobre-la-energia-solar\/#article","isPartOf":{"@id":"https:\/\/www.actecir.cat\/es\/seis-cosas-que-no-sabes-pero-deberias-sobre-la-energia-solar\/"},"author":{"name":"Soporte web","@id":"https:\/\/www.actecir.cat\/#\/schema\/person\/42edd02f0b1d55e19444428c5d321413"},"headline":"Seis cosas que no sabes, pero deber\u00edas, sobre la energ\u00eda solar","datePublished":"2019-06-06T07:25:43+00:00","dateModified":"2023-07-07T14:06:28+00:00","mainEntityOfPage":{"@id":"https:\/\/www.actecir.cat\/es\/seis-cosas-que-no-sabes-pero-deberias-sobre-la-energia-solar\/"},"wordCount":755,"publisher":{"@id":"https:\/\/www.actecir.cat\/#organization"},"image":{"@id":"https:\/\/www.actecir.cat\/es\/seis-cosas-que-no-sabes-pero-deberias-sobre-la-energia-solar\/#primaryimage"},"thumbnailUrl":"https:\/\/www.actecir.cat\/wp-content\/uploads\/2023\/05\/baixa600.jpg","articleSection":["Noticias"],"inLanguage":"es"},{"@type":"WebPage","@id":"https:\/\/www.actecir.cat\/es\/seis-cosas-que-no-sabes-pero-deberias-sobre-la-energia-solar\/","url":"https:\/\/www.actecir.cat\/es\/seis-cosas-que-no-sabes-pero-deberias-sobre-la-energia-solar\/","name":"Seis cosas que no sabes, pero deber\u00edas, sobre la energ\u00eda solar - Actecir","isPartOf":{"@id":"https:\/\/www.actecir.cat\/#website"},"primaryImageOfPage":{"@id":"https:\/\/www.actecir.cat\/es\/seis-cosas-que-no-sabes-pero-deberias-sobre-la-energia-solar\/#primaryimage"},"image":{"@id":"https:\/\/www.actecir.cat\/es\/seis-cosas-que-no-sabes-pero-deberias-sobre-la-energia-solar\/#primaryimage"},"thumbnailUrl":"https:\/\/www.actecir.cat\/wp-content\/uploads\/2023\/05\/baixa600.jpg","datePublished":"2019-06-06T07:25:43+00:00","dateModified":"2023-07-07T14:06:28+00:00","breadcrumb":{"@id":"https:\/\/www.actecir.cat\/es\/seis-cosas-que-no-sabes-pero-deberias-sobre-la-energia-solar\/#breadcrumb"},"inLanguage":"es","potentialAction":[{"@type":"ReadAction","target":["https:\/\/www.actecir.cat\/es\/seis-cosas-que-no-sabes-pero-deberias-sobre-la-energia-solar\/"]}]},{"@type":"ImageObject","inLanguage":"es","@id":"https:\/\/www.actecir.cat\/es\/seis-cosas-que-no-sabes-pero-deberias-sobre-la-energia-solar\/#primaryimage","url":"https:\/\/www.actecir.cat\/wp-content\/uploads\/2023\/05\/baixa600.jpg","contentUrl":"https:\/\/www.actecir.cat\/wp-content\/uploads\/2023\/05\/baixa600.jpg","width":600,"height":400},{"@type":"BreadcrumbList","@id":"https:\/\/www.actecir.cat\/es\/seis-cosas-que-no-sabes-pero-deberias-sobre-la-energia-solar\/#breadcrumb","itemListElement":[{"@type":"ListItem","position":1,"name":"Inici","item":"https:\/\/www.actecir.cat\/es\/"},{"@type":"ListItem","position":2,"name":"Seis cosas que no sabes, pero deber\u00edas, sobre la energ\u00eda solar"}]},{"@type":"WebSite","@id":"https:\/\/www.actecir.cat\/#website","url":"https:\/\/www.actecir.cat\/","name":"Actecir","description":"Associaci\u00f3 Catalana de T\u00e8cnics en Energia, Climatitzaci\u00f3 i Refrigeraci\u00f3","publisher":{"@id":"https:\/\/www.actecir.cat\/#organization"},"potentialAction":[{"@type":"SearchAction","target":{"@type":"EntryPoint","urlTemplate":"https:\/\/www.actecir.cat\/?s={search_term_string}"},"query-input":{"@type":"PropertyValueSpecification","valueRequired":true,"valueName":"search_term_string"}}],"inLanguage":"es"},{"@type":"Organization","@id":"https:\/\/www.actecir.cat\/#organization","name":"Actecir","url":"https:\/\/www.actecir.cat\/","logo":{"@type":"ImageObject","inLanguage":"es","@id":"https:\/\/www.actecir.cat\/#\/schema\/logo\/image\/","url":"https:\/\/www.actecir.cat\/wp-content\/uploads\/2023\/04\/cropped-logo_actecir_60_alto.png","contentUrl":"https:\/\/www.actecir.cat\/wp-content\/uploads\/2023\/04\/cropped-logo_actecir_60_alto.png","width":283,"height":80,"caption":"Actecir"},"image":{"@id":"https:\/\/www.actecir.cat\/#\/schema\/logo\/image\/"},"sameAs":["https:\/\/x.com\/actecir","https:\/\/www.linkedin.com\/company\/actecir"]},{"@type":"Person","@id":"https:\/\/www.actecir.cat\/#\/schema\/person\/42edd02f0b1d55e19444428c5d321413","name":"Soporte web","sameAs":["https:\/\/www.actecir.cat"],"url":"https:\/\/www.actecir.cat\/es\/author\/maensystems\/"}]}},"_links":{"self":[{"href":"https:\/\/www.actecir.cat\/es\/wp-json\/wp\/v2\/posts\/6411","targetHints":{"allow":["GET"]}}],"collection":[{"href":"https:\/\/www.actecir.cat\/es\/wp-json\/wp\/v2\/posts"}],"about":[{"href":"https:\/\/www.actecir.cat\/es\/wp-json\/wp\/v2\/types\/post"}],"author":[{"embeddable":true,"href":"https:\/\/www.actecir.cat\/es\/wp-json\/wp\/v2\/users\/1"}],"replies":[{"embeddable":true,"href":"https:\/\/www.actecir.cat\/es\/wp-json\/wp\/v2\/comments?post=6411"}],"version-history":[{"count":5,"href":"https:\/\/www.actecir.cat\/es\/wp-json\/wp\/v2\/posts\/6411\/revisions"}],"predecessor-version":[{"id":11570,"href":"https:\/\/www.actecir.cat\/es\/wp-json\/wp\/v2\/posts\/6411\/revisions\/11570"}],"wp:featuredmedia":[{"embeddable":true,"href":"https:\/\/www.actecir.cat\/es\/wp-json\/wp\/v2\/media\/6409"}],"wp:attachment":[{"href":"https:\/\/www.actecir.cat\/es\/wp-json\/wp\/v2\/media?parent=6411"}],"wp:term":[{"taxonomy":"category","embeddable":true,"href":"https:\/\/www.actecir.cat\/es\/wp-json\/wp\/v2\/categories?post=6411"},{"taxonomy":"post_tag","embeddable":true,"href":"https:\/\/www.actecir.cat\/es\/wp-json\/wp\/v2\/tags?post=6411"}],"curies":[{"name":"wp","href":"https:\/\/api.w.org\/{rel}","templated":true}]}}