{"id":6419,"date":"2019-06-06T09:30:19","date_gmt":"2019-06-06T07:30:19","guid":{"rendered":"https:\/\/www.actecir.cat\/?p=6419"},"modified":"2023-05-11T09:35:22","modified_gmt":"2023-05-11T07:35:22","slug":"bosch-presenta-un-crecimiento-favorable-en-el-mercado-espanol","status":"publish","type":"post","link":"https:\/\/www.actecir.cat\/es\/bosch-presenta-un-crecimiento-favorable-en-el-mercado-espanol\/","title":{"rendered":"Bosch presenta un crecimiento favorable en el mercado espa\u00f1ol"},"content":{"rendered":"<p>Conferencia de prensa anual 2019<\/p>\n<p>&nbsp;<\/p>\n<ul>\n<li>Bosch alcanz\u00f3, en 2018, unas ventas de aproximadamente 2.500 millones de euros en Espa\u00f1a, un 6% m\u00e1s que el a\u00f1o anterior<\/li>\n<li>Creaci\u00f3n en Barcelona de un \u2018Software Hub\u2019<\/li>\n<li>Bosch reducir\u00e1 a cero su huella de CO<sub>2<\/sub>\u00a0en sus 400 emplazamientos en todo el mundo para 2020<\/li>\n<li>Reducci\u00f3n de un 10 por ciento de las emisiones de CO<sub>2<\/sub>\u00a0en las localizaciones de Bosch en Espa\u00f1a en los \u00faltimos dos a\u00f1os<\/li>\n<\/ul>\n<p><strong>Madrid<\/strong>\u00a0\u2013 Bosch, el proveedor l\u00edder mundial de tecnolog\u00eda y servicios, cerr\u00f3 su ejercicio fiscal 2018 con unas ventas de aproximadamente 2.500 millones de euros en Espa\u00f1a, lo que supone un aumento del 6 por ciento en comparaci\u00f3n con el a\u00f1o precedente. \u201cTras varios a\u00f1os de continuo crecimiento, Espa\u00f1a ha demostrado ser, de nuevo, uno de los mercados clave para Bosch en Europa, debido a sus soluciones innovadoras y conectadas en todas las \u00e1reas empresariales. Para 2019, esperamos un crecimiento moderado en el pa\u00eds&#8221;, dijo Javier Gonz\u00e1lez Pareja, presidente del Grupo Bosch para Espa\u00f1a y Portugal. La plantilla de Bosch Espa\u00f1a, a 31 de diciembre de 2018, ascend\u00eda a 8.650 empleados, manteniendo el nivel del a\u00f1o anterior. El Grupo Bosch invirti\u00f3 unos 80 millones de euros en Espa\u00f1a durante 2018.<\/p>\n<p>&nbsp;<\/p>\n<p><img fetchpriority=\"high\" decoding=\"async\" class=\"alignleft size-full wp-image-6415\" src=\"https:\/\/www.actecir.cat\/wp-content\/uploads\/2023\/05\/Bosch_RO_1.jpeg\" alt=\"\" width=\"600\" height=\"400\" srcset=\"https:\/\/www.actecir.cat\/wp-content\/uploads\/2023\/05\/Bosch_RO_1.jpeg 600w, https:\/\/www.actecir.cat\/wp-content\/uploads\/2023\/05\/Bosch_RO_1-300x200.jpeg 300w\" sizes=\"(max-width: 600px) 100vw, 600px\" \/><\/p>\n<p>&nbsp;<\/p>\n<p>&nbsp;<\/p>\n<p>&nbsp;<\/p>\n<p>&nbsp;<\/p>\n<p>&nbsp;<\/p>\n<p>&nbsp;<\/p>\n<p>&nbsp;<\/p>\n<p>&nbsp;<\/p>\n<p>&nbsp;<\/p>\n<p>&nbsp;<\/p>\n<p>&nbsp;<\/p>\n<p><strong>Desarrollo del negocio de Bosch en Espa\u00f1a<\/strong><\/p>\n<p>Las ventas del \u00e1rea empresarial\u00a0<strong>MobilitySolutions\u00a0<\/strong>experimentaron, durante 2018, un aumento de dos d\u00edgitos, a pesar de una ligera disminuci\u00f3n en la producci\u00f3n de veh\u00edculos en Espa\u00f1a. &#8220;Bosch ha tenido un gran \u00e9xito, especialmente con los sistemas de seguridad para el autom\u00f3vil y los sistemas avanzados de \u2018cockpit\u2019 e \u2018infotainment\u2019&#8221;, dijo Gonz\u00e1lez Pareja. La divisi\u00f3n PowertrainSolutions tambi\u00e9n se desarroll\u00f3 de manera favorable, gracias al papel de liderazgo de Bosch en todas las opciones de propulsi\u00f3n existentes en el mercado. MobilitySolutions es el \u00e1rea empresarial m\u00e1s importantepara Bosch en Espa\u00f1a, representando m\u00e1s del 50 por ciento de sus ventas totales.<\/p>\n<p>El desarrollo del \u00e1rea empresarial\u00a0<strong>Consumer Goods<\/strong>, que engloba la divisi\u00f3n Power Tools y la filial BSH HouseholdAppliances, tambi\u00e9n fue positivo. BSH mantuvo su posici\u00f3n de liderazgo en el mercado espa\u00f1ol de electrodom\u00e9sticos. La fuerte presencia de la marca\u00a0<span class=\"tlid-translation\">Bosch en el popular programa de televisi\u00f3n MasterChef ha ayudado a aumentar el atractivo por la marca y el conocimiento de su cartera de productos. Bosch Electrodom\u00e9sticos ofrece ahora en el mercado espa\u00f1ol su completa y vanguardista gama de hornos de cocci\u00f3n: las series 6, 4 y 2. Estos hornos ofrecen un dise\u00f1o renovado, tanto en su interior como en el exterior, incorporando el sistema de cocci\u00f3n 3D, que permite hornear hasta tres bandejas al mismo tiempo con resultados perfectos. Bosch contin\u00faa promocionando conceptos altamente valorados por los consumidores espa\u00f1oles, como la personalizaci\u00f3n de los frigor\u00edficos: \u00e9stos pueden cambiar el color de la puerta seg\u00fan sus preferencias. Bosch tambi\u00e9n lanz\u00f3 el a\u00f1o pasado la aspiradora \u201cUnlimited\u201d con bater\u00eda intercambiable y que es compatible con los productos de Bosch Power Tools.<\/span><\/p>\n<p><a href=\"https:\/\/www.actecir.cat\/wp-content\/uploads\/2023\/05\/ES888_Resultados_2018_Bosch_Espana.docx\" target=\"_blank\" rel=\"noopener\">Para seguir leyendo la nota de prensa haz click aqu\u00ed<\/a><\/p>\n","protected":false},"excerpt":{"rendered":"<p>Conferencia de prensa anual 2019<\/p>\n","protected":false},"author":1,"featured_media":6415,"comment_status":"closed","ping_status":"closed","sticky":false,"template":"","format":"standard","meta":{"footnotes":""},"categories":[25],"tags":[],"class_list":["post-6419","post","type-post","status-publish","format-standard","has-post-thumbnail","hentry","category-noticias"],"yoast_head":"<!-- This site is optimized with the Yoast SEO plugin v27.2 - https:\/\/yoast.com\/product\/yoast-seo-wordpress\/ -->\n<title>Bosch presenta un crecimiento favorable en el mercado espa\u00f1ol - Actecir<\/title>\n<meta name=\"robots\" content=\"index, follow, max-snippet:-1, max-image-preview:large, max-video-preview:-1\" \/>\n<link rel=\"canonical\" href=\"https:\/\/www.actecir.cat\/es\/bosch-presenta-un-crecimiento-favorable-en-el-mercado-espanol\/\" \/>\n<meta property=\"og:locale\" content=\"es_ES\" \/>\n<meta property=\"og:type\" content=\"article\" \/>\n<meta property=\"og:title\" content=\"Bosch presenta un crecimiento favorable en el mercado espa\u00f1ol - Actecir\" \/>\n<meta property=\"og:description\" content=\"Conferencia de prensa anual 2019\" \/>\n<meta property=\"og:url\" content=\"https:\/\/www.actecir.cat\/es\/bosch-presenta-un-crecimiento-favorable-en-el-mercado-espanol\/\" \/>\n<meta property=\"og:site_name\" content=\"Actecir\" \/>\n<meta property=\"article:published_time\" content=\"2019-06-06T07:30:19+00:00\" \/>\n<meta property=\"article:modified_time\" content=\"2023-05-11T07:35:22+00:00\" \/>\n<meta property=\"og:image\" content=\"https:\/\/www.actecir.cat\/wp-content\/uploads\/2023\/05\/Bosch_RO_1.jpeg\" \/>\n\t<meta property=\"og:image:width\" content=\"600\" \/>\n\t<meta property=\"og:image:height\" content=\"400\" \/>\n\t<meta property=\"og:image:type\" content=\"image\/jpeg\" \/>\n<meta name=\"author\" content=\"Soporte web\" \/>\n<meta name=\"twitter:card\" content=\"summary_large_image\" \/>\n<meta name=\"twitter:creator\" content=\"@actecir\" \/>\n<meta name=\"twitter:site\" content=\"@actecir\" \/>\n<meta name=\"twitter:label1\" content=\"Escrito por\" \/>\n\t<meta name=\"twitter:data1\" content=\"Soporte web\" \/>\n\t<meta name=\"twitter:label2\" content=\"Tiempo de lectura\" \/>\n\t<meta name=\"twitter:data2\" content=\"3 minutos\" \/>\n<script type=\"application\/ld+json\" class=\"yoast-schema-graph\">{\"@context\":\"https:\/\/schema.org\",\"@graph\":[{\"@type\":\"Article\",\"@id\":\"https:\/\/www.actecir.cat\/es\/bosch-presenta-un-crecimiento-favorable-en-el-mercado-espanol\/#article\",\"isPartOf\":{\"@id\":\"https:\/\/www.actecir.cat\/es\/bosch-presenta-un-crecimiento-favorable-en-el-mercado-espanol\/\"},\"author\":{\"name\":\"Soporte web\",\"@id\":\"https:\/\/www.actecir.cat\/#\/schema\/person\/42edd02f0b1d55e19444428c5d321413\"},\"headline\":\"Bosch presenta un crecimiento favorable en el mercado espa\u00f1ol\",\"datePublished\":\"2019-06-06T07:30:19+00:00\",\"dateModified\":\"2023-05-11T07:35:22+00:00\",\"mainEntityOfPage\":{\"@id\":\"https:\/\/www.actecir.cat\/es\/bosch-presenta-un-crecimiento-favorable-en-el-mercado-espanol\/\"},\"wordCount\":544,\"publisher\":{\"@id\":\"https:\/\/www.actecir.cat\/#organization\"},\"image\":{\"@id\":\"https:\/\/www.actecir.cat\/es\/bosch-presenta-un-crecimiento-favorable-en-el-mercado-espanol\/#primaryimage\"},\"thumbnailUrl\":\"https:\/\/www.actecir.cat\/wp-content\/uploads\/2023\/05\/Bosch_RO_1.jpeg\",\"articleSection\":[\"Noticias\"],\"inLanguage\":\"es\"},{\"@type\":\"WebPage\",\"@id\":\"https:\/\/www.actecir.cat\/es\/bosch-presenta-un-crecimiento-favorable-en-el-mercado-espanol\/\",\"url\":\"https:\/\/www.actecir.cat\/es\/bosch-presenta-un-crecimiento-favorable-en-el-mercado-espanol\/\",\"name\":\"Bosch presenta un crecimiento favorable en el mercado espa\u00f1ol - Actecir\",\"isPartOf\":{\"@id\":\"https:\/\/www.actecir.cat\/#website\"},\"primaryImageOfPage\":{\"@id\":\"https:\/\/www.actecir.cat\/es\/bosch-presenta-un-crecimiento-favorable-en-el-mercado-espanol\/#primaryimage\"},\"image\":{\"@id\":\"https:\/\/www.actecir.cat\/es\/bosch-presenta-un-crecimiento-favorable-en-el-mercado-espanol\/#primaryimage\"},\"thumbnailUrl\":\"https:\/\/www.actecir.cat\/wp-content\/uploads\/2023\/05\/Bosch_RO_1.jpeg\",\"datePublished\":\"2019-06-06T07:30:19+00:00\",\"dateModified\":\"2023-05-11T07:35:22+00:00\",\"breadcrumb\":{\"@id\":\"https:\/\/www.actecir.cat\/es\/bosch-presenta-un-crecimiento-favorable-en-el-mercado-espanol\/#breadcrumb\"},\"inLanguage\":\"es\",\"potentialAction\":[{\"@type\":\"ReadAction\",\"target\":[\"https:\/\/www.actecir.cat\/es\/bosch-presenta-un-crecimiento-favorable-en-el-mercado-espanol\/\"]}]},{\"@type\":\"ImageObject\",\"inLanguage\":\"es\",\"@id\":\"https:\/\/www.actecir.cat\/es\/bosch-presenta-un-crecimiento-favorable-en-el-mercado-espanol\/#primaryimage\",\"url\":\"https:\/\/www.actecir.cat\/wp-content\/uploads\/2023\/05\/Bosch_RO_1.jpeg\",\"contentUrl\":\"https:\/\/www.actecir.cat\/wp-content\/uploads\/2023\/05\/Bosch_RO_1.jpeg\",\"width\":600,\"height\":400},{\"@type\":\"BreadcrumbList\",\"@id\":\"https:\/\/www.actecir.cat\/es\/bosch-presenta-un-crecimiento-favorable-en-el-mercado-espanol\/#breadcrumb\",\"itemListElement\":[{\"@type\":\"ListItem\",\"position\":1,\"name\":\"Inici\",\"item\":\"https:\/\/www.actecir.cat\/es\/\"},{\"@type\":\"ListItem\",\"position\":2,\"name\":\"Bosch presenta un crecimiento favorable en el mercado espa\u00f1ol\"}]},{\"@type\":\"WebSite\",\"@id\":\"https:\/\/www.actecir.cat\/#website\",\"url\":\"https:\/\/www.actecir.cat\/\",\"name\":\"Actecir\",\"description\":\"Associaci\u00f3 Catalana de T\u00e8cnics en Energia, Climatitzaci\u00f3 i Refrigeraci\u00f3\",\"publisher\":{\"@id\":\"https:\/\/www.actecir.cat\/#organization\"},\"potentialAction\":[{\"@type\":\"SearchAction\",\"target\":{\"@type\":\"EntryPoint\",\"urlTemplate\":\"https:\/\/www.actecir.cat\/?s={search_term_string}\"},\"query-input\":{\"@type\":\"PropertyValueSpecification\",\"valueRequired\":true,\"valueName\":\"search_term_string\"}}],\"inLanguage\":\"es\"},{\"@type\":\"Organization\",\"@id\":\"https:\/\/www.actecir.cat\/#organization\",\"name\":\"Actecir\",\"url\":\"https:\/\/www.actecir.cat\/\",\"logo\":{\"@type\":\"ImageObject\",\"inLanguage\":\"es\",\"@id\":\"https:\/\/www.actecir.cat\/#\/schema\/logo\/image\/\",\"url\":\"https:\/\/www.actecir.cat\/wp-content\/uploads\/2023\/04\/cropped-logo_actecir_60_alto.png\",\"contentUrl\":\"https:\/\/www.actecir.cat\/wp-content\/uploads\/2023\/04\/cropped-logo_actecir_60_alto.png\",\"width\":283,\"height\":80,\"caption\":\"Actecir\"},\"image\":{\"@id\":\"https:\/\/www.actecir.cat\/#\/schema\/logo\/image\/\"},\"sameAs\":[\"https:\/\/x.com\/actecir\",\"https:\/\/www.linkedin.com\/company\/actecir\"]},{\"@type\":\"Person\",\"@id\":\"https:\/\/www.actecir.cat\/#\/schema\/person\/42edd02f0b1d55e19444428c5d321413\",\"name\":\"Soporte web\",\"sameAs\":[\"https:\/\/www.actecir.cat\"],\"url\":\"https:\/\/www.actecir.cat\/es\/author\/maensystems\/\"}]}<\/script>\n<!-- \/ Yoast SEO plugin. -->","yoast_head_json":{"title":"Bosch presenta un crecimiento favorable en el mercado espa\u00f1ol - Actecir","robots":{"index":"index","follow":"follow","max-snippet":"max-snippet:-1","max-image-preview":"max-image-preview:large","max-video-preview":"max-video-preview:-1"},"canonical":"https:\/\/www.actecir.cat\/es\/bosch-presenta-un-crecimiento-favorable-en-el-mercado-espanol\/","og_locale":"es_ES","og_type":"article","og_title":"Bosch presenta un crecimiento favorable en el mercado espa\u00f1ol - Actecir","og_description":"Conferencia de prensa anual 2019","og_url":"https:\/\/www.actecir.cat\/es\/bosch-presenta-un-crecimiento-favorable-en-el-mercado-espanol\/","og_site_name":"Actecir","article_published_time":"2019-06-06T07:30:19+00:00","article_modified_time":"2023-05-11T07:35:22+00:00","og_image":[{"width":600,"height":400,"url":"https:\/\/www.actecir.cat\/wp-content\/uploads\/2023\/05\/Bosch_RO_1.jpeg","type":"image\/jpeg"}],"author":"Soporte web","twitter_card":"summary_large_image","twitter_creator":"@actecir","twitter_site":"@actecir","twitter_misc":{"Escrito por":"Soporte web","Tiempo de lectura":"3 minutos"},"schema":{"@context":"https:\/\/schema.org","@graph":[{"@type":"Article","@id":"https:\/\/www.actecir.cat\/es\/bosch-presenta-un-crecimiento-favorable-en-el-mercado-espanol\/#article","isPartOf":{"@id":"https:\/\/www.actecir.cat\/es\/bosch-presenta-un-crecimiento-favorable-en-el-mercado-espanol\/"},"author":{"name":"Soporte web","@id":"https:\/\/www.actecir.cat\/#\/schema\/person\/42edd02f0b1d55e19444428c5d321413"},"headline":"Bosch presenta un crecimiento favorable en el mercado espa\u00f1ol","datePublished":"2019-06-06T07:30:19+00:00","dateModified":"2023-05-11T07:35:22+00:00","mainEntityOfPage":{"@id":"https:\/\/www.actecir.cat\/es\/bosch-presenta-un-crecimiento-favorable-en-el-mercado-espanol\/"},"wordCount":544,"publisher":{"@id":"https:\/\/www.actecir.cat\/#organization"},"image":{"@id":"https:\/\/www.actecir.cat\/es\/bosch-presenta-un-crecimiento-favorable-en-el-mercado-espanol\/#primaryimage"},"thumbnailUrl":"https:\/\/www.actecir.cat\/wp-content\/uploads\/2023\/05\/Bosch_RO_1.jpeg","articleSection":["Noticias"],"inLanguage":"es"},{"@type":"WebPage","@id":"https:\/\/www.actecir.cat\/es\/bosch-presenta-un-crecimiento-favorable-en-el-mercado-espanol\/","url":"https:\/\/www.actecir.cat\/es\/bosch-presenta-un-crecimiento-favorable-en-el-mercado-espanol\/","name":"Bosch presenta un crecimiento favorable en el mercado espa\u00f1ol - Actecir","isPartOf":{"@id":"https:\/\/www.actecir.cat\/#website"},"primaryImageOfPage":{"@id":"https:\/\/www.actecir.cat\/es\/bosch-presenta-un-crecimiento-favorable-en-el-mercado-espanol\/#primaryimage"},"image":{"@id":"https:\/\/www.actecir.cat\/es\/bosch-presenta-un-crecimiento-favorable-en-el-mercado-espanol\/#primaryimage"},"thumbnailUrl":"https:\/\/www.actecir.cat\/wp-content\/uploads\/2023\/05\/Bosch_RO_1.jpeg","datePublished":"2019-06-06T07:30:19+00:00","dateModified":"2023-05-11T07:35:22+00:00","breadcrumb":{"@id":"https:\/\/www.actecir.cat\/es\/bosch-presenta-un-crecimiento-favorable-en-el-mercado-espanol\/#breadcrumb"},"inLanguage":"es","potentialAction":[{"@type":"ReadAction","target":["https:\/\/www.actecir.cat\/es\/bosch-presenta-un-crecimiento-favorable-en-el-mercado-espanol\/"]}]},{"@type":"ImageObject","inLanguage":"es","@id":"https:\/\/www.actecir.cat\/es\/bosch-presenta-un-crecimiento-favorable-en-el-mercado-espanol\/#primaryimage","url":"https:\/\/www.actecir.cat\/wp-content\/uploads\/2023\/05\/Bosch_RO_1.jpeg","contentUrl":"https:\/\/www.actecir.cat\/wp-content\/uploads\/2023\/05\/Bosch_RO_1.jpeg","width":600,"height":400},{"@type":"BreadcrumbList","@id":"https:\/\/www.actecir.cat\/es\/bosch-presenta-un-crecimiento-favorable-en-el-mercado-espanol\/#breadcrumb","itemListElement":[{"@type":"ListItem","position":1,"name":"Inici","item":"https:\/\/www.actecir.cat\/es\/"},{"@type":"ListItem","position":2,"name":"Bosch presenta un crecimiento favorable en el mercado espa\u00f1ol"}]},{"@type":"WebSite","@id":"https:\/\/www.actecir.cat\/#website","url":"https:\/\/www.actecir.cat\/","name":"Actecir","description":"Associaci\u00f3 Catalana de T\u00e8cnics en Energia, Climatitzaci\u00f3 i Refrigeraci\u00f3","publisher":{"@id":"https:\/\/www.actecir.cat\/#organization"},"potentialAction":[{"@type":"SearchAction","target":{"@type":"EntryPoint","urlTemplate":"https:\/\/www.actecir.cat\/?s={search_term_string}"},"query-input":{"@type":"PropertyValueSpecification","valueRequired":true,"valueName":"search_term_string"}}],"inLanguage":"es"},{"@type":"Organization","@id":"https:\/\/www.actecir.cat\/#organization","name":"Actecir","url":"https:\/\/www.actecir.cat\/","logo":{"@type":"ImageObject","inLanguage":"es","@id":"https:\/\/www.actecir.cat\/#\/schema\/logo\/image\/","url":"https:\/\/www.actecir.cat\/wp-content\/uploads\/2023\/04\/cropped-logo_actecir_60_alto.png","contentUrl":"https:\/\/www.actecir.cat\/wp-content\/uploads\/2023\/04\/cropped-logo_actecir_60_alto.png","width":283,"height":80,"caption":"Actecir"},"image":{"@id":"https:\/\/www.actecir.cat\/#\/schema\/logo\/image\/"},"sameAs":["https:\/\/x.com\/actecir","https:\/\/www.linkedin.com\/company\/actecir"]},{"@type":"Person","@id":"https:\/\/www.actecir.cat\/#\/schema\/person\/42edd02f0b1d55e19444428c5d321413","name":"Soporte web","sameAs":["https:\/\/www.actecir.cat"],"url":"https:\/\/www.actecir.cat\/es\/author\/maensystems\/"}]}},"_links":{"self":[{"href":"https:\/\/www.actecir.cat\/es\/wp-json\/wp\/v2\/posts\/6419","targetHints":{"allow":["GET"]}}],"collection":[{"href":"https:\/\/www.actecir.cat\/es\/wp-json\/wp\/v2\/posts"}],"about":[{"href":"https:\/\/www.actecir.cat\/es\/wp-json\/wp\/v2\/types\/post"}],"author":[{"embeddable":true,"href":"https:\/\/www.actecir.cat\/es\/wp-json\/wp\/v2\/users\/1"}],"replies":[{"embeddable":true,"href":"https:\/\/www.actecir.cat\/es\/wp-json\/wp\/v2\/comments?post=6419"}],"version-history":[{"count":1,"href":"https:\/\/www.actecir.cat\/es\/wp-json\/wp\/v2\/posts\/6419\/revisions"}],"predecessor-version":[{"id":6420,"href":"https:\/\/www.actecir.cat\/es\/wp-json\/wp\/v2\/posts\/6419\/revisions\/6420"}],"wp:featuredmedia":[{"embeddable":true,"href":"https:\/\/www.actecir.cat\/es\/wp-json\/wp\/v2\/media\/6415"}],"wp:attachment":[{"href":"https:\/\/www.actecir.cat\/es\/wp-json\/wp\/v2\/media?parent=6419"}],"wp:term":[{"taxonomy":"category","embeddable":true,"href":"https:\/\/www.actecir.cat\/es\/wp-json\/wp\/v2\/categories?post=6419"},{"taxonomy":"post_tag","embeddable":true,"href":"https:\/\/www.actecir.cat\/es\/wp-json\/wp\/v2\/tags?post=6419"}],"curies":[{"name":"wp","href":"https:\/\/api.w.org\/{rel}","templated":true}]}}