{"id":6427,"date":"2019-05-24T09:36:10","date_gmt":"2019-05-24T07:36:10","guid":{"rendered":"https:\/\/www.actecir.cat\/orkli-adquireix-el-45-de-la-italiana-gruppo-giordano\/"},"modified":"2023-05-11T09:40:11","modified_gmt":"2023-05-11T07:40:11","slug":"orkli-adquireix-el-45-de-la-italiana-gruppo-giordano","status":"publish","type":"post","link":"https:\/\/www.actecir.cat\/es\/orkli-adquireix-el-45-de-la-italiana-gruppo-giordano\/","title":{"rendered":"Orkli adquiere el 45 % de la italiana Gruppo Giordano"},"content":{"rendered":"<p>La operaci\u00f3n fortalece el proyecto empresarial de la cooperativa, que incorpora la experiencia de la firma italiana en ingenier\u00eda electr\u00f3nica.<\/p>\n<div>La cooperativa guipuzcoana, integrada en la Corporaci\u00f3n MONDRAGON, refuerza su posici\u00f3n en el mercado tras la adquisici\u00f3n del 45 % del capital de la compa\u00f1\u00eda italiana. Se trata de una ingenier\u00eda electr\u00f3nica constituida en 2004, que actualmente tiene una plantilla de 160 personas y que en 2018 alcanz\u00f3 una facturaci\u00f3n pr\u00f3xima a los 20 millones de euros. Su sede central est\u00e1 en el norte de Italia (Verona) y cuenta con una planta de producci\u00f3n en Ruman\u00eda.<\/div>\n<div><\/div>\n<div><\/div>\n<div><strong>Una alianza win-win<\/strong><\/p>\n<div>\nCon Gruppo Giordano, la cooperativa guipuzcoana, l\u00edder mundial en el mercado de seguridad de gas y un referente en el sector de calentamiento de agua y de Home Confort a nivel global, entra de pleno en el negocio de la electr\u00f3nica. La empresa italiana dise\u00f1a y fabrica innovadores sistemas electr\u00f3nicos de control para sistemas de calefacci\u00f3n, ventilaci\u00f3n y aire acondicionado (HVAC), gesti\u00f3n de energ\u00eda residencial y sistemas de control de combusti\u00f3n OEM, entre otros.<\/p>\n<div>\nLas numerosas sinergias existentes entre ambas compa\u00f1\u00edas van a favorecer el desarrollo de nuevas e innovadoras soluciones de producto que, a su vez, facilitar\u00e1n la consecuci\u00f3n de nuevos clientes y mercados para ambas empresas.<\/p>\n<div>\nLa entrada de Orkli en el capital de Gruppo Giordano facilitar\u00e1 a ambas empresas una apertura a proyectos de mayor tama\u00f1o e importancia en los que poder ofrecer ambiciosas soluciones integradas a las que Gruppo Giordano contribuir\u00e1 aportando un know how en sistemas electr\u00f3nicos (Lambda control, IoT, Predictive Maintenance, etc.) clave para complementar la posici\u00f3n y experiencia de Orkli en los negocios m\u00e1s relevantes en la aplicaci\u00f3n de dichas soluciones, como por ejemplo el calentamiento de agua y la calefacci\u00f3n.<\/p>\n<div>\nSeg\u00fan Patxi L\u00f3pez Urkiola, director general de Orkli, \u201cseguimos la hoja de ruta de nuestro plan estrat\u00e9gico, en el que se\u00f1al\u00e1bamos que \u00edbamos a ser proactivos en operaciones y alianzas que ofrezcan nuevas oportunidades de desarrollo futuro para nuestro negocio. La adquisici\u00f3n del 45 % de Gruppo Giordano encaja perfectamente en esta estrategia incorporando a nuestro proyecto una empresa que nos aporta valor a\u00f1adido, conocimiento y aplicaciones reales avanzadas para nuestras actividades\u201d.<\/div>\n<\/div>\n<\/div>\n<\/div>\n<\/div>\n<div><\/div>\n<div><\/div>\n<div><img fetchpriority=\"high\" decoding=\"async\" class=\"alignleft wp-image-6422\" src=\"https:\/\/www.actecir.cat\/wp-content\/uploads\/2023\/05\/FirmandoORKLIreducido.jpg\" alt=\"\" width=\"672\" height=\"504\" srcset=\"https:\/\/www.actecir.cat\/wp-content\/uploads\/2023\/05\/FirmandoORKLIreducido.jpg 1000w, https:\/\/www.actecir.cat\/wp-content\/uploads\/2023\/05\/FirmandoORKLIreducido-300x225.jpg 300w, https:\/\/www.actecir.cat\/wp-content\/uploads\/2023\/05\/FirmandoORKLIreducido-768x576.jpg 768w\" sizes=\"(max-width: 672px) 100vw, 672px\" \/><\/div>\n<p>&nbsp;<\/p>\n<p>&nbsp;<\/p>\n<p>&nbsp;<\/p>\n<p>&nbsp;<\/p>\n<p>&nbsp;<\/p>\n<p>&nbsp;<\/p>\n<p>&nbsp;<\/p>\n<p>&nbsp;<\/p>\n<p>&nbsp;<\/p>\n<p>&nbsp;<\/p>\n<p>&nbsp;<\/p>\n<p>&nbsp;<\/p>\n<p>&nbsp;<\/p>\n<p>&nbsp;<\/p>\n<div>Para Bruno Giordano, fundador y Director General de Gruppo Giordano: \u201cSiempre hemos cre\u00eddo que la construcci\u00f3n de sinergias es la respuesta adecuada a un mercado global cada vez m\u00e1s din\u00e1mico. Orkli nos va a dar la oportunidad de perfeccionar nuestras t\u00e9cnicas de combusti\u00f3n con vistas a mejorar nuestros sistemas de adaptaci\u00f3n autom\u00e1tica para la reducci\u00f3n de emisiones contaminantes en los sistemas de calefacci\u00f3n de hogar, pero tambi\u00e9n nos va a dar la capacidad de acelerar significativamente las inversiones en innovaci\u00f3n, que son el aut\u00e9ntico motor de nuestro grupo. Me enorgullece afirmar que esta alianza va a permitir al Gruppo Giordano efectuar una penetraci\u00f3n importante en los mercados de referencia y, sobre todo, en los mercados en los que a\u00fan no est\u00e1bamos presentes.\u201d<\/p>\n<div><\/div>\n<div>\n<div><strong>Orkli global<\/strong><\/p>\n<div>\nGracias a la pol\u00edtica de alianzas y adquisiciones desarrolladas por Orkli durante los \u00faltimos a\u00f1os (adquisici\u00f3n del 40 % de la empresa italiana Valmex en 2015, alianzas y colaboraciones con Universidades como las de Bayreuth, Mondrag\u00f3n o el Instituto Fraunhofer), centros tecnol\u00f3gicos (como Ikerlan, Tecnalia o Centro Stirling) y con start ups (como Embeblue e Iddo) la oferta de la empresa es m\u00e1s completa, casi integral, lo que abre muchas m\u00e1s posibilidades de negocio y consolida a la cooperativa en el mundo como un actor m\u00e1s global.<\/div>\n<div><\/div>\n<\/div>\n<div><strong>Acerca de Orkli:<\/strong>\u00a0Creada en 1974, cuenta con 1.100 trabajadores repartidos entre Ordizia (Gipuzkoa) Italia, China y Brasil. Vende 250 millones de euros y exporta m\u00e1s del 80 % de su producci\u00f3n. Es l\u00edder mundial en el mercado de Seguridad gas y un referente en el sector de calentamiento de agua y del confort a nivel global.<\/div>\n<div><\/div>\n<div><strong>EY<\/strong>\u00a0(Jose Mar\u00eda Rossi M&amp;A Partner, Sebastian Capurro Boltendahl y los abogados Christian Busca y Erjena Agaraj) han actuado como asesores financiero y legal de Grupo Orkli, y Gruppo Giordano ha contado con el asesoramiento legal de Belluzzo &amp; Partners (Ignazio Stefano Barone Equity Partners y la abogada Chiara Gandini)\u201d.<\/div>\n<\/div>\n<\/div>\n","protected":false},"excerpt":{"rendered":"<p>La operaci\u00f3n fortalece el proyecto empresarial de la cooperativa, que incorpora la experiencia de la firma italiana en ingenier\u00eda electr\u00f3nica.<\/p>\n","protected":false},"author":1,"featured_media":6425,"comment_status":"closed","ping_status":"closed","sticky":false,"template":"","format":"standard","meta":{"footnotes":""},"categories":[25],"tags":[],"class_list":["post-6427","post","type-post","status-publish","format-standard","has-post-thumbnail","hentry","category-noticias"],"yoast_head":"<!-- This site is optimized with the Yoast SEO plugin v27.2 - https:\/\/yoast.com\/product\/yoast-seo-wordpress\/ -->\n<title>Orkli adquiere el 45 % de la italiana Gruppo Giordano - Actecir<\/title>\n<meta name=\"robots\" content=\"index, follow, max-snippet:-1, max-image-preview:large, max-video-preview:-1\" \/>\n<link rel=\"canonical\" href=\"https:\/\/www.actecir.cat\/es\/orkli-adquireix-el-45-de-la-italiana-gruppo-giordano\/\" \/>\n<meta property=\"og:locale\" content=\"es_ES\" \/>\n<meta property=\"og:type\" content=\"article\" \/>\n<meta property=\"og:title\" content=\"Orkli adquiere el 45 % de la italiana Gruppo Giordano - Actecir\" \/>\n<meta property=\"og:description\" content=\"La operaci\u00f3n fortalece el proyecto empresarial de la cooperativa, que incorpora la experiencia de la firma italiana en ingenier\u00eda electr\u00f3nica.\" \/>\n<meta property=\"og:url\" content=\"https:\/\/www.actecir.cat\/es\/orkli-adquireix-el-45-de-la-italiana-gruppo-giordano\/\" \/>\n<meta property=\"og:site_name\" content=\"Actecir\" \/>\n<meta property=\"article:published_time\" content=\"2019-05-24T07:36:10+00:00\" \/>\n<meta property=\"article:modified_time\" content=\"2023-05-11T07:40:11+00:00\" \/>\n<meta property=\"og:image\" content=\"https:\/\/www.actecir.cat\/wp-content\/uploads\/2023\/05\/Patxi_y_Bruno_con_acuerdoORKLI_reduit.jpg\" \/>\n\t<meta property=\"og:image:width\" content=\"600\" \/>\n\t<meta property=\"og:image:height\" content=\"400\" \/>\n\t<meta property=\"og:image:type\" content=\"image\/jpeg\" \/>\n<meta name=\"author\" content=\"Soporte web\" \/>\n<meta name=\"twitter:card\" content=\"summary_large_image\" \/>\n<meta name=\"twitter:creator\" content=\"@actecir\" \/>\n<meta name=\"twitter:site\" content=\"@actecir\" \/>\n<meta name=\"twitter:label1\" content=\"Escrito por\" \/>\n\t<meta name=\"twitter:data1\" content=\"Soporte web\" \/>\n\t<meta name=\"twitter:label2\" content=\"Tiempo de lectura\" \/>\n\t<meta name=\"twitter:data2\" content=\"4 minutos\" \/>\n<script type=\"application\/ld+json\" class=\"yoast-schema-graph\">{\"@context\":\"https:\/\/schema.org\",\"@graph\":[{\"@type\":\"Article\",\"@id\":\"https:\/\/www.actecir.cat\/es\/orkli-adquireix-el-45-de-la-italiana-gruppo-giordano\/#article\",\"isPartOf\":{\"@id\":\"https:\/\/www.actecir.cat\/es\/orkli-adquireix-el-45-de-la-italiana-gruppo-giordano\/\"},\"author\":{\"name\":\"Soporte web\",\"@id\":\"https:\/\/www.actecir.cat\/#\/schema\/person\/42edd02f0b1d55e19444428c5d321413\"},\"headline\":\"Orkli adquiere el 45 % de la italiana Gruppo Giordano\",\"datePublished\":\"2019-05-24T07:36:10+00:00\",\"dateModified\":\"2023-05-11T07:40:11+00:00\",\"mainEntityOfPage\":{\"@id\":\"https:\/\/www.actecir.cat\/es\/orkli-adquireix-el-45-de-la-italiana-gruppo-giordano\/\"},\"wordCount\":751,\"publisher\":{\"@id\":\"https:\/\/www.actecir.cat\/#organization\"},\"image\":{\"@id\":\"https:\/\/www.actecir.cat\/es\/orkli-adquireix-el-45-de-la-italiana-gruppo-giordano\/#primaryimage\"},\"thumbnailUrl\":\"https:\/\/www.actecir.cat\/wp-content\/uploads\/2023\/05\/Patxi_y_Bruno_con_acuerdoORKLI_reduit.jpg\",\"articleSection\":[\"Noticias\"],\"inLanguage\":\"es\"},{\"@type\":\"WebPage\",\"@id\":\"https:\/\/www.actecir.cat\/es\/orkli-adquireix-el-45-de-la-italiana-gruppo-giordano\/\",\"url\":\"https:\/\/www.actecir.cat\/es\/orkli-adquireix-el-45-de-la-italiana-gruppo-giordano\/\",\"name\":\"Orkli adquiere el 45 % de la italiana Gruppo Giordano - Actecir\",\"isPartOf\":{\"@id\":\"https:\/\/www.actecir.cat\/#website\"},\"primaryImageOfPage\":{\"@id\":\"https:\/\/www.actecir.cat\/es\/orkli-adquireix-el-45-de-la-italiana-gruppo-giordano\/#primaryimage\"},\"image\":{\"@id\":\"https:\/\/www.actecir.cat\/es\/orkli-adquireix-el-45-de-la-italiana-gruppo-giordano\/#primaryimage\"},\"thumbnailUrl\":\"https:\/\/www.actecir.cat\/wp-content\/uploads\/2023\/05\/Patxi_y_Bruno_con_acuerdoORKLI_reduit.jpg\",\"datePublished\":\"2019-05-24T07:36:10+00:00\",\"dateModified\":\"2023-05-11T07:40:11+00:00\",\"breadcrumb\":{\"@id\":\"https:\/\/www.actecir.cat\/es\/orkli-adquireix-el-45-de-la-italiana-gruppo-giordano\/#breadcrumb\"},\"inLanguage\":\"es\",\"potentialAction\":[{\"@type\":\"ReadAction\",\"target\":[\"https:\/\/www.actecir.cat\/es\/orkli-adquireix-el-45-de-la-italiana-gruppo-giordano\/\"]}]},{\"@type\":\"ImageObject\",\"inLanguage\":\"es\",\"@id\":\"https:\/\/www.actecir.cat\/es\/orkli-adquireix-el-45-de-la-italiana-gruppo-giordano\/#primaryimage\",\"url\":\"https:\/\/www.actecir.cat\/wp-content\/uploads\/2023\/05\/Patxi_y_Bruno_con_acuerdoORKLI_reduit.jpg\",\"contentUrl\":\"https:\/\/www.actecir.cat\/wp-content\/uploads\/2023\/05\/Patxi_y_Bruno_con_acuerdoORKLI_reduit.jpg\",\"width\":600,\"height\":400},{\"@type\":\"BreadcrumbList\",\"@id\":\"https:\/\/www.actecir.cat\/es\/orkli-adquireix-el-45-de-la-italiana-gruppo-giordano\/#breadcrumb\",\"itemListElement\":[{\"@type\":\"ListItem\",\"position\":1,\"name\":\"Inici\",\"item\":\"https:\/\/www.actecir.cat\/es\/\"},{\"@type\":\"ListItem\",\"position\":2,\"name\":\"Orkli adquiere el 45 % de la italiana Gruppo Giordano\"}]},{\"@type\":\"WebSite\",\"@id\":\"https:\/\/www.actecir.cat\/#website\",\"url\":\"https:\/\/www.actecir.cat\/\",\"name\":\"Actecir\",\"description\":\"Associaci\u00f3 Catalana de T\u00e8cnics en Energia, Climatitzaci\u00f3 i Refrigeraci\u00f3\",\"publisher\":{\"@id\":\"https:\/\/www.actecir.cat\/#organization\"},\"potentialAction\":[{\"@type\":\"SearchAction\",\"target\":{\"@type\":\"EntryPoint\",\"urlTemplate\":\"https:\/\/www.actecir.cat\/?s={search_term_string}\"},\"query-input\":{\"@type\":\"PropertyValueSpecification\",\"valueRequired\":true,\"valueName\":\"search_term_string\"}}],\"inLanguage\":\"es\"},{\"@type\":\"Organization\",\"@id\":\"https:\/\/www.actecir.cat\/#organization\",\"name\":\"Actecir\",\"url\":\"https:\/\/www.actecir.cat\/\",\"logo\":{\"@type\":\"ImageObject\",\"inLanguage\":\"es\",\"@id\":\"https:\/\/www.actecir.cat\/#\/schema\/logo\/image\/\",\"url\":\"https:\/\/www.actecir.cat\/wp-content\/uploads\/2023\/04\/cropped-logo_actecir_60_alto.png\",\"contentUrl\":\"https:\/\/www.actecir.cat\/wp-content\/uploads\/2023\/04\/cropped-logo_actecir_60_alto.png\",\"width\":283,\"height\":80,\"caption\":\"Actecir\"},\"image\":{\"@id\":\"https:\/\/www.actecir.cat\/#\/schema\/logo\/image\/\"},\"sameAs\":[\"https:\/\/x.com\/actecir\",\"https:\/\/www.linkedin.com\/company\/actecir\"]},{\"@type\":\"Person\",\"@id\":\"https:\/\/www.actecir.cat\/#\/schema\/person\/42edd02f0b1d55e19444428c5d321413\",\"name\":\"Soporte web\",\"sameAs\":[\"https:\/\/www.actecir.cat\"],\"url\":\"https:\/\/www.actecir.cat\/es\/author\/maensystems\/\"}]}<\/script>\n<!-- \/ Yoast SEO plugin. -->","yoast_head_json":{"title":"Orkli adquiere el 45 % de la italiana Gruppo Giordano - Actecir","robots":{"index":"index","follow":"follow","max-snippet":"max-snippet:-1","max-image-preview":"max-image-preview:large","max-video-preview":"max-video-preview:-1"},"canonical":"https:\/\/www.actecir.cat\/es\/orkli-adquireix-el-45-de-la-italiana-gruppo-giordano\/","og_locale":"es_ES","og_type":"article","og_title":"Orkli adquiere el 45 % de la italiana Gruppo Giordano - Actecir","og_description":"La operaci\u00f3n fortalece el proyecto empresarial de la cooperativa, que incorpora la experiencia de la firma italiana en ingenier\u00eda electr\u00f3nica.","og_url":"https:\/\/www.actecir.cat\/es\/orkli-adquireix-el-45-de-la-italiana-gruppo-giordano\/","og_site_name":"Actecir","article_published_time":"2019-05-24T07:36:10+00:00","article_modified_time":"2023-05-11T07:40:11+00:00","og_image":[{"width":600,"height":400,"url":"https:\/\/www.actecir.cat\/wp-content\/uploads\/2023\/05\/Patxi_y_Bruno_con_acuerdoORKLI_reduit.jpg","type":"image\/jpeg"}],"author":"Soporte web","twitter_card":"summary_large_image","twitter_creator":"@actecir","twitter_site":"@actecir","twitter_misc":{"Escrito por":"Soporte web","Tiempo de lectura":"4 minutos"},"schema":{"@context":"https:\/\/schema.org","@graph":[{"@type":"Article","@id":"https:\/\/www.actecir.cat\/es\/orkli-adquireix-el-45-de-la-italiana-gruppo-giordano\/#article","isPartOf":{"@id":"https:\/\/www.actecir.cat\/es\/orkli-adquireix-el-45-de-la-italiana-gruppo-giordano\/"},"author":{"name":"Soporte web","@id":"https:\/\/www.actecir.cat\/#\/schema\/person\/42edd02f0b1d55e19444428c5d321413"},"headline":"Orkli adquiere el 45 % de la italiana Gruppo Giordano","datePublished":"2019-05-24T07:36:10+00:00","dateModified":"2023-05-11T07:40:11+00:00","mainEntityOfPage":{"@id":"https:\/\/www.actecir.cat\/es\/orkli-adquireix-el-45-de-la-italiana-gruppo-giordano\/"},"wordCount":751,"publisher":{"@id":"https:\/\/www.actecir.cat\/#organization"},"image":{"@id":"https:\/\/www.actecir.cat\/es\/orkli-adquireix-el-45-de-la-italiana-gruppo-giordano\/#primaryimage"},"thumbnailUrl":"https:\/\/www.actecir.cat\/wp-content\/uploads\/2023\/05\/Patxi_y_Bruno_con_acuerdoORKLI_reduit.jpg","articleSection":["Noticias"],"inLanguage":"es"},{"@type":"WebPage","@id":"https:\/\/www.actecir.cat\/es\/orkli-adquireix-el-45-de-la-italiana-gruppo-giordano\/","url":"https:\/\/www.actecir.cat\/es\/orkli-adquireix-el-45-de-la-italiana-gruppo-giordano\/","name":"Orkli adquiere el 45 % de la italiana Gruppo Giordano - Actecir","isPartOf":{"@id":"https:\/\/www.actecir.cat\/#website"},"primaryImageOfPage":{"@id":"https:\/\/www.actecir.cat\/es\/orkli-adquireix-el-45-de-la-italiana-gruppo-giordano\/#primaryimage"},"image":{"@id":"https:\/\/www.actecir.cat\/es\/orkli-adquireix-el-45-de-la-italiana-gruppo-giordano\/#primaryimage"},"thumbnailUrl":"https:\/\/www.actecir.cat\/wp-content\/uploads\/2023\/05\/Patxi_y_Bruno_con_acuerdoORKLI_reduit.jpg","datePublished":"2019-05-24T07:36:10+00:00","dateModified":"2023-05-11T07:40:11+00:00","breadcrumb":{"@id":"https:\/\/www.actecir.cat\/es\/orkli-adquireix-el-45-de-la-italiana-gruppo-giordano\/#breadcrumb"},"inLanguage":"es","potentialAction":[{"@type":"ReadAction","target":["https:\/\/www.actecir.cat\/es\/orkli-adquireix-el-45-de-la-italiana-gruppo-giordano\/"]}]},{"@type":"ImageObject","inLanguage":"es","@id":"https:\/\/www.actecir.cat\/es\/orkli-adquireix-el-45-de-la-italiana-gruppo-giordano\/#primaryimage","url":"https:\/\/www.actecir.cat\/wp-content\/uploads\/2023\/05\/Patxi_y_Bruno_con_acuerdoORKLI_reduit.jpg","contentUrl":"https:\/\/www.actecir.cat\/wp-content\/uploads\/2023\/05\/Patxi_y_Bruno_con_acuerdoORKLI_reduit.jpg","width":600,"height":400},{"@type":"BreadcrumbList","@id":"https:\/\/www.actecir.cat\/es\/orkli-adquireix-el-45-de-la-italiana-gruppo-giordano\/#breadcrumb","itemListElement":[{"@type":"ListItem","position":1,"name":"Inici","item":"https:\/\/www.actecir.cat\/es\/"},{"@type":"ListItem","position":2,"name":"Orkli adquiere el 45 % de la italiana Gruppo Giordano"}]},{"@type":"WebSite","@id":"https:\/\/www.actecir.cat\/#website","url":"https:\/\/www.actecir.cat\/","name":"Actecir","description":"Associaci\u00f3 Catalana de T\u00e8cnics en Energia, Climatitzaci\u00f3 i Refrigeraci\u00f3","publisher":{"@id":"https:\/\/www.actecir.cat\/#organization"},"potentialAction":[{"@type":"SearchAction","target":{"@type":"EntryPoint","urlTemplate":"https:\/\/www.actecir.cat\/?s={search_term_string}"},"query-input":{"@type":"PropertyValueSpecification","valueRequired":true,"valueName":"search_term_string"}}],"inLanguage":"es"},{"@type":"Organization","@id":"https:\/\/www.actecir.cat\/#organization","name":"Actecir","url":"https:\/\/www.actecir.cat\/","logo":{"@type":"ImageObject","inLanguage":"es","@id":"https:\/\/www.actecir.cat\/#\/schema\/logo\/image\/","url":"https:\/\/www.actecir.cat\/wp-content\/uploads\/2023\/04\/cropped-logo_actecir_60_alto.png","contentUrl":"https:\/\/www.actecir.cat\/wp-content\/uploads\/2023\/04\/cropped-logo_actecir_60_alto.png","width":283,"height":80,"caption":"Actecir"},"image":{"@id":"https:\/\/www.actecir.cat\/#\/schema\/logo\/image\/"},"sameAs":["https:\/\/x.com\/actecir","https:\/\/www.linkedin.com\/company\/actecir"]},{"@type":"Person","@id":"https:\/\/www.actecir.cat\/#\/schema\/person\/42edd02f0b1d55e19444428c5d321413","name":"Soporte web","sameAs":["https:\/\/www.actecir.cat"],"url":"https:\/\/www.actecir.cat\/es\/author\/maensystems\/"}]}},"_links":{"self":[{"href":"https:\/\/www.actecir.cat\/es\/wp-json\/wp\/v2\/posts\/6427","targetHints":{"allow":["GET"]}}],"collection":[{"href":"https:\/\/www.actecir.cat\/es\/wp-json\/wp\/v2\/posts"}],"about":[{"href":"https:\/\/www.actecir.cat\/es\/wp-json\/wp\/v2\/types\/post"}],"author":[{"embeddable":true,"href":"https:\/\/www.actecir.cat\/es\/wp-json\/wp\/v2\/users\/1"}],"replies":[{"embeddable":true,"href":"https:\/\/www.actecir.cat\/es\/wp-json\/wp\/v2\/comments?post=6427"}],"version-history":[{"count":1,"href":"https:\/\/www.actecir.cat\/es\/wp-json\/wp\/v2\/posts\/6427\/revisions"}],"predecessor-version":[{"id":6428,"href":"https:\/\/www.actecir.cat\/es\/wp-json\/wp\/v2\/posts\/6427\/revisions\/6428"}],"wp:featuredmedia":[{"embeddable":true,"href":"https:\/\/www.actecir.cat\/es\/wp-json\/wp\/v2\/media\/6425"}],"wp:attachment":[{"href":"https:\/\/www.actecir.cat\/es\/wp-json\/wp\/v2\/media?parent=6427"}],"wp:term":[{"taxonomy":"category","embeddable":true,"href":"https:\/\/www.actecir.cat\/es\/wp-json\/wp\/v2\/categories?post=6427"},{"taxonomy":"post_tag","embeddable":true,"href":"https:\/\/www.actecir.cat\/es\/wp-json\/wp\/v2\/tags?post=6427"}],"curies":[{"name":"wp","href":"https:\/\/api.w.org\/{rel}","templated":true}]}}