{"id":6448,"date":"2019-04-17T10:39:32","date_gmt":"2019-04-17T08:39:32","guid":{"rendered":"https:\/\/www.actecir.cat\/?p=6448"},"modified":"2023-07-07T13:52:52","modified_gmt":"2023-07-07T11:52:52","slug":"ii-congreso-de-edificios","status":"publish","type":"post","link":"https:\/\/www.actecir.cat\/es\/ii-congreso-de-edificios\/","title":{"rendered":"II CONGRESO DE EDIFICIOS"},"content":{"rendered":"<p>II CONGRESO DE EDIFICIOS DE CONSUMO DE ENERG\u00cdA CASI NULO: DE LA REHABILITACI\u00d3N A LA OBRA NUEVA<\/p>\n<p><strong><i class=\"fa fa-info-circle \"><\/i>\u00a0INFORMACI\u00d3N<\/strong><\/p>\n<p><img fetchpriority=\"high\" decoding=\"async\" class=\"alignleft size-full wp-image-6446\" src=\"https:\/\/www.actecir.cat\/wp-content\/uploads\/2023\/05\/1554383508.jpg\" alt=\"\" width=\"964\" height=\"227\" srcset=\"https:\/\/www.actecir.cat\/wp-content\/uploads\/2023\/05\/1554383508.jpg 964w, https:\/\/www.actecir.cat\/wp-content\/uploads\/2023\/05\/1554383508-300x71.jpg 300w, https:\/\/www.actecir.cat\/wp-content\/uploads\/2023\/05\/1554383508-768x181.jpg 768w\" sizes=\"(max-width: 964px) 100vw, 964px\" \/><\/p>\n<p>El\u00a0<strong>Colegio Oficial de Aparejadores y Arquitectos T\u00e9cnicos de Mallorca<\/strong>\u00a0junto con\u00a0<strong>ABTECIR<\/strong>,\u00a0<strong>Fundaci\u00f3n Aedificat<\/strong>\u00a0y en colaboraci\u00f3n con la\u00a0<strong>Universitat de les Illes Balears<\/strong>\u00a0programan este congreso dirigido a profesionales de la edificaci\u00f3n. La implantaci\u00f3n en 2020 de los llamados nZEB (Nearly Zero Energy Buildings) ser\u00e1 uno de los grandes retos del sector de la construcci\u00f3n, tanto en obra nueva como en rehabilitaci\u00f3n.<\/p>\n<p>Las adaptaciones realizadas en el CTE sobre eficiencia energ\u00e9tica y salubridad denotan la importancia de la\u00a0construcci\u00f3n\u00a0sostenible dentro del marco europeo\u00a0actual y futuro.<\/p>\n<p>Con la intenci\u00f3n de mantener a nuestros t\u00e9cnicos informados y actualizados, surge la idea de organizar este foro de encuentro entre profesionales. Un congreso formado por ponencias magistrales y mesas redondas en las que debatir y encontrar proyectos e iniciativas de los diferentes sectores que componen el mundo de la edificaci\u00f3n.<\/p>\n<p>&nbsp;<\/p>\n<p><strong><i class=\"fa fa-calendar-plus-o \"><\/i>\u00a0FECHAS Y HORARIOS<\/strong><\/p>\n<p>Jueves,\u00a09 de mayo\u00a0de 8:30 a 18:30 h<\/p>\n<p>Viernes,\u00a010 de mayo\u00a0de 9:00 a 13:45 h<\/p>\n<p>&nbsp;<\/p>\n<p><strong><i class=\"fa fa-map-marker \"><\/i>\u00a0LUGAR DE REALIZACI\u00d3N<\/strong><\/p>\n<p>Campus UIB<\/p>\n<p>Edificio Gaspar Melchor de Jovellanos<\/p>\n<div id=\"cc-m-12277419199\" class=\"j-module n j-textWithImage \">\n<div id=\"cc-m-textwithimage-12277419199\" class=\"cc-m-textwithimage-inline-rte\" data-name=\"text\" data-action=\"text\">\n<p>&nbsp;<\/p>\n<p><strong><i class=\"fa fa-eur \"><\/i>\u00a0PRECIOS ENTRADA<\/strong><\/p>\n<p>20,00 \u20ac\u00a0Colegiados COAATMCA y Asociados ABTECIR<\/p>\n<p>40,00 \u20ac\u00a0Otros asistentes<\/p>\n<p><em>Desayuno\u00a0a media ma\u00f1ana del 9 y 10 de mayo y\u00a0almuerzo\u00a0el 9 de mayo\u00a0INCLUIDOS\u00a0<\/em><\/p>\n<p>&nbsp;<\/p>\n<p><strong>PROGRAMA<\/strong><\/p>\n<p><a href=\"https:\/\/www.fundacionaedificat.org\/about\" target=\"_blank\" rel=\"noopener\">HAZ CLICK PARA VER EL PROGRAMA<\/a><\/p>\n<\/div>\n<\/div>\n","protected":false},"excerpt":{"rendered":"<p>II CONGRESO DE EDIFICIOS DE CONSUMO DE ENERG\u00cdA CASI NULO: DE LA REHABILITACI\u00d3N A LA OBRA NUEVA<\/p>\n","protected":false},"author":1,"featured_media":6446,"comment_status":"closed","ping_status":"closed","sticky":false,"template":"","format":"standard","meta":{"footnotes":""},"categories":[25],"tags":[],"class_list":["post-6448","post","type-post","status-publish","format-standard","has-post-thumbnail","hentry","category-noticias"],"yoast_head":"<!-- This site is optimized with the Yoast SEO plugin v27.2 - https:\/\/yoast.com\/product\/yoast-seo-wordpress\/ -->\n<title>II CONGRESO DE EDIFICIOS - Actecir<\/title>\n<meta name=\"robots\" content=\"index, follow, max-snippet:-1, max-image-preview:large, max-video-preview:-1\" \/>\n<link rel=\"canonical\" href=\"https:\/\/www.actecir.cat\/es\/ii-congreso-de-edificios\/\" \/>\n<meta property=\"og:locale\" content=\"es_ES\" \/>\n<meta property=\"og:type\" content=\"article\" \/>\n<meta property=\"og:title\" content=\"II CONGRESO DE EDIFICIOS - Actecir\" \/>\n<meta property=\"og:description\" content=\"II CONGRESO DE EDIFICIOS DE CONSUMO DE ENERG\u00cdA CASI NULO: DE LA REHABILITACI\u00d3N A LA OBRA NUEVA\" \/>\n<meta property=\"og:url\" content=\"https:\/\/www.actecir.cat\/es\/ii-congreso-de-edificios\/\" \/>\n<meta property=\"og:site_name\" content=\"Actecir\" \/>\n<meta property=\"article:published_time\" content=\"2019-04-17T08:39:32+00:00\" \/>\n<meta property=\"article:modified_time\" content=\"2023-07-07T11:52:52+00:00\" \/>\n<meta property=\"og:image\" content=\"https:\/\/www.actecir.cat\/wp-content\/uploads\/2023\/05\/1554383508.jpg\" \/>\n\t<meta property=\"og:image:width\" content=\"964\" \/>\n\t<meta property=\"og:image:height\" content=\"227\" \/>\n\t<meta property=\"og:image:type\" content=\"image\/jpeg\" \/>\n<meta name=\"author\" content=\"Soporte web\" \/>\n<meta name=\"twitter:card\" content=\"summary_large_image\" \/>\n<meta name=\"twitter:creator\" content=\"@actecir\" \/>\n<meta name=\"twitter:site\" content=\"@actecir\" \/>\n<meta name=\"twitter:label1\" content=\"Escrito por\" \/>\n\t<meta name=\"twitter:data1\" content=\"Soporte web\" \/>\n\t<meta name=\"twitter:label2\" content=\"Tiempo de lectura\" \/>\n\t<meta name=\"twitter:data2\" content=\"1 minuto\" \/>\n<script type=\"application\/ld+json\" class=\"yoast-schema-graph\">{\"@context\":\"https:\/\/schema.org\",\"@graph\":[{\"@type\":\"Article\",\"@id\":\"https:\/\/www.actecir.cat\/es\/ii-congreso-de-edificios\/#article\",\"isPartOf\":{\"@id\":\"https:\/\/www.actecir.cat\/es\/ii-congreso-de-edificios\/\"},\"author\":{\"name\":\"Soporte web\",\"@id\":\"https:\/\/www.actecir.cat\/#\/schema\/person\/42edd02f0b1d55e19444428c5d321413\"},\"headline\":\"II CONGRESO DE EDIFICIOS\",\"datePublished\":\"2019-04-17T08:39:32+00:00\",\"dateModified\":\"2023-07-07T11:52:52+00:00\",\"mainEntityOfPage\":{\"@id\":\"https:\/\/www.actecir.cat\/es\/ii-congreso-de-edificios\/\"},\"wordCount\":237,\"publisher\":{\"@id\":\"https:\/\/www.actecir.cat\/#organization\"},\"image\":{\"@id\":\"https:\/\/www.actecir.cat\/es\/ii-congreso-de-edificios\/#primaryimage\"},\"thumbnailUrl\":\"https:\/\/www.actecir.cat\/wp-content\/uploads\/2023\/05\/1554383508.jpg\",\"articleSection\":[\"Noticias\"],\"inLanguage\":\"es\"},{\"@type\":\"WebPage\",\"@id\":\"https:\/\/www.actecir.cat\/es\/ii-congreso-de-edificios\/\",\"url\":\"https:\/\/www.actecir.cat\/es\/ii-congreso-de-edificios\/\",\"name\":\"II CONGRESO DE EDIFICIOS - Actecir\",\"isPartOf\":{\"@id\":\"https:\/\/www.actecir.cat\/#website\"},\"primaryImageOfPage\":{\"@id\":\"https:\/\/www.actecir.cat\/es\/ii-congreso-de-edificios\/#primaryimage\"},\"image\":{\"@id\":\"https:\/\/www.actecir.cat\/es\/ii-congreso-de-edificios\/#primaryimage\"},\"thumbnailUrl\":\"https:\/\/www.actecir.cat\/wp-content\/uploads\/2023\/05\/1554383508.jpg\",\"datePublished\":\"2019-04-17T08:39:32+00:00\",\"dateModified\":\"2023-07-07T11:52:52+00:00\",\"breadcrumb\":{\"@id\":\"https:\/\/www.actecir.cat\/es\/ii-congreso-de-edificios\/#breadcrumb\"},\"inLanguage\":\"es\",\"potentialAction\":[{\"@type\":\"ReadAction\",\"target\":[\"https:\/\/www.actecir.cat\/es\/ii-congreso-de-edificios\/\"]}]},{\"@type\":\"ImageObject\",\"inLanguage\":\"es\",\"@id\":\"https:\/\/www.actecir.cat\/es\/ii-congreso-de-edificios\/#primaryimage\",\"url\":\"https:\/\/www.actecir.cat\/wp-content\/uploads\/2023\/05\/1554383508.jpg\",\"contentUrl\":\"https:\/\/www.actecir.cat\/wp-content\/uploads\/2023\/05\/1554383508.jpg\",\"width\":964,\"height\":227},{\"@type\":\"BreadcrumbList\",\"@id\":\"https:\/\/www.actecir.cat\/es\/ii-congreso-de-edificios\/#breadcrumb\",\"itemListElement\":[{\"@type\":\"ListItem\",\"position\":1,\"name\":\"Inici\",\"item\":\"https:\/\/www.actecir.cat\/es\/\"},{\"@type\":\"ListItem\",\"position\":2,\"name\":\"II CONGRESO DE EDIFICIOS\"}]},{\"@type\":\"WebSite\",\"@id\":\"https:\/\/www.actecir.cat\/#website\",\"url\":\"https:\/\/www.actecir.cat\/\",\"name\":\"Actecir\",\"description\":\"Associaci\u00f3 Catalana de T\u00e8cnics en Energia, Climatitzaci\u00f3 i Refrigeraci\u00f3\",\"publisher\":{\"@id\":\"https:\/\/www.actecir.cat\/#organization\"},\"potentialAction\":[{\"@type\":\"SearchAction\",\"target\":{\"@type\":\"EntryPoint\",\"urlTemplate\":\"https:\/\/www.actecir.cat\/?s={search_term_string}\"},\"query-input\":{\"@type\":\"PropertyValueSpecification\",\"valueRequired\":true,\"valueName\":\"search_term_string\"}}],\"inLanguage\":\"es\"},{\"@type\":\"Organization\",\"@id\":\"https:\/\/www.actecir.cat\/#organization\",\"name\":\"Actecir\",\"url\":\"https:\/\/www.actecir.cat\/\",\"logo\":{\"@type\":\"ImageObject\",\"inLanguage\":\"es\",\"@id\":\"https:\/\/www.actecir.cat\/#\/schema\/logo\/image\/\",\"url\":\"https:\/\/www.actecir.cat\/wp-content\/uploads\/2023\/04\/cropped-logo_actecir_60_alto.png\",\"contentUrl\":\"https:\/\/www.actecir.cat\/wp-content\/uploads\/2023\/04\/cropped-logo_actecir_60_alto.png\",\"width\":283,\"height\":80,\"caption\":\"Actecir\"},\"image\":{\"@id\":\"https:\/\/www.actecir.cat\/#\/schema\/logo\/image\/\"},\"sameAs\":[\"https:\/\/x.com\/actecir\",\"https:\/\/www.linkedin.com\/company\/actecir\"]},{\"@type\":\"Person\",\"@id\":\"https:\/\/www.actecir.cat\/#\/schema\/person\/42edd02f0b1d55e19444428c5d321413\",\"name\":\"Soporte web\",\"sameAs\":[\"https:\/\/www.actecir.cat\"],\"url\":\"https:\/\/www.actecir.cat\/es\/author\/maensystems\/\"}]}<\/script>\n<!-- \/ Yoast SEO plugin. -->","yoast_head_json":{"title":"II CONGRESO DE EDIFICIOS - Actecir","robots":{"index":"index","follow":"follow","max-snippet":"max-snippet:-1","max-image-preview":"max-image-preview:large","max-video-preview":"max-video-preview:-1"},"canonical":"https:\/\/www.actecir.cat\/es\/ii-congreso-de-edificios\/","og_locale":"es_ES","og_type":"article","og_title":"II CONGRESO DE EDIFICIOS - Actecir","og_description":"II CONGRESO DE EDIFICIOS DE CONSUMO DE ENERG\u00cdA CASI NULO: DE LA REHABILITACI\u00d3N A LA OBRA NUEVA","og_url":"https:\/\/www.actecir.cat\/es\/ii-congreso-de-edificios\/","og_site_name":"Actecir","article_published_time":"2019-04-17T08:39:32+00:00","article_modified_time":"2023-07-07T11:52:52+00:00","og_image":[{"width":964,"height":227,"url":"https:\/\/www.actecir.cat\/wp-content\/uploads\/2023\/05\/1554383508.jpg","type":"image\/jpeg"}],"author":"Soporte web","twitter_card":"summary_large_image","twitter_creator":"@actecir","twitter_site":"@actecir","twitter_misc":{"Escrito por":"Soporte web","Tiempo de lectura":"1 minuto"},"schema":{"@context":"https:\/\/schema.org","@graph":[{"@type":"Article","@id":"https:\/\/www.actecir.cat\/es\/ii-congreso-de-edificios\/#article","isPartOf":{"@id":"https:\/\/www.actecir.cat\/es\/ii-congreso-de-edificios\/"},"author":{"name":"Soporte web","@id":"https:\/\/www.actecir.cat\/#\/schema\/person\/42edd02f0b1d55e19444428c5d321413"},"headline":"II CONGRESO DE EDIFICIOS","datePublished":"2019-04-17T08:39:32+00:00","dateModified":"2023-07-07T11:52:52+00:00","mainEntityOfPage":{"@id":"https:\/\/www.actecir.cat\/es\/ii-congreso-de-edificios\/"},"wordCount":237,"publisher":{"@id":"https:\/\/www.actecir.cat\/#organization"},"image":{"@id":"https:\/\/www.actecir.cat\/es\/ii-congreso-de-edificios\/#primaryimage"},"thumbnailUrl":"https:\/\/www.actecir.cat\/wp-content\/uploads\/2023\/05\/1554383508.jpg","articleSection":["Noticias"],"inLanguage":"es"},{"@type":"WebPage","@id":"https:\/\/www.actecir.cat\/es\/ii-congreso-de-edificios\/","url":"https:\/\/www.actecir.cat\/es\/ii-congreso-de-edificios\/","name":"II CONGRESO DE EDIFICIOS - Actecir","isPartOf":{"@id":"https:\/\/www.actecir.cat\/#website"},"primaryImageOfPage":{"@id":"https:\/\/www.actecir.cat\/es\/ii-congreso-de-edificios\/#primaryimage"},"image":{"@id":"https:\/\/www.actecir.cat\/es\/ii-congreso-de-edificios\/#primaryimage"},"thumbnailUrl":"https:\/\/www.actecir.cat\/wp-content\/uploads\/2023\/05\/1554383508.jpg","datePublished":"2019-04-17T08:39:32+00:00","dateModified":"2023-07-07T11:52:52+00:00","breadcrumb":{"@id":"https:\/\/www.actecir.cat\/es\/ii-congreso-de-edificios\/#breadcrumb"},"inLanguage":"es","potentialAction":[{"@type":"ReadAction","target":["https:\/\/www.actecir.cat\/es\/ii-congreso-de-edificios\/"]}]},{"@type":"ImageObject","inLanguage":"es","@id":"https:\/\/www.actecir.cat\/es\/ii-congreso-de-edificios\/#primaryimage","url":"https:\/\/www.actecir.cat\/wp-content\/uploads\/2023\/05\/1554383508.jpg","contentUrl":"https:\/\/www.actecir.cat\/wp-content\/uploads\/2023\/05\/1554383508.jpg","width":964,"height":227},{"@type":"BreadcrumbList","@id":"https:\/\/www.actecir.cat\/es\/ii-congreso-de-edificios\/#breadcrumb","itemListElement":[{"@type":"ListItem","position":1,"name":"Inici","item":"https:\/\/www.actecir.cat\/es\/"},{"@type":"ListItem","position":2,"name":"II CONGRESO DE EDIFICIOS"}]},{"@type":"WebSite","@id":"https:\/\/www.actecir.cat\/#website","url":"https:\/\/www.actecir.cat\/","name":"Actecir","description":"Associaci\u00f3 Catalana de T\u00e8cnics en Energia, Climatitzaci\u00f3 i Refrigeraci\u00f3","publisher":{"@id":"https:\/\/www.actecir.cat\/#organization"},"potentialAction":[{"@type":"SearchAction","target":{"@type":"EntryPoint","urlTemplate":"https:\/\/www.actecir.cat\/?s={search_term_string}"},"query-input":{"@type":"PropertyValueSpecification","valueRequired":true,"valueName":"search_term_string"}}],"inLanguage":"es"},{"@type":"Organization","@id":"https:\/\/www.actecir.cat\/#organization","name":"Actecir","url":"https:\/\/www.actecir.cat\/","logo":{"@type":"ImageObject","inLanguage":"es","@id":"https:\/\/www.actecir.cat\/#\/schema\/logo\/image\/","url":"https:\/\/www.actecir.cat\/wp-content\/uploads\/2023\/04\/cropped-logo_actecir_60_alto.png","contentUrl":"https:\/\/www.actecir.cat\/wp-content\/uploads\/2023\/04\/cropped-logo_actecir_60_alto.png","width":283,"height":80,"caption":"Actecir"},"image":{"@id":"https:\/\/www.actecir.cat\/#\/schema\/logo\/image\/"},"sameAs":["https:\/\/x.com\/actecir","https:\/\/www.linkedin.com\/company\/actecir"]},{"@type":"Person","@id":"https:\/\/www.actecir.cat\/#\/schema\/person\/42edd02f0b1d55e19444428c5d321413","name":"Soporte web","sameAs":["https:\/\/www.actecir.cat"],"url":"https:\/\/www.actecir.cat\/es\/author\/maensystems\/"}]}},"_links":{"self":[{"href":"https:\/\/www.actecir.cat\/es\/wp-json\/wp\/v2\/posts\/6448","targetHints":{"allow":["GET"]}}],"collection":[{"href":"https:\/\/www.actecir.cat\/es\/wp-json\/wp\/v2\/posts"}],"about":[{"href":"https:\/\/www.actecir.cat\/es\/wp-json\/wp\/v2\/types\/post"}],"author":[{"embeddable":true,"href":"https:\/\/www.actecir.cat\/es\/wp-json\/wp\/v2\/users\/1"}],"replies":[{"embeddable":true,"href":"https:\/\/www.actecir.cat\/es\/wp-json\/wp\/v2\/comments?post=6448"}],"version-history":[{"count":5,"href":"https:\/\/www.actecir.cat\/es\/wp-json\/wp\/v2\/posts\/6448\/revisions"}],"predecessor-version":[{"id":11062,"href":"https:\/\/www.actecir.cat\/es\/wp-json\/wp\/v2\/posts\/6448\/revisions\/11062"}],"wp:featuredmedia":[{"embeddable":true,"href":"https:\/\/www.actecir.cat\/es\/wp-json\/wp\/v2\/media\/6446"}],"wp:attachment":[{"href":"https:\/\/www.actecir.cat\/es\/wp-json\/wp\/v2\/media?parent=6448"}],"wp:term":[{"taxonomy":"category","embeddable":true,"href":"https:\/\/www.actecir.cat\/es\/wp-json\/wp\/v2\/categories?post=6448"},{"taxonomy":"post_tag","embeddable":true,"href":"https:\/\/www.actecir.cat\/es\/wp-json\/wp\/v2\/tags?post=6448"}],"curies":[{"name":"wp","href":"https:\/\/api.w.org\/{rel}","templated":true}]}}