{"id":6595,"date":"2019-02-21T11:56:31","date_gmt":"2019-02-21T10:56:31","guid":{"rendered":"https:\/\/www.actecir.cat\/salvador-escoda-s-a-presenta-un-sistema-fotovoltaic-innovador\/"},"modified":"2023-05-11T12:07:55","modified_gmt":"2023-05-11T10:07:55","slug":"salvador-escoda-s-a-presenta-un-sistema-fotovoltaic-innovador","status":"publish","type":"post","link":"https:\/\/www.actecir.cat\/es\/salvador-escoda-s-a-presenta-un-sistema-fotovoltaic-innovador\/","title":{"rendered":"Salvador Escoda S.A. presenta un sistema fotovoltaico innovador"},"content":{"rendered":"<div class=\"columnas\">\n<div class=\"columna-izquierda\"><img fetchpriority=\"high\" decoding=\"async\" class=\"alignleft size-full wp-image-6587\" src=\"https:\/\/www.actecir.cat\/wp-content\/uploads\/2023\/05\/salvador_escoda_2.jpg\" alt=\"\" width=\"228\" height=\"351\" srcset=\"https:\/\/www.actecir.cat\/wp-content\/uploads\/2023\/05\/salvador_escoda_2.jpg 228w, https:\/\/www.actecir.cat\/wp-content\/uploads\/2023\/05\/salvador_escoda_2-195x300.jpg 195w\" sizes=\"(max-width: 228px) 100vw, 228px\" \/>Este producto es uno de los 11 proyectos seleccionados por la Galer\u00eda de Innovaci\u00f3n de Genera 2019, Feria Internacional de Energ\u00eda y Medioambiente, que organiza Ifema del 26 de febrero al 1 de marzo<\/p>\n<div><\/div>\n<div>\n<p>Salvador Escoda S.A. presenta un sistema fotovoltaico innovador compuesto por m\u00f3dulo solar, estructura autofix y microinversor. De hecho, este producto es uno de los 11 proyectos seleccionados por la Galer\u00eda de Innovaci\u00f3n de Genera 2019, Feria Internacional de Energ\u00eda y Medioambiente, que organiza Ifema del 26 de febrero al 1 de marzo, por su aportaci\u00f3n al desarrollo de las energ\u00edas renovables y la eficiencia energ\u00e9tica en Espa\u00f1a.<\/p>\n<p>Este revolucionario sistema fotovoltaico se caracteriza por:<\/p>\n<p>1.- El m\u00f3dulo fotovoltaico lleva integrado en el mismo marco, la estructura para fijaci\u00f3n<\/p>\n<p>2.- Se ha dise\u00f1ado un vidrio serigrafiado con un dibujo art\u00edstico moderno, que convierte el m\u00f3dulo en un elemento decorativo de la vivienda, podr\u00edamos incluso decir que se trata de un \u201ccuadro para exterior\u201d.<\/p>\n<p>El sistema MEINKRAFTWERK, lleva incorporado un microinversor de menos de 40mm de espesor, haciendo que quede completamente escondido detr\u00e1s de cada m\u00f3dulo fotovoltaico.<\/p>\n<p>Todo el conjunto est\u00e1 pensado para instalarse en fachadas y especialmente en balcones. Se ha realizado con las c\u00e9lulas fotovoltaicas m\u00e1s eficientes del mercado (MonoPERC) de cara a aprovechar al m\u00e1ximo la radiaci\u00f3n disponible, m\u00e1xime teniendo en cuenta que la mayor\u00eda de las veces ir\u00e1 a 90\u00ba. De esta manera, disponemos un producto pensado para el mercado residencial, de propiedad horizontal, que se podr\u00e1 colocar en cualquier pared, cubierta y en los balcones de edificios.<\/p>\n<p>El valor a\u00f1adido m\u00e1s innovador del m\u00f3dulo fotovoltaico MEINKRAFTWERK es la suportaci\u00f3n integrada en el propio marco, que no a\u00f1ade mil\u00edmetros adicionales. La estructura queda totalmente escondida en el m\u00f3dulo, confiri\u00e9ndole una gran armon\u00eda est\u00e9tica. Su facilidad montaje en la fachada, balc\u00f3n o cubierta, y la ventaja de que el m\u00f3dulo solo sobresalga el mismo grosor que el marco (40mm), facilita su instalaci\u00f3n en espacios reducidos, tener elementos con impacto visual positivo y sin cantos vivos, que puedan resultar da\u00f1inos a las personas.<\/p>\n<p>&nbsp;<\/p>\n<\/div>\n<\/div>\n<div class=\"columna-derecha\">\n<p><a href=\"https:\/\/elblogdelinstalador.com\/el-modulo-fotovoltaico-meinkraftwerk-distribuido-por-salvador-escoda-seleccionado-en-la-galeria-de-innovacion-de-genera-2019\/\" target=\"_blank\" rel=\"noopener\">Haz click para ver la not\u00edcia completa<\/a><\/p>\n<p><a href=\"https:\/\/www.actecir.cat\/wp-content\/uploads\/2023\/05\/Modulo_fotovoltaico_Meinkraftwerk_Galeria_innovacion.pdf\" target=\"_blank\" rel=\"noopener\"><i class=\"fa fa-file-pdf-o \"><\/i>\u00a0M\u00f2dul, microinversor i estructura integrada<\/a><\/p>\n<div><\/div>\n<\/div>\n<\/div>\n","protected":false},"excerpt":{"rendered":"<p>Ifema del 26 de febrero al 1 de marzo<\/p>\n","protected":false},"author":1,"featured_media":6592,"comment_status":"closed","ping_status":"closed","sticky":false,"template":"","format":"standard","meta":{"footnotes":""},"categories":[25],"tags":[],"class_list":["post-6595","post","type-post","status-publish","format-standard","has-post-thumbnail","hentry","category-noticias"],"yoast_head":"<!-- This site is optimized with the Yoast SEO plugin v27.2 - https:\/\/yoast.com\/product\/yoast-seo-wordpress\/ -->\n<title>Salvador Escoda S.A. presenta un sistema fotovoltaico innovador - Actecir<\/title>\n<meta name=\"robots\" content=\"index, follow, max-snippet:-1, max-image-preview:large, max-video-preview:-1\" \/>\n<link rel=\"canonical\" href=\"https:\/\/www.actecir.cat\/es\/salvador-escoda-s-a-presenta-un-sistema-fotovoltaic-innovador\/\" \/>\n<meta property=\"og:locale\" content=\"es_ES\" \/>\n<meta property=\"og:type\" content=\"article\" \/>\n<meta property=\"og:title\" content=\"Salvador Escoda S.A. presenta un sistema fotovoltaico innovador - Actecir\" \/>\n<meta property=\"og:description\" content=\"Ifema del 26 de febrero al 1 de marzo\" \/>\n<meta property=\"og:url\" content=\"https:\/\/www.actecir.cat\/es\/salvador-escoda-s-a-presenta-un-sistema-fotovoltaic-innovador\/\" \/>\n<meta property=\"og:site_name\" content=\"Actecir\" \/>\n<meta property=\"article:published_time\" content=\"2019-02-21T10:56:31+00:00\" \/>\n<meta property=\"article:modified_time\" content=\"2023-05-11T10:07:55+00:00\" \/>\n<meta property=\"og:image\" content=\"https:\/\/www.actecir.cat\/wp-content\/uploads\/2023\/05\/SALVADOR_ESCODA_FOTOVOLTAICO_600X400.jpg\" \/>\n\t<meta property=\"og:image:width\" content=\"600\" \/>\n\t<meta property=\"og:image:height\" content=\"400\" \/>\n\t<meta property=\"og:image:type\" content=\"image\/jpeg\" \/>\n<meta name=\"author\" content=\"Soporte web\" \/>\n<meta name=\"twitter:card\" content=\"summary_large_image\" \/>\n<meta name=\"twitter:creator\" content=\"@actecir\" \/>\n<meta name=\"twitter:site\" content=\"@actecir\" \/>\n<meta name=\"twitter:label1\" content=\"Escrito por\" \/>\n\t<meta name=\"twitter:data1\" content=\"Soporte web\" \/>\n\t<meta name=\"twitter:label2\" content=\"Tiempo de lectura\" \/>\n\t<meta name=\"twitter:data2\" content=\"2 minutos\" \/>\n<script type=\"application\/ld+json\" class=\"yoast-schema-graph\">{\"@context\":\"https:\/\/schema.org\",\"@graph\":[{\"@type\":\"Article\",\"@id\":\"https:\/\/www.actecir.cat\/es\/salvador-escoda-s-a-presenta-un-sistema-fotovoltaic-innovador\/#article\",\"isPartOf\":{\"@id\":\"https:\/\/www.actecir.cat\/es\/salvador-escoda-s-a-presenta-un-sistema-fotovoltaic-innovador\/\"},\"author\":{\"name\":\"Soporte web\",\"@id\":\"https:\/\/www.actecir.cat\/#\/schema\/person\/42edd02f0b1d55e19444428c5d321413\"},\"headline\":\"Salvador Escoda S.A. presenta un sistema fotovoltaico innovador\",\"datePublished\":\"2019-02-21T10:56:31+00:00\",\"dateModified\":\"2023-05-11T10:07:55+00:00\",\"mainEntityOfPage\":{\"@id\":\"https:\/\/www.actecir.cat\/es\/salvador-escoda-s-a-presenta-un-sistema-fotovoltaic-innovador\/\"},\"wordCount\":392,\"publisher\":{\"@id\":\"https:\/\/www.actecir.cat\/#organization\"},\"image\":{\"@id\":\"https:\/\/www.actecir.cat\/es\/salvador-escoda-s-a-presenta-un-sistema-fotovoltaic-innovador\/#primaryimage\"},\"thumbnailUrl\":\"https:\/\/www.actecir.cat\/wp-content\/uploads\/2023\/05\/SALVADOR_ESCODA_FOTOVOLTAICO_600X400.jpg\",\"articleSection\":[\"Noticias\"],\"inLanguage\":\"es\"},{\"@type\":\"WebPage\",\"@id\":\"https:\/\/www.actecir.cat\/es\/salvador-escoda-s-a-presenta-un-sistema-fotovoltaic-innovador\/\",\"url\":\"https:\/\/www.actecir.cat\/es\/salvador-escoda-s-a-presenta-un-sistema-fotovoltaic-innovador\/\",\"name\":\"Salvador Escoda S.A. presenta un sistema fotovoltaico innovador - Actecir\",\"isPartOf\":{\"@id\":\"https:\/\/www.actecir.cat\/#website\"},\"primaryImageOfPage\":{\"@id\":\"https:\/\/www.actecir.cat\/es\/salvador-escoda-s-a-presenta-un-sistema-fotovoltaic-innovador\/#primaryimage\"},\"image\":{\"@id\":\"https:\/\/www.actecir.cat\/es\/salvador-escoda-s-a-presenta-un-sistema-fotovoltaic-innovador\/#primaryimage\"},\"thumbnailUrl\":\"https:\/\/www.actecir.cat\/wp-content\/uploads\/2023\/05\/SALVADOR_ESCODA_FOTOVOLTAICO_600X400.jpg\",\"datePublished\":\"2019-02-21T10:56:31+00:00\",\"dateModified\":\"2023-05-11T10:07:55+00:00\",\"breadcrumb\":{\"@id\":\"https:\/\/www.actecir.cat\/es\/salvador-escoda-s-a-presenta-un-sistema-fotovoltaic-innovador\/#breadcrumb\"},\"inLanguage\":\"es\",\"potentialAction\":[{\"@type\":\"ReadAction\",\"target\":[\"https:\/\/www.actecir.cat\/es\/salvador-escoda-s-a-presenta-un-sistema-fotovoltaic-innovador\/\"]}]},{\"@type\":\"ImageObject\",\"inLanguage\":\"es\",\"@id\":\"https:\/\/www.actecir.cat\/es\/salvador-escoda-s-a-presenta-un-sistema-fotovoltaic-innovador\/#primaryimage\",\"url\":\"https:\/\/www.actecir.cat\/wp-content\/uploads\/2023\/05\/SALVADOR_ESCODA_FOTOVOLTAICO_600X400.jpg\",\"contentUrl\":\"https:\/\/www.actecir.cat\/wp-content\/uploads\/2023\/05\/SALVADOR_ESCODA_FOTOVOLTAICO_600X400.jpg\",\"width\":600,\"height\":400},{\"@type\":\"BreadcrumbList\",\"@id\":\"https:\/\/www.actecir.cat\/es\/salvador-escoda-s-a-presenta-un-sistema-fotovoltaic-innovador\/#breadcrumb\",\"itemListElement\":[{\"@type\":\"ListItem\",\"position\":1,\"name\":\"Inici\",\"item\":\"https:\/\/www.actecir.cat\/es\/\"},{\"@type\":\"ListItem\",\"position\":2,\"name\":\"Salvador Escoda S.A. presenta un sistema fotovoltaico innovador\"}]},{\"@type\":\"WebSite\",\"@id\":\"https:\/\/www.actecir.cat\/#website\",\"url\":\"https:\/\/www.actecir.cat\/\",\"name\":\"Actecir\",\"description\":\"Associaci\u00f3 Catalana de T\u00e8cnics en Energia, Climatitzaci\u00f3 i Refrigeraci\u00f3\",\"publisher\":{\"@id\":\"https:\/\/www.actecir.cat\/#organization\"},\"potentialAction\":[{\"@type\":\"SearchAction\",\"target\":{\"@type\":\"EntryPoint\",\"urlTemplate\":\"https:\/\/www.actecir.cat\/?s={search_term_string}\"},\"query-input\":{\"@type\":\"PropertyValueSpecification\",\"valueRequired\":true,\"valueName\":\"search_term_string\"}}],\"inLanguage\":\"es\"},{\"@type\":\"Organization\",\"@id\":\"https:\/\/www.actecir.cat\/#organization\",\"name\":\"Actecir\",\"url\":\"https:\/\/www.actecir.cat\/\",\"logo\":{\"@type\":\"ImageObject\",\"inLanguage\":\"es\",\"@id\":\"https:\/\/www.actecir.cat\/#\/schema\/logo\/image\/\",\"url\":\"https:\/\/www.actecir.cat\/wp-content\/uploads\/2023\/04\/cropped-logo_actecir_60_alto.png\",\"contentUrl\":\"https:\/\/www.actecir.cat\/wp-content\/uploads\/2023\/04\/cropped-logo_actecir_60_alto.png\",\"width\":283,\"height\":80,\"caption\":\"Actecir\"},\"image\":{\"@id\":\"https:\/\/www.actecir.cat\/#\/schema\/logo\/image\/\"},\"sameAs\":[\"https:\/\/x.com\/actecir\",\"https:\/\/www.linkedin.com\/company\/actecir\"]},{\"@type\":\"Person\",\"@id\":\"https:\/\/www.actecir.cat\/#\/schema\/person\/42edd02f0b1d55e19444428c5d321413\",\"name\":\"Soporte web\",\"sameAs\":[\"https:\/\/www.actecir.cat\"],\"url\":\"https:\/\/www.actecir.cat\/es\/author\/maensystems\/\"}]}<\/script>\n<!-- \/ Yoast SEO plugin. -->","yoast_head_json":{"title":"Salvador Escoda S.A. presenta un sistema fotovoltaico innovador - Actecir","robots":{"index":"index","follow":"follow","max-snippet":"max-snippet:-1","max-image-preview":"max-image-preview:large","max-video-preview":"max-video-preview:-1"},"canonical":"https:\/\/www.actecir.cat\/es\/salvador-escoda-s-a-presenta-un-sistema-fotovoltaic-innovador\/","og_locale":"es_ES","og_type":"article","og_title":"Salvador Escoda S.A. presenta un sistema fotovoltaico innovador - Actecir","og_description":"Ifema del 26 de febrero al 1 de marzo","og_url":"https:\/\/www.actecir.cat\/es\/salvador-escoda-s-a-presenta-un-sistema-fotovoltaic-innovador\/","og_site_name":"Actecir","article_published_time":"2019-02-21T10:56:31+00:00","article_modified_time":"2023-05-11T10:07:55+00:00","og_image":[{"width":600,"height":400,"url":"https:\/\/www.actecir.cat\/wp-content\/uploads\/2023\/05\/SALVADOR_ESCODA_FOTOVOLTAICO_600X400.jpg","type":"image\/jpeg"}],"author":"Soporte web","twitter_card":"summary_large_image","twitter_creator":"@actecir","twitter_site":"@actecir","twitter_misc":{"Escrito por":"Soporte web","Tiempo de lectura":"2 minutos"},"schema":{"@context":"https:\/\/schema.org","@graph":[{"@type":"Article","@id":"https:\/\/www.actecir.cat\/es\/salvador-escoda-s-a-presenta-un-sistema-fotovoltaic-innovador\/#article","isPartOf":{"@id":"https:\/\/www.actecir.cat\/es\/salvador-escoda-s-a-presenta-un-sistema-fotovoltaic-innovador\/"},"author":{"name":"Soporte web","@id":"https:\/\/www.actecir.cat\/#\/schema\/person\/42edd02f0b1d55e19444428c5d321413"},"headline":"Salvador Escoda S.A. presenta un sistema fotovoltaico innovador","datePublished":"2019-02-21T10:56:31+00:00","dateModified":"2023-05-11T10:07:55+00:00","mainEntityOfPage":{"@id":"https:\/\/www.actecir.cat\/es\/salvador-escoda-s-a-presenta-un-sistema-fotovoltaic-innovador\/"},"wordCount":392,"publisher":{"@id":"https:\/\/www.actecir.cat\/#organization"},"image":{"@id":"https:\/\/www.actecir.cat\/es\/salvador-escoda-s-a-presenta-un-sistema-fotovoltaic-innovador\/#primaryimage"},"thumbnailUrl":"https:\/\/www.actecir.cat\/wp-content\/uploads\/2023\/05\/SALVADOR_ESCODA_FOTOVOLTAICO_600X400.jpg","articleSection":["Noticias"],"inLanguage":"es"},{"@type":"WebPage","@id":"https:\/\/www.actecir.cat\/es\/salvador-escoda-s-a-presenta-un-sistema-fotovoltaic-innovador\/","url":"https:\/\/www.actecir.cat\/es\/salvador-escoda-s-a-presenta-un-sistema-fotovoltaic-innovador\/","name":"Salvador Escoda S.A. presenta un sistema fotovoltaico innovador - Actecir","isPartOf":{"@id":"https:\/\/www.actecir.cat\/#website"},"primaryImageOfPage":{"@id":"https:\/\/www.actecir.cat\/es\/salvador-escoda-s-a-presenta-un-sistema-fotovoltaic-innovador\/#primaryimage"},"image":{"@id":"https:\/\/www.actecir.cat\/es\/salvador-escoda-s-a-presenta-un-sistema-fotovoltaic-innovador\/#primaryimage"},"thumbnailUrl":"https:\/\/www.actecir.cat\/wp-content\/uploads\/2023\/05\/SALVADOR_ESCODA_FOTOVOLTAICO_600X400.jpg","datePublished":"2019-02-21T10:56:31+00:00","dateModified":"2023-05-11T10:07:55+00:00","breadcrumb":{"@id":"https:\/\/www.actecir.cat\/es\/salvador-escoda-s-a-presenta-un-sistema-fotovoltaic-innovador\/#breadcrumb"},"inLanguage":"es","potentialAction":[{"@type":"ReadAction","target":["https:\/\/www.actecir.cat\/es\/salvador-escoda-s-a-presenta-un-sistema-fotovoltaic-innovador\/"]}]},{"@type":"ImageObject","inLanguage":"es","@id":"https:\/\/www.actecir.cat\/es\/salvador-escoda-s-a-presenta-un-sistema-fotovoltaic-innovador\/#primaryimage","url":"https:\/\/www.actecir.cat\/wp-content\/uploads\/2023\/05\/SALVADOR_ESCODA_FOTOVOLTAICO_600X400.jpg","contentUrl":"https:\/\/www.actecir.cat\/wp-content\/uploads\/2023\/05\/SALVADOR_ESCODA_FOTOVOLTAICO_600X400.jpg","width":600,"height":400},{"@type":"BreadcrumbList","@id":"https:\/\/www.actecir.cat\/es\/salvador-escoda-s-a-presenta-un-sistema-fotovoltaic-innovador\/#breadcrumb","itemListElement":[{"@type":"ListItem","position":1,"name":"Inici","item":"https:\/\/www.actecir.cat\/es\/"},{"@type":"ListItem","position":2,"name":"Salvador Escoda S.A. presenta un sistema fotovoltaico innovador"}]},{"@type":"WebSite","@id":"https:\/\/www.actecir.cat\/#website","url":"https:\/\/www.actecir.cat\/","name":"Actecir","description":"Associaci\u00f3 Catalana de T\u00e8cnics en Energia, Climatitzaci\u00f3 i Refrigeraci\u00f3","publisher":{"@id":"https:\/\/www.actecir.cat\/#organization"},"potentialAction":[{"@type":"SearchAction","target":{"@type":"EntryPoint","urlTemplate":"https:\/\/www.actecir.cat\/?s={search_term_string}"},"query-input":{"@type":"PropertyValueSpecification","valueRequired":true,"valueName":"search_term_string"}}],"inLanguage":"es"},{"@type":"Organization","@id":"https:\/\/www.actecir.cat\/#organization","name":"Actecir","url":"https:\/\/www.actecir.cat\/","logo":{"@type":"ImageObject","inLanguage":"es","@id":"https:\/\/www.actecir.cat\/#\/schema\/logo\/image\/","url":"https:\/\/www.actecir.cat\/wp-content\/uploads\/2023\/04\/cropped-logo_actecir_60_alto.png","contentUrl":"https:\/\/www.actecir.cat\/wp-content\/uploads\/2023\/04\/cropped-logo_actecir_60_alto.png","width":283,"height":80,"caption":"Actecir"},"image":{"@id":"https:\/\/www.actecir.cat\/#\/schema\/logo\/image\/"},"sameAs":["https:\/\/x.com\/actecir","https:\/\/www.linkedin.com\/company\/actecir"]},{"@type":"Person","@id":"https:\/\/www.actecir.cat\/#\/schema\/person\/42edd02f0b1d55e19444428c5d321413","name":"Soporte web","sameAs":["https:\/\/www.actecir.cat"],"url":"https:\/\/www.actecir.cat\/es\/author\/maensystems\/"}]}},"_links":{"self":[{"href":"https:\/\/www.actecir.cat\/es\/wp-json\/wp\/v2\/posts\/6595","targetHints":{"allow":["GET"]}}],"collection":[{"href":"https:\/\/www.actecir.cat\/es\/wp-json\/wp\/v2\/posts"}],"about":[{"href":"https:\/\/www.actecir.cat\/es\/wp-json\/wp\/v2\/types\/post"}],"author":[{"embeddable":true,"href":"https:\/\/www.actecir.cat\/es\/wp-json\/wp\/v2\/users\/1"}],"replies":[{"embeddable":true,"href":"https:\/\/www.actecir.cat\/es\/wp-json\/wp\/v2\/comments?post=6595"}],"version-history":[{"count":4,"href":"https:\/\/www.actecir.cat\/es\/wp-json\/wp\/v2\/posts\/6595\/revisions"}],"predecessor-version":[{"id":6602,"href":"https:\/\/www.actecir.cat\/es\/wp-json\/wp\/v2\/posts\/6595\/revisions\/6602"}],"wp:featuredmedia":[{"embeddable":true,"href":"https:\/\/www.actecir.cat\/es\/wp-json\/wp\/v2\/media\/6592"}],"wp:attachment":[{"href":"https:\/\/www.actecir.cat\/es\/wp-json\/wp\/v2\/media?parent=6595"}],"wp:term":[{"taxonomy":"category","embeddable":true,"href":"https:\/\/www.actecir.cat\/es\/wp-json\/wp\/v2\/categories?post=6595"},{"taxonomy":"post_tag","embeddable":true,"href":"https:\/\/www.actecir.cat\/es\/wp-json\/wp\/v2\/tags?post=6595"}],"curies":[{"name":"wp","href":"https:\/\/api.w.org\/{rel}","templated":true}]}}