{"id":6613,"date":"2019-02-13T12:10:28","date_gmt":"2019-02-13T11:10:28","guid":{"rendered":"https:\/\/www.actecir.cat\/?p=6613"},"modified":"2023-05-11T12:11:55","modified_gmt":"2023-05-11T10:11:55","slug":"junkers-colabora-con-los-mossos-desquadra-y-fegicat","status":"publish","type":"post","link":"https:\/\/www.actecir.cat\/es\/junkers-colabora-con-los-mossos-desquadra-y-fegicat\/","title":{"rendered":"Junkers colabora con los Mossos d\u2019Esquadra y FEGICAT"},"content":{"rendered":"<p>La compa\u00f1\u00eda ha trabajado con el cuerpo de seguridad y la Federaci\u00f3n Catalana de Empresas Instaladoras en una campa\u00f1a de concienciaci\u00f3n sobre el fraude de los instaladores falsos.<\/p>\n<div>\n<div>\n<p><strong>Madrid, 08 de febrero de 2019<\/strong><\/p>\n<p>La seguridad en los hogares es algo primordial, algo por lo que los cuerpos de seguridad del estado tienen que velar, con ayuda de profesionales de cada sector. En este caso, ante la creciente pr\u00e1ctica ilegal de los falsos inspectores de gas, la marca Junkers, perteneciente a la divisi\u00f3n Bosch Termotecnia del Grupo Bosch, ha colaborado de manera conjunta con los Mossos d\u2019Esquadra y la Federaci\u00f3n Catalana de Empresas Instaladoras (FEGICAT) en una campa\u00f1a de concienciaci\u00f3n sobre este tipo de fraude que afecta a parte de la poblaci\u00f3n.<\/p>\n<p>La campa\u00f1a est\u00e1 principalmente dirigida a concienciar a los colectivos m\u00e1s vulnerables de la sociedad, como la tercera edad, que suele ser el objetivo de este tipo de este tipo de estafas. Para ello, se ha presentado una serie de consejos que les permite detectar irregularidades en una inspecci\u00f3n y conocer el verdadero proceso en las inspecciones obligatorias por ley:<\/p>\n<p>o No se debe abrir la puerta si no se hab\u00eda concertado una cita previa, ya que ning\u00fan inspector de gas se presentar\u00e1 sin haber concertado una visita.<br \/>\no La inspecci\u00f3n obligatoria es cada 5 a\u00f1os y, antes de que acudan al hogar, siempre llegar\u00e1 una notificaci\u00f3n de la compa\u00f1\u00eda del gas para informar de la cita.<br \/>\no Es posible contactar con una empresa instaladora habilitada para cerrar la cita o, en su defecto, la compa\u00f1\u00eda del gas asignar\u00e1 una.<br \/>\no No se debe pagar nada en el momento. La factura de la revisi\u00f3n obligatoria vendr\u00e1 incluida en la pr\u00f3xima factura del gas.<br \/>\no En caso de duda, contacte siempre con los Mossos o con un instalador de confianza.<\/p>\n<p>Con esta serie de consejos, la iniciativa pretende reducir el n\u00famero de denuncias por estafas relacionadas con las inspecciones obligatorias del gas en el interior de las viviendas, que el pasado a\u00f1o que, seg\u00fan datos de los propios Mossos d\u2019Esquadra, sufri\u00f3 un repunte en 2018.<\/p>\n<p>Como experto en el sector, Junkers destaca la importancia del mantenimiento del aparato de gas a la hora de optimizar el rendimiento y el funcionamiento de las soluciones de gas, que deben dejarse siempre en manos de profesionales de los Servicios T\u00e9cnicos Oficinales, que puedan aportar la seguridad y confianza necesaria para que todos los procesos se lleven a cabo de la mejor manera posible, evitando malas pr\u00e1cticas o problemas con las revisiones.<\/p>\n<\/div>\n<\/div>\n","protected":false},"excerpt":{"rendered":"<p>Madrid, 08 de febrero de 2019<\/p>\n","protected":false},"author":1,"featured_media":6611,"comment_status":"closed","ping_status":"closed","sticky":false,"template":"","format":"standard","meta":{"footnotes":""},"categories":[25],"tags":[],"class_list":["post-6613","post","type-post","status-publish","format-standard","has-post-thumbnail","hentry","category-noticias"],"yoast_head":"<!-- This site is optimized with the Yoast SEO plugin v27.2 - https:\/\/yoast.com\/product\/yoast-seo-wordpress\/ -->\n<title>Junkers colabora con los Mossos d\u2019Esquadra y FEGICAT - Actecir<\/title>\n<meta name=\"robots\" content=\"index, follow, max-snippet:-1, max-image-preview:large, max-video-preview:-1\" \/>\n<link rel=\"canonical\" href=\"https:\/\/www.actecir.cat\/es\/junkers-colabora-con-los-mossos-desquadra-y-fegicat\/\" \/>\n<meta property=\"og:locale\" content=\"es_ES\" \/>\n<meta property=\"og:type\" content=\"article\" \/>\n<meta property=\"og:title\" content=\"Junkers colabora con los Mossos d\u2019Esquadra y FEGICAT - Actecir\" \/>\n<meta property=\"og:description\" content=\"Madrid, 08 de febrero de 2019\" \/>\n<meta property=\"og:url\" content=\"https:\/\/www.actecir.cat\/es\/junkers-colabora-con-los-mossos-desquadra-y-fegicat\/\" \/>\n<meta property=\"og:site_name\" content=\"Actecir\" \/>\n<meta property=\"article:published_time\" content=\"2019-02-13T11:10:28+00:00\" \/>\n<meta property=\"article:modified_time\" content=\"2023-05-11T10:11:55+00:00\" \/>\n<meta property=\"og:image\" content=\"https:\/\/www.actecir.cat\/wp-content\/uploads\/2023\/05\/junkers_fegicat_600x400.jpg\" \/>\n\t<meta property=\"og:image:width\" content=\"600\" \/>\n\t<meta property=\"og:image:height\" content=\"400\" \/>\n\t<meta property=\"og:image:type\" content=\"image\/jpeg\" \/>\n<meta name=\"author\" content=\"Soporte web\" \/>\n<meta name=\"twitter:card\" content=\"summary_large_image\" \/>\n<meta name=\"twitter:creator\" content=\"@actecir\" \/>\n<meta name=\"twitter:site\" content=\"@actecir\" \/>\n<meta name=\"twitter:label1\" content=\"Escrito por\" \/>\n\t<meta name=\"twitter:data1\" content=\"Soporte web\" \/>\n\t<meta name=\"twitter:label2\" content=\"Tiempo de lectura\" \/>\n\t<meta name=\"twitter:data2\" content=\"2 minutos\" \/>\n<script type=\"application\/ld+json\" class=\"yoast-schema-graph\">{\"@context\":\"https:\/\/schema.org\",\"@graph\":[{\"@type\":\"Article\",\"@id\":\"https:\/\/www.actecir.cat\/es\/junkers-colabora-con-los-mossos-desquadra-y-fegicat\/#article\",\"isPartOf\":{\"@id\":\"https:\/\/www.actecir.cat\/es\/junkers-colabora-con-los-mossos-desquadra-y-fegicat\/\"},\"author\":{\"name\":\"Soporte web\",\"@id\":\"https:\/\/www.actecir.cat\/#\/schema\/person\/42edd02f0b1d55e19444428c5d321413\"},\"headline\":\"Junkers colabora con los Mossos d\u2019Esquadra y FEGICAT\",\"datePublished\":\"2019-02-13T11:10:28+00:00\",\"dateModified\":\"2023-05-11T10:11:55+00:00\",\"mainEntityOfPage\":{\"@id\":\"https:\/\/www.actecir.cat\/es\/junkers-colabora-con-los-mossos-desquadra-y-fegicat\/\"},\"wordCount\":453,\"publisher\":{\"@id\":\"https:\/\/www.actecir.cat\/#organization\"},\"image\":{\"@id\":\"https:\/\/www.actecir.cat\/es\/junkers-colabora-con-los-mossos-desquadra-y-fegicat\/#primaryimage\"},\"thumbnailUrl\":\"https:\/\/www.actecir.cat\/wp-content\/uploads\/2023\/05\/junkers_fegicat_600x400.jpg\",\"articleSection\":[\"Noticias\"],\"inLanguage\":\"es\"},{\"@type\":\"WebPage\",\"@id\":\"https:\/\/www.actecir.cat\/es\/junkers-colabora-con-los-mossos-desquadra-y-fegicat\/\",\"url\":\"https:\/\/www.actecir.cat\/es\/junkers-colabora-con-los-mossos-desquadra-y-fegicat\/\",\"name\":\"Junkers colabora con los Mossos d\u2019Esquadra y FEGICAT - Actecir\",\"isPartOf\":{\"@id\":\"https:\/\/www.actecir.cat\/#website\"},\"primaryImageOfPage\":{\"@id\":\"https:\/\/www.actecir.cat\/es\/junkers-colabora-con-los-mossos-desquadra-y-fegicat\/#primaryimage\"},\"image\":{\"@id\":\"https:\/\/www.actecir.cat\/es\/junkers-colabora-con-los-mossos-desquadra-y-fegicat\/#primaryimage\"},\"thumbnailUrl\":\"https:\/\/www.actecir.cat\/wp-content\/uploads\/2023\/05\/junkers_fegicat_600x400.jpg\",\"datePublished\":\"2019-02-13T11:10:28+00:00\",\"dateModified\":\"2023-05-11T10:11:55+00:00\",\"breadcrumb\":{\"@id\":\"https:\/\/www.actecir.cat\/es\/junkers-colabora-con-los-mossos-desquadra-y-fegicat\/#breadcrumb\"},\"inLanguage\":\"es\",\"potentialAction\":[{\"@type\":\"ReadAction\",\"target\":[\"https:\/\/www.actecir.cat\/es\/junkers-colabora-con-los-mossos-desquadra-y-fegicat\/\"]}]},{\"@type\":\"ImageObject\",\"inLanguage\":\"es\",\"@id\":\"https:\/\/www.actecir.cat\/es\/junkers-colabora-con-los-mossos-desquadra-y-fegicat\/#primaryimage\",\"url\":\"https:\/\/www.actecir.cat\/wp-content\/uploads\/2023\/05\/junkers_fegicat_600x400.jpg\",\"contentUrl\":\"https:\/\/www.actecir.cat\/wp-content\/uploads\/2023\/05\/junkers_fegicat_600x400.jpg\",\"width\":600,\"height\":400},{\"@type\":\"BreadcrumbList\",\"@id\":\"https:\/\/www.actecir.cat\/es\/junkers-colabora-con-los-mossos-desquadra-y-fegicat\/#breadcrumb\",\"itemListElement\":[{\"@type\":\"ListItem\",\"position\":1,\"name\":\"Inici\",\"item\":\"https:\/\/www.actecir.cat\/es\/\"},{\"@type\":\"ListItem\",\"position\":2,\"name\":\"Junkers colabora con los Mossos d\u2019Esquadra y FEGICAT\"}]},{\"@type\":\"WebSite\",\"@id\":\"https:\/\/www.actecir.cat\/#website\",\"url\":\"https:\/\/www.actecir.cat\/\",\"name\":\"Actecir\",\"description\":\"Associaci\u00f3 Catalana de T\u00e8cnics en Energia, Climatitzaci\u00f3 i Refrigeraci\u00f3\",\"publisher\":{\"@id\":\"https:\/\/www.actecir.cat\/#organization\"},\"potentialAction\":[{\"@type\":\"SearchAction\",\"target\":{\"@type\":\"EntryPoint\",\"urlTemplate\":\"https:\/\/www.actecir.cat\/?s={search_term_string}\"},\"query-input\":{\"@type\":\"PropertyValueSpecification\",\"valueRequired\":true,\"valueName\":\"search_term_string\"}}],\"inLanguage\":\"es\"},{\"@type\":\"Organization\",\"@id\":\"https:\/\/www.actecir.cat\/#organization\",\"name\":\"Actecir\",\"url\":\"https:\/\/www.actecir.cat\/\",\"logo\":{\"@type\":\"ImageObject\",\"inLanguage\":\"es\",\"@id\":\"https:\/\/www.actecir.cat\/#\/schema\/logo\/image\/\",\"url\":\"https:\/\/www.actecir.cat\/wp-content\/uploads\/2023\/04\/cropped-logo_actecir_60_alto.png\",\"contentUrl\":\"https:\/\/www.actecir.cat\/wp-content\/uploads\/2023\/04\/cropped-logo_actecir_60_alto.png\",\"width\":283,\"height\":80,\"caption\":\"Actecir\"},\"image\":{\"@id\":\"https:\/\/www.actecir.cat\/#\/schema\/logo\/image\/\"},\"sameAs\":[\"https:\/\/x.com\/actecir\",\"https:\/\/www.linkedin.com\/company\/actecir\"]},{\"@type\":\"Person\",\"@id\":\"https:\/\/www.actecir.cat\/#\/schema\/person\/42edd02f0b1d55e19444428c5d321413\",\"name\":\"Soporte web\",\"sameAs\":[\"https:\/\/www.actecir.cat\"],\"url\":\"https:\/\/www.actecir.cat\/es\/author\/maensystems\/\"}]}<\/script>\n<!-- \/ Yoast SEO plugin. -->","yoast_head_json":{"title":"Junkers colabora con los Mossos d\u2019Esquadra y FEGICAT - Actecir","robots":{"index":"index","follow":"follow","max-snippet":"max-snippet:-1","max-image-preview":"max-image-preview:large","max-video-preview":"max-video-preview:-1"},"canonical":"https:\/\/www.actecir.cat\/es\/junkers-colabora-con-los-mossos-desquadra-y-fegicat\/","og_locale":"es_ES","og_type":"article","og_title":"Junkers colabora con los Mossos d\u2019Esquadra y FEGICAT - Actecir","og_description":"Madrid, 08 de febrero de 2019","og_url":"https:\/\/www.actecir.cat\/es\/junkers-colabora-con-los-mossos-desquadra-y-fegicat\/","og_site_name":"Actecir","article_published_time":"2019-02-13T11:10:28+00:00","article_modified_time":"2023-05-11T10:11:55+00:00","og_image":[{"width":600,"height":400,"url":"https:\/\/www.actecir.cat\/wp-content\/uploads\/2023\/05\/junkers_fegicat_600x400.jpg","type":"image\/jpeg"}],"author":"Soporte web","twitter_card":"summary_large_image","twitter_creator":"@actecir","twitter_site":"@actecir","twitter_misc":{"Escrito por":"Soporte web","Tiempo de lectura":"2 minutos"},"schema":{"@context":"https:\/\/schema.org","@graph":[{"@type":"Article","@id":"https:\/\/www.actecir.cat\/es\/junkers-colabora-con-los-mossos-desquadra-y-fegicat\/#article","isPartOf":{"@id":"https:\/\/www.actecir.cat\/es\/junkers-colabora-con-los-mossos-desquadra-y-fegicat\/"},"author":{"name":"Soporte web","@id":"https:\/\/www.actecir.cat\/#\/schema\/person\/42edd02f0b1d55e19444428c5d321413"},"headline":"Junkers colabora con los Mossos d\u2019Esquadra y FEGICAT","datePublished":"2019-02-13T11:10:28+00:00","dateModified":"2023-05-11T10:11:55+00:00","mainEntityOfPage":{"@id":"https:\/\/www.actecir.cat\/es\/junkers-colabora-con-los-mossos-desquadra-y-fegicat\/"},"wordCount":453,"publisher":{"@id":"https:\/\/www.actecir.cat\/#organization"},"image":{"@id":"https:\/\/www.actecir.cat\/es\/junkers-colabora-con-los-mossos-desquadra-y-fegicat\/#primaryimage"},"thumbnailUrl":"https:\/\/www.actecir.cat\/wp-content\/uploads\/2023\/05\/junkers_fegicat_600x400.jpg","articleSection":["Noticias"],"inLanguage":"es"},{"@type":"WebPage","@id":"https:\/\/www.actecir.cat\/es\/junkers-colabora-con-los-mossos-desquadra-y-fegicat\/","url":"https:\/\/www.actecir.cat\/es\/junkers-colabora-con-los-mossos-desquadra-y-fegicat\/","name":"Junkers colabora con los Mossos d\u2019Esquadra y FEGICAT - Actecir","isPartOf":{"@id":"https:\/\/www.actecir.cat\/#website"},"primaryImageOfPage":{"@id":"https:\/\/www.actecir.cat\/es\/junkers-colabora-con-los-mossos-desquadra-y-fegicat\/#primaryimage"},"image":{"@id":"https:\/\/www.actecir.cat\/es\/junkers-colabora-con-los-mossos-desquadra-y-fegicat\/#primaryimage"},"thumbnailUrl":"https:\/\/www.actecir.cat\/wp-content\/uploads\/2023\/05\/junkers_fegicat_600x400.jpg","datePublished":"2019-02-13T11:10:28+00:00","dateModified":"2023-05-11T10:11:55+00:00","breadcrumb":{"@id":"https:\/\/www.actecir.cat\/es\/junkers-colabora-con-los-mossos-desquadra-y-fegicat\/#breadcrumb"},"inLanguage":"es","potentialAction":[{"@type":"ReadAction","target":["https:\/\/www.actecir.cat\/es\/junkers-colabora-con-los-mossos-desquadra-y-fegicat\/"]}]},{"@type":"ImageObject","inLanguage":"es","@id":"https:\/\/www.actecir.cat\/es\/junkers-colabora-con-los-mossos-desquadra-y-fegicat\/#primaryimage","url":"https:\/\/www.actecir.cat\/wp-content\/uploads\/2023\/05\/junkers_fegicat_600x400.jpg","contentUrl":"https:\/\/www.actecir.cat\/wp-content\/uploads\/2023\/05\/junkers_fegicat_600x400.jpg","width":600,"height":400},{"@type":"BreadcrumbList","@id":"https:\/\/www.actecir.cat\/es\/junkers-colabora-con-los-mossos-desquadra-y-fegicat\/#breadcrumb","itemListElement":[{"@type":"ListItem","position":1,"name":"Inici","item":"https:\/\/www.actecir.cat\/es\/"},{"@type":"ListItem","position":2,"name":"Junkers colabora con los Mossos d\u2019Esquadra y FEGICAT"}]},{"@type":"WebSite","@id":"https:\/\/www.actecir.cat\/#website","url":"https:\/\/www.actecir.cat\/","name":"Actecir","description":"Associaci\u00f3 Catalana de T\u00e8cnics en Energia, Climatitzaci\u00f3 i Refrigeraci\u00f3","publisher":{"@id":"https:\/\/www.actecir.cat\/#organization"},"potentialAction":[{"@type":"SearchAction","target":{"@type":"EntryPoint","urlTemplate":"https:\/\/www.actecir.cat\/?s={search_term_string}"},"query-input":{"@type":"PropertyValueSpecification","valueRequired":true,"valueName":"search_term_string"}}],"inLanguage":"es"},{"@type":"Organization","@id":"https:\/\/www.actecir.cat\/#organization","name":"Actecir","url":"https:\/\/www.actecir.cat\/","logo":{"@type":"ImageObject","inLanguage":"es","@id":"https:\/\/www.actecir.cat\/#\/schema\/logo\/image\/","url":"https:\/\/www.actecir.cat\/wp-content\/uploads\/2023\/04\/cropped-logo_actecir_60_alto.png","contentUrl":"https:\/\/www.actecir.cat\/wp-content\/uploads\/2023\/04\/cropped-logo_actecir_60_alto.png","width":283,"height":80,"caption":"Actecir"},"image":{"@id":"https:\/\/www.actecir.cat\/#\/schema\/logo\/image\/"},"sameAs":["https:\/\/x.com\/actecir","https:\/\/www.linkedin.com\/company\/actecir"]},{"@type":"Person","@id":"https:\/\/www.actecir.cat\/#\/schema\/person\/42edd02f0b1d55e19444428c5d321413","name":"Soporte web","sameAs":["https:\/\/www.actecir.cat"],"url":"https:\/\/www.actecir.cat\/es\/author\/maensystems\/"}]}},"_links":{"self":[{"href":"https:\/\/www.actecir.cat\/es\/wp-json\/wp\/v2\/posts\/6613","targetHints":{"allow":["GET"]}}],"collection":[{"href":"https:\/\/www.actecir.cat\/es\/wp-json\/wp\/v2\/posts"}],"about":[{"href":"https:\/\/www.actecir.cat\/es\/wp-json\/wp\/v2\/types\/post"}],"author":[{"embeddable":true,"href":"https:\/\/www.actecir.cat\/es\/wp-json\/wp\/v2\/users\/1"}],"replies":[{"embeddable":true,"href":"https:\/\/www.actecir.cat\/es\/wp-json\/wp\/v2\/comments?post=6613"}],"version-history":[{"count":1,"href":"https:\/\/www.actecir.cat\/es\/wp-json\/wp\/v2\/posts\/6613\/revisions"}],"predecessor-version":[{"id":6614,"href":"https:\/\/www.actecir.cat\/es\/wp-json\/wp\/v2\/posts\/6613\/revisions\/6614"}],"wp:featuredmedia":[{"embeddable":true,"href":"https:\/\/www.actecir.cat\/es\/wp-json\/wp\/v2\/media\/6611"}],"wp:attachment":[{"href":"https:\/\/www.actecir.cat\/es\/wp-json\/wp\/v2\/media?parent=6613"}],"wp:term":[{"taxonomy":"category","embeddable":true,"href":"https:\/\/www.actecir.cat\/es\/wp-json\/wp\/v2\/categories?post=6613"},{"taxonomy":"post_tag","embeddable":true,"href":"https:\/\/www.actecir.cat\/es\/wp-json\/wp\/v2\/tags?post=6613"}],"curies":[{"name":"wp","href":"https:\/\/api.w.org\/{rel}","templated":true}]}}