{"id":6620,"date":"2019-02-11T12:13:28","date_gmt":"2019-02-11T11:13:28","guid":{"rendered":"https:\/\/www.actecir.cat\/?p=6620"},"modified":"2023-05-11T12:15:10","modified_gmt":"2023-05-11T10:15:10","slug":"daikin-presenta-sus-novedades-en-la-feria-de-climatizacion-y-refrigeracion-2019","status":"publish","type":"post","link":"https:\/\/www.actecir.cat\/es\/daikin-presenta-sus-novedades-en-la-feria-de-climatizacion-y-refrigeracion-2019\/","title":{"rendered":"Daikin presenta sus novedades en la Feria de Climatizaci\u00f3n y Refrigeraci\u00f3n 2019"},"content":{"rendered":"<p>La compa\u00f1\u00eda japonesa estar\u00e1 presente en el punto de encuentro del sector de la climatizaci\u00f3n, para dar a conocer sus \u00faltimos avances en confort y eficiencia energ\u00e9tica<\/p>\n<div>\n<div>\n<p><strong>Madrid, 5 de febrero 2019<\/strong><\/p>\n<p>Daikin, compa\u00f1\u00eda l\u00edder en el sector de la climatizaci\u00f3n, participar\u00e1 en la pr\u00f3xima edici\u00f3n de la Feria Climatizaci\u00f3n y Refrigeraci\u00f3n 2019 que tendr\u00e1 lugar entre el 26 de febrero y el 1 de marzo en el pabell\u00f3n n\u00famero 10 de la Feria de Madrid (IFEMA).<\/p>\n<p>Una edici\u00f3n m\u00e1s, la firma de climatizaci\u00f3n japonesa sorprender\u00e1 a los visitantes en el\u00a0<strong>stand 10E06<\/strong>\u00a0donde no s\u00f3lo podr\u00e1n conocer de primera mano las \u00faltimas soluciones de Daikin en materia de Aire Acondicionado, Calefacci\u00f3n, Refrigeraci\u00f3n, Sistemas Hidr\u00f3nicos, Ventilaci\u00f3n y Sistemas de Control, sino que tambi\u00e9n podr\u00e1n conocer los avances en innovaci\u00f3n de la compa\u00f1\u00eda, mantenimiento y servicios.<\/p>\n<p><strong>En el \u00e1mbito dom\u00e9stico<\/strong><\/p>\n<p>Daikin expondr\u00e1 una completa gama de unidades con refrigerante R-32 como Ururu Sarara R-32, Stylish R-32, Serie Perfera R-32, Serie Comfora R-32, Serie Sensira R-32 y unidades multi, tambi\u00e9n con R-32, optimizadas para producir agua caliente sanitaria, calefacci\u00f3n por suelo radiante o radiadores y unidades interiores de expansi\u00f3n de aire acondicionado. Daikin, adem\u00e1s de ser fabricante de equipos de climatizaci\u00f3n, fabrica tambi\u00e9n sus propios refrigerantes, lo que le permite mantenerse a la vanguardia dise\u00f1ando equipos con la m\u00e1xima eficiencia energ\u00e9tica y m\u00e1s respetuosos con el medio ambiente.<\/p>\n<p>En lo referente a calefacci\u00f3n, este a\u00f1o la novedad es el sistema Daikin Altherma 3 con refrigerante R-32 que ha sido seleccionado para la Galer\u00eda de la Innovaci\u00f3n. Este sistema de aerotermia ofrece aire acondicionado, calefacci\u00f3n y ACS (Agua Caliente Sanitaria) con una m\u00e1xima eficiencia y llegando a temperaturas de descarga de 65\u00baC (10\u00baC m\u00e1s que con R-410A). Adem\u00e1s, este a\u00f1o como novedad, la firma presentar\u00e1 equipos para aplicaciones geot\u00e9rmicas. En combusti\u00f3n, tambi\u00e9n estar\u00e1s expuestas las nuevas calderas de gas Daikin, la gama m\u00e1s peque\u00f1a del mercado. Tambi\u00e9n se presentar\u00e1 el software HSN (Heating Solution Navigator) para dise\u00f1o de proyectos de climatizaci\u00f3n con el que es posible configurar directamente la unidad en obra.<\/p>\n<p>Respecto al sector comercial, se mostrar\u00e1n las nuevas unidades Sky Air con R-32 (Sky Air Serie Alpha, Sky Air Serie Advance y Sky Air Serie Active). Todas ellas destacan por su innovadora tecnolog\u00eda, su m\u00e1xima eficiencia estacional y su reducido consumo que puede llegar a influir directamente en el negocio del cliente.<\/p>\n<p>&nbsp;<\/p>\n<p><strong><i class=\"fa fa-industry \"><\/i>\u00a0En el entorno industrial<\/strong><\/p>\n<p>Daikin celebra el 30 aniversario de la llegada a Espa\u00f1a de su sistema VRV con la llegada de nuevos equipos como el VRV IV + con mayor eficiencia estacional, VRV IV C+ para mejorar la capacidad y rendimiento con temperaturas extremas y por primera vez, la tecnolog\u00eda japonesa para los sistemas VRV con Refrigerante R-32.<\/p>\n<p>Dentro de la gama industrial, en la cual Daikin ha lanzado una gran variedad de gamas de enfriadoras durante el \u00faltimo a\u00f1o, como las enfriadoras polivalentes EWYD-4Z y enfriadoras con nuevos refrigerantes, se mostrar\u00e1n las enfriadoras aire-agua Monotornillo Inverter EWAH-TZB con refrigerante R-1234ze, las unidades multi-scroll EWAT-B con el nuevo refrigerante R-32, enfriadoras Inverter para residencial y la gama Small Inverter hasta 75 kW. Adem\u00e1s, se podr\u00e1n ver una variedad de fan coils y los nuevos climatizadores Modular P y Modular Light Smart con control incluido para sistemas de ventilaci\u00f3n centralizados o descentralizados. Desde sistemas dom\u00e9sticos para los que el caudal empieza en 150 m3\/h hasta los m\u00e1s completos climatizadores hechos a medida de hasta 140.000 m3\/h incorporando etapas de filtrado, recuperaci\u00f3n de calor, bater\u00edas de expansi\u00f3n directa o agua, humectaci\u00f3n, etc.<\/p>\n<p>En el entorno industrial tambi\u00e9n se presentar\u00e1n las unidades de refrigeraci\u00f3n Conveni Pack, Zeas y Mini Zeas en combinaciones m\u00faltiples para dar servicio a c\u00e1maras de congelaci\u00f3n y conservaci\u00f3n de alimentos, as\u00ed como los nuevos equipos con refrigerante natural de CO2.<\/p>\n<p>Finalmente, en lo referente a sistemas de control, la compa\u00f1\u00eda mostrar\u00e1 sus \u00faltimas innovaciones en supervisi\u00f3n y control. Destacan, entre otros, el Intelligent Tablet Controller que permite controlar hasta 32 unidades interiores mediante el Daikin Cloud Service. Por su parte, el control Madoka destaca por su intuitiva interfaz mediante s\u00edmbolos para un control a trav\u00e9s de botones t\u00e1ctiles. Sin olvidar el nuevo control v\u00eda App para Android e iOS para los sistemas Daikin dom\u00e9stico, Sky Air y VRV. Un peque\u00f1o adaptador conecta la unidad al wifi de cualquier hogar, lo que permitir\u00e1 controlar la temperatura de la vivienda, programarla o simplemente saber si ha habido un fallo o incidencia, todo ello desde un Smartphone o Tablet.<\/p>\n<p>Otros sistemas que tendr\u00e1n un espacio destacado en la Feria de Climatizaci\u00f3n ser\u00e1n los sistemas de monitorizaci\u00f3n Daikin Cloud Service y Daikin On site, que permiten gestionar diversos aspectos de los equipos de climatizaci\u00f3n de forma remota.<\/p>\n<\/div>\n<\/div>\n","protected":false},"excerpt":{"rendered":"<p>Madrid, 5 de febrero 2019<\/p>\n","protected":false},"author":1,"featured_media":6617,"comment_status":"closed","ping_status":"closed","sticky":false,"template":"","format":"standard","meta":{"footnotes":""},"categories":[25],"tags":[],"class_list":["post-6620","post","type-post","status-publish","format-standard","has-post-thumbnail","hentry","category-noticias"],"yoast_head":"<!-- This site is optimized with the Yoast SEO plugin v27.2 - https:\/\/yoast.com\/product\/yoast-seo-wordpress\/ -->\n<title>Daikin presenta sus novedades en la Feria de Climatizaci\u00f3n y Refrigeraci\u00f3n 2019 - Actecir<\/title>\n<meta name=\"robots\" content=\"index, follow, max-snippet:-1, max-image-preview:large, max-video-preview:-1\" \/>\n<link rel=\"canonical\" href=\"https:\/\/www.actecir.cat\/es\/daikin-presenta-sus-novedades-en-la-feria-de-climatizacion-y-refrigeracion-2019\/\" \/>\n<meta property=\"og:locale\" content=\"es_ES\" \/>\n<meta property=\"og:type\" content=\"article\" \/>\n<meta property=\"og:title\" content=\"Daikin presenta sus novedades en la Feria de Climatizaci\u00f3n y Refrigeraci\u00f3n 2019 - Actecir\" \/>\n<meta property=\"og:description\" content=\"Madrid, 5 de febrero 2019\" \/>\n<meta property=\"og:url\" content=\"https:\/\/www.actecir.cat\/es\/daikin-presenta-sus-novedades-en-la-feria-de-climatizacion-y-refrigeracion-2019\/\" \/>\n<meta property=\"og:site_name\" content=\"Actecir\" \/>\n<meta property=\"article:published_time\" content=\"2019-02-11T11:13:28+00:00\" \/>\n<meta property=\"article:modified_time\" content=\"2023-05-11T10:15:10+00:00\" \/>\n<meta property=\"og:image\" content=\"https:\/\/www.actecir.cat\/wp-content\/uploads\/2023\/05\/Daikin-Altherma-3_CR.jpg\" \/>\n\t<meta property=\"og:image:width\" content=\"600\" \/>\n\t<meta property=\"og:image:height\" content=\"400\" \/>\n\t<meta property=\"og:image:type\" content=\"image\/jpeg\" \/>\n<meta name=\"author\" content=\"Soporte web\" \/>\n<meta name=\"twitter:card\" content=\"summary_large_image\" \/>\n<meta name=\"twitter:creator\" content=\"@actecir\" \/>\n<meta name=\"twitter:site\" content=\"@actecir\" \/>\n<meta name=\"twitter:label1\" content=\"Escrito por\" \/>\n\t<meta name=\"twitter:data1\" content=\"Soporte web\" \/>\n\t<meta name=\"twitter:label2\" content=\"Tiempo de lectura\" \/>\n\t<meta name=\"twitter:data2\" content=\"4 minutos\" \/>\n<script type=\"application\/ld+json\" class=\"yoast-schema-graph\">{\"@context\":\"https:\/\/schema.org\",\"@graph\":[{\"@type\":\"Article\",\"@id\":\"https:\/\/www.actecir.cat\/es\/daikin-presenta-sus-novedades-en-la-feria-de-climatizacion-y-refrigeracion-2019\/#article\",\"isPartOf\":{\"@id\":\"https:\/\/www.actecir.cat\/es\/daikin-presenta-sus-novedades-en-la-feria-de-climatizacion-y-refrigeracion-2019\/\"},\"author\":{\"name\":\"Soporte web\",\"@id\":\"https:\/\/www.actecir.cat\/#\/schema\/person\/42edd02f0b1d55e19444428c5d321413\"},\"headline\":\"Daikin presenta sus novedades en la Feria de Climatizaci\u00f3n y Refrigeraci\u00f3n 2019\",\"datePublished\":\"2019-02-11T11:13:28+00:00\",\"dateModified\":\"2023-05-11T10:15:10+00:00\",\"mainEntityOfPage\":{\"@id\":\"https:\/\/www.actecir.cat\/es\/daikin-presenta-sus-novedades-en-la-feria-de-climatizacion-y-refrigeracion-2019\/\"},\"wordCount\":872,\"publisher\":{\"@id\":\"https:\/\/www.actecir.cat\/#organization\"},\"image\":{\"@id\":\"https:\/\/www.actecir.cat\/es\/daikin-presenta-sus-novedades-en-la-feria-de-climatizacion-y-refrigeracion-2019\/#primaryimage\"},\"thumbnailUrl\":\"https:\/\/www.actecir.cat\/wp-content\/uploads\/2023\/05\/Daikin-Altherma-3_CR.jpg\",\"articleSection\":[\"Noticias\"],\"inLanguage\":\"es\"},{\"@type\":\"WebPage\",\"@id\":\"https:\/\/www.actecir.cat\/es\/daikin-presenta-sus-novedades-en-la-feria-de-climatizacion-y-refrigeracion-2019\/\",\"url\":\"https:\/\/www.actecir.cat\/es\/daikin-presenta-sus-novedades-en-la-feria-de-climatizacion-y-refrigeracion-2019\/\",\"name\":\"Daikin presenta sus novedades en la Feria de Climatizaci\u00f3n y Refrigeraci\u00f3n 2019 - Actecir\",\"isPartOf\":{\"@id\":\"https:\/\/www.actecir.cat\/#website\"},\"primaryImageOfPage\":{\"@id\":\"https:\/\/www.actecir.cat\/es\/daikin-presenta-sus-novedades-en-la-feria-de-climatizacion-y-refrigeracion-2019\/#primaryimage\"},\"image\":{\"@id\":\"https:\/\/www.actecir.cat\/es\/daikin-presenta-sus-novedades-en-la-feria-de-climatizacion-y-refrigeracion-2019\/#primaryimage\"},\"thumbnailUrl\":\"https:\/\/www.actecir.cat\/wp-content\/uploads\/2023\/05\/Daikin-Altherma-3_CR.jpg\",\"datePublished\":\"2019-02-11T11:13:28+00:00\",\"dateModified\":\"2023-05-11T10:15:10+00:00\",\"breadcrumb\":{\"@id\":\"https:\/\/www.actecir.cat\/es\/daikin-presenta-sus-novedades-en-la-feria-de-climatizacion-y-refrigeracion-2019\/#breadcrumb\"},\"inLanguage\":\"es\",\"potentialAction\":[{\"@type\":\"ReadAction\",\"target\":[\"https:\/\/www.actecir.cat\/es\/daikin-presenta-sus-novedades-en-la-feria-de-climatizacion-y-refrigeracion-2019\/\"]}]},{\"@type\":\"ImageObject\",\"inLanguage\":\"es\",\"@id\":\"https:\/\/www.actecir.cat\/es\/daikin-presenta-sus-novedades-en-la-feria-de-climatizacion-y-refrigeracion-2019\/#primaryimage\",\"url\":\"https:\/\/www.actecir.cat\/wp-content\/uploads\/2023\/05\/Daikin-Altherma-3_CR.jpg\",\"contentUrl\":\"https:\/\/www.actecir.cat\/wp-content\/uploads\/2023\/05\/Daikin-Altherma-3_CR.jpg\",\"width\":600,\"height\":400},{\"@type\":\"BreadcrumbList\",\"@id\":\"https:\/\/www.actecir.cat\/es\/daikin-presenta-sus-novedades-en-la-feria-de-climatizacion-y-refrigeracion-2019\/#breadcrumb\",\"itemListElement\":[{\"@type\":\"ListItem\",\"position\":1,\"name\":\"Inici\",\"item\":\"https:\/\/www.actecir.cat\/es\/\"},{\"@type\":\"ListItem\",\"position\":2,\"name\":\"Daikin presenta sus novedades en la Feria de Climatizaci\u00f3n y Refrigeraci\u00f3n 2019\"}]},{\"@type\":\"WebSite\",\"@id\":\"https:\/\/www.actecir.cat\/#website\",\"url\":\"https:\/\/www.actecir.cat\/\",\"name\":\"Actecir\",\"description\":\"Associaci\u00f3 Catalana de T\u00e8cnics en Energia, Climatitzaci\u00f3 i Refrigeraci\u00f3\",\"publisher\":{\"@id\":\"https:\/\/www.actecir.cat\/#organization\"},\"potentialAction\":[{\"@type\":\"SearchAction\",\"target\":{\"@type\":\"EntryPoint\",\"urlTemplate\":\"https:\/\/www.actecir.cat\/?s={search_term_string}\"},\"query-input\":{\"@type\":\"PropertyValueSpecification\",\"valueRequired\":true,\"valueName\":\"search_term_string\"}}],\"inLanguage\":\"es\"},{\"@type\":\"Organization\",\"@id\":\"https:\/\/www.actecir.cat\/#organization\",\"name\":\"Actecir\",\"url\":\"https:\/\/www.actecir.cat\/\",\"logo\":{\"@type\":\"ImageObject\",\"inLanguage\":\"es\",\"@id\":\"https:\/\/www.actecir.cat\/#\/schema\/logo\/image\/\",\"url\":\"https:\/\/www.actecir.cat\/wp-content\/uploads\/2023\/04\/cropped-logo_actecir_60_alto.png\",\"contentUrl\":\"https:\/\/www.actecir.cat\/wp-content\/uploads\/2023\/04\/cropped-logo_actecir_60_alto.png\",\"width\":283,\"height\":80,\"caption\":\"Actecir\"},\"image\":{\"@id\":\"https:\/\/www.actecir.cat\/#\/schema\/logo\/image\/\"},\"sameAs\":[\"https:\/\/x.com\/actecir\",\"https:\/\/www.linkedin.com\/company\/actecir\"]},{\"@type\":\"Person\",\"@id\":\"https:\/\/www.actecir.cat\/#\/schema\/person\/42edd02f0b1d55e19444428c5d321413\",\"name\":\"Soporte web\",\"sameAs\":[\"https:\/\/www.actecir.cat\"],\"url\":\"https:\/\/www.actecir.cat\/es\/author\/maensystems\/\"}]}<\/script>\n<!-- \/ Yoast SEO plugin. -->","yoast_head_json":{"title":"Daikin presenta sus novedades en la Feria de Climatizaci\u00f3n y Refrigeraci\u00f3n 2019 - Actecir","robots":{"index":"index","follow":"follow","max-snippet":"max-snippet:-1","max-image-preview":"max-image-preview:large","max-video-preview":"max-video-preview:-1"},"canonical":"https:\/\/www.actecir.cat\/es\/daikin-presenta-sus-novedades-en-la-feria-de-climatizacion-y-refrigeracion-2019\/","og_locale":"es_ES","og_type":"article","og_title":"Daikin presenta sus novedades en la Feria de Climatizaci\u00f3n y Refrigeraci\u00f3n 2019 - Actecir","og_description":"Madrid, 5 de febrero 2019","og_url":"https:\/\/www.actecir.cat\/es\/daikin-presenta-sus-novedades-en-la-feria-de-climatizacion-y-refrigeracion-2019\/","og_site_name":"Actecir","article_published_time":"2019-02-11T11:13:28+00:00","article_modified_time":"2023-05-11T10:15:10+00:00","og_image":[{"width":600,"height":400,"url":"https:\/\/www.actecir.cat\/wp-content\/uploads\/2023\/05\/Daikin-Altherma-3_CR.jpg","type":"image\/jpeg"}],"author":"Soporte web","twitter_card":"summary_large_image","twitter_creator":"@actecir","twitter_site":"@actecir","twitter_misc":{"Escrito por":"Soporte web","Tiempo de lectura":"4 minutos"},"schema":{"@context":"https:\/\/schema.org","@graph":[{"@type":"Article","@id":"https:\/\/www.actecir.cat\/es\/daikin-presenta-sus-novedades-en-la-feria-de-climatizacion-y-refrigeracion-2019\/#article","isPartOf":{"@id":"https:\/\/www.actecir.cat\/es\/daikin-presenta-sus-novedades-en-la-feria-de-climatizacion-y-refrigeracion-2019\/"},"author":{"name":"Soporte web","@id":"https:\/\/www.actecir.cat\/#\/schema\/person\/42edd02f0b1d55e19444428c5d321413"},"headline":"Daikin presenta sus novedades en la Feria de Climatizaci\u00f3n y Refrigeraci\u00f3n 2019","datePublished":"2019-02-11T11:13:28+00:00","dateModified":"2023-05-11T10:15:10+00:00","mainEntityOfPage":{"@id":"https:\/\/www.actecir.cat\/es\/daikin-presenta-sus-novedades-en-la-feria-de-climatizacion-y-refrigeracion-2019\/"},"wordCount":872,"publisher":{"@id":"https:\/\/www.actecir.cat\/#organization"},"image":{"@id":"https:\/\/www.actecir.cat\/es\/daikin-presenta-sus-novedades-en-la-feria-de-climatizacion-y-refrigeracion-2019\/#primaryimage"},"thumbnailUrl":"https:\/\/www.actecir.cat\/wp-content\/uploads\/2023\/05\/Daikin-Altherma-3_CR.jpg","articleSection":["Noticias"],"inLanguage":"es"},{"@type":"WebPage","@id":"https:\/\/www.actecir.cat\/es\/daikin-presenta-sus-novedades-en-la-feria-de-climatizacion-y-refrigeracion-2019\/","url":"https:\/\/www.actecir.cat\/es\/daikin-presenta-sus-novedades-en-la-feria-de-climatizacion-y-refrigeracion-2019\/","name":"Daikin presenta sus novedades en la Feria de Climatizaci\u00f3n y Refrigeraci\u00f3n 2019 - Actecir","isPartOf":{"@id":"https:\/\/www.actecir.cat\/#website"},"primaryImageOfPage":{"@id":"https:\/\/www.actecir.cat\/es\/daikin-presenta-sus-novedades-en-la-feria-de-climatizacion-y-refrigeracion-2019\/#primaryimage"},"image":{"@id":"https:\/\/www.actecir.cat\/es\/daikin-presenta-sus-novedades-en-la-feria-de-climatizacion-y-refrigeracion-2019\/#primaryimage"},"thumbnailUrl":"https:\/\/www.actecir.cat\/wp-content\/uploads\/2023\/05\/Daikin-Altherma-3_CR.jpg","datePublished":"2019-02-11T11:13:28+00:00","dateModified":"2023-05-11T10:15:10+00:00","breadcrumb":{"@id":"https:\/\/www.actecir.cat\/es\/daikin-presenta-sus-novedades-en-la-feria-de-climatizacion-y-refrigeracion-2019\/#breadcrumb"},"inLanguage":"es","potentialAction":[{"@type":"ReadAction","target":["https:\/\/www.actecir.cat\/es\/daikin-presenta-sus-novedades-en-la-feria-de-climatizacion-y-refrigeracion-2019\/"]}]},{"@type":"ImageObject","inLanguage":"es","@id":"https:\/\/www.actecir.cat\/es\/daikin-presenta-sus-novedades-en-la-feria-de-climatizacion-y-refrigeracion-2019\/#primaryimage","url":"https:\/\/www.actecir.cat\/wp-content\/uploads\/2023\/05\/Daikin-Altherma-3_CR.jpg","contentUrl":"https:\/\/www.actecir.cat\/wp-content\/uploads\/2023\/05\/Daikin-Altherma-3_CR.jpg","width":600,"height":400},{"@type":"BreadcrumbList","@id":"https:\/\/www.actecir.cat\/es\/daikin-presenta-sus-novedades-en-la-feria-de-climatizacion-y-refrigeracion-2019\/#breadcrumb","itemListElement":[{"@type":"ListItem","position":1,"name":"Inici","item":"https:\/\/www.actecir.cat\/es\/"},{"@type":"ListItem","position":2,"name":"Daikin presenta sus novedades en la Feria de Climatizaci\u00f3n y Refrigeraci\u00f3n 2019"}]},{"@type":"WebSite","@id":"https:\/\/www.actecir.cat\/#website","url":"https:\/\/www.actecir.cat\/","name":"Actecir","description":"Associaci\u00f3 Catalana de T\u00e8cnics en Energia, Climatitzaci\u00f3 i Refrigeraci\u00f3","publisher":{"@id":"https:\/\/www.actecir.cat\/#organization"},"potentialAction":[{"@type":"SearchAction","target":{"@type":"EntryPoint","urlTemplate":"https:\/\/www.actecir.cat\/?s={search_term_string}"},"query-input":{"@type":"PropertyValueSpecification","valueRequired":true,"valueName":"search_term_string"}}],"inLanguage":"es"},{"@type":"Organization","@id":"https:\/\/www.actecir.cat\/#organization","name":"Actecir","url":"https:\/\/www.actecir.cat\/","logo":{"@type":"ImageObject","inLanguage":"es","@id":"https:\/\/www.actecir.cat\/#\/schema\/logo\/image\/","url":"https:\/\/www.actecir.cat\/wp-content\/uploads\/2023\/04\/cropped-logo_actecir_60_alto.png","contentUrl":"https:\/\/www.actecir.cat\/wp-content\/uploads\/2023\/04\/cropped-logo_actecir_60_alto.png","width":283,"height":80,"caption":"Actecir"},"image":{"@id":"https:\/\/www.actecir.cat\/#\/schema\/logo\/image\/"},"sameAs":["https:\/\/x.com\/actecir","https:\/\/www.linkedin.com\/company\/actecir"]},{"@type":"Person","@id":"https:\/\/www.actecir.cat\/#\/schema\/person\/42edd02f0b1d55e19444428c5d321413","name":"Soporte web","sameAs":["https:\/\/www.actecir.cat"],"url":"https:\/\/www.actecir.cat\/es\/author\/maensystems\/"}]}},"_links":{"self":[{"href":"https:\/\/www.actecir.cat\/es\/wp-json\/wp\/v2\/posts\/6620","targetHints":{"allow":["GET"]}}],"collection":[{"href":"https:\/\/www.actecir.cat\/es\/wp-json\/wp\/v2\/posts"}],"about":[{"href":"https:\/\/www.actecir.cat\/es\/wp-json\/wp\/v2\/types\/post"}],"author":[{"embeddable":true,"href":"https:\/\/www.actecir.cat\/es\/wp-json\/wp\/v2\/users\/1"}],"replies":[{"embeddable":true,"href":"https:\/\/www.actecir.cat\/es\/wp-json\/wp\/v2\/comments?post=6620"}],"version-history":[{"count":1,"href":"https:\/\/www.actecir.cat\/es\/wp-json\/wp\/v2\/posts\/6620\/revisions"}],"predecessor-version":[{"id":6621,"href":"https:\/\/www.actecir.cat\/es\/wp-json\/wp\/v2\/posts\/6620\/revisions\/6621"}],"wp:featuredmedia":[{"embeddable":true,"href":"https:\/\/www.actecir.cat\/es\/wp-json\/wp\/v2\/media\/6617"}],"wp:attachment":[{"href":"https:\/\/www.actecir.cat\/es\/wp-json\/wp\/v2\/media?parent=6620"}],"wp:term":[{"taxonomy":"category","embeddable":true,"href":"https:\/\/www.actecir.cat\/es\/wp-json\/wp\/v2\/categories?post=6620"},{"taxonomy":"post_tag","embeddable":true,"href":"https:\/\/www.actecir.cat\/es\/wp-json\/wp\/v2\/tags?post=6620"}],"curies":[{"name":"wp","href":"https:\/\/api.w.org\/{rel}","templated":true}]}}