{"id":6626,"date":"2019-02-05T12:15:33","date_gmt":"2019-02-05T11:15:33","guid":{"rendered":"https:\/\/www.actecir.cat\/?p=6626"},"modified":"2023-05-11T12:16:53","modified_gmt":"2023-05-11T10:16:53","slug":"baxi-presenta-en-la-feria-cr-la-casa-de-consumo-casi-nulo-con-un-sistema-integral-de-climatizacion","status":"publish","type":"post","link":"https:\/\/www.actecir.cat\/es\/baxi-presenta-en-la-feria-cr-la-casa-de-consumo-casi-nulo-con-un-sistema-integral-de-climatizacion\/","title":{"rendered":"BAXI presenta en la feria C&#038;R la Casa de Consumo Casi Nulo con un sistema integral de climatizaci\u00f3n"},"content":{"rendered":"<p>BAXI volver\u00e1 a participar como expositor en la edici\u00f3n de este a\u00f1o de la feria de Climatizaci\u00f3n y Refrigeraci\u00f3n que se celebrar\u00e1 en Madrid<\/p>\n<div>\n<div><strong>Madrid,\u00a04 de febrero\u00a0de 2019<\/strong><\/div>\n<\/div>\n<div>\n<p>BAXI,\u00a0especialista en la fabricaci\u00f3n de equipos de climatizaci\u00f3n para el hogar,\u00a0estar\u00e1 presente una vez m\u00e1s como expositor en Climatizaci\u00f3n y Refrigeraci\u00f3n -C&amp;R- 2019, la feria de referencia internacional de los sectores de aire acondicionado, calefacci\u00f3n, ventilaci\u00f3n, fr\u00edo industrial y comercial en nuestro pa\u00eds que se llevar\u00e1 a cabo en Madrid entre los d\u00edas 26 de febrero\u00a0y 1 de marzo con un stand de 750m<sup>2<\/sup>\u00a0en el Pabell\u00f3n 6 (stands 6A02 y 6C01).<\/p>\n<p>Durante estos d\u00edas se mostrar\u00e1 la amplia oferta de la marca en sistemas integrales de climatizaci\u00f3n de \u00faltima generaci\u00f3n altamente eficientes y conectados, destacando la\u00a0<em>Casa de Consumo Casi Nulo<\/em>.<\/p>\n<p>Este proyecto presenta un sistema integral de climatizaci\u00f3n del que pueden disponer las viviendas para generar el m\u00ednimo impacto medioambiental y que est\u00e1 basado en aerotermia, suelo radiante, fancoils, solar t\u00e9rmica y fotovoltaica y regulaci\u00f3n. Adem\u00e1s, otra ventaja de este sistema es que puede estar conectado v\u00eda wifi para mayor confort y comodidad del usuario.<\/p>\n<p>Adem\u00e1s, BAXI aprovechar\u00e1 su presencia en C&amp;R para dar a conocer al mercado los principales lanzamientos de producto para este a\u00f1o, entre los que se encuentran la nueva gama de bombas de calor de gran potencia o sus sistemas integrales con energ\u00eda solar fotovoltaica. Tambi\u00e9n se mostrar\u00e1n los diferentes servicios y avanzadas herramientas que la marca pone a disposici\u00f3n de los profesionales para ayudarles en la planificaci\u00f3n de sus proyectos m\u00e1s sostenibles y eficientes.<\/p>\n<p>Seg\u00fan Jordi Mestres, CEO de BAXI, \u201cel futuro de la nueva construcci\u00f3n y rehabilitaci\u00f3n pasa por los Edificios de Consumo Casi Nulo para cumplir con los objetivos que marca la Directiva europea de eficiencia energ\u00e9tica en edificios (EPBD) para 2020. Desde BAXI llevamos mucho tiempo trabajando para crear sistemas punteros que se adecuen a la nueva normativa y este sistema integral de climatizaci\u00f3n cuenta con todas las novedades disponibles en el sector\u201d.<\/p>\n<p><strong>Apostamos por la innovaci\u00f3n<\/strong><\/p>\n<p>El futuro de la climatizaci\u00f3n tambi\u00e9n est\u00e1 marcado por la eficiencia y el uso de las energ\u00edas renovables. Por ello, en BAXI existe un fuerte compromiso con la innovaci\u00f3n, la b\u00fasqueda de la m\u00e1xima eficiencia y el desarrollo de tecnolog\u00edas basadas en energ\u00edas \u201climpias\u201d.<\/p>\n<\/div>\n","protected":false},"excerpt":{"rendered":"<p>Madrid,\u00a04 de febrero\u00a0de 2019\u00a0<\/p>\n","protected":false},"author":1,"featured_media":6624,"comment_status":"closed","ping_status":"closed","sticky":false,"template":"","format":"standard","meta":{"footnotes":""},"categories":[25],"tags":[],"class_list":["post-6626","post","type-post","status-publish","format-standard","has-post-thumbnail","hentry","category-noticias"],"yoast_head":"<!-- This site is optimized with the Yoast SEO plugin v27.2 - https:\/\/yoast.com\/product\/yoast-seo-wordpress\/ -->\n<title>BAXI presenta en la feria C&amp;R la Casa de Consumo Casi Nulo con un sistema integral de climatizaci\u00f3n - Actecir<\/title>\n<meta name=\"robots\" content=\"index, follow, max-snippet:-1, max-image-preview:large, max-video-preview:-1\" \/>\n<link rel=\"canonical\" href=\"https:\/\/www.actecir.cat\/es\/baxi-presenta-en-la-feria-cr-la-casa-de-consumo-casi-nulo-con-un-sistema-integral-de-climatizacion\/\" \/>\n<meta property=\"og:locale\" content=\"es_ES\" \/>\n<meta property=\"og:type\" content=\"article\" \/>\n<meta property=\"og:title\" content=\"BAXI presenta en la feria C&amp;R la Casa de Consumo Casi Nulo con un sistema integral de climatizaci\u00f3n - Actecir\" \/>\n<meta property=\"og:description\" content=\"Madrid,\u00a04 de febrero\u00a0de 2019\u00a0\" \/>\n<meta property=\"og:url\" content=\"https:\/\/www.actecir.cat\/es\/baxi-presenta-en-la-feria-cr-la-casa-de-consumo-casi-nulo-con-un-sistema-integral-de-climatizacion\/\" \/>\n<meta property=\"og:site_name\" content=\"Actecir\" \/>\n<meta property=\"article:published_time\" content=\"2019-02-05T11:15:33+00:00\" \/>\n<meta property=\"article:modified_time\" content=\"2023-05-11T10:16:53+00:00\" \/>\n<meta property=\"og:image\" content=\"https:\/\/www.actecir.cat\/wp-content\/uploads\/2023\/05\/BAXI_Consumo_energia_casi_nulo_600X400.jpg\" \/>\n\t<meta property=\"og:image:width\" content=\"600\" \/>\n\t<meta property=\"og:image:height\" content=\"400\" \/>\n\t<meta property=\"og:image:type\" content=\"image\/jpeg\" \/>\n<meta name=\"author\" content=\"Soporte web\" \/>\n<meta name=\"twitter:card\" content=\"summary_large_image\" \/>\n<meta name=\"twitter:creator\" content=\"@actecir\" \/>\n<meta name=\"twitter:site\" content=\"@actecir\" \/>\n<meta name=\"twitter:label1\" content=\"Escrito por\" \/>\n\t<meta name=\"twitter:data1\" content=\"Soporte web\" \/>\n\t<meta name=\"twitter:label2\" content=\"Tiempo de lectura\" \/>\n\t<meta name=\"twitter:data2\" content=\"2 minutos\" \/>\n<script type=\"application\/ld+json\" class=\"yoast-schema-graph\">{\"@context\":\"https:\/\/schema.org\",\"@graph\":[{\"@type\":\"Article\",\"@id\":\"https:\/\/www.actecir.cat\/es\/baxi-presenta-en-la-feria-cr-la-casa-de-consumo-casi-nulo-con-un-sistema-integral-de-climatizacion\/#article\",\"isPartOf\":{\"@id\":\"https:\/\/www.actecir.cat\/es\/baxi-presenta-en-la-feria-cr-la-casa-de-consumo-casi-nulo-con-un-sistema-integral-de-climatizacion\/\"},\"author\":{\"name\":\"Soporte web\",\"@id\":\"https:\/\/www.actecir.cat\/#\/schema\/person\/42edd02f0b1d55e19444428c5d321413\"},\"headline\":\"BAXI presenta en la feria C&#038;R la Casa de Consumo Casi Nulo con un sistema integral de climatizaci\u00f3n\",\"datePublished\":\"2019-02-05T11:15:33+00:00\",\"dateModified\":\"2023-05-11T10:16:53+00:00\",\"mainEntityOfPage\":{\"@id\":\"https:\/\/www.actecir.cat\/es\/baxi-presenta-en-la-feria-cr-la-casa-de-consumo-casi-nulo-con-un-sistema-integral-de-climatizacion\/\"},\"wordCount\":447,\"publisher\":{\"@id\":\"https:\/\/www.actecir.cat\/#organization\"},\"image\":{\"@id\":\"https:\/\/www.actecir.cat\/es\/baxi-presenta-en-la-feria-cr-la-casa-de-consumo-casi-nulo-con-un-sistema-integral-de-climatizacion\/#primaryimage\"},\"thumbnailUrl\":\"https:\/\/www.actecir.cat\/wp-content\/uploads\/2023\/05\/BAXI_Consumo_energia_casi_nulo_600X400.jpg\",\"articleSection\":[\"Noticias\"],\"inLanguage\":\"es\"},{\"@type\":\"WebPage\",\"@id\":\"https:\/\/www.actecir.cat\/es\/baxi-presenta-en-la-feria-cr-la-casa-de-consumo-casi-nulo-con-un-sistema-integral-de-climatizacion\/\",\"url\":\"https:\/\/www.actecir.cat\/es\/baxi-presenta-en-la-feria-cr-la-casa-de-consumo-casi-nulo-con-un-sistema-integral-de-climatizacion\/\",\"name\":\"BAXI presenta en la feria C&R la Casa de Consumo Casi Nulo con un sistema integral de climatizaci\u00f3n - Actecir\",\"isPartOf\":{\"@id\":\"https:\/\/www.actecir.cat\/#website\"},\"primaryImageOfPage\":{\"@id\":\"https:\/\/www.actecir.cat\/es\/baxi-presenta-en-la-feria-cr-la-casa-de-consumo-casi-nulo-con-un-sistema-integral-de-climatizacion\/#primaryimage\"},\"image\":{\"@id\":\"https:\/\/www.actecir.cat\/es\/baxi-presenta-en-la-feria-cr-la-casa-de-consumo-casi-nulo-con-un-sistema-integral-de-climatizacion\/#primaryimage\"},\"thumbnailUrl\":\"https:\/\/www.actecir.cat\/wp-content\/uploads\/2023\/05\/BAXI_Consumo_energia_casi_nulo_600X400.jpg\",\"datePublished\":\"2019-02-05T11:15:33+00:00\",\"dateModified\":\"2023-05-11T10:16:53+00:00\",\"breadcrumb\":{\"@id\":\"https:\/\/www.actecir.cat\/es\/baxi-presenta-en-la-feria-cr-la-casa-de-consumo-casi-nulo-con-un-sistema-integral-de-climatizacion\/#breadcrumb\"},\"inLanguage\":\"es\",\"potentialAction\":[{\"@type\":\"ReadAction\",\"target\":[\"https:\/\/www.actecir.cat\/es\/baxi-presenta-en-la-feria-cr-la-casa-de-consumo-casi-nulo-con-un-sistema-integral-de-climatizacion\/\"]}]},{\"@type\":\"ImageObject\",\"inLanguage\":\"es\",\"@id\":\"https:\/\/www.actecir.cat\/es\/baxi-presenta-en-la-feria-cr-la-casa-de-consumo-casi-nulo-con-un-sistema-integral-de-climatizacion\/#primaryimage\",\"url\":\"https:\/\/www.actecir.cat\/wp-content\/uploads\/2023\/05\/BAXI_Consumo_energia_casi_nulo_600X400.jpg\",\"contentUrl\":\"https:\/\/www.actecir.cat\/wp-content\/uploads\/2023\/05\/BAXI_Consumo_energia_casi_nulo_600X400.jpg\",\"width\":600,\"height\":400},{\"@type\":\"BreadcrumbList\",\"@id\":\"https:\/\/www.actecir.cat\/es\/baxi-presenta-en-la-feria-cr-la-casa-de-consumo-casi-nulo-con-un-sistema-integral-de-climatizacion\/#breadcrumb\",\"itemListElement\":[{\"@type\":\"ListItem\",\"position\":1,\"name\":\"Inici\",\"item\":\"https:\/\/www.actecir.cat\/es\/\"},{\"@type\":\"ListItem\",\"position\":2,\"name\":\"BAXI presenta en la feria C&#038;R la Casa de Consumo Casi Nulo con un sistema integral de climatizaci\u00f3n\"}]},{\"@type\":\"WebSite\",\"@id\":\"https:\/\/www.actecir.cat\/#website\",\"url\":\"https:\/\/www.actecir.cat\/\",\"name\":\"Actecir\",\"description\":\"Associaci\u00f3 Catalana de T\u00e8cnics en Energia, Climatitzaci\u00f3 i Refrigeraci\u00f3\",\"publisher\":{\"@id\":\"https:\/\/www.actecir.cat\/#organization\"},\"potentialAction\":[{\"@type\":\"SearchAction\",\"target\":{\"@type\":\"EntryPoint\",\"urlTemplate\":\"https:\/\/www.actecir.cat\/?s={search_term_string}\"},\"query-input\":{\"@type\":\"PropertyValueSpecification\",\"valueRequired\":true,\"valueName\":\"search_term_string\"}}],\"inLanguage\":\"es\"},{\"@type\":\"Organization\",\"@id\":\"https:\/\/www.actecir.cat\/#organization\",\"name\":\"Actecir\",\"url\":\"https:\/\/www.actecir.cat\/\",\"logo\":{\"@type\":\"ImageObject\",\"inLanguage\":\"es\",\"@id\":\"https:\/\/www.actecir.cat\/#\/schema\/logo\/image\/\",\"url\":\"https:\/\/www.actecir.cat\/wp-content\/uploads\/2023\/04\/cropped-logo_actecir_60_alto.png\",\"contentUrl\":\"https:\/\/www.actecir.cat\/wp-content\/uploads\/2023\/04\/cropped-logo_actecir_60_alto.png\",\"width\":283,\"height\":80,\"caption\":\"Actecir\"},\"image\":{\"@id\":\"https:\/\/www.actecir.cat\/#\/schema\/logo\/image\/\"},\"sameAs\":[\"https:\/\/x.com\/actecir\",\"https:\/\/www.linkedin.com\/company\/actecir\"]},{\"@type\":\"Person\",\"@id\":\"https:\/\/www.actecir.cat\/#\/schema\/person\/42edd02f0b1d55e19444428c5d321413\",\"name\":\"Soporte web\",\"sameAs\":[\"https:\/\/www.actecir.cat\"],\"url\":\"https:\/\/www.actecir.cat\/es\/author\/maensystems\/\"}]}<\/script>\n<!-- \/ Yoast SEO plugin. -->","yoast_head_json":{"title":"BAXI presenta en la feria C&R la Casa de Consumo Casi Nulo con un sistema integral de climatizaci\u00f3n - Actecir","robots":{"index":"index","follow":"follow","max-snippet":"max-snippet:-1","max-image-preview":"max-image-preview:large","max-video-preview":"max-video-preview:-1"},"canonical":"https:\/\/www.actecir.cat\/es\/baxi-presenta-en-la-feria-cr-la-casa-de-consumo-casi-nulo-con-un-sistema-integral-de-climatizacion\/","og_locale":"es_ES","og_type":"article","og_title":"BAXI presenta en la feria C&R la Casa de Consumo Casi Nulo con un sistema integral de climatizaci\u00f3n - Actecir","og_description":"Madrid,\u00a04 de febrero\u00a0de 2019\u00a0","og_url":"https:\/\/www.actecir.cat\/es\/baxi-presenta-en-la-feria-cr-la-casa-de-consumo-casi-nulo-con-un-sistema-integral-de-climatizacion\/","og_site_name":"Actecir","article_published_time":"2019-02-05T11:15:33+00:00","article_modified_time":"2023-05-11T10:16:53+00:00","og_image":[{"width":600,"height":400,"url":"https:\/\/www.actecir.cat\/wp-content\/uploads\/2023\/05\/BAXI_Consumo_energia_casi_nulo_600X400.jpg","type":"image\/jpeg"}],"author":"Soporte web","twitter_card":"summary_large_image","twitter_creator":"@actecir","twitter_site":"@actecir","twitter_misc":{"Escrito por":"Soporte web","Tiempo de lectura":"2 minutos"},"schema":{"@context":"https:\/\/schema.org","@graph":[{"@type":"Article","@id":"https:\/\/www.actecir.cat\/es\/baxi-presenta-en-la-feria-cr-la-casa-de-consumo-casi-nulo-con-un-sistema-integral-de-climatizacion\/#article","isPartOf":{"@id":"https:\/\/www.actecir.cat\/es\/baxi-presenta-en-la-feria-cr-la-casa-de-consumo-casi-nulo-con-un-sistema-integral-de-climatizacion\/"},"author":{"name":"Soporte web","@id":"https:\/\/www.actecir.cat\/#\/schema\/person\/42edd02f0b1d55e19444428c5d321413"},"headline":"BAXI presenta en la feria C&#038;R la Casa de Consumo Casi Nulo con un sistema integral de climatizaci\u00f3n","datePublished":"2019-02-05T11:15:33+00:00","dateModified":"2023-05-11T10:16:53+00:00","mainEntityOfPage":{"@id":"https:\/\/www.actecir.cat\/es\/baxi-presenta-en-la-feria-cr-la-casa-de-consumo-casi-nulo-con-un-sistema-integral-de-climatizacion\/"},"wordCount":447,"publisher":{"@id":"https:\/\/www.actecir.cat\/#organization"},"image":{"@id":"https:\/\/www.actecir.cat\/es\/baxi-presenta-en-la-feria-cr-la-casa-de-consumo-casi-nulo-con-un-sistema-integral-de-climatizacion\/#primaryimage"},"thumbnailUrl":"https:\/\/www.actecir.cat\/wp-content\/uploads\/2023\/05\/BAXI_Consumo_energia_casi_nulo_600X400.jpg","articleSection":["Noticias"],"inLanguage":"es"},{"@type":"WebPage","@id":"https:\/\/www.actecir.cat\/es\/baxi-presenta-en-la-feria-cr-la-casa-de-consumo-casi-nulo-con-un-sistema-integral-de-climatizacion\/","url":"https:\/\/www.actecir.cat\/es\/baxi-presenta-en-la-feria-cr-la-casa-de-consumo-casi-nulo-con-un-sistema-integral-de-climatizacion\/","name":"BAXI presenta en la feria C&R la Casa de Consumo Casi Nulo con un sistema integral de climatizaci\u00f3n - Actecir","isPartOf":{"@id":"https:\/\/www.actecir.cat\/#website"},"primaryImageOfPage":{"@id":"https:\/\/www.actecir.cat\/es\/baxi-presenta-en-la-feria-cr-la-casa-de-consumo-casi-nulo-con-un-sistema-integral-de-climatizacion\/#primaryimage"},"image":{"@id":"https:\/\/www.actecir.cat\/es\/baxi-presenta-en-la-feria-cr-la-casa-de-consumo-casi-nulo-con-un-sistema-integral-de-climatizacion\/#primaryimage"},"thumbnailUrl":"https:\/\/www.actecir.cat\/wp-content\/uploads\/2023\/05\/BAXI_Consumo_energia_casi_nulo_600X400.jpg","datePublished":"2019-02-05T11:15:33+00:00","dateModified":"2023-05-11T10:16:53+00:00","breadcrumb":{"@id":"https:\/\/www.actecir.cat\/es\/baxi-presenta-en-la-feria-cr-la-casa-de-consumo-casi-nulo-con-un-sistema-integral-de-climatizacion\/#breadcrumb"},"inLanguage":"es","potentialAction":[{"@type":"ReadAction","target":["https:\/\/www.actecir.cat\/es\/baxi-presenta-en-la-feria-cr-la-casa-de-consumo-casi-nulo-con-un-sistema-integral-de-climatizacion\/"]}]},{"@type":"ImageObject","inLanguage":"es","@id":"https:\/\/www.actecir.cat\/es\/baxi-presenta-en-la-feria-cr-la-casa-de-consumo-casi-nulo-con-un-sistema-integral-de-climatizacion\/#primaryimage","url":"https:\/\/www.actecir.cat\/wp-content\/uploads\/2023\/05\/BAXI_Consumo_energia_casi_nulo_600X400.jpg","contentUrl":"https:\/\/www.actecir.cat\/wp-content\/uploads\/2023\/05\/BAXI_Consumo_energia_casi_nulo_600X400.jpg","width":600,"height":400},{"@type":"BreadcrumbList","@id":"https:\/\/www.actecir.cat\/es\/baxi-presenta-en-la-feria-cr-la-casa-de-consumo-casi-nulo-con-un-sistema-integral-de-climatizacion\/#breadcrumb","itemListElement":[{"@type":"ListItem","position":1,"name":"Inici","item":"https:\/\/www.actecir.cat\/es\/"},{"@type":"ListItem","position":2,"name":"BAXI presenta en la feria C&#038;R la Casa de Consumo Casi Nulo con un sistema integral de climatizaci\u00f3n"}]},{"@type":"WebSite","@id":"https:\/\/www.actecir.cat\/#website","url":"https:\/\/www.actecir.cat\/","name":"Actecir","description":"Associaci\u00f3 Catalana de T\u00e8cnics en Energia, Climatitzaci\u00f3 i Refrigeraci\u00f3","publisher":{"@id":"https:\/\/www.actecir.cat\/#organization"},"potentialAction":[{"@type":"SearchAction","target":{"@type":"EntryPoint","urlTemplate":"https:\/\/www.actecir.cat\/?s={search_term_string}"},"query-input":{"@type":"PropertyValueSpecification","valueRequired":true,"valueName":"search_term_string"}}],"inLanguage":"es"},{"@type":"Organization","@id":"https:\/\/www.actecir.cat\/#organization","name":"Actecir","url":"https:\/\/www.actecir.cat\/","logo":{"@type":"ImageObject","inLanguage":"es","@id":"https:\/\/www.actecir.cat\/#\/schema\/logo\/image\/","url":"https:\/\/www.actecir.cat\/wp-content\/uploads\/2023\/04\/cropped-logo_actecir_60_alto.png","contentUrl":"https:\/\/www.actecir.cat\/wp-content\/uploads\/2023\/04\/cropped-logo_actecir_60_alto.png","width":283,"height":80,"caption":"Actecir"},"image":{"@id":"https:\/\/www.actecir.cat\/#\/schema\/logo\/image\/"},"sameAs":["https:\/\/x.com\/actecir","https:\/\/www.linkedin.com\/company\/actecir"]},{"@type":"Person","@id":"https:\/\/www.actecir.cat\/#\/schema\/person\/42edd02f0b1d55e19444428c5d321413","name":"Soporte web","sameAs":["https:\/\/www.actecir.cat"],"url":"https:\/\/www.actecir.cat\/es\/author\/maensystems\/"}]}},"_links":{"self":[{"href":"https:\/\/www.actecir.cat\/es\/wp-json\/wp\/v2\/posts\/6626","targetHints":{"allow":["GET"]}}],"collection":[{"href":"https:\/\/www.actecir.cat\/es\/wp-json\/wp\/v2\/posts"}],"about":[{"href":"https:\/\/www.actecir.cat\/es\/wp-json\/wp\/v2\/types\/post"}],"author":[{"embeddable":true,"href":"https:\/\/www.actecir.cat\/es\/wp-json\/wp\/v2\/users\/1"}],"replies":[{"embeddable":true,"href":"https:\/\/www.actecir.cat\/es\/wp-json\/wp\/v2\/comments?post=6626"}],"version-history":[{"count":1,"href":"https:\/\/www.actecir.cat\/es\/wp-json\/wp\/v2\/posts\/6626\/revisions"}],"predecessor-version":[{"id":6627,"href":"https:\/\/www.actecir.cat\/es\/wp-json\/wp\/v2\/posts\/6626\/revisions\/6627"}],"wp:featuredmedia":[{"embeddable":true,"href":"https:\/\/www.actecir.cat\/es\/wp-json\/wp\/v2\/media\/6624"}],"wp:attachment":[{"href":"https:\/\/www.actecir.cat\/es\/wp-json\/wp\/v2\/media?parent=6626"}],"wp:term":[{"taxonomy":"category","embeddable":true,"href":"https:\/\/www.actecir.cat\/es\/wp-json\/wp\/v2\/categories?post=6626"},{"taxonomy":"post_tag","embeddable":true,"href":"https:\/\/www.actecir.cat\/es\/wp-json\/wp\/v2\/tags?post=6626"}],"curies":[{"name":"wp","href":"https:\/\/api.w.org\/{rel}","templated":true}]}}