{"id":6638,"date":"2019-01-31T12:23:06","date_gmt":"2019-01-31T11:23:06","guid":{"rendered":"https:\/\/www.actecir.cat\/?p=6638"},"modified":"2023-05-11T12:24:13","modified_gmt":"2023-05-11T10:24:13","slug":"keyter-intarcon-nota-de-prensa-cr-2019","status":"publish","type":"post","link":"https:\/\/www.actecir.cat\/es\/keyter-intarcon-nota-de-prensa-cr-2019\/","title":{"rendered":"KEYTER INTARCON: Nota de prensa C&#038;R 2019"},"content":{"rendered":"<p>Muestra sus \u00faltimas novedades de producto para 2019 en el Pabell\u00f3n 8, stand 8C01-8C03.<\/p>\n<div><\/div>\n<div>\n<div><strong>Lucena (C\u00f3rdoba),30 de Enero de 2019<\/strong><\/p>\n<div>\nEl grupo KEYTER INTARCON presenta durante los d\u00edas 26 de febrero a 1 de marzo Sal\u00f3n Internacional de la Climatizaci\u00f3n y la Refrigeraci\u00f3n en Madrid mostrando sus \u00faltimas novedades de producto para 2019 en el Pabell\u00f3n 8, stand 8C01-8C03.<\/p>\n<div>\nDesde KEYTER, especialistas en Climatizaci\u00f3n Industrial, se hace una apuesta cada vez m\u00e1s fuerte por la eficiencia energ\u00e9tica convirti\u00e9ndose en l\u00edder como proveedor de soluciones sostenibles adaptadas a los requerimientos y necesidades de cada instalaci\u00f3n.<\/p>\n<div>\nKEYTER presenta su gama de Rooftops PERSEA ECO con refrigerante R-513A HFO de bajo GWP=573. Se expone el modelo KCR3080 equipado con compresores scroll, ventiladores EC, recuperaci\u00f3n activa y un novedoso sistema de bater\u00eda de precalentamiento para aprovechar el calor residual de sistemas de refrigeraci\u00f3n. Destacar que el refrigerante R-513A es una alternativa muy adecuada para equipos aire-aire ya que es totalmente seguro de categor\u00eda A1 NO inflamable. Adicionalmente se presenta la gama de Rooftops VRF INVERTER equipados con compresores Inverter y ventiladores EC permitiendo conseguir el m\u00e1ximo ahorro energ\u00e9tico.<\/p>\n<div>\nEn la gama de Enfriadoras KEYTER presenta los equipos Modulares NEMESIS que permiten multiplicar la flexibilidad mediante la uni\u00f3n de diferentes m\u00f3dulos gestionados por el mismo control electr\u00f3nico permitiendo configurar una potencia frigor\u00edfica de hasta 1MW. En C&amp;R19 podr\u00e1n encontrar un m\u00f3dulo de enfriadora KWS1240 que proporciona 200kW e integra compresores scroll DSH permitiendo trabajar con diferentes refrigerantes como el R454B de bajo GWP=466, R452B de bajo GWP=676, o refrigerante R410A. Esta plataforma multi-refrigerante es una soluci\u00f3n ideal para el retrofit de equipos de R-410A ya que nuestros equipos pueden ir configurados con componentes v\u00e1lidos para ambos refrigerantes. Destaca la compacidad del equipo y la accesibilidad a trav\u00e9s de un novedoso cuadro el\u00e9ctrico abatible.<\/p>\n<div>\nPara entornos industriales o climatizaci\u00f3n con alta demanda frigor\u00edfica presentamos la gama de Enfriadoras PANGEA con compresor de tornillo con refrigerante R1234ze (GWP=1). Esta gama permite igualmente configuraciones multigas con R513A, R450A y R134a. El modelo a presentado es el KWT2075 de 300kW que integra evaporador multitubular de muy alta eficiencia, v\u00e1lvula de expansi\u00f3n electr\u00f3nica, ventiladores EC, Axitop y bater\u00edas de microcanal todo aluminio para minimizar la carga de gas. Integra control electr\u00f3nico programable AQUAMATIX (Climatix de Siemens) espec\u00edficamente desarrollado para la gesti\u00f3n de enfriadoras de tornillo hasta 3 circuitos. La gama PANGEA permite configurar cinco versiones de eficiencia e integra compresores de tornillo Inverter para conseguir la m\u00e1xima eficiencia.<br \/>\nKEYTER expone un equipo Compacto IT&amp;POWER KCV-C de 30kW para enfriamiento en aplicaciones de IT y electr\u00f3nica de potencia para instalaci\u00f3n mural en contenedores, salas t\u00e9cnicas, etc. Estos equipos est\u00e1n disponibles tanto en R410A como con refrigerante R513A\/R134a para altas temperaturas. Incorpora ventiladores EC, v\u00e1lvula de expansi\u00f3n electr\u00f3nica y la posibilidad de freecooling de aire de tres compuertas directo. Adem\u00e1s permiten deshumectaci\u00f3n del aire mediante resistencias el\u00e9ctricas para lograr controlar la humedad y optimizar el tratamiento del aire.<\/p>\n<div>\nIntarcon presenta en esta edici\u00f3n su cat\u00e1logo de enfriadoras de propano (R290) a caudal variable para refrigeraci\u00f3n comercial e industrial, disponibles en dos construcciones \u2013 intarCUBE e intarWatt \u2013 que proporcionan una potencia de entre 10 y 470 kW seg\u00fan modelo. Equipadas de serie con compresores scroll invertir o semiherm\u00e9ticosFrascold y grupo hidr\u00e1ulico incorporado. Dentro de las soluciones en propano, se encuentran tambi\u00e9n los equipos hidr\u00f3nicos, combinaci\u00f3n de enfriadora Sigilus y aeroenfriador con un rango de potencias entre 2 y 15 kW para peque\u00f1as y medianas c\u00e1maras frigor\u00edficas.<\/p>\n<div>\nDentro de las soluciones que se presentar\u00e1n en CO2, el p\u00fablico asistente a C&amp;R encontrar\u00e1 un rack de compresores de CO2 en r\u00e9gimen transcr\u00edtico en simple o doble aspiraci\u00f3n equipado con eyectores modulantes electr\u00f3nicos de Carel que proporcionan mayor eficiencia energ\u00e9tica al sistema, con un rango de potencia entre 20 y 300 kW, as\u00ed como los evaporadores para CO2 con una presi\u00f3n de dise\u00f1o de 30 bar.<\/p>\n<div>\nPara refrigeraci\u00f3n industrial Intarcon propone a su vez soluciones de bajo PCA, como son las enfriadoras intarWatt de condensaci\u00f3n en V de R152 con compresores semiherm\u00e9ticosFrascold para una producci\u00f3n frigor\u00edfica de hasta 350 kW, y los equipos compactos industriales Superblock para c\u00e1maras frigor\u00edficas de mediano y gran tama\u00f1o para rangos de trabajo en baja, media y alta temperatura.<\/p>\n<div>\nEl sistema intarloopde condensaci\u00f3n indirecta en bucle de agua,se presenta como la soluci\u00f3n integral para la refrigeraci\u00f3n comercial en supermercados, disponible en R134a y R449A para una potencia de entre 0,5 a 5,5 kW. Por \u00faltimo, para peque\u00f1as c\u00e1maras frigor\u00edficas, Intarcon propone por el monoblock R290, y el equipo de puerta que incluye de manera opcional, una cortina de aire integrada en el equipo que minimiza las p\u00e9rdidas t\u00e9rmicas.<br \/>\nEl grupo KEYTER INTARCON cuenta con tres productos entre los seleccionados para la Galer\u00eda de la Innovaci\u00f3n. Entre la amplia variedad de propuestas que re\u00fane la Galer\u00eda, se encuentran productos innovadores y tecnol\u00f3gicos como el equipo compacto de tratamiento de la humedad del aire mediante un proceso qu\u00edmico, GALISTEA,que elimina el proceso frigor\u00edfico as\u00ed como el uso de refrigerantes y disminuye cuantiosamente el consumo el\u00e9ctrico, el sistema de supervisi\u00f3n y control KICONEX y la enfriadora de R290 intarCUBE a caudal variable.<\/p>\n<div>\nAdem\u00e1s algunos de nuestros expertos participar\u00e1n en diferentes ponencias especializadas a lo largo de todos los d\u00edas de duraci\u00f3n del evento.<\/div>\n<div><\/div>\n<div>Productos y tecnolog\u00edas que permiten reducir el gasto energ\u00e9tico, mejorar la eficiencia y la optimizaci\u00f3n de las instalaciones de t\u00e9rmicas; el uso de nuevos refrigerantes, as\u00ed como herramientas de control que permiten un mejor funcionamiento y rendimiento de los equipos.<\/p>\n<div>\nEn definitiva, el sal\u00f3n de Climatizaci\u00f3n y Refrigeraci\u00f3n 2019 promete ser un magnifico escaparate de los \u00faltimos desarrollos y tecnolog\u00edas del sector, y ser\u00e1 una cita imprescindible para el profesional de refrigeraci\u00f3n y climatizaci\u00f3n.<\/div>\n<\/div>\n<\/div>\n<\/div>\n<\/div>\n<\/div>\n<\/div>\n<\/div>\n<\/div>\n<\/div>\n<\/div>\n<\/div>\n<\/div>\n","protected":false},"excerpt":{"rendered":"<p>Lucena (C\u00f3rdoba),30 de Enero de 2019<\/p>\n","protected":false},"author":1,"featured_media":6636,"comment_status":"closed","ping_status":"closed","sticky":false,"template":"","format":"standard","meta":{"footnotes":""},"categories":[25],"tags":[],"class_list":["post-6638","post","type-post","status-publish","format-standard","has-post-thumbnail","hentry","category-noticias"],"yoast_head":"<!-- This site is optimized with the Yoast SEO plugin v27.2 - https:\/\/yoast.com\/product\/yoast-seo-wordpress\/ -->\n<title>KEYTER INTARCON: Nota de prensa C&amp;R 2019 - Actecir<\/title>\n<meta name=\"robots\" content=\"index, follow, max-snippet:-1, max-image-preview:large, max-video-preview:-1\" \/>\n<link rel=\"canonical\" href=\"https:\/\/www.actecir.cat\/es\/keyter-intarcon-nota-de-prensa-cr-2019\/\" \/>\n<meta property=\"og:locale\" content=\"es_ES\" \/>\n<meta property=\"og:type\" content=\"article\" \/>\n<meta property=\"og:title\" content=\"KEYTER INTARCON: Nota de prensa C&amp;R 2019 - Actecir\" \/>\n<meta property=\"og:description\" content=\"Lucena (C\u00f3rdoba),30 de Enero de 2019\" \/>\n<meta property=\"og:url\" content=\"https:\/\/www.actecir.cat\/es\/keyter-intarcon-nota-de-prensa-cr-2019\/\" \/>\n<meta property=\"og:site_name\" content=\"Actecir\" \/>\n<meta property=\"article:published_time\" content=\"2019-01-31T11:23:06+00:00\" \/>\n<meta property=\"article:modified_time\" content=\"2023-05-11T10:24:13+00:00\" \/>\n<meta property=\"og:image\" content=\"https:\/\/www.actecir.cat\/wp-content\/uploads\/2023\/05\/Stand_CR17-2.jpg\" \/>\n\t<meta property=\"og:image:width\" content=\"600\" \/>\n\t<meta property=\"og:image:height\" content=\"400\" \/>\n\t<meta property=\"og:image:type\" content=\"image\/jpeg\" \/>\n<meta name=\"author\" content=\"Soporte web\" \/>\n<meta name=\"twitter:card\" content=\"summary_large_image\" \/>\n<meta name=\"twitter:creator\" content=\"@actecir\" \/>\n<meta name=\"twitter:site\" content=\"@actecir\" \/>\n<meta name=\"twitter:label1\" content=\"Escrito por\" \/>\n\t<meta name=\"twitter:data1\" content=\"Soporte web\" \/>\n\t<meta name=\"twitter:label2\" content=\"Tiempo de lectura\" \/>\n\t<meta name=\"twitter:data2\" content=\"5 minutos\" \/>\n<script type=\"application\/ld+json\" class=\"yoast-schema-graph\">{\"@context\":\"https:\/\/schema.org\",\"@graph\":[{\"@type\":\"Article\",\"@id\":\"https:\/\/www.actecir.cat\/es\/keyter-intarcon-nota-de-prensa-cr-2019\/#article\",\"isPartOf\":{\"@id\":\"https:\/\/www.actecir.cat\/es\/keyter-intarcon-nota-de-prensa-cr-2019\/\"},\"author\":{\"name\":\"Soporte web\",\"@id\":\"https:\/\/www.actecir.cat\/#\/schema\/person\/42edd02f0b1d55e19444428c5d321413\"},\"headline\":\"KEYTER INTARCON: Nota de prensa C&#038;R 2019\",\"datePublished\":\"2019-01-31T11:23:06+00:00\",\"dateModified\":\"2023-05-11T10:24:13+00:00\",\"mainEntityOfPage\":{\"@id\":\"https:\/\/www.actecir.cat\/es\/keyter-intarcon-nota-de-prensa-cr-2019\/\"},\"wordCount\":1067,\"publisher\":{\"@id\":\"https:\/\/www.actecir.cat\/#organization\"},\"image\":{\"@id\":\"https:\/\/www.actecir.cat\/es\/keyter-intarcon-nota-de-prensa-cr-2019\/#primaryimage\"},\"thumbnailUrl\":\"https:\/\/www.actecir.cat\/wp-content\/uploads\/2023\/05\/Stand_CR17-2.jpg\",\"articleSection\":[\"Noticias\"],\"inLanguage\":\"es\"},{\"@type\":\"WebPage\",\"@id\":\"https:\/\/www.actecir.cat\/es\/keyter-intarcon-nota-de-prensa-cr-2019\/\",\"url\":\"https:\/\/www.actecir.cat\/es\/keyter-intarcon-nota-de-prensa-cr-2019\/\",\"name\":\"KEYTER INTARCON: Nota de prensa C&R 2019 - Actecir\",\"isPartOf\":{\"@id\":\"https:\/\/www.actecir.cat\/#website\"},\"primaryImageOfPage\":{\"@id\":\"https:\/\/www.actecir.cat\/es\/keyter-intarcon-nota-de-prensa-cr-2019\/#primaryimage\"},\"image\":{\"@id\":\"https:\/\/www.actecir.cat\/es\/keyter-intarcon-nota-de-prensa-cr-2019\/#primaryimage\"},\"thumbnailUrl\":\"https:\/\/www.actecir.cat\/wp-content\/uploads\/2023\/05\/Stand_CR17-2.jpg\",\"datePublished\":\"2019-01-31T11:23:06+00:00\",\"dateModified\":\"2023-05-11T10:24:13+00:00\",\"breadcrumb\":{\"@id\":\"https:\/\/www.actecir.cat\/es\/keyter-intarcon-nota-de-prensa-cr-2019\/#breadcrumb\"},\"inLanguage\":\"es\",\"potentialAction\":[{\"@type\":\"ReadAction\",\"target\":[\"https:\/\/www.actecir.cat\/es\/keyter-intarcon-nota-de-prensa-cr-2019\/\"]}]},{\"@type\":\"ImageObject\",\"inLanguage\":\"es\",\"@id\":\"https:\/\/www.actecir.cat\/es\/keyter-intarcon-nota-de-prensa-cr-2019\/#primaryimage\",\"url\":\"https:\/\/www.actecir.cat\/wp-content\/uploads\/2023\/05\/Stand_CR17-2.jpg\",\"contentUrl\":\"https:\/\/www.actecir.cat\/wp-content\/uploads\/2023\/05\/Stand_CR17-2.jpg\",\"width\":600,\"height\":400},{\"@type\":\"BreadcrumbList\",\"@id\":\"https:\/\/www.actecir.cat\/es\/keyter-intarcon-nota-de-prensa-cr-2019\/#breadcrumb\",\"itemListElement\":[{\"@type\":\"ListItem\",\"position\":1,\"name\":\"Inici\",\"item\":\"https:\/\/www.actecir.cat\/es\/\"},{\"@type\":\"ListItem\",\"position\":2,\"name\":\"KEYTER INTARCON: Nota de prensa C&#038;R 2019\"}]},{\"@type\":\"WebSite\",\"@id\":\"https:\/\/www.actecir.cat\/#website\",\"url\":\"https:\/\/www.actecir.cat\/\",\"name\":\"Actecir\",\"description\":\"Associaci\u00f3 Catalana de T\u00e8cnics en Energia, Climatitzaci\u00f3 i Refrigeraci\u00f3\",\"publisher\":{\"@id\":\"https:\/\/www.actecir.cat\/#organization\"},\"potentialAction\":[{\"@type\":\"SearchAction\",\"target\":{\"@type\":\"EntryPoint\",\"urlTemplate\":\"https:\/\/www.actecir.cat\/?s={search_term_string}\"},\"query-input\":{\"@type\":\"PropertyValueSpecification\",\"valueRequired\":true,\"valueName\":\"search_term_string\"}}],\"inLanguage\":\"es\"},{\"@type\":\"Organization\",\"@id\":\"https:\/\/www.actecir.cat\/#organization\",\"name\":\"Actecir\",\"url\":\"https:\/\/www.actecir.cat\/\",\"logo\":{\"@type\":\"ImageObject\",\"inLanguage\":\"es\",\"@id\":\"https:\/\/www.actecir.cat\/#\/schema\/logo\/image\/\",\"url\":\"https:\/\/www.actecir.cat\/wp-content\/uploads\/2023\/04\/cropped-logo_actecir_60_alto.png\",\"contentUrl\":\"https:\/\/www.actecir.cat\/wp-content\/uploads\/2023\/04\/cropped-logo_actecir_60_alto.png\",\"width\":283,\"height\":80,\"caption\":\"Actecir\"},\"image\":{\"@id\":\"https:\/\/www.actecir.cat\/#\/schema\/logo\/image\/\"},\"sameAs\":[\"https:\/\/x.com\/actecir\",\"https:\/\/www.linkedin.com\/company\/actecir\"]},{\"@type\":\"Person\",\"@id\":\"https:\/\/www.actecir.cat\/#\/schema\/person\/42edd02f0b1d55e19444428c5d321413\",\"name\":\"Soporte web\",\"sameAs\":[\"https:\/\/www.actecir.cat\"],\"url\":\"https:\/\/www.actecir.cat\/es\/author\/maensystems\/\"}]}<\/script>\n<!-- \/ Yoast SEO plugin. -->","yoast_head_json":{"title":"KEYTER INTARCON: Nota de prensa C&R 2019 - Actecir","robots":{"index":"index","follow":"follow","max-snippet":"max-snippet:-1","max-image-preview":"max-image-preview:large","max-video-preview":"max-video-preview:-1"},"canonical":"https:\/\/www.actecir.cat\/es\/keyter-intarcon-nota-de-prensa-cr-2019\/","og_locale":"es_ES","og_type":"article","og_title":"KEYTER INTARCON: Nota de prensa C&R 2019 - Actecir","og_description":"Lucena (C\u00f3rdoba),30 de Enero de 2019","og_url":"https:\/\/www.actecir.cat\/es\/keyter-intarcon-nota-de-prensa-cr-2019\/","og_site_name":"Actecir","article_published_time":"2019-01-31T11:23:06+00:00","article_modified_time":"2023-05-11T10:24:13+00:00","og_image":[{"width":600,"height":400,"url":"https:\/\/www.actecir.cat\/wp-content\/uploads\/2023\/05\/Stand_CR17-2.jpg","type":"image\/jpeg"}],"author":"Soporte web","twitter_card":"summary_large_image","twitter_creator":"@actecir","twitter_site":"@actecir","twitter_misc":{"Escrito por":"Soporte web","Tiempo de lectura":"5 minutos"},"schema":{"@context":"https:\/\/schema.org","@graph":[{"@type":"Article","@id":"https:\/\/www.actecir.cat\/es\/keyter-intarcon-nota-de-prensa-cr-2019\/#article","isPartOf":{"@id":"https:\/\/www.actecir.cat\/es\/keyter-intarcon-nota-de-prensa-cr-2019\/"},"author":{"name":"Soporte web","@id":"https:\/\/www.actecir.cat\/#\/schema\/person\/42edd02f0b1d55e19444428c5d321413"},"headline":"KEYTER INTARCON: Nota de prensa C&#038;R 2019","datePublished":"2019-01-31T11:23:06+00:00","dateModified":"2023-05-11T10:24:13+00:00","mainEntityOfPage":{"@id":"https:\/\/www.actecir.cat\/es\/keyter-intarcon-nota-de-prensa-cr-2019\/"},"wordCount":1067,"publisher":{"@id":"https:\/\/www.actecir.cat\/#organization"},"image":{"@id":"https:\/\/www.actecir.cat\/es\/keyter-intarcon-nota-de-prensa-cr-2019\/#primaryimage"},"thumbnailUrl":"https:\/\/www.actecir.cat\/wp-content\/uploads\/2023\/05\/Stand_CR17-2.jpg","articleSection":["Noticias"],"inLanguage":"es"},{"@type":"WebPage","@id":"https:\/\/www.actecir.cat\/es\/keyter-intarcon-nota-de-prensa-cr-2019\/","url":"https:\/\/www.actecir.cat\/es\/keyter-intarcon-nota-de-prensa-cr-2019\/","name":"KEYTER INTARCON: Nota de prensa C&R 2019 - Actecir","isPartOf":{"@id":"https:\/\/www.actecir.cat\/#website"},"primaryImageOfPage":{"@id":"https:\/\/www.actecir.cat\/es\/keyter-intarcon-nota-de-prensa-cr-2019\/#primaryimage"},"image":{"@id":"https:\/\/www.actecir.cat\/es\/keyter-intarcon-nota-de-prensa-cr-2019\/#primaryimage"},"thumbnailUrl":"https:\/\/www.actecir.cat\/wp-content\/uploads\/2023\/05\/Stand_CR17-2.jpg","datePublished":"2019-01-31T11:23:06+00:00","dateModified":"2023-05-11T10:24:13+00:00","breadcrumb":{"@id":"https:\/\/www.actecir.cat\/es\/keyter-intarcon-nota-de-prensa-cr-2019\/#breadcrumb"},"inLanguage":"es","potentialAction":[{"@type":"ReadAction","target":["https:\/\/www.actecir.cat\/es\/keyter-intarcon-nota-de-prensa-cr-2019\/"]}]},{"@type":"ImageObject","inLanguage":"es","@id":"https:\/\/www.actecir.cat\/es\/keyter-intarcon-nota-de-prensa-cr-2019\/#primaryimage","url":"https:\/\/www.actecir.cat\/wp-content\/uploads\/2023\/05\/Stand_CR17-2.jpg","contentUrl":"https:\/\/www.actecir.cat\/wp-content\/uploads\/2023\/05\/Stand_CR17-2.jpg","width":600,"height":400},{"@type":"BreadcrumbList","@id":"https:\/\/www.actecir.cat\/es\/keyter-intarcon-nota-de-prensa-cr-2019\/#breadcrumb","itemListElement":[{"@type":"ListItem","position":1,"name":"Inici","item":"https:\/\/www.actecir.cat\/es\/"},{"@type":"ListItem","position":2,"name":"KEYTER INTARCON: Nota de prensa C&#038;R 2019"}]},{"@type":"WebSite","@id":"https:\/\/www.actecir.cat\/#website","url":"https:\/\/www.actecir.cat\/","name":"Actecir","description":"Associaci\u00f3 Catalana de T\u00e8cnics en Energia, Climatitzaci\u00f3 i Refrigeraci\u00f3","publisher":{"@id":"https:\/\/www.actecir.cat\/#organization"},"potentialAction":[{"@type":"SearchAction","target":{"@type":"EntryPoint","urlTemplate":"https:\/\/www.actecir.cat\/?s={search_term_string}"},"query-input":{"@type":"PropertyValueSpecification","valueRequired":true,"valueName":"search_term_string"}}],"inLanguage":"es"},{"@type":"Organization","@id":"https:\/\/www.actecir.cat\/#organization","name":"Actecir","url":"https:\/\/www.actecir.cat\/","logo":{"@type":"ImageObject","inLanguage":"es","@id":"https:\/\/www.actecir.cat\/#\/schema\/logo\/image\/","url":"https:\/\/www.actecir.cat\/wp-content\/uploads\/2023\/04\/cropped-logo_actecir_60_alto.png","contentUrl":"https:\/\/www.actecir.cat\/wp-content\/uploads\/2023\/04\/cropped-logo_actecir_60_alto.png","width":283,"height":80,"caption":"Actecir"},"image":{"@id":"https:\/\/www.actecir.cat\/#\/schema\/logo\/image\/"},"sameAs":["https:\/\/x.com\/actecir","https:\/\/www.linkedin.com\/company\/actecir"]},{"@type":"Person","@id":"https:\/\/www.actecir.cat\/#\/schema\/person\/42edd02f0b1d55e19444428c5d321413","name":"Soporte web","sameAs":["https:\/\/www.actecir.cat"],"url":"https:\/\/www.actecir.cat\/es\/author\/maensystems\/"}]}},"_links":{"self":[{"href":"https:\/\/www.actecir.cat\/es\/wp-json\/wp\/v2\/posts\/6638","targetHints":{"allow":["GET"]}}],"collection":[{"href":"https:\/\/www.actecir.cat\/es\/wp-json\/wp\/v2\/posts"}],"about":[{"href":"https:\/\/www.actecir.cat\/es\/wp-json\/wp\/v2\/types\/post"}],"author":[{"embeddable":true,"href":"https:\/\/www.actecir.cat\/es\/wp-json\/wp\/v2\/users\/1"}],"replies":[{"embeddable":true,"href":"https:\/\/www.actecir.cat\/es\/wp-json\/wp\/v2\/comments?post=6638"}],"version-history":[{"count":1,"href":"https:\/\/www.actecir.cat\/es\/wp-json\/wp\/v2\/posts\/6638\/revisions"}],"predecessor-version":[{"id":6639,"href":"https:\/\/www.actecir.cat\/es\/wp-json\/wp\/v2\/posts\/6638\/revisions\/6639"}],"wp:featuredmedia":[{"embeddable":true,"href":"https:\/\/www.actecir.cat\/es\/wp-json\/wp\/v2\/media\/6636"}],"wp:attachment":[{"href":"https:\/\/www.actecir.cat\/es\/wp-json\/wp\/v2\/media?parent=6638"}],"wp:term":[{"taxonomy":"category","embeddable":true,"href":"https:\/\/www.actecir.cat\/es\/wp-json\/wp\/v2\/categories?post=6638"},{"taxonomy":"post_tag","embeddable":true,"href":"https:\/\/www.actecir.cat\/es\/wp-json\/wp\/v2\/tags?post=6638"}],"curies":[{"name":"wp","href":"https:\/\/api.w.org\/{rel}","templated":true}]}}