{"id":6654,"date":"2018-10-25T12:28:59","date_gmt":"2018-10-25T10:28:59","guid":{"rendered":"https:\/\/www.actecir.cat\/?p=6654"},"modified":"2023-05-11T12:30:12","modified_gmt":"2023-05-11T10:30:12","slug":"aux-celebra-en-barcelona-su-primera-convencion-europea","status":"publish","type":"post","link":"https:\/\/www.actecir.cat\/es\/aux-celebra-en-barcelona-su-primera-convencion-europea\/","title":{"rendered":"AUX celebra en Barcelona su primera convenci\u00f3n Europea"},"content":{"rendered":"<p>La ciudad de Barcelona ha sido la elegida por el gran fabricante de aire acondicionado AUX como sede para celebrar su primera convenci\u00f3n europea<\/p>\n<p>Es la primera vez en la historia que AUX celebra una convenci\u00f3n de distribuidores fuera de sus zonas de producci\u00f3n. Lo cual dice mucho de su nueva tendencia de exportaci\u00f3n.<\/p>\n<p>A dicho evento asistieron los distribuidores m\u00e1s importantes de dicha marca a nivel europeo, siendo\u00a0<strong>Salvador Escoda<\/strong>\u00a0el representante para la pen\u00ednsula ib\u00e9rica. Asistieron tambi\u00e9n a dicho evento los representantes de la marca de pa\u00edses como Rusia, Italia, Francia, Bulgaria, etc.<\/p>\n<p>Aux se consolida en Europa como el tercer fabricante mundial de aires acondicionados, partiendo de la posici\u00f3n sexta solo un par de a\u00f1os atr\u00e1s. Esta fuerte subida (el crecimiento en exportaci\u00f3n m\u00e1s fuerte a nivel mundial) se debe principalmente a una fuerte inversi\u00f3n por parte de grupo en I+D.<\/p>\n<p>Grupo AUX es una empresa con presencia mundial, orientada a satisfacer las necesidades de sus clientes. Fundada en China hace m\u00e1s de 24 a\u00f1os, con 5 plantas de producci\u00f3n ubicadas en Ningbo, Nanchang, Shenzhen, Shanghai y Tianjin, y con un staff de m\u00e1s de 20,000 empleados,<br \/>\nDesde su origen, Grupo AUX ha experimentado una enorme prosperidad y alcanzado extraordinarias metas. Esto se debe a la calidad de su recurso humano y la pr\u00e1ctica de valores como la honestidad y la confianza.<\/p>\n","protected":false},"excerpt":{"rendered":"<p>La ciudad de Barcelona ha sido la elegida por el gran fabricante de aire acondicionado AUX como sede para celebrar su primera convenci\u00f3n europea<\/p>\n","protected":false},"author":1,"featured_media":6652,"comment_status":"closed","ping_status":"closed","sticky":false,"template":"","format":"standard","meta":{"footnotes":""},"categories":[25],"tags":[],"class_list":["post-6654","post","type-post","status-publish","format-standard","has-post-thumbnail","hentry","category-noticias"],"yoast_head":"<!-- This site is optimized with the Yoast SEO plugin v27.2 - https:\/\/yoast.com\/product\/yoast-seo-wordpress\/ -->\n<title>AUX celebra en Barcelona su primera convenci\u00f3n Europea - Actecir<\/title>\n<meta name=\"robots\" content=\"index, follow, max-snippet:-1, max-image-preview:large, max-video-preview:-1\" \/>\n<link rel=\"canonical\" href=\"https:\/\/www.actecir.cat\/es\/aux-celebra-en-barcelona-su-primera-convencion-europea\/\" \/>\n<meta property=\"og:locale\" content=\"es_ES\" \/>\n<meta property=\"og:type\" content=\"article\" \/>\n<meta property=\"og:title\" content=\"AUX celebra en Barcelona su primera convenci\u00f3n Europea - Actecir\" \/>\n<meta property=\"og:description\" content=\"La ciudad de Barcelona ha sido la elegida por el gran fabricante de aire acondicionado AUX como sede para celebrar su primera convenci\u00f3n europea\" \/>\n<meta property=\"og:url\" content=\"https:\/\/www.actecir.cat\/es\/aux-celebra-en-barcelona-su-primera-convencion-europea\/\" \/>\n<meta property=\"og:site_name\" content=\"Actecir\" \/>\n<meta property=\"article:published_time\" content=\"2018-10-25T10:28:59+00:00\" \/>\n<meta property=\"article:modified_time\" content=\"2023-05-11T10:30:12+00:00\" \/>\n<meta property=\"og:image\" content=\"https:\/\/www.actecir.cat\/wp-content\/uploads\/2023\/05\/salvador_escoda-1.jpg\" \/>\n\t<meta property=\"og:image:width\" content=\"600\" \/>\n\t<meta property=\"og:image:height\" content=\"400\" \/>\n\t<meta property=\"og:image:type\" content=\"image\/jpeg\" \/>\n<meta name=\"author\" content=\"Soporte web\" \/>\n<meta name=\"twitter:card\" content=\"summary_large_image\" \/>\n<meta name=\"twitter:creator\" content=\"@actecir\" \/>\n<meta name=\"twitter:site\" content=\"@actecir\" \/>\n<meta name=\"twitter:label1\" content=\"Escrito por\" \/>\n\t<meta name=\"twitter:data1\" content=\"Soporte web\" \/>\n\t<meta name=\"twitter:label2\" content=\"Tiempo de lectura\" \/>\n\t<meta name=\"twitter:data2\" content=\"1 minuto\" \/>\n<script type=\"application\/ld+json\" class=\"yoast-schema-graph\">{\"@context\":\"https:\/\/schema.org\",\"@graph\":[{\"@type\":\"Article\",\"@id\":\"https:\/\/www.actecir.cat\/es\/aux-celebra-en-barcelona-su-primera-convencion-europea\/#article\",\"isPartOf\":{\"@id\":\"https:\/\/www.actecir.cat\/es\/aux-celebra-en-barcelona-su-primera-convencion-europea\/\"},\"author\":{\"name\":\"Soporte web\",\"@id\":\"https:\/\/www.actecir.cat\/#\/schema\/person\/42edd02f0b1d55e19444428c5d321413\"},\"headline\":\"AUX celebra en Barcelona su primera convenci\u00f3n Europea\",\"datePublished\":\"2018-10-25T10:28:59+00:00\",\"dateModified\":\"2023-05-11T10:30:12+00:00\",\"mainEntityOfPage\":{\"@id\":\"https:\/\/www.actecir.cat\/es\/aux-celebra-en-barcelona-su-primera-convencion-europea\/\"},\"wordCount\":252,\"publisher\":{\"@id\":\"https:\/\/www.actecir.cat\/#organization\"},\"image\":{\"@id\":\"https:\/\/www.actecir.cat\/es\/aux-celebra-en-barcelona-su-primera-convencion-europea\/#primaryimage\"},\"thumbnailUrl\":\"https:\/\/www.actecir.cat\/wp-content\/uploads\/2023\/05\/salvador_escoda-1.jpg\",\"articleSection\":[\"Noticias\"],\"inLanguage\":\"es\"},{\"@type\":\"WebPage\",\"@id\":\"https:\/\/www.actecir.cat\/es\/aux-celebra-en-barcelona-su-primera-convencion-europea\/\",\"url\":\"https:\/\/www.actecir.cat\/es\/aux-celebra-en-barcelona-su-primera-convencion-europea\/\",\"name\":\"AUX celebra en Barcelona su primera convenci\u00f3n Europea - Actecir\",\"isPartOf\":{\"@id\":\"https:\/\/www.actecir.cat\/#website\"},\"primaryImageOfPage\":{\"@id\":\"https:\/\/www.actecir.cat\/es\/aux-celebra-en-barcelona-su-primera-convencion-europea\/#primaryimage\"},\"image\":{\"@id\":\"https:\/\/www.actecir.cat\/es\/aux-celebra-en-barcelona-su-primera-convencion-europea\/#primaryimage\"},\"thumbnailUrl\":\"https:\/\/www.actecir.cat\/wp-content\/uploads\/2023\/05\/salvador_escoda-1.jpg\",\"datePublished\":\"2018-10-25T10:28:59+00:00\",\"dateModified\":\"2023-05-11T10:30:12+00:00\",\"breadcrumb\":{\"@id\":\"https:\/\/www.actecir.cat\/es\/aux-celebra-en-barcelona-su-primera-convencion-europea\/#breadcrumb\"},\"inLanguage\":\"es\",\"potentialAction\":[{\"@type\":\"ReadAction\",\"target\":[\"https:\/\/www.actecir.cat\/es\/aux-celebra-en-barcelona-su-primera-convencion-europea\/\"]}]},{\"@type\":\"ImageObject\",\"inLanguage\":\"es\",\"@id\":\"https:\/\/www.actecir.cat\/es\/aux-celebra-en-barcelona-su-primera-convencion-europea\/#primaryimage\",\"url\":\"https:\/\/www.actecir.cat\/wp-content\/uploads\/2023\/05\/salvador_escoda-1.jpg\",\"contentUrl\":\"https:\/\/www.actecir.cat\/wp-content\/uploads\/2023\/05\/salvador_escoda-1.jpg\",\"width\":600,\"height\":400},{\"@type\":\"BreadcrumbList\",\"@id\":\"https:\/\/www.actecir.cat\/es\/aux-celebra-en-barcelona-su-primera-convencion-europea\/#breadcrumb\",\"itemListElement\":[{\"@type\":\"ListItem\",\"position\":1,\"name\":\"Inici\",\"item\":\"https:\/\/www.actecir.cat\/es\/\"},{\"@type\":\"ListItem\",\"position\":2,\"name\":\"AUX celebra en Barcelona su primera convenci\u00f3n Europea\"}]},{\"@type\":\"WebSite\",\"@id\":\"https:\/\/www.actecir.cat\/#website\",\"url\":\"https:\/\/www.actecir.cat\/\",\"name\":\"Actecir\",\"description\":\"Associaci\u00f3 Catalana de T\u00e8cnics en Energia, Climatitzaci\u00f3 i Refrigeraci\u00f3\",\"publisher\":{\"@id\":\"https:\/\/www.actecir.cat\/#organization\"},\"potentialAction\":[{\"@type\":\"SearchAction\",\"target\":{\"@type\":\"EntryPoint\",\"urlTemplate\":\"https:\/\/www.actecir.cat\/?s={search_term_string}\"},\"query-input\":{\"@type\":\"PropertyValueSpecification\",\"valueRequired\":true,\"valueName\":\"search_term_string\"}}],\"inLanguage\":\"es\"},{\"@type\":\"Organization\",\"@id\":\"https:\/\/www.actecir.cat\/#organization\",\"name\":\"Actecir\",\"url\":\"https:\/\/www.actecir.cat\/\",\"logo\":{\"@type\":\"ImageObject\",\"inLanguage\":\"es\",\"@id\":\"https:\/\/www.actecir.cat\/#\/schema\/logo\/image\/\",\"url\":\"https:\/\/www.actecir.cat\/wp-content\/uploads\/2023\/04\/cropped-logo_actecir_60_alto.png\",\"contentUrl\":\"https:\/\/www.actecir.cat\/wp-content\/uploads\/2023\/04\/cropped-logo_actecir_60_alto.png\",\"width\":283,\"height\":80,\"caption\":\"Actecir\"},\"image\":{\"@id\":\"https:\/\/www.actecir.cat\/#\/schema\/logo\/image\/\"},\"sameAs\":[\"https:\/\/x.com\/actecir\",\"https:\/\/www.linkedin.com\/company\/actecir\"]},{\"@type\":\"Person\",\"@id\":\"https:\/\/www.actecir.cat\/#\/schema\/person\/42edd02f0b1d55e19444428c5d321413\",\"name\":\"Soporte web\",\"sameAs\":[\"https:\/\/www.actecir.cat\"],\"url\":\"https:\/\/www.actecir.cat\/es\/author\/maensystems\/\"}]}<\/script>\n<!-- \/ Yoast SEO plugin. -->","yoast_head_json":{"title":"AUX celebra en Barcelona su primera convenci\u00f3n Europea - Actecir","robots":{"index":"index","follow":"follow","max-snippet":"max-snippet:-1","max-image-preview":"max-image-preview:large","max-video-preview":"max-video-preview:-1"},"canonical":"https:\/\/www.actecir.cat\/es\/aux-celebra-en-barcelona-su-primera-convencion-europea\/","og_locale":"es_ES","og_type":"article","og_title":"AUX celebra en Barcelona su primera convenci\u00f3n Europea - Actecir","og_description":"La ciudad de Barcelona ha sido la elegida por el gran fabricante de aire acondicionado AUX como sede para celebrar su primera convenci\u00f3n europea","og_url":"https:\/\/www.actecir.cat\/es\/aux-celebra-en-barcelona-su-primera-convencion-europea\/","og_site_name":"Actecir","article_published_time":"2018-10-25T10:28:59+00:00","article_modified_time":"2023-05-11T10:30:12+00:00","og_image":[{"width":600,"height":400,"url":"https:\/\/www.actecir.cat\/wp-content\/uploads\/2023\/05\/salvador_escoda-1.jpg","type":"image\/jpeg"}],"author":"Soporte web","twitter_card":"summary_large_image","twitter_creator":"@actecir","twitter_site":"@actecir","twitter_misc":{"Escrito por":"Soporte web","Tiempo de lectura":"1 minuto"},"schema":{"@context":"https:\/\/schema.org","@graph":[{"@type":"Article","@id":"https:\/\/www.actecir.cat\/es\/aux-celebra-en-barcelona-su-primera-convencion-europea\/#article","isPartOf":{"@id":"https:\/\/www.actecir.cat\/es\/aux-celebra-en-barcelona-su-primera-convencion-europea\/"},"author":{"name":"Soporte web","@id":"https:\/\/www.actecir.cat\/#\/schema\/person\/42edd02f0b1d55e19444428c5d321413"},"headline":"AUX celebra en Barcelona su primera convenci\u00f3n Europea","datePublished":"2018-10-25T10:28:59+00:00","dateModified":"2023-05-11T10:30:12+00:00","mainEntityOfPage":{"@id":"https:\/\/www.actecir.cat\/es\/aux-celebra-en-barcelona-su-primera-convencion-europea\/"},"wordCount":252,"publisher":{"@id":"https:\/\/www.actecir.cat\/#organization"},"image":{"@id":"https:\/\/www.actecir.cat\/es\/aux-celebra-en-barcelona-su-primera-convencion-europea\/#primaryimage"},"thumbnailUrl":"https:\/\/www.actecir.cat\/wp-content\/uploads\/2023\/05\/salvador_escoda-1.jpg","articleSection":["Noticias"],"inLanguage":"es"},{"@type":"WebPage","@id":"https:\/\/www.actecir.cat\/es\/aux-celebra-en-barcelona-su-primera-convencion-europea\/","url":"https:\/\/www.actecir.cat\/es\/aux-celebra-en-barcelona-su-primera-convencion-europea\/","name":"AUX celebra en Barcelona su primera convenci\u00f3n Europea - Actecir","isPartOf":{"@id":"https:\/\/www.actecir.cat\/#website"},"primaryImageOfPage":{"@id":"https:\/\/www.actecir.cat\/es\/aux-celebra-en-barcelona-su-primera-convencion-europea\/#primaryimage"},"image":{"@id":"https:\/\/www.actecir.cat\/es\/aux-celebra-en-barcelona-su-primera-convencion-europea\/#primaryimage"},"thumbnailUrl":"https:\/\/www.actecir.cat\/wp-content\/uploads\/2023\/05\/salvador_escoda-1.jpg","datePublished":"2018-10-25T10:28:59+00:00","dateModified":"2023-05-11T10:30:12+00:00","breadcrumb":{"@id":"https:\/\/www.actecir.cat\/es\/aux-celebra-en-barcelona-su-primera-convencion-europea\/#breadcrumb"},"inLanguage":"es","potentialAction":[{"@type":"ReadAction","target":["https:\/\/www.actecir.cat\/es\/aux-celebra-en-barcelona-su-primera-convencion-europea\/"]}]},{"@type":"ImageObject","inLanguage":"es","@id":"https:\/\/www.actecir.cat\/es\/aux-celebra-en-barcelona-su-primera-convencion-europea\/#primaryimage","url":"https:\/\/www.actecir.cat\/wp-content\/uploads\/2023\/05\/salvador_escoda-1.jpg","contentUrl":"https:\/\/www.actecir.cat\/wp-content\/uploads\/2023\/05\/salvador_escoda-1.jpg","width":600,"height":400},{"@type":"BreadcrumbList","@id":"https:\/\/www.actecir.cat\/es\/aux-celebra-en-barcelona-su-primera-convencion-europea\/#breadcrumb","itemListElement":[{"@type":"ListItem","position":1,"name":"Inici","item":"https:\/\/www.actecir.cat\/es\/"},{"@type":"ListItem","position":2,"name":"AUX celebra en Barcelona su primera convenci\u00f3n Europea"}]},{"@type":"WebSite","@id":"https:\/\/www.actecir.cat\/#website","url":"https:\/\/www.actecir.cat\/","name":"Actecir","description":"Associaci\u00f3 Catalana de T\u00e8cnics en Energia, Climatitzaci\u00f3 i Refrigeraci\u00f3","publisher":{"@id":"https:\/\/www.actecir.cat\/#organization"},"potentialAction":[{"@type":"SearchAction","target":{"@type":"EntryPoint","urlTemplate":"https:\/\/www.actecir.cat\/?s={search_term_string}"},"query-input":{"@type":"PropertyValueSpecification","valueRequired":true,"valueName":"search_term_string"}}],"inLanguage":"es"},{"@type":"Organization","@id":"https:\/\/www.actecir.cat\/#organization","name":"Actecir","url":"https:\/\/www.actecir.cat\/","logo":{"@type":"ImageObject","inLanguage":"es","@id":"https:\/\/www.actecir.cat\/#\/schema\/logo\/image\/","url":"https:\/\/www.actecir.cat\/wp-content\/uploads\/2023\/04\/cropped-logo_actecir_60_alto.png","contentUrl":"https:\/\/www.actecir.cat\/wp-content\/uploads\/2023\/04\/cropped-logo_actecir_60_alto.png","width":283,"height":80,"caption":"Actecir"},"image":{"@id":"https:\/\/www.actecir.cat\/#\/schema\/logo\/image\/"},"sameAs":["https:\/\/x.com\/actecir","https:\/\/www.linkedin.com\/company\/actecir"]},{"@type":"Person","@id":"https:\/\/www.actecir.cat\/#\/schema\/person\/42edd02f0b1d55e19444428c5d321413","name":"Soporte web","sameAs":["https:\/\/www.actecir.cat"],"url":"https:\/\/www.actecir.cat\/es\/author\/maensystems\/"}]}},"_links":{"self":[{"href":"https:\/\/www.actecir.cat\/es\/wp-json\/wp\/v2\/posts\/6654","targetHints":{"allow":["GET"]}}],"collection":[{"href":"https:\/\/www.actecir.cat\/es\/wp-json\/wp\/v2\/posts"}],"about":[{"href":"https:\/\/www.actecir.cat\/es\/wp-json\/wp\/v2\/types\/post"}],"author":[{"embeddable":true,"href":"https:\/\/www.actecir.cat\/es\/wp-json\/wp\/v2\/users\/1"}],"replies":[{"embeddable":true,"href":"https:\/\/www.actecir.cat\/es\/wp-json\/wp\/v2\/comments?post=6654"}],"version-history":[{"count":1,"href":"https:\/\/www.actecir.cat\/es\/wp-json\/wp\/v2\/posts\/6654\/revisions"}],"predecessor-version":[{"id":6655,"href":"https:\/\/www.actecir.cat\/es\/wp-json\/wp\/v2\/posts\/6654\/revisions\/6655"}],"wp:featuredmedia":[{"embeddable":true,"href":"https:\/\/www.actecir.cat\/es\/wp-json\/wp\/v2\/media\/6652"}],"wp:attachment":[{"href":"https:\/\/www.actecir.cat\/es\/wp-json\/wp\/v2\/media?parent=6654"}],"wp:term":[{"taxonomy":"category","embeddable":true,"href":"https:\/\/www.actecir.cat\/es\/wp-json\/wp\/v2\/categories?post=6654"},{"taxonomy":"post_tag","embeddable":true,"href":"https:\/\/www.actecir.cat\/es\/wp-json\/wp\/v2\/tags?post=6654"}],"curies":[{"name":"wp","href":"https:\/\/api.w.org\/{rel}","templated":true}]}}