{"id":6658,"date":"2018-10-16T12:31:46","date_gmt":"2018-10-16T10:31:46","guid":{"rendered":"https:\/\/www.actecir.cat\/?p=6658"},"modified":"2023-05-11T12:34:03","modified_gmt":"2023-05-11T10:34:03","slug":"fujitsu-impulsa-su-gama-de-conductos-para-ofrecer-un-mayor-rendimiento-y-menor-consumo-energetico","status":"publish","type":"post","link":"https:\/\/www.actecir.cat\/es\/fujitsu-impulsa-su-gama-de-conductos-para-ofrecer-un-mayor-rendimiento-y-menor-consumo-energetico\/","title":{"rendered":"Fujitsu impulsa su Gama de Conductos para ofrecer un mayor rendimiento y menor consumo energ\u00e9tico"},"content":{"rendered":"<p>Inverter i-PAM y V-PAM y junto a los ventiladores DC, esta gama consigue posicionarse por encima de otros sistemas, adem\u00e1s de conseguir dise\u00f1os compactos y silenciosos.<\/p>\n<p>As\u00ed mismo, ofrece una mejor accesibilidad a todas las funciones y cuenta con un tama\u00f1o m\u00e1s reducido.<\/p>\n<p>La gama de Conductos de Fujitsu comercializados por Eurofred se adapta a cualquier necesidad. Gracias a su tecnolog\u00eda exclusiva Inverter i-PAM y V-PAM y a los ventiladores DC consigue un rendimiento muy superior a otros sistemas inverter y un menor consumo energ\u00e9tico. Destaca tambi\u00e9n por sus dise\u00f1os estilizados, dimensiones compactas y reducidas y por unas unidades interiores a\u00fan m\u00e1s silenciosas, que proporcionan un elevado nivel de confort.<\/p>\n<p>Adem\u00e1s de m\u00e1xima eficiencia energ\u00e9tica, los Conductos de Fujitsu ofrecen un amplio rango de presiones que mantienen el mismo caudal, asegurando el m\u00e1ximo rendimiento y un m\u00ednimo nivel sonoro. Ofrecen tambi\u00e9n mejor accesibilidad a todas las funciones, que antes se realizaban a trav\u00e9s de la placa electr\u00f3nica y ahora desde el propio mando.<\/p>\n<p>Estos equipos se distinguen por su reducido tama\u00f1o, excelente rendimiento a baja temperatura, un nuevo kit difusor de aire autom\u00e1tico, la aportaci\u00f3n de aire exterior y la posibilidad de conectar una resistencia el\u00e9ctrica externa para apoyo en modo calefacci\u00f3n.<\/p>\n<p><strong>Serie LA<\/strong><\/p>\n<p>El Conducto Inverter Mini LA facilita el acceso a todas las funciones. Varias de las funciones que hasta ahora se realizaban a trav\u00e9s de la placa electr\u00f3nica de la unidad, como la regulaci\u00f3n de presi\u00f3n est\u00e1tica, se pueden realizar de una manera m\u00e1s c\u00f3moda desde el propio mando. Adem\u00e1s gracias a su dise\u00f1o mini, el espacio de instalaci\u00f3n se reduce.<\/p>\n<p>La serie se ofrece en tres configuraciones de 4.100 a 6.000 watios y destaca por el reducido espacio de instalaci\u00f3n, gracias a un dise\u00f1o compacto que reduce el espacio de instalaci\u00f3n se reduce hasta los 600 mm de profundidad y 223 mm de altura.<\/p>\n<p>Su mantenimiento es muy sencillo gracias a una bomba de condensado f\u00e1cilmente desmontable, el sencillo acceso a la caja de conexiones el\u00e9ctrica y la posibilidad de chequear a partir del historial de errores.<\/p>\n<p>La serie incluye funciones como Energy Save, Cambio Autom\u00e1tico Fr\u00edo\/Calor, Ajuste Autom\u00e1tico del Caudal de Aire, Reinicio Autom\u00e1tico, Desconexi\u00f3n autom\u00e1tic, Programaci\u00f3n Horaria Combinada ON-OFF y Programaci\u00f3n Semanal Autom\u00e1tica.<\/p>\n<p><strong>Serie LL<\/strong><\/p>\n<p>Nunca un equipo de conductos tan potente ha sido tan f\u00e1cil de instalar. Los sistemas de la Serie LL de impulsi\u00f3n directa ofrecen tres niveles de potencia, de 3.500 a 6.000 watios. Destacan por unas reducidas dimensiones -s\u00f3lo 198 mm de altura- que facilitan su colocaci\u00f3n en espacios reducidos e incluyen la bomba de drenaje de serie.<\/p>\n<p>Cuentan con un gran rango de presi\u00f3n est\u00e1tica disponible y gracias al motor DC se puede regular por el mando la presi\u00f3n disponible desde 0 hasta 90 Pa con 10 niveles de selecci\u00f3n). Incluyen rejilla lisa de difusi\u00f3n y direccionamiento de aire, lo que proporciona confort dentro de la estancia. Adem\u00e1s, las lamas se pueden direccionar hacia abajo obteniendo una climatizaci\u00f3n mas r\u00e1pida y efectiva en modo calefacci\u00f3n.<\/p>\n<p>Gracias al control de los ajustes de temperatura del termostato, la serie LL ofrece un considerable ahorro de energ\u00eda y cuenta con un deshumidificador que permite reducir la humedad ambiental sin variaciones en la temperatura. Dispone tambi\u00e9n de Funci\u00f3n test, que revisa el funcionamiento del equipo y emite una se\u00f1al de error cuando la unidad precisa una revisi\u00f3n.<\/p>\n<p>Gracias a la funci\u00f3n Control Zone se pueden controlar hasta 16 unidades distintas con un \u00fanico mando y el sistema de arranque en caliente hace que el ventilador se active hasta que el intercambiador haya alcanzado la temperatura seleccionada. Dependiendo de la temperatura ambiental y la seleccionada, la unidad modifica autom\u00e1ticamente el modo de funcionamiento de fr\u00edo o calor. En paralelo, un microprocesador ajusta autom\u00e1ticamente el caudal de aire seg\u00fan las variaciones de temperatura. En caso de interrupci\u00f3n del suministro el\u00e9ctrico, el equipo se inicia autom\u00e1ticamente una vez reestablecido.<\/p>\n<p><strong>Serie LM \u2013 Media presi\u00f3n<\/strong><\/p>\n<p>Las Conductos Inverter de Media Presi\u00f3n LM permiten trabajar con un amplio rango de presiones manteniendo el mismo nivel de caudal de aire mediante una simple regulaci\u00f3n desde el mando. Adem\u00e1s el modo Super Quiet permite trabajar el ventilador a un nivel sonoro de 25dB.<\/p>\n<p>Disponibles en cuatro configuraciones, de 8.000 a 13.300 watios, los equipos de esta serie permiten la conexi\u00f3n de un ventilador exterior a la placa electr\u00f3nica y cuentan con un temporizador semanal con Retroceso, pudiendo ajustar la temperatura dos veces al d\u00eda durante cada d\u00eda de la semana.<\/p>\n<p>Las exclusivas tecnolog\u00edas i-PAM y V-PAM de los modelos de Fujitsu, el compresor DC scroll y el ventilador DC, permiten obtener rendimientos muy superiores a otros sistemas Inverter con un menor consumo energ\u00e9tico.<\/p>\n<p>Las unidades permiten trabajar con un amplio rango de presiones manteniendo el mismo nivel de caudal de aire mediante una simple regulaci\u00f3n desde el mando, lo que permite adaptar las unidades a cualquier red de conductos manteniendo el m\u00e1ximo rendimiento y el m\u00ednimo nivel sonoro.<\/p>\n<p>Los equipos se instalan f\u00e1cilmente y se configuran desde el mando e incluye el modo &#8220;High Ceiling Setting&#8221; especial para techos altos que mejora la difusi\u00f3n de calor. Como la serie anterior ofrecen un importante ahorro energ\u00e9tico, disponen de deshumidificador, control zone, arranque en caliente, cambio autom\u00e1tico fr\u00edo\/calor, ajuste autom\u00e1tico de caudal de aire, reinicio autom\u00e1tico, funci\u00f3n test y programaci\u00f3n semanal. Incluyen tambi\u00e9n la funci\u00f3n Pump Down, que permite recoger el refrigerante de la instalaci\u00f3n activando un switch de la placa electr\u00f3nica. Asimismo, permiten la conexi\u00f3n de un ventilador exterior a la placa electr\u00f3nica y conectar un conducto al equipo para acondicionar la sala contigua o para redistribuir el aire de impulsi\u00f3n.<\/p>\n<p><strong>Serie LB \u2013 Media presi\u00f3n<\/strong><\/p>\n<p>Disponible en ocho configuraciones, de 4.100 a 16.000 watios, la serie LB de Media Presi\u00f3n se ajusta a las necesidades de cada instalaci\u00f3n. Detecta el flujo de aire requerido y ajusta el volumen necesario autom\u00e1ticamente gracias a su innovadora funci\u00f3n. Su profundidad unificada en toda la gama, permite la selecci\u00f3n de la capacidad requerida, independientemente del espacio disponible. Con una mejora del dise\u00f1o que facilita el mantenimiento del equipo.<\/p>\n<p>La serie esta indicada para aplicaciones con una presi\u00f3n est\u00e1tica necesaria de 30 Pa a 200 Pa, lo que ofrece m\u00e1xima flexibilidad en su instalaci\u00f3n. Incluye bomba de condensados con una altura m\u00e1xima de elevaci\u00f3n 850 mm. Adem\u00e1s, gracias a la profundidad unificada en toda la gama (700mm), permite la selecci\u00f3n de la capacidad, independientemente del espacio disponible.<\/p>\n<p>Combinando el intercambiador de calor en forma de V, el compensador de flujo de aire y un ventilador DC permiten obtener un alto nivel de eficiencia a bajo nivel sonoro con un dise\u00f1o compacto y estilizado.<\/p>\n<p>La serie destaca por la facilidad de mantenimiento. La bomba de drenaje se desmonta f\u00e1cilmente y el acceso a la caja de conexiones el\u00e9ctrica es muy sencillo. Adem\u00e1s, el c\u00f3digo de error se puede comprobar con m\u00e1s detalle a partir de un historial de errores. Dispone de funciones como Energy Save, Fijaci\u00f3n del Rango de Temperatura Rtorno Autom\u00e1tico de Temperatura, Cambio Autom\u00e1tico Fr\u00edo\/Calor, Ajuste Autom\u00e1tico del Caudal de Aire, Reinicio Autom\u00e1tico, Conducto de Aire Fresco, Conducto de Aire de Impulsi\u00f3n, Desconexi\u00f3n Autom\u00e1tica Sleep o Programaci\u00f3n Semanal Autom\u00e1tica.<\/p>\n<p><strong>Acerca de Eurofred<\/strong><\/p>\n<p>Eurofred es un l\u00edder destacado en la distribuci\u00f3n de marcas como Fujitsu, General, Daitsu, Aquatermic, Clint, ISA, Technoblock y Giorik, entre otras. Equipamientos para diferentes sectores (climatizaci\u00f3n dom\u00e9stica, comercial e industrial, calefacci\u00f3n y Horeca) que destacan por su alta eficiencia energ\u00e9tica en un modelo que contempla el canal profesional y el consumidor final, a los que ofrece la m\u00e1xima excelencia en productos y servicios.<\/p>\n<p>&nbsp;<\/p>\n","protected":false},"excerpt":{"rendered":"<p>Inverter i-PAM y V-PAM y junto a los ventiladores DC<\/p>\n","protected":false},"author":1,"featured_media":6089,"comment_status":"closed","ping_status":"closed","sticky":false,"template":"","format":"standard","meta":{"footnotes":""},"categories":[25],"tags":[],"class_list":["post-6658","post","type-post","status-publish","format-standard","has-post-thumbnail","hentry","category-noticias"],"yoast_head":"<!-- This site is optimized with the Yoast SEO plugin v27.2 - https:\/\/yoast.com\/product\/yoast-seo-wordpress\/ -->\n<title>Fujitsu impulsa su Gama de Conductos para ofrecer un mayor rendimiento y menor consumo energ\u00e9tico - Actecir<\/title>\n<meta name=\"robots\" content=\"index, follow, max-snippet:-1, max-image-preview:large, max-video-preview:-1\" \/>\n<link rel=\"canonical\" href=\"https:\/\/www.actecir.cat\/es\/fujitsu-impulsa-su-gama-de-conductos-para-ofrecer-un-mayor-rendimiento-y-menor-consumo-energetico\/\" \/>\n<meta property=\"og:locale\" content=\"es_ES\" \/>\n<meta property=\"og:type\" content=\"article\" \/>\n<meta property=\"og:title\" content=\"Fujitsu impulsa su Gama de Conductos para ofrecer un mayor rendimiento y menor consumo energ\u00e9tico - Actecir\" \/>\n<meta property=\"og:description\" content=\"Inverter i-PAM y V-PAM y junto a los ventiladores DC\" \/>\n<meta property=\"og:url\" content=\"https:\/\/www.actecir.cat\/es\/fujitsu-impulsa-su-gama-de-conductos-para-ofrecer-un-mayor-rendimiento-y-menor-consumo-energetico\/\" \/>\n<meta property=\"og:site_name\" content=\"Actecir\" \/>\n<meta property=\"article:published_time\" content=\"2018-10-16T10:31:46+00:00\" \/>\n<meta property=\"article:modified_time\" content=\"2023-05-11T10:34:03+00:00\" \/>\n<meta property=\"og:image\" content=\"https:\/\/www.actecir.cat\/wp-content\/uploads\/2023\/05\/eurofred-1024x683.png\" \/>\n\t<meta property=\"og:image:width\" content=\"1024\" \/>\n\t<meta property=\"og:image:height\" content=\"683\" \/>\n\t<meta property=\"og:image:type\" content=\"image\/png\" \/>\n<meta name=\"author\" content=\"Soporte web\" \/>\n<meta name=\"twitter:card\" content=\"summary_large_image\" \/>\n<meta name=\"twitter:creator\" content=\"@actecir\" \/>\n<meta name=\"twitter:site\" content=\"@actecir\" \/>\n<meta name=\"twitter:label1\" content=\"Escrito por\" \/>\n\t<meta name=\"twitter:data1\" content=\"Soporte web\" \/>\n\t<meta name=\"twitter:label2\" content=\"Tiempo de lectura\" \/>\n\t<meta name=\"twitter:data2\" content=\"7 minutos\" \/>\n<script type=\"application\/ld+json\" class=\"yoast-schema-graph\">{\"@context\":\"https:\/\/schema.org\",\"@graph\":[{\"@type\":\"Article\",\"@id\":\"https:\/\/www.actecir.cat\/es\/fujitsu-impulsa-su-gama-de-conductos-para-ofrecer-un-mayor-rendimiento-y-menor-consumo-energetico\/#article\",\"isPartOf\":{\"@id\":\"https:\/\/www.actecir.cat\/es\/fujitsu-impulsa-su-gama-de-conductos-para-ofrecer-un-mayor-rendimiento-y-menor-consumo-energetico\/\"},\"author\":{\"name\":\"Soporte web\",\"@id\":\"https:\/\/www.actecir.cat\/#\/schema\/person\/42edd02f0b1d55e19444428c5d321413\"},\"headline\":\"Fujitsu impulsa su Gama de Conductos para ofrecer un mayor rendimiento y menor consumo energ\u00e9tico\",\"datePublished\":\"2018-10-16T10:31:46+00:00\",\"dateModified\":\"2023-05-11T10:34:03+00:00\",\"mainEntityOfPage\":{\"@id\":\"https:\/\/www.actecir.cat\/es\/fujitsu-impulsa-su-gama-de-conductos-para-ofrecer-un-mayor-rendimiento-y-menor-consumo-energetico\/\"},\"wordCount\":1393,\"publisher\":{\"@id\":\"https:\/\/www.actecir.cat\/#organization\"},\"image\":{\"@id\":\"https:\/\/www.actecir.cat\/es\/fujitsu-impulsa-su-gama-de-conductos-para-ofrecer-un-mayor-rendimiento-y-menor-consumo-energetico\/#primaryimage\"},\"thumbnailUrl\":\"https:\/\/www.actecir.cat\/wp-content\/uploads\/2023\/05\/eurofred.png\",\"articleSection\":[\"Noticias\"],\"inLanguage\":\"es\"},{\"@type\":\"WebPage\",\"@id\":\"https:\/\/www.actecir.cat\/es\/fujitsu-impulsa-su-gama-de-conductos-para-ofrecer-un-mayor-rendimiento-y-menor-consumo-energetico\/\",\"url\":\"https:\/\/www.actecir.cat\/es\/fujitsu-impulsa-su-gama-de-conductos-para-ofrecer-un-mayor-rendimiento-y-menor-consumo-energetico\/\",\"name\":\"Fujitsu impulsa su Gama de Conductos para ofrecer un mayor rendimiento y menor consumo energ\u00e9tico - Actecir\",\"isPartOf\":{\"@id\":\"https:\/\/www.actecir.cat\/#website\"},\"primaryImageOfPage\":{\"@id\":\"https:\/\/www.actecir.cat\/es\/fujitsu-impulsa-su-gama-de-conductos-para-ofrecer-un-mayor-rendimiento-y-menor-consumo-energetico\/#primaryimage\"},\"image\":{\"@id\":\"https:\/\/www.actecir.cat\/es\/fujitsu-impulsa-su-gama-de-conductos-para-ofrecer-un-mayor-rendimiento-y-menor-consumo-energetico\/#primaryimage\"},\"thumbnailUrl\":\"https:\/\/www.actecir.cat\/wp-content\/uploads\/2023\/05\/eurofred.png\",\"datePublished\":\"2018-10-16T10:31:46+00:00\",\"dateModified\":\"2023-05-11T10:34:03+00:00\",\"breadcrumb\":{\"@id\":\"https:\/\/www.actecir.cat\/es\/fujitsu-impulsa-su-gama-de-conductos-para-ofrecer-un-mayor-rendimiento-y-menor-consumo-energetico\/#breadcrumb\"},\"inLanguage\":\"es\",\"potentialAction\":[{\"@type\":\"ReadAction\",\"target\":[\"https:\/\/www.actecir.cat\/es\/fujitsu-impulsa-su-gama-de-conductos-para-ofrecer-un-mayor-rendimiento-y-menor-consumo-energetico\/\"]}]},{\"@type\":\"ImageObject\",\"inLanguage\":\"es\",\"@id\":\"https:\/\/www.actecir.cat\/es\/fujitsu-impulsa-su-gama-de-conductos-para-ofrecer-un-mayor-rendimiento-y-menor-consumo-energetico\/#primaryimage\",\"url\":\"https:\/\/www.actecir.cat\/wp-content\/uploads\/2023\/05\/eurofred.png\",\"contentUrl\":\"https:\/\/www.actecir.cat\/wp-content\/uploads\/2023\/05\/eurofred.png\",\"width\":17008,\"height\":11339},{\"@type\":\"BreadcrumbList\",\"@id\":\"https:\/\/www.actecir.cat\/es\/fujitsu-impulsa-su-gama-de-conductos-para-ofrecer-un-mayor-rendimiento-y-menor-consumo-energetico\/#breadcrumb\",\"itemListElement\":[{\"@type\":\"ListItem\",\"position\":1,\"name\":\"Inici\",\"item\":\"https:\/\/www.actecir.cat\/es\/\"},{\"@type\":\"ListItem\",\"position\":2,\"name\":\"Fujitsu impulsa su Gama de Conductos para ofrecer un mayor rendimiento y menor consumo energ\u00e9tico\"}]},{\"@type\":\"WebSite\",\"@id\":\"https:\/\/www.actecir.cat\/#website\",\"url\":\"https:\/\/www.actecir.cat\/\",\"name\":\"Actecir\",\"description\":\"Associaci\u00f3 Catalana de T\u00e8cnics en Energia, Climatitzaci\u00f3 i Refrigeraci\u00f3\",\"publisher\":{\"@id\":\"https:\/\/www.actecir.cat\/#organization\"},\"potentialAction\":[{\"@type\":\"SearchAction\",\"target\":{\"@type\":\"EntryPoint\",\"urlTemplate\":\"https:\/\/www.actecir.cat\/?s={search_term_string}\"},\"query-input\":{\"@type\":\"PropertyValueSpecification\",\"valueRequired\":true,\"valueName\":\"search_term_string\"}}],\"inLanguage\":\"es\"},{\"@type\":\"Organization\",\"@id\":\"https:\/\/www.actecir.cat\/#organization\",\"name\":\"Actecir\",\"url\":\"https:\/\/www.actecir.cat\/\",\"logo\":{\"@type\":\"ImageObject\",\"inLanguage\":\"es\",\"@id\":\"https:\/\/www.actecir.cat\/#\/schema\/logo\/image\/\",\"url\":\"https:\/\/www.actecir.cat\/wp-content\/uploads\/2023\/04\/cropped-logo_actecir_60_alto.png\",\"contentUrl\":\"https:\/\/www.actecir.cat\/wp-content\/uploads\/2023\/04\/cropped-logo_actecir_60_alto.png\",\"width\":283,\"height\":80,\"caption\":\"Actecir\"},\"image\":{\"@id\":\"https:\/\/www.actecir.cat\/#\/schema\/logo\/image\/\"},\"sameAs\":[\"https:\/\/x.com\/actecir\",\"https:\/\/www.linkedin.com\/company\/actecir\"]},{\"@type\":\"Person\",\"@id\":\"https:\/\/www.actecir.cat\/#\/schema\/person\/42edd02f0b1d55e19444428c5d321413\",\"name\":\"Soporte web\",\"sameAs\":[\"https:\/\/www.actecir.cat\"],\"url\":\"https:\/\/www.actecir.cat\/es\/author\/maensystems\/\"}]}<\/script>\n<!-- \/ Yoast SEO plugin. -->","yoast_head_json":{"title":"Fujitsu impulsa su Gama de Conductos para ofrecer un mayor rendimiento y menor consumo energ\u00e9tico - Actecir","robots":{"index":"index","follow":"follow","max-snippet":"max-snippet:-1","max-image-preview":"max-image-preview:large","max-video-preview":"max-video-preview:-1"},"canonical":"https:\/\/www.actecir.cat\/es\/fujitsu-impulsa-su-gama-de-conductos-para-ofrecer-un-mayor-rendimiento-y-menor-consumo-energetico\/","og_locale":"es_ES","og_type":"article","og_title":"Fujitsu impulsa su Gama de Conductos para ofrecer un mayor rendimiento y menor consumo energ\u00e9tico - Actecir","og_description":"Inverter i-PAM y V-PAM y junto a los ventiladores DC","og_url":"https:\/\/www.actecir.cat\/es\/fujitsu-impulsa-su-gama-de-conductos-para-ofrecer-un-mayor-rendimiento-y-menor-consumo-energetico\/","og_site_name":"Actecir","article_published_time":"2018-10-16T10:31:46+00:00","article_modified_time":"2023-05-11T10:34:03+00:00","og_image":[{"width":1024,"height":683,"url":"https:\/\/www.actecir.cat\/wp-content\/uploads\/2023\/05\/eurofred-1024x683.png","type":"image\/png"}],"author":"Soporte web","twitter_card":"summary_large_image","twitter_creator":"@actecir","twitter_site":"@actecir","twitter_misc":{"Escrito por":"Soporte web","Tiempo de lectura":"7 minutos"},"schema":{"@context":"https:\/\/schema.org","@graph":[{"@type":"Article","@id":"https:\/\/www.actecir.cat\/es\/fujitsu-impulsa-su-gama-de-conductos-para-ofrecer-un-mayor-rendimiento-y-menor-consumo-energetico\/#article","isPartOf":{"@id":"https:\/\/www.actecir.cat\/es\/fujitsu-impulsa-su-gama-de-conductos-para-ofrecer-un-mayor-rendimiento-y-menor-consumo-energetico\/"},"author":{"name":"Soporte web","@id":"https:\/\/www.actecir.cat\/#\/schema\/person\/42edd02f0b1d55e19444428c5d321413"},"headline":"Fujitsu impulsa su Gama de Conductos para ofrecer un mayor rendimiento y menor consumo energ\u00e9tico","datePublished":"2018-10-16T10:31:46+00:00","dateModified":"2023-05-11T10:34:03+00:00","mainEntityOfPage":{"@id":"https:\/\/www.actecir.cat\/es\/fujitsu-impulsa-su-gama-de-conductos-para-ofrecer-un-mayor-rendimiento-y-menor-consumo-energetico\/"},"wordCount":1393,"publisher":{"@id":"https:\/\/www.actecir.cat\/#organization"},"image":{"@id":"https:\/\/www.actecir.cat\/es\/fujitsu-impulsa-su-gama-de-conductos-para-ofrecer-un-mayor-rendimiento-y-menor-consumo-energetico\/#primaryimage"},"thumbnailUrl":"https:\/\/www.actecir.cat\/wp-content\/uploads\/2023\/05\/eurofred.png","articleSection":["Noticias"],"inLanguage":"es"},{"@type":"WebPage","@id":"https:\/\/www.actecir.cat\/es\/fujitsu-impulsa-su-gama-de-conductos-para-ofrecer-un-mayor-rendimiento-y-menor-consumo-energetico\/","url":"https:\/\/www.actecir.cat\/es\/fujitsu-impulsa-su-gama-de-conductos-para-ofrecer-un-mayor-rendimiento-y-menor-consumo-energetico\/","name":"Fujitsu impulsa su Gama de Conductos para ofrecer un mayor rendimiento y menor consumo energ\u00e9tico - Actecir","isPartOf":{"@id":"https:\/\/www.actecir.cat\/#website"},"primaryImageOfPage":{"@id":"https:\/\/www.actecir.cat\/es\/fujitsu-impulsa-su-gama-de-conductos-para-ofrecer-un-mayor-rendimiento-y-menor-consumo-energetico\/#primaryimage"},"image":{"@id":"https:\/\/www.actecir.cat\/es\/fujitsu-impulsa-su-gama-de-conductos-para-ofrecer-un-mayor-rendimiento-y-menor-consumo-energetico\/#primaryimage"},"thumbnailUrl":"https:\/\/www.actecir.cat\/wp-content\/uploads\/2023\/05\/eurofred.png","datePublished":"2018-10-16T10:31:46+00:00","dateModified":"2023-05-11T10:34:03+00:00","breadcrumb":{"@id":"https:\/\/www.actecir.cat\/es\/fujitsu-impulsa-su-gama-de-conductos-para-ofrecer-un-mayor-rendimiento-y-menor-consumo-energetico\/#breadcrumb"},"inLanguage":"es","potentialAction":[{"@type":"ReadAction","target":["https:\/\/www.actecir.cat\/es\/fujitsu-impulsa-su-gama-de-conductos-para-ofrecer-un-mayor-rendimiento-y-menor-consumo-energetico\/"]}]},{"@type":"ImageObject","inLanguage":"es","@id":"https:\/\/www.actecir.cat\/es\/fujitsu-impulsa-su-gama-de-conductos-para-ofrecer-un-mayor-rendimiento-y-menor-consumo-energetico\/#primaryimage","url":"https:\/\/www.actecir.cat\/wp-content\/uploads\/2023\/05\/eurofred.png","contentUrl":"https:\/\/www.actecir.cat\/wp-content\/uploads\/2023\/05\/eurofred.png","width":17008,"height":11339},{"@type":"BreadcrumbList","@id":"https:\/\/www.actecir.cat\/es\/fujitsu-impulsa-su-gama-de-conductos-para-ofrecer-un-mayor-rendimiento-y-menor-consumo-energetico\/#breadcrumb","itemListElement":[{"@type":"ListItem","position":1,"name":"Inici","item":"https:\/\/www.actecir.cat\/es\/"},{"@type":"ListItem","position":2,"name":"Fujitsu impulsa su Gama de Conductos para ofrecer un mayor rendimiento y menor consumo energ\u00e9tico"}]},{"@type":"WebSite","@id":"https:\/\/www.actecir.cat\/#website","url":"https:\/\/www.actecir.cat\/","name":"Actecir","description":"Associaci\u00f3 Catalana de T\u00e8cnics en Energia, Climatitzaci\u00f3 i Refrigeraci\u00f3","publisher":{"@id":"https:\/\/www.actecir.cat\/#organization"},"potentialAction":[{"@type":"SearchAction","target":{"@type":"EntryPoint","urlTemplate":"https:\/\/www.actecir.cat\/?s={search_term_string}"},"query-input":{"@type":"PropertyValueSpecification","valueRequired":true,"valueName":"search_term_string"}}],"inLanguage":"es"},{"@type":"Organization","@id":"https:\/\/www.actecir.cat\/#organization","name":"Actecir","url":"https:\/\/www.actecir.cat\/","logo":{"@type":"ImageObject","inLanguage":"es","@id":"https:\/\/www.actecir.cat\/#\/schema\/logo\/image\/","url":"https:\/\/www.actecir.cat\/wp-content\/uploads\/2023\/04\/cropped-logo_actecir_60_alto.png","contentUrl":"https:\/\/www.actecir.cat\/wp-content\/uploads\/2023\/04\/cropped-logo_actecir_60_alto.png","width":283,"height":80,"caption":"Actecir"},"image":{"@id":"https:\/\/www.actecir.cat\/#\/schema\/logo\/image\/"},"sameAs":["https:\/\/x.com\/actecir","https:\/\/www.linkedin.com\/company\/actecir"]},{"@type":"Person","@id":"https:\/\/www.actecir.cat\/#\/schema\/person\/42edd02f0b1d55e19444428c5d321413","name":"Soporte web","sameAs":["https:\/\/www.actecir.cat"],"url":"https:\/\/www.actecir.cat\/es\/author\/maensystems\/"}]}},"_links":{"self":[{"href":"https:\/\/www.actecir.cat\/es\/wp-json\/wp\/v2\/posts\/6658","targetHints":{"allow":["GET"]}}],"collection":[{"href":"https:\/\/www.actecir.cat\/es\/wp-json\/wp\/v2\/posts"}],"about":[{"href":"https:\/\/www.actecir.cat\/es\/wp-json\/wp\/v2\/types\/post"}],"author":[{"embeddable":true,"href":"https:\/\/www.actecir.cat\/es\/wp-json\/wp\/v2\/users\/1"}],"replies":[{"embeddable":true,"href":"https:\/\/www.actecir.cat\/es\/wp-json\/wp\/v2\/comments?post=6658"}],"version-history":[{"count":1,"href":"https:\/\/www.actecir.cat\/es\/wp-json\/wp\/v2\/posts\/6658\/revisions"}],"predecessor-version":[{"id":6659,"href":"https:\/\/www.actecir.cat\/es\/wp-json\/wp\/v2\/posts\/6658\/revisions\/6659"}],"wp:featuredmedia":[{"embeddable":true,"href":"https:\/\/www.actecir.cat\/es\/wp-json\/wp\/v2\/media\/6089"}],"wp:attachment":[{"href":"https:\/\/www.actecir.cat\/es\/wp-json\/wp\/v2\/media?parent=6658"}],"wp:term":[{"taxonomy":"category","embeddable":true,"href":"https:\/\/www.actecir.cat\/es\/wp-json\/wp\/v2\/categories?post=6658"},{"taxonomy":"post_tag","embeddable":true,"href":"https:\/\/www.actecir.cat\/es\/wp-json\/wp\/v2\/tags?post=6658"}],"curies":[{"name":"wp","href":"https:\/\/api.w.org\/{rel}","templated":true}]}}