{"id":6662,"date":"2018-09-25T12:34:53","date_gmt":"2018-09-25T10:34:53","guid":{"rendered":"https:\/\/www.actecir.cat\/?p=6662"},"modified":"2023-05-11T12:36:17","modified_gmt":"2023-05-11T10:36:17","slug":"ponte-al-dia-sobre-la-directiva-erp-todo-lo-que-debes-saber-antes-del-26-de-septiembre","status":"publish","type":"post","link":"https:\/\/www.actecir.cat\/es\/ponte-al-dia-sobre-la-directiva-erp-todo-lo-que-debes-saber-antes-del-26-de-septiembre\/","title":{"rendered":"Ponte al d\u00eda sobre la Directiva ErP: todo lo que debes saber antes del 26 de septiembre"},"content":{"rendered":"<p>El 26 de septiembre se aplica el tercer escal\u00f3n de la Directiva Europea Ecodesign (ErP), por el cual se limitan las emisiones m\u00e1ximas de NOx.<\/p>\n<ul>\n<li><strong>El objetivo de esta normativa es reducir el impacto medioambiental de los equipos e instalaciones.<\/strong><\/li>\n<li><strong>Junkers se adelantaba este a\u00f1o a la entrada en vigor de la normativa presentando la gama Hydronext de calentadores estancos y de bajas emisiones NOx.<\/strong><\/li>\n<\/ul>\n<p>Madrid, 24 de septiembre de 2018. Lleg\u00f3 el d\u00eda: este 26 de septiembre se aplica el tercer y \u00faltimo escal\u00f3n dela nueva Directiva EuropeaEcodesign (ErP), normativacon la que se culminar\u00e1 el cambio de las normas legislativas del mercado de los equipos productores de calor, calderas y dep\u00f3sitos de agua caliente sanitaria. Una transformaci\u00f3n que comenz\u00f3 el 26 de septiembre de 2015 con la aprobaci\u00f3n de la primera fase de la Directiva ErP y la entrada en vigor de la Directiva deEcolabelling (ELD) encargada de definir la obligatoriedad de incluir la etiqueta de clasificaci\u00f3n energ\u00e9tica en los aparatos y en los sistemas.<\/p>\n<p>Pero \u00bfqu\u00e9 cambiar\u00e1 entonces el pr\u00f3ximo 26 de septiembre? \u00bfQu\u00e9 productos se ver\u00e1n afectados por este \u00faltimo escal\u00f3n en la Directiva? Junkers, marca de la divisi\u00f3n Bosch Termotecnia perteneciente al Grupo Bosch, ha querido dar respuesta a las dudas de instaladores, profesionales del sector y consumidores, explicando las principales claves a tener en cuenta para llegar a esta fecha conociendo y entendiendo en profundidad lo m\u00e1s relevante deesta normativa.<\/p>\n<p>\u2022\u00a0<strong>\u00bfQu\u00e9 es la ErP?<\/strong>\u00a0La Directiva Ecodesign (ErP) es una normativa europea obligatoria en los 28 estados miembros del \u00e1rea de influencia econ\u00f3mica de la Uni\u00f3n Europea que se encarga de regular el dise\u00f1o ecol\u00f3gico y el marcado de eficiencia de los productos que consumen energ\u00eda en relaci\u00f3n a las emisiones m\u00e1ximas de NOx, el nivel m\u00e1ximo de p\u00e9rdidas t\u00e9rmicas en los dep\u00f3sitos de a.c.s. y el nivel de ruido para bombas de calor de climatizaci\u00f3n, bombas de calor de a.c.s., termos el\u00e9ctricos, calderas el\u00e9ctricas y de cogeneraci\u00f3n.<\/p>\n<p>\u2022\u00a0<strong>\u00bfPor qu\u00e9 se pone en marcha esta normativa?<\/strong>\u00a0La motivaci\u00f3n principal de la aplicaci\u00f3n de estas normativas es la reducci\u00f3n del impacto medioambiental de estas instalaciones, ya que las emisiones de NOx contribuyen a la formaci\u00f3n de ozono en las capas bajas de la atm\u00f3sfera, a la creaci\u00f3n de la niebla fotoqu\u00edmica y al efecto invernadero.<\/p>\n<p>\u2022\u00a0<strong>\u00bfQu\u00e9 pasa el 26 de septiembre?<\/strong>Este d\u00eda se aplica el tercer escal\u00f3n de eficiencia y las limitaciones de emisiones m\u00e1ximas de NOx, impidiendo la obtenci\u00f3n del marcado CE y la introducci\u00f3n en los mercados para su venta, de equipos que no cumplan con los requisitos.<\/p>\n<p>\u2022\u00a0<strong>\u00bfQu\u00e9 productos se ver\u00e1n afectados?<\/strong>\u00a0La culminaci\u00f3n de este proceso legislativo afectar\u00e1 a calentadores de agua a gas, calderas y acumuladores de gas, bombas de calor de gas, calderas de combustibles l\u00edquidos y calderas y bombas de calor de gasoil, impidiendo -como se mencionaba anteriormente- obtener el marcado CE, y por lo tanto ponerse en el mercado, a aquellos aparatos que no cumplan con los niveles m\u00ednimos de eficiencia y m\u00e1ximos de emisiones de NOx.<\/p>\n<p>Adelant\u00e1ndose a la entrada en vigor de esta normativa, este a\u00f1o Junkers presentaba la nueva gama Hydronext de calentadores estancos y debajas emisiones NOx, compuesta por 3 modelos, Hydronext 5600 S, Hydronext 5700 Se Hydronext 6700i S, \u00e9ste \u00faltimo capaz de combinar la tecnolog\u00eda m\u00e1s puntera con conectividad wifi integrada y el dise\u00f1o m\u00e1s innovador con frente de vidrio y display t\u00e1ctil a color.<\/p>\n<p><strong>2018, un a\u00f1o decisivo que comenzaba con el RITE<\/strong><br \/>\nLa aplicaci\u00f3n de estas normativas ser\u00e1 el punto y final a un a\u00f1o decisivo en materia de legislaci\u00f3n, tras el fin de la moratoria de cinco a\u00f1os que marc\u00f3 la disposici\u00f3n transitoria al Reglamento de Instalaciones T\u00e9rmicas en Edificios (RITE), y que tuvo lugar el pasado 14 de abril.<br \/>\nEste reglamento proh\u00edbe la instalaci\u00f3n de calentadores de agua a gas de c\u00e1mara abierta, cuya motivaci\u00f3n principal era la seguridad, ya que la c\u00e1mara estanca donde se produce la combusti\u00f3n interna es una c\u00e1mara sellada, por lo que no permite que ning\u00fan gas procedente de la combusti\u00f3n pueda revertir hacia el local donde se encuentra instalado. Adem\u00e1s, no necesita ning\u00fan tipo de ventilaci\u00f3n, por lo que puede ser instalado con completa seguridad en cualquier estancia.<\/p>\n","protected":false},"excerpt":{"rendered":"<p>El 26 de septiembre se aplica el tercer escal\u00f3n de la Directiva Europea Ecodesign (ErP), por el cual se limitan las emisiones m\u00e1ximas de NOx.<\/p>\n","protected":false},"author":1,"featured_media":77,"comment_status":"closed","ping_status":"closed","sticky":false,"template":"","format":"standard","meta":{"footnotes":""},"categories":[25],"tags":[],"class_list":["post-6662","post","type-post","status-publish","format-standard","has-post-thumbnail","hentry","category-noticias"],"yoast_head":"<!-- This site is optimized with the Yoast SEO plugin v27.2 - https:\/\/yoast.com\/product\/yoast-seo-wordpress\/ -->\n<title>Ponte al d\u00eda sobre la Directiva ErP: todo lo que debes saber antes del 26 de septiembre - Actecir<\/title>\n<meta name=\"robots\" content=\"index, follow, max-snippet:-1, max-image-preview:large, max-video-preview:-1\" \/>\n<link rel=\"canonical\" href=\"https:\/\/www.actecir.cat\/es\/ponte-al-dia-sobre-la-directiva-erp-todo-lo-que-debes-saber-antes-del-26-de-septiembre\/\" \/>\n<meta property=\"og:locale\" content=\"es_ES\" \/>\n<meta property=\"og:type\" content=\"article\" \/>\n<meta property=\"og:title\" content=\"Ponte al d\u00eda sobre la Directiva ErP: todo lo que debes saber antes del 26 de septiembre - Actecir\" \/>\n<meta property=\"og:description\" content=\"El 26 de septiembre se aplica el tercer escal\u00f3n de la Directiva Europea Ecodesign (ErP), por el cual se limitan las emisiones m\u00e1ximas de NOx.\" \/>\n<meta property=\"og:url\" content=\"https:\/\/www.actecir.cat\/es\/ponte-al-dia-sobre-la-directiva-erp-todo-lo-que-debes-saber-antes-del-26-de-septiembre\/\" \/>\n<meta property=\"og:site_name\" content=\"Actecir\" \/>\n<meta property=\"article:published_time\" content=\"2018-09-25T10:34:53+00:00\" \/>\n<meta property=\"article:modified_time\" content=\"2023-05-11T10:36:17+00:00\" \/>\n<meta property=\"og:image\" content=\"https:\/\/www.actecir.cat\/wp-content\/uploads\/2023\/04\/junkers-bosch.jpg\" \/>\n\t<meta property=\"og:image:width\" content=\"150\" \/>\n\t<meta property=\"og:image:height\" content=\"150\" \/>\n\t<meta property=\"og:image:type\" content=\"image\/jpeg\" \/>\n<meta name=\"author\" content=\"Soporte web\" \/>\n<meta name=\"twitter:card\" content=\"summary_large_image\" \/>\n<meta name=\"twitter:creator\" content=\"@actecir\" \/>\n<meta name=\"twitter:site\" content=\"@actecir\" \/>\n<meta name=\"twitter:label1\" content=\"Escrito por\" \/>\n\t<meta name=\"twitter:data1\" content=\"Soporte web\" \/>\n\t<meta name=\"twitter:label2\" content=\"Tiempo de lectura\" \/>\n\t<meta name=\"twitter:data2\" content=\"4 minutos\" \/>\n<script type=\"application\/ld+json\" class=\"yoast-schema-graph\">{\"@context\":\"https:\/\/schema.org\",\"@graph\":[{\"@type\":\"Article\",\"@id\":\"https:\/\/www.actecir.cat\/es\/ponte-al-dia-sobre-la-directiva-erp-todo-lo-que-debes-saber-antes-del-26-de-septiembre\/#article\",\"isPartOf\":{\"@id\":\"https:\/\/www.actecir.cat\/es\/ponte-al-dia-sobre-la-directiva-erp-todo-lo-que-debes-saber-antes-del-26-de-septiembre\/\"},\"author\":{\"name\":\"Soporte web\",\"@id\":\"https:\/\/www.actecir.cat\/#\/schema\/person\/42edd02f0b1d55e19444428c5d321413\"},\"headline\":\"Ponte al d\u00eda sobre la Directiva ErP: todo lo que debes saber antes del 26 de septiembre\",\"datePublished\":\"2018-09-25T10:34:53+00:00\",\"dateModified\":\"2023-05-11T10:36:17+00:00\",\"mainEntityOfPage\":{\"@id\":\"https:\/\/www.actecir.cat\/es\/ponte-al-dia-sobre-la-directiva-erp-todo-lo-que-debes-saber-antes-del-26-de-septiembre\/\"},\"wordCount\":777,\"publisher\":{\"@id\":\"https:\/\/www.actecir.cat\/#organization\"},\"image\":{\"@id\":\"https:\/\/www.actecir.cat\/es\/ponte-al-dia-sobre-la-directiva-erp-todo-lo-que-debes-saber-antes-del-26-de-septiembre\/#primaryimage\"},\"thumbnailUrl\":\"https:\/\/www.actecir.cat\/wp-content\/uploads\/2023\/04\/junkers-bosch.jpg\",\"articleSection\":[\"Noticias\"],\"inLanguage\":\"es\"},{\"@type\":\"WebPage\",\"@id\":\"https:\/\/www.actecir.cat\/es\/ponte-al-dia-sobre-la-directiva-erp-todo-lo-que-debes-saber-antes-del-26-de-septiembre\/\",\"url\":\"https:\/\/www.actecir.cat\/es\/ponte-al-dia-sobre-la-directiva-erp-todo-lo-que-debes-saber-antes-del-26-de-septiembre\/\",\"name\":\"Ponte al d\u00eda sobre la Directiva ErP: todo lo que debes saber antes del 26 de septiembre - Actecir\",\"isPartOf\":{\"@id\":\"https:\/\/www.actecir.cat\/#website\"},\"primaryImageOfPage\":{\"@id\":\"https:\/\/www.actecir.cat\/es\/ponte-al-dia-sobre-la-directiva-erp-todo-lo-que-debes-saber-antes-del-26-de-septiembre\/#primaryimage\"},\"image\":{\"@id\":\"https:\/\/www.actecir.cat\/es\/ponte-al-dia-sobre-la-directiva-erp-todo-lo-que-debes-saber-antes-del-26-de-septiembre\/#primaryimage\"},\"thumbnailUrl\":\"https:\/\/www.actecir.cat\/wp-content\/uploads\/2023\/04\/junkers-bosch.jpg\",\"datePublished\":\"2018-09-25T10:34:53+00:00\",\"dateModified\":\"2023-05-11T10:36:17+00:00\",\"breadcrumb\":{\"@id\":\"https:\/\/www.actecir.cat\/es\/ponte-al-dia-sobre-la-directiva-erp-todo-lo-que-debes-saber-antes-del-26-de-septiembre\/#breadcrumb\"},\"inLanguage\":\"es\",\"potentialAction\":[{\"@type\":\"ReadAction\",\"target\":[\"https:\/\/www.actecir.cat\/es\/ponte-al-dia-sobre-la-directiva-erp-todo-lo-que-debes-saber-antes-del-26-de-septiembre\/\"]}]},{\"@type\":\"ImageObject\",\"inLanguage\":\"es\",\"@id\":\"https:\/\/www.actecir.cat\/es\/ponte-al-dia-sobre-la-directiva-erp-todo-lo-que-debes-saber-antes-del-26-de-septiembre\/#primaryimage\",\"url\":\"https:\/\/www.actecir.cat\/wp-content\/uploads\/2023\/04\/junkers-bosch.jpg\",\"contentUrl\":\"https:\/\/www.actecir.cat\/wp-content\/uploads\/2023\/04\/junkers-bosch.jpg\",\"width\":150,\"height\":150},{\"@type\":\"BreadcrumbList\",\"@id\":\"https:\/\/www.actecir.cat\/es\/ponte-al-dia-sobre-la-directiva-erp-todo-lo-que-debes-saber-antes-del-26-de-septiembre\/#breadcrumb\",\"itemListElement\":[{\"@type\":\"ListItem\",\"position\":1,\"name\":\"Inici\",\"item\":\"https:\/\/www.actecir.cat\/es\/\"},{\"@type\":\"ListItem\",\"position\":2,\"name\":\"Ponte al d\u00eda sobre la Directiva ErP: todo lo que debes saber antes del 26 de septiembre\"}]},{\"@type\":\"WebSite\",\"@id\":\"https:\/\/www.actecir.cat\/#website\",\"url\":\"https:\/\/www.actecir.cat\/\",\"name\":\"Actecir\",\"description\":\"Associaci\u00f3 Catalana de T\u00e8cnics en Energia, Climatitzaci\u00f3 i Refrigeraci\u00f3\",\"publisher\":{\"@id\":\"https:\/\/www.actecir.cat\/#organization\"},\"potentialAction\":[{\"@type\":\"SearchAction\",\"target\":{\"@type\":\"EntryPoint\",\"urlTemplate\":\"https:\/\/www.actecir.cat\/?s={search_term_string}\"},\"query-input\":{\"@type\":\"PropertyValueSpecification\",\"valueRequired\":true,\"valueName\":\"search_term_string\"}}],\"inLanguage\":\"es\"},{\"@type\":\"Organization\",\"@id\":\"https:\/\/www.actecir.cat\/#organization\",\"name\":\"Actecir\",\"url\":\"https:\/\/www.actecir.cat\/\",\"logo\":{\"@type\":\"ImageObject\",\"inLanguage\":\"es\",\"@id\":\"https:\/\/www.actecir.cat\/#\/schema\/logo\/image\/\",\"url\":\"https:\/\/www.actecir.cat\/wp-content\/uploads\/2023\/04\/cropped-logo_actecir_60_alto.png\",\"contentUrl\":\"https:\/\/www.actecir.cat\/wp-content\/uploads\/2023\/04\/cropped-logo_actecir_60_alto.png\",\"width\":283,\"height\":80,\"caption\":\"Actecir\"},\"image\":{\"@id\":\"https:\/\/www.actecir.cat\/#\/schema\/logo\/image\/\"},\"sameAs\":[\"https:\/\/x.com\/actecir\",\"https:\/\/www.linkedin.com\/company\/actecir\"]},{\"@type\":\"Person\",\"@id\":\"https:\/\/www.actecir.cat\/#\/schema\/person\/42edd02f0b1d55e19444428c5d321413\",\"name\":\"Soporte web\",\"sameAs\":[\"https:\/\/www.actecir.cat\"],\"url\":\"https:\/\/www.actecir.cat\/es\/author\/maensystems\/\"}]}<\/script>\n<!-- \/ Yoast SEO plugin. -->","yoast_head_json":{"title":"Ponte al d\u00eda sobre la Directiva ErP: todo lo que debes saber antes del 26 de septiembre - Actecir","robots":{"index":"index","follow":"follow","max-snippet":"max-snippet:-1","max-image-preview":"max-image-preview:large","max-video-preview":"max-video-preview:-1"},"canonical":"https:\/\/www.actecir.cat\/es\/ponte-al-dia-sobre-la-directiva-erp-todo-lo-que-debes-saber-antes-del-26-de-septiembre\/","og_locale":"es_ES","og_type":"article","og_title":"Ponte al d\u00eda sobre la Directiva ErP: todo lo que debes saber antes del 26 de septiembre - Actecir","og_description":"El 26 de septiembre se aplica el tercer escal\u00f3n de la Directiva Europea Ecodesign (ErP), por el cual se limitan las emisiones m\u00e1ximas de NOx.","og_url":"https:\/\/www.actecir.cat\/es\/ponte-al-dia-sobre-la-directiva-erp-todo-lo-que-debes-saber-antes-del-26-de-septiembre\/","og_site_name":"Actecir","article_published_time":"2018-09-25T10:34:53+00:00","article_modified_time":"2023-05-11T10:36:17+00:00","og_image":[{"width":150,"height":150,"url":"https:\/\/www.actecir.cat\/wp-content\/uploads\/2023\/04\/junkers-bosch.jpg","type":"image\/jpeg"}],"author":"Soporte web","twitter_card":"summary_large_image","twitter_creator":"@actecir","twitter_site":"@actecir","twitter_misc":{"Escrito por":"Soporte web","Tiempo de lectura":"4 minutos"},"schema":{"@context":"https:\/\/schema.org","@graph":[{"@type":"Article","@id":"https:\/\/www.actecir.cat\/es\/ponte-al-dia-sobre-la-directiva-erp-todo-lo-que-debes-saber-antes-del-26-de-septiembre\/#article","isPartOf":{"@id":"https:\/\/www.actecir.cat\/es\/ponte-al-dia-sobre-la-directiva-erp-todo-lo-que-debes-saber-antes-del-26-de-septiembre\/"},"author":{"name":"Soporte web","@id":"https:\/\/www.actecir.cat\/#\/schema\/person\/42edd02f0b1d55e19444428c5d321413"},"headline":"Ponte al d\u00eda sobre la Directiva ErP: todo lo que debes saber antes del 26 de septiembre","datePublished":"2018-09-25T10:34:53+00:00","dateModified":"2023-05-11T10:36:17+00:00","mainEntityOfPage":{"@id":"https:\/\/www.actecir.cat\/es\/ponte-al-dia-sobre-la-directiva-erp-todo-lo-que-debes-saber-antes-del-26-de-septiembre\/"},"wordCount":777,"publisher":{"@id":"https:\/\/www.actecir.cat\/#organization"},"image":{"@id":"https:\/\/www.actecir.cat\/es\/ponte-al-dia-sobre-la-directiva-erp-todo-lo-que-debes-saber-antes-del-26-de-septiembre\/#primaryimage"},"thumbnailUrl":"https:\/\/www.actecir.cat\/wp-content\/uploads\/2023\/04\/junkers-bosch.jpg","articleSection":["Noticias"],"inLanguage":"es"},{"@type":"WebPage","@id":"https:\/\/www.actecir.cat\/es\/ponte-al-dia-sobre-la-directiva-erp-todo-lo-que-debes-saber-antes-del-26-de-septiembre\/","url":"https:\/\/www.actecir.cat\/es\/ponte-al-dia-sobre-la-directiva-erp-todo-lo-que-debes-saber-antes-del-26-de-septiembre\/","name":"Ponte al d\u00eda sobre la Directiva ErP: todo lo que debes saber antes del 26 de septiembre - Actecir","isPartOf":{"@id":"https:\/\/www.actecir.cat\/#website"},"primaryImageOfPage":{"@id":"https:\/\/www.actecir.cat\/es\/ponte-al-dia-sobre-la-directiva-erp-todo-lo-que-debes-saber-antes-del-26-de-septiembre\/#primaryimage"},"image":{"@id":"https:\/\/www.actecir.cat\/es\/ponte-al-dia-sobre-la-directiva-erp-todo-lo-que-debes-saber-antes-del-26-de-septiembre\/#primaryimage"},"thumbnailUrl":"https:\/\/www.actecir.cat\/wp-content\/uploads\/2023\/04\/junkers-bosch.jpg","datePublished":"2018-09-25T10:34:53+00:00","dateModified":"2023-05-11T10:36:17+00:00","breadcrumb":{"@id":"https:\/\/www.actecir.cat\/es\/ponte-al-dia-sobre-la-directiva-erp-todo-lo-que-debes-saber-antes-del-26-de-septiembre\/#breadcrumb"},"inLanguage":"es","potentialAction":[{"@type":"ReadAction","target":["https:\/\/www.actecir.cat\/es\/ponte-al-dia-sobre-la-directiva-erp-todo-lo-que-debes-saber-antes-del-26-de-septiembre\/"]}]},{"@type":"ImageObject","inLanguage":"es","@id":"https:\/\/www.actecir.cat\/es\/ponte-al-dia-sobre-la-directiva-erp-todo-lo-que-debes-saber-antes-del-26-de-septiembre\/#primaryimage","url":"https:\/\/www.actecir.cat\/wp-content\/uploads\/2023\/04\/junkers-bosch.jpg","contentUrl":"https:\/\/www.actecir.cat\/wp-content\/uploads\/2023\/04\/junkers-bosch.jpg","width":150,"height":150},{"@type":"BreadcrumbList","@id":"https:\/\/www.actecir.cat\/es\/ponte-al-dia-sobre-la-directiva-erp-todo-lo-que-debes-saber-antes-del-26-de-septiembre\/#breadcrumb","itemListElement":[{"@type":"ListItem","position":1,"name":"Inici","item":"https:\/\/www.actecir.cat\/es\/"},{"@type":"ListItem","position":2,"name":"Ponte al d\u00eda sobre la Directiva ErP: todo lo que debes saber antes del 26 de septiembre"}]},{"@type":"WebSite","@id":"https:\/\/www.actecir.cat\/#website","url":"https:\/\/www.actecir.cat\/","name":"Actecir","description":"Associaci\u00f3 Catalana de T\u00e8cnics en Energia, Climatitzaci\u00f3 i Refrigeraci\u00f3","publisher":{"@id":"https:\/\/www.actecir.cat\/#organization"},"potentialAction":[{"@type":"SearchAction","target":{"@type":"EntryPoint","urlTemplate":"https:\/\/www.actecir.cat\/?s={search_term_string}"},"query-input":{"@type":"PropertyValueSpecification","valueRequired":true,"valueName":"search_term_string"}}],"inLanguage":"es"},{"@type":"Organization","@id":"https:\/\/www.actecir.cat\/#organization","name":"Actecir","url":"https:\/\/www.actecir.cat\/","logo":{"@type":"ImageObject","inLanguage":"es","@id":"https:\/\/www.actecir.cat\/#\/schema\/logo\/image\/","url":"https:\/\/www.actecir.cat\/wp-content\/uploads\/2023\/04\/cropped-logo_actecir_60_alto.png","contentUrl":"https:\/\/www.actecir.cat\/wp-content\/uploads\/2023\/04\/cropped-logo_actecir_60_alto.png","width":283,"height":80,"caption":"Actecir"},"image":{"@id":"https:\/\/www.actecir.cat\/#\/schema\/logo\/image\/"},"sameAs":["https:\/\/x.com\/actecir","https:\/\/www.linkedin.com\/company\/actecir"]},{"@type":"Person","@id":"https:\/\/www.actecir.cat\/#\/schema\/person\/42edd02f0b1d55e19444428c5d321413","name":"Soporte web","sameAs":["https:\/\/www.actecir.cat"],"url":"https:\/\/www.actecir.cat\/es\/author\/maensystems\/"}]}},"_links":{"self":[{"href":"https:\/\/www.actecir.cat\/es\/wp-json\/wp\/v2\/posts\/6662","targetHints":{"allow":["GET"]}}],"collection":[{"href":"https:\/\/www.actecir.cat\/es\/wp-json\/wp\/v2\/posts"}],"about":[{"href":"https:\/\/www.actecir.cat\/es\/wp-json\/wp\/v2\/types\/post"}],"author":[{"embeddable":true,"href":"https:\/\/www.actecir.cat\/es\/wp-json\/wp\/v2\/users\/1"}],"replies":[{"embeddable":true,"href":"https:\/\/www.actecir.cat\/es\/wp-json\/wp\/v2\/comments?post=6662"}],"version-history":[{"count":1,"href":"https:\/\/www.actecir.cat\/es\/wp-json\/wp\/v2\/posts\/6662\/revisions"}],"predecessor-version":[{"id":6663,"href":"https:\/\/www.actecir.cat\/es\/wp-json\/wp\/v2\/posts\/6662\/revisions\/6663"}],"wp:featuredmedia":[{"embeddable":true,"href":"https:\/\/www.actecir.cat\/es\/wp-json\/wp\/v2\/media\/77"}],"wp:attachment":[{"href":"https:\/\/www.actecir.cat\/es\/wp-json\/wp\/v2\/media?parent=6662"}],"wp:term":[{"taxonomy":"category","embeddable":true,"href":"https:\/\/www.actecir.cat\/es\/wp-json\/wp\/v2\/categories?post=6662"},{"taxonomy":"post_tag","embeddable":true,"href":"https:\/\/www.actecir.cat\/es\/wp-json\/wp\/v2\/tags?post=6662"}],"curies":[{"name":"wp","href":"https:\/\/api.w.org\/{rel}","templated":true}]}}