{"id":6671,"date":"2018-09-25T12:38:25","date_gmt":"2018-09-25T10:38:25","guid":{"rendered":"https:\/\/www.actecir.cat\/?p=6671"},"modified":"2023-05-11T12:39:39","modified_gmt":"2023-05-11T10:39:39","slug":"baxi-global-partner-de-la-feria-rebuild-innovacion-en-la-construccion-y-la-rehabilitacion","status":"publish","type":"post","link":"https:\/\/www.actecir.cat\/es\/baxi-global-partner-de-la-feria-rebuild-innovacion-en-la-construccion-y-la-rehabilitacion\/","title":{"rendered":"BAXI Global Partner de la feria Rebuild: Innovaci\u00f3n en la construcci\u00f3n y la rehabilitaci\u00f3n"},"content":{"rendered":"<p>La primera edici\u00f3n en Espa\u00f1a de Rebuild Expo &amp; Congress se llevar\u00e1 a cabo entre el 26 y 28 de septiembre en Barcelona<\/p>\n<p>BAXI, compa\u00f1\u00eda l\u00edder y referente en sistemas de climatizaci\u00f3n, ser\u00e1 uno de los patrocinadores principales de la feria Rebuild, que se celebra por primera vez en Espa\u00f1a. La feria re\u00fane los principales agentes que buscan la innovaci\u00f3n en el sector de la construcci\u00f3n y la rehabilitaci\u00f3n y, por este motivo, BAXI ha apostado de forma firme por este evento, ya que la innovaci\u00f3n y la b\u00fasqueda constante de soluciones respecto a la climatizaci\u00f3n del hogar son su eje estrat\u00e9gico.<\/p>\n<p>Rebuild se celebrar\u00e1 entre los d\u00edas 26 y 28 de setiembre en el Centro de Convenciones Internacional de Barcelona (CCIB). Esta feria pretende ser un evento pionero en el sector de la construcci\u00f3n y la rehabilitaci\u00f3n, el \u00fanico enfocado a convertirse en una plataforma exclusiva para dinamizar el sector de la rehabilitaci\u00f3n, la reforma y la eficiencia energ\u00e9tica de viviendas y edificios.<\/p>\n<p>Jordi Mestres, director general de BAXI en Espa\u00f1a y Portugal, considera que formar parte de este tipo de proyectos en nuestro pa\u00eds es clave para la compa\u00f1\u00eda ya que los objetivos que persigue este congreso est\u00e1n alineados con los principios empresariales de BAXI. \u201cCreemos firmemente que el futuro de la climatizaci\u00f3n est\u00e1 marcado por la eficiencia y el uso de las energ\u00edas renovables y es por ello que en BAXI existe un fuerte compromiso con la innovaci\u00f3n en el sector de la construcci\u00f3n y la rehabilitaci\u00f3n\u201d, ha afirmado Mestres.<\/p>\n<p>La feria Rebuild pretende ir un paso m\u00e1s all\u00e1 y acoge, adem\u00e1s, el Congreso Nacional de Arquitectura Avanzada y Construcci\u00f3n 4.0. \u00c9ste ser\u00e1 un espacio para el profesional donde se podr\u00e1n descubrir los nuevos materiales, las \u00faltimas tecnolog\u00edas emergentes y los sistemas constructivos m\u00e1s innovadores del momento. BAXI tambi\u00e9n participar\u00e1 en este congreso en una mesa redonda titulada \u201cHacia una arquitectura sostenible\u201d en la que Alberto Jim\u00e9nez, Director T\u00e9cnico de BAXI, ser\u00e1 uno de los ponentes.<\/p>\n<p>En esta l\u00ednea, Mestres ha a\u00f1adido que \u201ces muy interesante que se celebren este tipo de eventos que se convierten en un punto de encuentro para los profesionales del sector de la construcci\u00f3n y rehabilitaci\u00f3n que impulsan y entienden la innovaci\u00f3n como un aspecto esencial para conseguir mayor competitividad\u201d.<\/p>\n","protected":false},"excerpt":{"rendered":"<p>La primera edici\u00f3n en Espa\u00f1a de Rebuild Expo &#038; Congress se llevar\u00e1 a cabo entre el 26 y 28 de septiembre en Barcelona<\/p>\n","protected":false},"author":1,"featured_media":0,"comment_status":"closed","ping_status":"closed","sticky":false,"template":"","format":"standard","meta":{"footnotes":""},"categories":[25],"tags":[],"class_list":["post-6671","post","type-post","status-publish","format-standard","hentry","category-noticias"],"yoast_head":"<!-- This site is optimized with the Yoast SEO plugin v27.2 - https:\/\/yoast.com\/product\/yoast-seo-wordpress\/ -->\n<title>BAXI Global Partner de la feria Rebuild: Innovaci\u00f3n en la construcci\u00f3n y la rehabilitaci\u00f3n - Actecir<\/title>\n<meta name=\"robots\" content=\"index, follow, max-snippet:-1, max-image-preview:large, max-video-preview:-1\" \/>\n<link rel=\"canonical\" href=\"https:\/\/www.actecir.cat\/es\/baxi-global-partner-de-la-feria-rebuild-innovacion-en-la-construccion-y-la-rehabilitacion\/\" \/>\n<meta property=\"og:locale\" content=\"es_ES\" \/>\n<meta property=\"og:type\" content=\"article\" \/>\n<meta property=\"og:title\" content=\"BAXI Global Partner de la feria Rebuild: Innovaci\u00f3n en la construcci\u00f3n y la rehabilitaci\u00f3n - Actecir\" \/>\n<meta property=\"og:description\" content=\"La primera edici\u00f3n en Espa\u00f1a de Rebuild Expo &amp; Congress se llevar\u00e1 a cabo entre el 26 y 28 de septiembre en Barcelona\" \/>\n<meta property=\"og:url\" content=\"https:\/\/www.actecir.cat\/es\/baxi-global-partner-de-la-feria-rebuild-innovacion-en-la-construccion-y-la-rehabilitacion\/\" \/>\n<meta property=\"og:site_name\" content=\"Actecir\" \/>\n<meta property=\"article:published_time\" content=\"2018-09-25T10:38:25+00:00\" \/>\n<meta property=\"article:modified_time\" content=\"2023-05-11T10:39:39+00:00\" \/>\n<meta property=\"og:image\" content=\"https:\/\/www.actecir.cat\/wp-content\/uploads\/2023\/04\/baxi-.jpg\" \/>\n\t<meta property=\"og:image:width\" content=\"150\" \/>\n\t<meta property=\"og:image:height\" content=\"150\" \/>\n\t<meta property=\"og:image:type\" content=\"image\/jpeg\" \/>\n<meta name=\"author\" content=\"Soporte web\" \/>\n<meta name=\"twitter:card\" content=\"summary_large_image\" \/>\n<meta name=\"twitter:creator\" content=\"@actecir\" \/>\n<meta name=\"twitter:site\" content=\"@actecir\" \/>\n<meta name=\"twitter:label1\" content=\"Escrito por\" \/>\n\t<meta name=\"twitter:data1\" content=\"Soporte web\" \/>\n\t<meta name=\"twitter:label2\" content=\"Tiempo de lectura\" \/>\n\t<meta name=\"twitter:data2\" content=\"2 minutos\" \/>\n<script type=\"application\/ld+json\" class=\"yoast-schema-graph\">{\"@context\":\"https:\/\/schema.org\",\"@graph\":[{\"@type\":\"Article\",\"@id\":\"https:\/\/www.actecir.cat\/es\/baxi-global-partner-de-la-feria-rebuild-innovacion-en-la-construccion-y-la-rehabilitacion\/#article\",\"isPartOf\":{\"@id\":\"https:\/\/www.actecir.cat\/es\/baxi-global-partner-de-la-feria-rebuild-innovacion-en-la-construccion-y-la-rehabilitacion\/\"},\"author\":{\"name\":\"Soporte web\",\"@id\":\"https:\/\/www.actecir.cat\/#\/schema\/person\/42edd02f0b1d55e19444428c5d321413\"},\"headline\":\"BAXI Global Partner de la feria Rebuild: Innovaci\u00f3n en la construcci\u00f3n y la rehabilitaci\u00f3n\",\"datePublished\":\"2018-09-25T10:38:25+00:00\",\"dateModified\":\"2023-05-11T10:39:39+00:00\",\"mainEntityOfPage\":{\"@id\":\"https:\/\/www.actecir.cat\/es\/baxi-global-partner-de-la-feria-rebuild-innovacion-en-la-construccion-y-la-rehabilitacion\/\"},\"wordCount\":432,\"publisher\":{\"@id\":\"https:\/\/www.actecir.cat\/#organization\"},\"articleSection\":[\"Noticias\"],\"inLanguage\":\"es\"},{\"@type\":\"WebPage\",\"@id\":\"https:\/\/www.actecir.cat\/es\/baxi-global-partner-de-la-feria-rebuild-innovacion-en-la-construccion-y-la-rehabilitacion\/\",\"url\":\"https:\/\/www.actecir.cat\/es\/baxi-global-partner-de-la-feria-rebuild-innovacion-en-la-construccion-y-la-rehabilitacion\/\",\"name\":\"BAXI Global Partner de la feria Rebuild: Innovaci\u00f3n en la construcci\u00f3n y la rehabilitaci\u00f3n - Actecir\",\"isPartOf\":{\"@id\":\"https:\/\/www.actecir.cat\/#website\"},\"datePublished\":\"2018-09-25T10:38:25+00:00\",\"dateModified\":\"2023-05-11T10:39:39+00:00\",\"breadcrumb\":{\"@id\":\"https:\/\/www.actecir.cat\/es\/baxi-global-partner-de-la-feria-rebuild-innovacion-en-la-construccion-y-la-rehabilitacion\/#breadcrumb\"},\"inLanguage\":\"es\",\"potentialAction\":[{\"@type\":\"ReadAction\",\"target\":[\"https:\/\/www.actecir.cat\/es\/baxi-global-partner-de-la-feria-rebuild-innovacion-en-la-construccion-y-la-rehabilitacion\/\"]}]},{\"@type\":\"BreadcrumbList\",\"@id\":\"https:\/\/www.actecir.cat\/es\/baxi-global-partner-de-la-feria-rebuild-innovacion-en-la-construccion-y-la-rehabilitacion\/#breadcrumb\",\"itemListElement\":[{\"@type\":\"ListItem\",\"position\":1,\"name\":\"Inici\",\"item\":\"https:\/\/www.actecir.cat\/es\/\"},{\"@type\":\"ListItem\",\"position\":2,\"name\":\"BAXI Global Partner de la feria Rebuild: Innovaci\u00f3n en la construcci\u00f3n y la rehabilitaci\u00f3n\"}]},{\"@type\":\"WebSite\",\"@id\":\"https:\/\/www.actecir.cat\/#website\",\"url\":\"https:\/\/www.actecir.cat\/\",\"name\":\"Actecir\",\"description\":\"Associaci\u00f3 Catalana de T\u00e8cnics en Energia, Climatitzaci\u00f3 i Refrigeraci\u00f3\",\"publisher\":{\"@id\":\"https:\/\/www.actecir.cat\/#organization\"},\"potentialAction\":[{\"@type\":\"SearchAction\",\"target\":{\"@type\":\"EntryPoint\",\"urlTemplate\":\"https:\/\/www.actecir.cat\/?s={search_term_string}\"},\"query-input\":{\"@type\":\"PropertyValueSpecification\",\"valueRequired\":true,\"valueName\":\"search_term_string\"}}],\"inLanguage\":\"es\"},{\"@type\":\"Organization\",\"@id\":\"https:\/\/www.actecir.cat\/#organization\",\"name\":\"Actecir\",\"url\":\"https:\/\/www.actecir.cat\/\",\"logo\":{\"@type\":\"ImageObject\",\"inLanguage\":\"es\",\"@id\":\"https:\/\/www.actecir.cat\/#\/schema\/logo\/image\/\",\"url\":\"https:\/\/www.actecir.cat\/wp-content\/uploads\/2023\/04\/cropped-logo_actecir_60_alto.png\",\"contentUrl\":\"https:\/\/www.actecir.cat\/wp-content\/uploads\/2023\/04\/cropped-logo_actecir_60_alto.png\",\"width\":283,\"height\":80,\"caption\":\"Actecir\"},\"image\":{\"@id\":\"https:\/\/www.actecir.cat\/#\/schema\/logo\/image\/\"},\"sameAs\":[\"https:\/\/x.com\/actecir\",\"https:\/\/www.linkedin.com\/company\/actecir\"]},{\"@type\":\"Person\",\"@id\":\"https:\/\/www.actecir.cat\/#\/schema\/person\/42edd02f0b1d55e19444428c5d321413\",\"name\":\"Soporte web\",\"sameAs\":[\"https:\/\/www.actecir.cat\"],\"url\":\"https:\/\/www.actecir.cat\/es\/author\/maensystems\/\"}]}<\/script>\n<!-- \/ Yoast SEO plugin. -->","yoast_head_json":{"title":"BAXI Global Partner de la feria Rebuild: Innovaci\u00f3n en la construcci\u00f3n y la rehabilitaci\u00f3n - Actecir","robots":{"index":"index","follow":"follow","max-snippet":"max-snippet:-1","max-image-preview":"max-image-preview:large","max-video-preview":"max-video-preview:-1"},"canonical":"https:\/\/www.actecir.cat\/es\/baxi-global-partner-de-la-feria-rebuild-innovacion-en-la-construccion-y-la-rehabilitacion\/","og_locale":"es_ES","og_type":"article","og_title":"BAXI Global Partner de la feria Rebuild: Innovaci\u00f3n en la construcci\u00f3n y la rehabilitaci\u00f3n - Actecir","og_description":"La primera edici\u00f3n en Espa\u00f1a de Rebuild Expo & Congress se llevar\u00e1 a cabo entre el 26 y 28 de septiembre en Barcelona","og_url":"https:\/\/www.actecir.cat\/es\/baxi-global-partner-de-la-feria-rebuild-innovacion-en-la-construccion-y-la-rehabilitacion\/","og_site_name":"Actecir","article_published_time":"2018-09-25T10:38:25+00:00","article_modified_time":"2023-05-11T10:39:39+00:00","og_image":[{"width":150,"height":150,"url":"https:\/\/www.actecir.cat\/wp-content\/uploads\/2023\/04\/baxi-.jpg","type":"image\/jpeg"}],"author":"Soporte web","twitter_card":"summary_large_image","twitter_creator":"@actecir","twitter_site":"@actecir","twitter_misc":{"Escrito por":"Soporte web","Tiempo de lectura":"2 minutos"},"schema":{"@context":"https:\/\/schema.org","@graph":[{"@type":"Article","@id":"https:\/\/www.actecir.cat\/es\/baxi-global-partner-de-la-feria-rebuild-innovacion-en-la-construccion-y-la-rehabilitacion\/#article","isPartOf":{"@id":"https:\/\/www.actecir.cat\/es\/baxi-global-partner-de-la-feria-rebuild-innovacion-en-la-construccion-y-la-rehabilitacion\/"},"author":{"name":"Soporte web","@id":"https:\/\/www.actecir.cat\/#\/schema\/person\/42edd02f0b1d55e19444428c5d321413"},"headline":"BAXI Global Partner de la feria Rebuild: Innovaci\u00f3n en la construcci\u00f3n y la rehabilitaci\u00f3n","datePublished":"2018-09-25T10:38:25+00:00","dateModified":"2023-05-11T10:39:39+00:00","mainEntityOfPage":{"@id":"https:\/\/www.actecir.cat\/es\/baxi-global-partner-de-la-feria-rebuild-innovacion-en-la-construccion-y-la-rehabilitacion\/"},"wordCount":432,"publisher":{"@id":"https:\/\/www.actecir.cat\/#organization"},"articleSection":["Noticias"],"inLanguage":"es"},{"@type":"WebPage","@id":"https:\/\/www.actecir.cat\/es\/baxi-global-partner-de-la-feria-rebuild-innovacion-en-la-construccion-y-la-rehabilitacion\/","url":"https:\/\/www.actecir.cat\/es\/baxi-global-partner-de-la-feria-rebuild-innovacion-en-la-construccion-y-la-rehabilitacion\/","name":"BAXI Global Partner de la feria Rebuild: Innovaci\u00f3n en la construcci\u00f3n y la rehabilitaci\u00f3n - Actecir","isPartOf":{"@id":"https:\/\/www.actecir.cat\/#website"},"datePublished":"2018-09-25T10:38:25+00:00","dateModified":"2023-05-11T10:39:39+00:00","breadcrumb":{"@id":"https:\/\/www.actecir.cat\/es\/baxi-global-partner-de-la-feria-rebuild-innovacion-en-la-construccion-y-la-rehabilitacion\/#breadcrumb"},"inLanguage":"es","potentialAction":[{"@type":"ReadAction","target":["https:\/\/www.actecir.cat\/es\/baxi-global-partner-de-la-feria-rebuild-innovacion-en-la-construccion-y-la-rehabilitacion\/"]}]},{"@type":"BreadcrumbList","@id":"https:\/\/www.actecir.cat\/es\/baxi-global-partner-de-la-feria-rebuild-innovacion-en-la-construccion-y-la-rehabilitacion\/#breadcrumb","itemListElement":[{"@type":"ListItem","position":1,"name":"Inici","item":"https:\/\/www.actecir.cat\/es\/"},{"@type":"ListItem","position":2,"name":"BAXI Global Partner de la feria Rebuild: Innovaci\u00f3n en la construcci\u00f3n y la rehabilitaci\u00f3n"}]},{"@type":"WebSite","@id":"https:\/\/www.actecir.cat\/#website","url":"https:\/\/www.actecir.cat\/","name":"Actecir","description":"Associaci\u00f3 Catalana de T\u00e8cnics en Energia, Climatitzaci\u00f3 i Refrigeraci\u00f3","publisher":{"@id":"https:\/\/www.actecir.cat\/#organization"},"potentialAction":[{"@type":"SearchAction","target":{"@type":"EntryPoint","urlTemplate":"https:\/\/www.actecir.cat\/?s={search_term_string}"},"query-input":{"@type":"PropertyValueSpecification","valueRequired":true,"valueName":"search_term_string"}}],"inLanguage":"es"},{"@type":"Organization","@id":"https:\/\/www.actecir.cat\/#organization","name":"Actecir","url":"https:\/\/www.actecir.cat\/","logo":{"@type":"ImageObject","inLanguage":"es","@id":"https:\/\/www.actecir.cat\/#\/schema\/logo\/image\/","url":"https:\/\/www.actecir.cat\/wp-content\/uploads\/2023\/04\/cropped-logo_actecir_60_alto.png","contentUrl":"https:\/\/www.actecir.cat\/wp-content\/uploads\/2023\/04\/cropped-logo_actecir_60_alto.png","width":283,"height":80,"caption":"Actecir"},"image":{"@id":"https:\/\/www.actecir.cat\/#\/schema\/logo\/image\/"},"sameAs":["https:\/\/x.com\/actecir","https:\/\/www.linkedin.com\/company\/actecir"]},{"@type":"Person","@id":"https:\/\/www.actecir.cat\/#\/schema\/person\/42edd02f0b1d55e19444428c5d321413","name":"Soporte web","sameAs":["https:\/\/www.actecir.cat"],"url":"https:\/\/www.actecir.cat\/es\/author\/maensystems\/"}]}},"_links":{"self":[{"href":"https:\/\/www.actecir.cat\/es\/wp-json\/wp\/v2\/posts\/6671","targetHints":{"allow":["GET"]}}],"collection":[{"href":"https:\/\/www.actecir.cat\/es\/wp-json\/wp\/v2\/posts"}],"about":[{"href":"https:\/\/www.actecir.cat\/es\/wp-json\/wp\/v2\/types\/post"}],"author":[{"embeddable":true,"href":"https:\/\/www.actecir.cat\/es\/wp-json\/wp\/v2\/users\/1"}],"replies":[{"embeddable":true,"href":"https:\/\/www.actecir.cat\/es\/wp-json\/wp\/v2\/comments?post=6671"}],"version-history":[{"count":1,"href":"https:\/\/www.actecir.cat\/es\/wp-json\/wp\/v2\/posts\/6671\/revisions"}],"predecessor-version":[{"id":6672,"href":"https:\/\/www.actecir.cat\/es\/wp-json\/wp\/v2\/posts\/6671\/revisions\/6672"}],"wp:attachment":[{"href":"https:\/\/www.actecir.cat\/es\/wp-json\/wp\/v2\/media?parent=6671"}],"wp:term":[{"taxonomy":"category","embeddable":true,"href":"https:\/\/www.actecir.cat\/es\/wp-json\/wp\/v2\/categories?post=6671"},{"taxonomy":"post_tag","embeddable":true,"href":"https:\/\/www.actecir.cat\/es\/wp-json\/wp\/v2\/tags?post=6671"}],"curies":[{"name":"wp","href":"https:\/\/api.w.org\/{rel}","templated":true}]}}