{"id":6677,"date":"2018-09-04T12:40:17","date_gmt":"2018-09-04T10:40:17","guid":{"rendered":"https:\/\/www.actecir.cat\/?p=6677"},"modified":"2023-05-11T12:41:24","modified_gmt":"2023-05-11T10:41:24","slug":"mas-de-1-000-profesionales-han-pasado-ya-por-eurofred-academy","status":"publish","type":"post","link":"https:\/\/www.actecir.cat\/es\/mas-de-1-000-profesionales-han-pasado-ya-por-eurofred-academy\/","title":{"rendered":"M\u00e1s de 1.000 profesionales han pasado ya por Eurofred Academy"},"content":{"rendered":"<p>M\u00e1s de 1.000 profesionales han pasado ya por la\u00a0<strong>Eurofred Academy<\/strong>, una poderosa herramienta de formaci\u00f3n a distribuidores, ingenieros, t\u00e9cnicos, instaladores y usuarios.<\/p>\n<p>&nbsp;<\/p>\n<p>Con su implementaci\u00f3n,\u00a0<strong>Eurofred<\/strong>\u00a0completa y refuerza su propuesta de valor a\u00f1adido a los profesionales de la climatizaci\u00f3n y horeca.<\/p>\n<p>Eurofred Academy proporciona todas las herramientas te\u00f3ricas y pr\u00e1cticas que necesitan los profesionales para dominar t\u00e9cnicamente las diferentes gamas de productos y afrontar su labor con mayor eficacia y ofrecer a sus clientes todas las garant\u00edas de \u00e9xito. Adem\u00e1s de formaci\u00f3n espec\u00edfica en diferentes tecnolog\u00edas y productos, Eurofred Academy mantiene permanentemente informados a los clientes de Eurofred de las \u00faltimas novedades del mercado, tendencias, normativas y nuevas tecnolog\u00edas.<\/p>\n<p>El equipo de Eurofred Academy est\u00e1 formado por ingenieros especializados en dar\u00a0 formaci\u00f3n t\u00e9cnica sobre las distintas gamas de producto que comercializa Eurofred: aire acondicionado dom\u00e9stico, comercial e industrial, as\u00ed como equipamiento profesional de la divisi\u00f3n horeca.<\/p>\n<p>Eurofred Academy ofrece un completo programa de formaciones que imparte a lo largo del a\u00f1o. Adem\u00e1s, puede organizar cursos seg\u00fan demanda o a medida de los clientes.<\/p>\n<p>Cuenta con unas instalaciones modernas, amplias y funcionales situadas en Vila-Rodona, Tarragona, que incluyen diferentes showrooms donde se muestran y se pueden ver en funcionamiento los productos m\u00e1s destacados de cada una de las l\u00edneas de negocio de Eurofred: climatizaci\u00f3n, industrial, calefacci\u00f3n y horeca.<\/p>\n<p>Las nuevas tecnolog\u00edas, especialmente las relacionadas con lo digital -conectividad, redes, WiFi, IoT, Apps, etc.- se han incorporado con fuerza al \u00e1mbito de la climatizaci\u00f3n y horeca. Gracias a ellas se ha mejorado la eficiencia de los equipos, desde su integraci\u00f3n y gesti\u00f3n, hasta la reducci\u00f3n de consumos. Todas ellas son novedades que Eurofred Academy traslada a sus clientes para que obtengan el m\u00e1ximo potencial, tanto de los avances t\u00e9cnicos de los diferentes equipos, como de sus potentes e innovadoras funcionalidades.<\/p>\n","protected":false},"excerpt":{"rendered":"<p>M\u00e1s de 1.000 profesionales han pasado ya por la\u00a0Eurofred Academy<\/p>\n","protected":false},"author":1,"featured_media":6675,"comment_status":"closed","ping_status":"closed","sticky":false,"template":"","format":"standard","meta":{"footnotes":""},"categories":[25],"tags":[],"class_list":["post-6677","post","type-post","status-publish","format-standard","has-post-thumbnail","hentry","category-noticias"],"yoast_head":"<!-- This site is optimized with the Yoast SEO plugin v27.2 - https:\/\/yoast.com\/product\/yoast-seo-wordpress\/ -->\n<title>M\u00e1s de 1.000 profesionales han pasado ya por Eurofred Academy - Actecir<\/title>\n<meta name=\"robots\" content=\"index, follow, max-snippet:-1, max-image-preview:large, max-video-preview:-1\" \/>\n<link rel=\"canonical\" href=\"https:\/\/www.actecir.cat\/es\/mas-de-1-000-profesionales-han-pasado-ya-por-eurofred-academy\/\" \/>\n<meta property=\"og:locale\" content=\"es_ES\" \/>\n<meta property=\"og:type\" content=\"article\" \/>\n<meta property=\"og:title\" content=\"M\u00e1s de 1.000 profesionales han pasado ya por Eurofred Academy - Actecir\" \/>\n<meta property=\"og:description\" content=\"M\u00e1s de 1.000 profesionales han pasado ya por la\u00a0Eurofred Academy\" \/>\n<meta property=\"og:url\" content=\"https:\/\/www.actecir.cat\/es\/mas-de-1-000-profesionales-han-pasado-ya-por-eurofred-academy\/\" \/>\n<meta property=\"og:site_name\" content=\"Actecir\" \/>\n<meta property=\"article:published_time\" content=\"2018-09-04T10:40:17+00:00\" \/>\n<meta property=\"article:modified_time\" content=\"2023-05-11T10:41:24+00:00\" \/>\n<meta property=\"og:image\" content=\"https:\/\/www.actecir.cat\/wp-content\/uploads\/2023\/05\/EurofredAcademy.png\" \/>\n\t<meta property=\"og:image:width\" content=\"600\" \/>\n\t<meta property=\"og:image:height\" content=\"400\" \/>\n\t<meta property=\"og:image:type\" content=\"image\/png\" \/>\n<meta name=\"author\" content=\"Soporte web\" \/>\n<meta name=\"twitter:card\" content=\"summary_large_image\" \/>\n<meta name=\"twitter:creator\" content=\"@actecir\" \/>\n<meta name=\"twitter:site\" content=\"@actecir\" \/>\n<meta name=\"twitter:label1\" content=\"Escrito por\" \/>\n\t<meta name=\"twitter:data1\" content=\"Soporte web\" \/>\n\t<meta name=\"twitter:label2\" content=\"Tiempo de lectura\" \/>\n\t<meta name=\"twitter:data2\" content=\"2 minutos\" \/>\n<script type=\"application\/ld+json\" class=\"yoast-schema-graph\">{\"@context\":\"https:\/\/schema.org\",\"@graph\":[{\"@type\":\"Article\",\"@id\":\"https:\/\/www.actecir.cat\/es\/mas-de-1-000-profesionales-han-pasado-ya-por-eurofred-academy\/#article\",\"isPartOf\":{\"@id\":\"https:\/\/www.actecir.cat\/es\/mas-de-1-000-profesionales-han-pasado-ya-por-eurofred-academy\/\"},\"author\":{\"name\":\"Soporte web\",\"@id\":\"https:\/\/www.actecir.cat\/#\/schema\/person\/42edd02f0b1d55e19444428c5d321413\"},\"headline\":\"M\u00e1s de 1.000 profesionales han pasado ya por Eurofred Academy\",\"datePublished\":\"2018-09-04T10:40:17+00:00\",\"dateModified\":\"2023-05-11T10:41:24+00:00\",\"mainEntityOfPage\":{\"@id\":\"https:\/\/www.actecir.cat\/es\/mas-de-1-000-profesionales-han-pasado-ya-por-eurofred-academy\/\"},\"wordCount\":344,\"publisher\":{\"@id\":\"https:\/\/www.actecir.cat\/#organization\"},\"image\":{\"@id\":\"https:\/\/www.actecir.cat\/es\/mas-de-1-000-profesionales-han-pasado-ya-por-eurofred-academy\/#primaryimage\"},\"thumbnailUrl\":\"https:\/\/www.actecir.cat\/wp-content\/uploads\/2023\/05\/EurofredAcademy.png\",\"articleSection\":[\"Noticias\"],\"inLanguage\":\"es\"},{\"@type\":\"WebPage\",\"@id\":\"https:\/\/www.actecir.cat\/es\/mas-de-1-000-profesionales-han-pasado-ya-por-eurofred-academy\/\",\"url\":\"https:\/\/www.actecir.cat\/es\/mas-de-1-000-profesionales-han-pasado-ya-por-eurofred-academy\/\",\"name\":\"M\u00e1s de 1.000 profesionales han pasado ya por Eurofred Academy - Actecir\",\"isPartOf\":{\"@id\":\"https:\/\/www.actecir.cat\/#website\"},\"primaryImageOfPage\":{\"@id\":\"https:\/\/www.actecir.cat\/es\/mas-de-1-000-profesionales-han-pasado-ya-por-eurofred-academy\/#primaryimage\"},\"image\":{\"@id\":\"https:\/\/www.actecir.cat\/es\/mas-de-1-000-profesionales-han-pasado-ya-por-eurofred-academy\/#primaryimage\"},\"thumbnailUrl\":\"https:\/\/www.actecir.cat\/wp-content\/uploads\/2023\/05\/EurofredAcademy.png\",\"datePublished\":\"2018-09-04T10:40:17+00:00\",\"dateModified\":\"2023-05-11T10:41:24+00:00\",\"breadcrumb\":{\"@id\":\"https:\/\/www.actecir.cat\/es\/mas-de-1-000-profesionales-han-pasado-ya-por-eurofred-academy\/#breadcrumb\"},\"inLanguage\":\"es\",\"potentialAction\":[{\"@type\":\"ReadAction\",\"target\":[\"https:\/\/www.actecir.cat\/es\/mas-de-1-000-profesionales-han-pasado-ya-por-eurofred-academy\/\"]}]},{\"@type\":\"ImageObject\",\"inLanguage\":\"es\",\"@id\":\"https:\/\/www.actecir.cat\/es\/mas-de-1-000-profesionales-han-pasado-ya-por-eurofred-academy\/#primaryimage\",\"url\":\"https:\/\/www.actecir.cat\/wp-content\/uploads\/2023\/05\/EurofredAcademy.png\",\"contentUrl\":\"https:\/\/www.actecir.cat\/wp-content\/uploads\/2023\/05\/EurofredAcademy.png\",\"width\":600,\"height\":400},{\"@type\":\"BreadcrumbList\",\"@id\":\"https:\/\/www.actecir.cat\/es\/mas-de-1-000-profesionales-han-pasado-ya-por-eurofred-academy\/#breadcrumb\",\"itemListElement\":[{\"@type\":\"ListItem\",\"position\":1,\"name\":\"Inici\",\"item\":\"https:\/\/www.actecir.cat\/es\/\"},{\"@type\":\"ListItem\",\"position\":2,\"name\":\"M\u00e1s de 1.000 profesionales han pasado ya por Eurofred Academy\"}]},{\"@type\":\"WebSite\",\"@id\":\"https:\/\/www.actecir.cat\/#website\",\"url\":\"https:\/\/www.actecir.cat\/\",\"name\":\"Actecir\",\"description\":\"Associaci\u00f3 Catalana de T\u00e8cnics en Energia, Climatitzaci\u00f3 i Refrigeraci\u00f3\",\"publisher\":{\"@id\":\"https:\/\/www.actecir.cat\/#organization\"},\"potentialAction\":[{\"@type\":\"SearchAction\",\"target\":{\"@type\":\"EntryPoint\",\"urlTemplate\":\"https:\/\/www.actecir.cat\/?s={search_term_string}\"},\"query-input\":{\"@type\":\"PropertyValueSpecification\",\"valueRequired\":true,\"valueName\":\"search_term_string\"}}],\"inLanguage\":\"es\"},{\"@type\":\"Organization\",\"@id\":\"https:\/\/www.actecir.cat\/#organization\",\"name\":\"Actecir\",\"url\":\"https:\/\/www.actecir.cat\/\",\"logo\":{\"@type\":\"ImageObject\",\"inLanguage\":\"es\",\"@id\":\"https:\/\/www.actecir.cat\/#\/schema\/logo\/image\/\",\"url\":\"https:\/\/www.actecir.cat\/wp-content\/uploads\/2023\/04\/cropped-logo_actecir_60_alto.png\",\"contentUrl\":\"https:\/\/www.actecir.cat\/wp-content\/uploads\/2023\/04\/cropped-logo_actecir_60_alto.png\",\"width\":283,\"height\":80,\"caption\":\"Actecir\"},\"image\":{\"@id\":\"https:\/\/www.actecir.cat\/#\/schema\/logo\/image\/\"},\"sameAs\":[\"https:\/\/x.com\/actecir\",\"https:\/\/www.linkedin.com\/company\/actecir\"]},{\"@type\":\"Person\",\"@id\":\"https:\/\/www.actecir.cat\/#\/schema\/person\/42edd02f0b1d55e19444428c5d321413\",\"name\":\"Soporte web\",\"sameAs\":[\"https:\/\/www.actecir.cat\"],\"url\":\"https:\/\/www.actecir.cat\/es\/author\/maensystems\/\"}]}<\/script>\n<!-- \/ Yoast SEO plugin. -->","yoast_head_json":{"title":"M\u00e1s de 1.000 profesionales han pasado ya por Eurofred Academy - Actecir","robots":{"index":"index","follow":"follow","max-snippet":"max-snippet:-1","max-image-preview":"max-image-preview:large","max-video-preview":"max-video-preview:-1"},"canonical":"https:\/\/www.actecir.cat\/es\/mas-de-1-000-profesionales-han-pasado-ya-por-eurofred-academy\/","og_locale":"es_ES","og_type":"article","og_title":"M\u00e1s de 1.000 profesionales han pasado ya por Eurofred Academy - Actecir","og_description":"M\u00e1s de 1.000 profesionales han pasado ya por la\u00a0Eurofred Academy","og_url":"https:\/\/www.actecir.cat\/es\/mas-de-1-000-profesionales-han-pasado-ya-por-eurofred-academy\/","og_site_name":"Actecir","article_published_time":"2018-09-04T10:40:17+00:00","article_modified_time":"2023-05-11T10:41:24+00:00","og_image":[{"width":600,"height":400,"url":"https:\/\/www.actecir.cat\/wp-content\/uploads\/2023\/05\/EurofredAcademy.png","type":"image\/png"}],"author":"Soporte web","twitter_card":"summary_large_image","twitter_creator":"@actecir","twitter_site":"@actecir","twitter_misc":{"Escrito por":"Soporte web","Tiempo de lectura":"2 minutos"},"schema":{"@context":"https:\/\/schema.org","@graph":[{"@type":"Article","@id":"https:\/\/www.actecir.cat\/es\/mas-de-1-000-profesionales-han-pasado-ya-por-eurofred-academy\/#article","isPartOf":{"@id":"https:\/\/www.actecir.cat\/es\/mas-de-1-000-profesionales-han-pasado-ya-por-eurofred-academy\/"},"author":{"name":"Soporte web","@id":"https:\/\/www.actecir.cat\/#\/schema\/person\/42edd02f0b1d55e19444428c5d321413"},"headline":"M\u00e1s de 1.000 profesionales han pasado ya por Eurofred Academy","datePublished":"2018-09-04T10:40:17+00:00","dateModified":"2023-05-11T10:41:24+00:00","mainEntityOfPage":{"@id":"https:\/\/www.actecir.cat\/es\/mas-de-1-000-profesionales-han-pasado-ya-por-eurofred-academy\/"},"wordCount":344,"publisher":{"@id":"https:\/\/www.actecir.cat\/#organization"},"image":{"@id":"https:\/\/www.actecir.cat\/es\/mas-de-1-000-profesionales-han-pasado-ya-por-eurofred-academy\/#primaryimage"},"thumbnailUrl":"https:\/\/www.actecir.cat\/wp-content\/uploads\/2023\/05\/EurofredAcademy.png","articleSection":["Noticias"],"inLanguage":"es"},{"@type":"WebPage","@id":"https:\/\/www.actecir.cat\/es\/mas-de-1-000-profesionales-han-pasado-ya-por-eurofred-academy\/","url":"https:\/\/www.actecir.cat\/es\/mas-de-1-000-profesionales-han-pasado-ya-por-eurofred-academy\/","name":"M\u00e1s de 1.000 profesionales han pasado ya por Eurofred Academy - Actecir","isPartOf":{"@id":"https:\/\/www.actecir.cat\/#website"},"primaryImageOfPage":{"@id":"https:\/\/www.actecir.cat\/es\/mas-de-1-000-profesionales-han-pasado-ya-por-eurofred-academy\/#primaryimage"},"image":{"@id":"https:\/\/www.actecir.cat\/es\/mas-de-1-000-profesionales-han-pasado-ya-por-eurofred-academy\/#primaryimage"},"thumbnailUrl":"https:\/\/www.actecir.cat\/wp-content\/uploads\/2023\/05\/EurofredAcademy.png","datePublished":"2018-09-04T10:40:17+00:00","dateModified":"2023-05-11T10:41:24+00:00","breadcrumb":{"@id":"https:\/\/www.actecir.cat\/es\/mas-de-1-000-profesionales-han-pasado-ya-por-eurofred-academy\/#breadcrumb"},"inLanguage":"es","potentialAction":[{"@type":"ReadAction","target":["https:\/\/www.actecir.cat\/es\/mas-de-1-000-profesionales-han-pasado-ya-por-eurofred-academy\/"]}]},{"@type":"ImageObject","inLanguage":"es","@id":"https:\/\/www.actecir.cat\/es\/mas-de-1-000-profesionales-han-pasado-ya-por-eurofred-academy\/#primaryimage","url":"https:\/\/www.actecir.cat\/wp-content\/uploads\/2023\/05\/EurofredAcademy.png","contentUrl":"https:\/\/www.actecir.cat\/wp-content\/uploads\/2023\/05\/EurofredAcademy.png","width":600,"height":400},{"@type":"BreadcrumbList","@id":"https:\/\/www.actecir.cat\/es\/mas-de-1-000-profesionales-han-pasado-ya-por-eurofred-academy\/#breadcrumb","itemListElement":[{"@type":"ListItem","position":1,"name":"Inici","item":"https:\/\/www.actecir.cat\/es\/"},{"@type":"ListItem","position":2,"name":"M\u00e1s de 1.000 profesionales han pasado ya por Eurofred Academy"}]},{"@type":"WebSite","@id":"https:\/\/www.actecir.cat\/#website","url":"https:\/\/www.actecir.cat\/","name":"Actecir","description":"Associaci\u00f3 Catalana de T\u00e8cnics en Energia, Climatitzaci\u00f3 i Refrigeraci\u00f3","publisher":{"@id":"https:\/\/www.actecir.cat\/#organization"},"potentialAction":[{"@type":"SearchAction","target":{"@type":"EntryPoint","urlTemplate":"https:\/\/www.actecir.cat\/?s={search_term_string}"},"query-input":{"@type":"PropertyValueSpecification","valueRequired":true,"valueName":"search_term_string"}}],"inLanguage":"es"},{"@type":"Organization","@id":"https:\/\/www.actecir.cat\/#organization","name":"Actecir","url":"https:\/\/www.actecir.cat\/","logo":{"@type":"ImageObject","inLanguage":"es","@id":"https:\/\/www.actecir.cat\/#\/schema\/logo\/image\/","url":"https:\/\/www.actecir.cat\/wp-content\/uploads\/2023\/04\/cropped-logo_actecir_60_alto.png","contentUrl":"https:\/\/www.actecir.cat\/wp-content\/uploads\/2023\/04\/cropped-logo_actecir_60_alto.png","width":283,"height":80,"caption":"Actecir"},"image":{"@id":"https:\/\/www.actecir.cat\/#\/schema\/logo\/image\/"},"sameAs":["https:\/\/x.com\/actecir","https:\/\/www.linkedin.com\/company\/actecir"]},{"@type":"Person","@id":"https:\/\/www.actecir.cat\/#\/schema\/person\/42edd02f0b1d55e19444428c5d321413","name":"Soporte web","sameAs":["https:\/\/www.actecir.cat"],"url":"https:\/\/www.actecir.cat\/es\/author\/maensystems\/"}]}},"_links":{"self":[{"href":"https:\/\/www.actecir.cat\/es\/wp-json\/wp\/v2\/posts\/6677","targetHints":{"allow":["GET"]}}],"collection":[{"href":"https:\/\/www.actecir.cat\/es\/wp-json\/wp\/v2\/posts"}],"about":[{"href":"https:\/\/www.actecir.cat\/es\/wp-json\/wp\/v2\/types\/post"}],"author":[{"embeddable":true,"href":"https:\/\/www.actecir.cat\/es\/wp-json\/wp\/v2\/users\/1"}],"replies":[{"embeddable":true,"href":"https:\/\/www.actecir.cat\/es\/wp-json\/wp\/v2\/comments?post=6677"}],"version-history":[{"count":1,"href":"https:\/\/www.actecir.cat\/es\/wp-json\/wp\/v2\/posts\/6677\/revisions"}],"predecessor-version":[{"id":6678,"href":"https:\/\/www.actecir.cat\/es\/wp-json\/wp\/v2\/posts\/6677\/revisions\/6678"}],"wp:featuredmedia":[{"embeddable":true,"href":"https:\/\/www.actecir.cat\/es\/wp-json\/wp\/v2\/media\/6675"}],"wp:attachment":[{"href":"https:\/\/www.actecir.cat\/es\/wp-json\/wp\/v2\/media?parent=6677"}],"wp:term":[{"taxonomy":"category","embeddable":true,"href":"https:\/\/www.actecir.cat\/es\/wp-json\/wp\/v2\/categories?post=6677"},{"taxonomy":"post_tag","embeddable":true,"href":"https:\/\/www.actecir.cat\/es\/wp-json\/wp\/v2\/tags?post=6677"}],"curies":[{"name":"wp","href":"https:\/\/api.w.org\/{rel}","templated":true}]}}