{"id":6691,"date":"2018-07-02T12:47:35","date_gmt":"2018-07-02T10:47:35","guid":{"rendered":"https:\/\/www.actecir.cat\/?p=6691"},"modified":"2023-05-11T12:49:36","modified_gmt":"2023-05-11T10:49:36","slug":"asamblea-general-actecir-2018","status":"publish","type":"post","link":"https:\/\/www.actecir.cat\/es\/asamblea-general-actecir-2018\/","title":{"rendered":"Asamblea General ACTECIR 2018"},"content":{"rendered":"<p>La Asociaci\u00f3n Catalana de T\u00e9cnicos celebr\u00f3, ayer d\u00eda 28 de junio, su Asamblea General Ordinaria, en la sala del ICAEN. Durante el acto se revisaron aspectos internos de la asociaci\u00f3n y se mostraron las l\u00edneas de actuaci\u00f3n previstas para el 2018.<\/p>\n<p>En el encuentro se expusieron a los socios asistentes, la actividad desarrollada por la Asociaci\u00f3n durante el 2017, siendo aprobada por unanimidad. Tambi\u00e9n se mostraron las l\u00edneas de actuaci\u00f3n previstas para el 2018, entre las que destacan la necesidad de ser m\u00e1s visibles dentro del sector y medios de comunicaci\u00f3n, potenciar a los socios y seguir velando en defensa de los intereses de la Asociaci\u00f3n.<\/p>\n<p>El presidente saliente, Sr. Ra\u00fal P\u00e9rez hizo el traspaso de poderes al nuevo presidente de la Asociaci\u00f3n D. Manel Mayoral. Asimismo se inform\u00f3 que el Sr. El\u00edas Mart\u00ednez, componente del \u00e1rea t\u00e9cnica de Refrigeraci\u00f3n pasa a ser presidente electo.<\/p>\n<p>Por \u00faltimo se present\u00f3 la nueva junta compuesta por Juan Mart\u00ednez responsable del \u00e1rea de socio, Jordi Sanz y Daniel Aguilar como responsables del \u00e1rea formaci\u00f3n, Juan Jos\u00e9 Escobar como responsable de las relaciones institucionales, y Eduardo como Community Manager. Por \u00faltimo se present\u00f3 la nueva estructura del \u00e1rea t\u00e9cnica formada por Mar\u00eda del Mar Romero y Alex Ciurana como responsables del \u00e1rea de Energ\u00eda, \u00d3scar Ambit como responsable del \u00e1rea de Refrigeraci\u00f3n, Gloria Torrents y N\u00faria Benedicto del \u00e1rea t\u00e9cnica en Climatizaci\u00f3n, y finalmente, se presentaron las tres nuevas \u00e1reas dentro del \u00e1rea t\u00e9cnica formado por Pedro Garc\u00eda en Energ\u00edas Renovables, Gaspar Mart\u00edn en Calefacci\u00f3n y ACS, y Juan Carlos Romero en Ventilaci\u00f3n y tratamiento de aire .<\/p>\n<p>Como novedad, ACTECIR present\u00f3 su nuevo logotipo y su nueva web que pronto tendremos disponible, mucho m\u00e1s moderna, din\u00e1mica y actualizada.<\/p>\n<p>&nbsp;<\/p>\n<p><img fetchpriority=\"high\" decoding=\"async\" class=\"alignleft size-full wp-image-6687\" src=\"https:\/\/www.actecir.cat\/wp-content\/uploads\/2023\/05\/ACTECIR_Junta.jpg\" alt=\"\" width=\"600\" height=\"400\" srcset=\"https:\/\/www.actecir.cat\/wp-content\/uploads\/2023\/05\/ACTECIR_Junta.jpg 600w, https:\/\/www.actecir.cat\/wp-content\/uploads\/2023\/05\/ACTECIR_Junta-300x200.jpg 300w\" sizes=\"(max-width: 600px) 100vw, 600px\" \/><\/p>\n","protected":false},"excerpt":{"rendered":"<p>Asamblea General Ordinaria ACTECIR<\/p>\n","protected":false},"author":1,"featured_media":6689,"comment_status":"closed","ping_status":"closed","sticky":false,"template":"","format":"standard","meta":{"footnotes":""},"categories":[25],"tags":[],"class_list":["post-6691","post","type-post","status-publish","format-standard","has-post-thumbnail","hentry","category-noticias"],"yoast_head":"<!-- This site is optimized with the Yoast SEO plugin v27.2 - https:\/\/yoast.com\/product\/yoast-seo-wordpress\/ -->\n<title>Asamblea General ACTECIR 2018 - Actecir<\/title>\n<meta name=\"robots\" content=\"index, follow, max-snippet:-1, max-image-preview:large, max-video-preview:-1\" \/>\n<link rel=\"canonical\" href=\"https:\/\/www.actecir.cat\/es\/asamblea-general-actecir-2018\/\" \/>\n<meta property=\"og:locale\" content=\"es_ES\" \/>\n<meta property=\"og:type\" content=\"article\" \/>\n<meta property=\"og:title\" content=\"Asamblea General ACTECIR 2018 - Actecir\" \/>\n<meta property=\"og:description\" content=\"Asamblea General Ordinaria ACTECIR\" \/>\n<meta property=\"og:url\" content=\"https:\/\/www.actecir.cat\/es\/asamblea-general-actecir-2018\/\" \/>\n<meta property=\"og:site_name\" content=\"Actecir\" \/>\n<meta property=\"article:published_time\" content=\"2018-07-02T10:47:35+00:00\" \/>\n<meta property=\"article:modified_time\" content=\"2023-05-11T10:49:36+00:00\" \/>\n<meta property=\"og:image\" content=\"https:\/\/www.actecir.cat\/wp-content\/uploads\/2023\/05\/ACTECIR_canvi_president.jpg\" \/>\n\t<meta property=\"og:image:width\" content=\"600\" \/>\n\t<meta property=\"og:image:height\" content=\"400\" \/>\n\t<meta property=\"og:image:type\" content=\"image\/jpeg\" \/>\n<meta name=\"author\" content=\"Soporte web\" \/>\n<meta name=\"twitter:card\" content=\"summary_large_image\" \/>\n<meta name=\"twitter:creator\" content=\"@actecir\" \/>\n<meta name=\"twitter:site\" content=\"@actecir\" \/>\n<meta name=\"twitter:label1\" content=\"Escrito por\" \/>\n\t<meta name=\"twitter:data1\" content=\"Soporte web\" \/>\n\t<meta name=\"twitter:label2\" content=\"Tiempo de lectura\" \/>\n\t<meta name=\"twitter:data2\" content=\"2 minutos\" \/>\n<script type=\"application\/ld+json\" class=\"yoast-schema-graph\">{\"@context\":\"https:\/\/schema.org\",\"@graph\":[{\"@type\":\"Article\",\"@id\":\"https:\/\/www.actecir.cat\/es\/asamblea-general-actecir-2018\/#article\",\"isPartOf\":{\"@id\":\"https:\/\/www.actecir.cat\/es\/asamblea-general-actecir-2018\/\"},\"author\":{\"name\":\"Soporte web\",\"@id\":\"https:\/\/www.actecir.cat\/#\/schema\/person\/42edd02f0b1d55e19444428c5d321413\"},\"headline\":\"Asamblea General ACTECIR 2018\",\"datePublished\":\"2018-07-02T10:47:35+00:00\",\"dateModified\":\"2023-05-11T10:49:36+00:00\",\"mainEntityOfPage\":{\"@id\":\"https:\/\/www.actecir.cat\/es\/asamblea-general-actecir-2018\/\"},\"wordCount\":321,\"publisher\":{\"@id\":\"https:\/\/www.actecir.cat\/#organization\"},\"image\":{\"@id\":\"https:\/\/www.actecir.cat\/es\/asamblea-general-actecir-2018\/#primaryimage\"},\"thumbnailUrl\":\"https:\/\/www.actecir.cat\/wp-content\/uploads\/2023\/05\/ACTECIR_canvi_president.jpg\",\"articleSection\":[\"Noticias\"],\"inLanguage\":\"es\"},{\"@type\":\"WebPage\",\"@id\":\"https:\/\/www.actecir.cat\/es\/asamblea-general-actecir-2018\/\",\"url\":\"https:\/\/www.actecir.cat\/es\/asamblea-general-actecir-2018\/\",\"name\":\"Asamblea General ACTECIR 2018 - Actecir\",\"isPartOf\":{\"@id\":\"https:\/\/www.actecir.cat\/#website\"},\"primaryImageOfPage\":{\"@id\":\"https:\/\/www.actecir.cat\/es\/asamblea-general-actecir-2018\/#primaryimage\"},\"image\":{\"@id\":\"https:\/\/www.actecir.cat\/es\/asamblea-general-actecir-2018\/#primaryimage\"},\"thumbnailUrl\":\"https:\/\/www.actecir.cat\/wp-content\/uploads\/2023\/05\/ACTECIR_canvi_president.jpg\",\"datePublished\":\"2018-07-02T10:47:35+00:00\",\"dateModified\":\"2023-05-11T10:49:36+00:00\",\"breadcrumb\":{\"@id\":\"https:\/\/www.actecir.cat\/es\/asamblea-general-actecir-2018\/#breadcrumb\"},\"inLanguage\":\"es\",\"potentialAction\":[{\"@type\":\"ReadAction\",\"target\":[\"https:\/\/www.actecir.cat\/es\/asamblea-general-actecir-2018\/\"]}]},{\"@type\":\"ImageObject\",\"inLanguage\":\"es\",\"@id\":\"https:\/\/www.actecir.cat\/es\/asamblea-general-actecir-2018\/#primaryimage\",\"url\":\"https:\/\/www.actecir.cat\/wp-content\/uploads\/2023\/05\/ACTECIR_canvi_president.jpg\",\"contentUrl\":\"https:\/\/www.actecir.cat\/wp-content\/uploads\/2023\/05\/ACTECIR_canvi_president.jpg\",\"width\":600,\"height\":400},{\"@type\":\"BreadcrumbList\",\"@id\":\"https:\/\/www.actecir.cat\/es\/asamblea-general-actecir-2018\/#breadcrumb\",\"itemListElement\":[{\"@type\":\"ListItem\",\"position\":1,\"name\":\"Inici\",\"item\":\"https:\/\/www.actecir.cat\/es\/\"},{\"@type\":\"ListItem\",\"position\":2,\"name\":\"Asamblea General ACTECIR 2018\"}]},{\"@type\":\"WebSite\",\"@id\":\"https:\/\/www.actecir.cat\/#website\",\"url\":\"https:\/\/www.actecir.cat\/\",\"name\":\"Actecir\",\"description\":\"Associaci\u00f3 Catalana de T\u00e8cnics en Energia, Climatitzaci\u00f3 i Refrigeraci\u00f3\",\"publisher\":{\"@id\":\"https:\/\/www.actecir.cat\/#organization\"},\"potentialAction\":[{\"@type\":\"SearchAction\",\"target\":{\"@type\":\"EntryPoint\",\"urlTemplate\":\"https:\/\/www.actecir.cat\/?s={search_term_string}\"},\"query-input\":{\"@type\":\"PropertyValueSpecification\",\"valueRequired\":true,\"valueName\":\"search_term_string\"}}],\"inLanguage\":\"es\"},{\"@type\":\"Organization\",\"@id\":\"https:\/\/www.actecir.cat\/#organization\",\"name\":\"Actecir\",\"url\":\"https:\/\/www.actecir.cat\/\",\"logo\":{\"@type\":\"ImageObject\",\"inLanguage\":\"es\",\"@id\":\"https:\/\/www.actecir.cat\/#\/schema\/logo\/image\/\",\"url\":\"https:\/\/www.actecir.cat\/wp-content\/uploads\/2023\/04\/cropped-logo_actecir_60_alto.png\",\"contentUrl\":\"https:\/\/www.actecir.cat\/wp-content\/uploads\/2023\/04\/cropped-logo_actecir_60_alto.png\",\"width\":283,\"height\":80,\"caption\":\"Actecir\"},\"image\":{\"@id\":\"https:\/\/www.actecir.cat\/#\/schema\/logo\/image\/\"},\"sameAs\":[\"https:\/\/x.com\/actecir\",\"https:\/\/www.linkedin.com\/company\/actecir\"]},{\"@type\":\"Person\",\"@id\":\"https:\/\/www.actecir.cat\/#\/schema\/person\/42edd02f0b1d55e19444428c5d321413\",\"name\":\"Soporte web\",\"sameAs\":[\"https:\/\/www.actecir.cat\"],\"url\":\"https:\/\/www.actecir.cat\/es\/author\/maensystems\/\"}]}<\/script>\n<!-- \/ Yoast SEO plugin. -->","yoast_head_json":{"title":"Asamblea General ACTECIR 2018 - Actecir","robots":{"index":"index","follow":"follow","max-snippet":"max-snippet:-1","max-image-preview":"max-image-preview:large","max-video-preview":"max-video-preview:-1"},"canonical":"https:\/\/www.actecir.cat\/es\/asamblea-general-actecir-2018\/","og_locale":"es_ES","og_type":"article","og_title":"Asamblea General ACTECIR 2018 - Actecir","og_description":"Asamblea General Ordinaria ACTECIR","og_url":"https:\/\/www.actecir.cat\/es\/asamblea-general-actecir-2018\/","og_site_name":"Actecir","article_published_time":"2018-07-02T10:47:35+00:00","article_modified_time":"2023-05-11T10:49:36+00:00","og_image":[{"width":600,"height":400,"url":"https:\/\/www.actecir.cat\/wp-content\/uploads\/2023\/05\/ACTECIR_canvi_president.jpg","type":"image\/jpeg"}],"author":"Soporte web","twitter_card":"summary_large_image","twitter_creator":"@actecir","twitter_site":"@actecir","twitter_misc":{"Escrito por":"Soporte web","Tiempo de lectura":"2 minutos"},"schema":{"@context":"https:\/\/schema.org","@graph":[{"@type":"Article","@id":"https:\/\/www.actecir.cat\/es\/asamblea-general-actecir-2018\/#article","isPartOf":{"@id":"https:\/\/www.actecir.cat\/es\/asamblea-general-actecir-2018\/"},"author":{"name":"Soporte web","@id":"https:\/\/www.actecir.cat\/#\/schema\/person\/42edd02f0b1d55e19444428c5d321413"},"headline":"Asamblea General ACTECIR 2018","datePublished":"2018-07-02T10:47:35+00:00","dateModified":"2023-05-11T10:49:36+00:00","mainEntityOfPage":{"@id":"https:\/\/www.actecir.cat\/es\/asamblea-general-actecir-2018\/"},"wordCount":321,"publisher":{"@id":"https:\/\/www.actecir.cat\/#organization"},"image":{"@id":"https:\/\/www.actecir.cat\/es\/asamblea-general-actecir-2018\/#primaryimage"},"thumbnailUrl":"https:\/\/www.actecir.cat\/wp-content\/uploads\/2023\/05\/ACTECIR_canvi_president.jpg","articleSection":["Noticias"],"inLanguage":"es"},{"@type":"WebPage","@id":"https:\/\/www.actecir.cat\/es\/asamblea-general-actecir-2018\/","url":"https:\/\/www.actecir.cat\/es\/asamblea-general-actecir-2018\/","name":"Asamblea General ACTECIR 2018 - Actecir","isPartOf":{"@id":"https:\/\/www.actecir.cat\/#website"},"primaryImageOfPage":{"@id":"https:\/\/www.actecir.cat\/es\/asamblea-general-actecir-2018\/#primaryimage"},"image":{"@id":"https:\/\/www.actecir.cat\/es\/asamblea-general-actecir-2018\/#primaryimage"},"thumbnailUrl":"https:\/\/www.actecir.cat\/wp-content\/uploads\/2023\/05\/ACTECIR_canvi_president.jpg","datePublished":"2018-07-02T10:47:35+00:00","dateModified":"2023-05-11T10:49:36+00:00","breadcrumb":{"@id":"https:\/\/www.actecir.cat\/es\/asamblea-general-actecir-2018\/#breadcrumb"},"inLanguage":"es","potentialAction":[{"@type":"ReadAction","target":["https:\/\/www.actecir.cat\/es\/asamblea-general-actecir-2018\/"]}]},{"@type":"ImageObject","inLanguage":"es","@id":"https:\/\/www.actecir.cat\/es\/asamblea-general-actecir-2018\/#primaryimage","url":"https:\/\/www.actecir.cat\/wp-content\/uploads\/2023\/05\/ACTECIR_canvi_president.jpg","contentUrl":"https:\/\/www.actecir.cat\/wp-content\/uploads\/2023\/05\/ACTECIR_canvi_president.jpg","width":600,"height":400},{"@type":"BreadcrumbList","@id":"https:\/\/www.actecir.cat\/es\/asamblea-general-actecir-2018\/#breadcrumb","itemListElement":[{"@type":"ListItem","position":1,"name":"Inici","item":"https:\/\/www.actecir.cat\/es\/"},{"@type":"ListItem","position":2,"name":"Asamblea General ACTECIR 2018"}]},{"@type":"WebSite","@id":"https:\/\/www.actecir.cat\/#website","url":"https:\/\/www.actecir.cat\/","name":"Actecir","description":"Associaci\u00f3 Catalana de T\u00e8cnics en Energia, Climatitzaci\u00f3 i Refrigeraci\u00f3","publisher":{"@id":"https:\/\/www.actecir.cat\/#organization"},"potentialAction":[{"@type":"SearchAction","target":{"@type":"EntryPoint","urlTemplate":"https:\/\/www.actecir.cat\/?s={search_term_string}"},"query-input":{"@type":"PropertyValueSpecification","valueRequired":true,"valueName":"search_term_string"}}],"inLanguage":"es"},{"@type":"Organization","@id":"https:\/\/www.actecir.cat\/#organization","name":"Actecir","url":"https:\/\/www.actecir.cat\/","logo":{"@type":"ImageObject","inLanguage":"es","@id":"https:\/\/www.actecir.cat\/#\/schema\/logo\/image\/","url":"https:\/\/www.actecir.cat\/wp-content\/uploads\/2023\/04\/cropped-logo_actecir_60_alto.png","contentUrl":"https:\/\/www.actecir.cat\/wp-content\/uploads\/2023\/04\/cropped-logo_actecir_60_alto.png","width":283,"height":80,"caption":"Actecir"},"image":{"@id":"https:\/\/www.actecir.cat\/#\/schema\/logo\/image\/"},"sameAs":["https:\/\/x.com\/actecir","https:\/\/www.linkedin.com\/company\/actecir"]},{"@type":"Person","@id":"https:\/\/www.actecir.cat\/#\/schema\/person\/42edd02f0b1d55e19444428c5d321413","name":"Soporte web","sameAs":["https:\/\/www.actecir.cat"],"url":"https:\/\/www.actecir.cat\/es\/author\/maensystems\/"}]}},"_links":{"self":[{"href":"https:\/\/www.actecir.cat\/es\/wp-json\/wp\/v2\/posts\/6691","targetHints":{"allow":["GET"]}}],"collection":[{"href":"https:\/\/www.actecir.cat\/es\/wp-json\/wp\/v2\/posts"}],"about":[{"href":"https:\/\/www.actecir.cat\/es\/wp-json\/wp\/v2\/types\/post"}],"author":[{"embeddable":true,"href":"https:\/\/www.actecir.cat\/es\/wp-json\/wp\/v2\/users\/1"}],"replies":[{"embeddable":true,"href":"https:\/\/www.actecir.cat\/es\/wp-json\/wp\/v2\/comments?post=6691"}],"version-history":[{"count":1,"href":"https:\/\/www.actecir.cat\/es\/wp-json\/wp\/v2\/posts\/6691\/revisions"}],"predecessor-version":[{"id":6692,"href":"https:\/\/www.actecir.cat\/es\/wp-json\/wp\/v2\/posts\/6691\/revisions\/6692"}],"wp:featuredmedia":[{"embeddable":true,"href":"https:\/\/www.actecir.cat\/es\/wp-json\/wp\/v2\/media\/6689"}],"wp:attachment":[{"href":"https:\/\/www.actecir.cat\/es\/wp-json\/wp\/v2\/media?parent=6691"}],"wp:term":[{"taxonomy":"category","embeddable":true,"href":"https:\/\/www.actecir.cat\/es\/wp-json\/wp\/v2\/categories?post=6691"},{"taxonomy":"post_tag","embeddable":true,"href":"https:\/\/www.actecir.cat\/es\/wp-json\/wp\/v2\/tags?post=6691"}],"curies":[{"name":"wp","href":"https:\/\/api.w.org\/{rel}","templated":true}]}}