{"id":6698,"date":"2018-06-19T12:59:10","date_gmt":"2018-06-19T10:59:10","guid":{"rendered":"https:\/\/www.actecir.cat\/?p=6698"},"modified":"2023-05-11T13:00:28","modified_gmt":"2023-05-11T11:00:28","slug":"mitsubishi-electric-comprometidos-con-el-medioambiente","status":"publish","type":"post","link":"https:\/\/www.actecir.cat\/es\/mitsubishi-electric-comprometidos-con-el-medioambiente\/","title":{"rendered":"Mitsubishi Electric, comprometidos con el Medioambiente"},"content":{"rendered":"<p>Con motivo de la celebraci\u00f3n del D\u00eda Internacional del Medioambiente, Mitsubishi Electric, quiere poner de manifiesto nuevamente su compromiso con el respeto a la naturaleza y el correcto uso energ\u00e9tico.<\/p>\n<p>Madrid, 5 de junio de 2018. Con motivo de la celebraci\u00f3n del D\u00eda Internacional del Medioambiente, Mitsubishi Electric, empresa l\u00edder del sector del Aire Acondicionado y la Climatizaci\u00f3n, quiere poner de manifiesto nuevamente su compromiso con el respeto a la naturaleza y el correcto uso energ\u00e9tico.<\/p>\n<p>El cambio clim\u00e1tico provoca que las temperaturas sean cada vez m\u00e1s extremas y que los hogares optencada vez m\u00e1s por incorporar aparatos de aire acondicionado, con el consiguiente incremento del gasto de energ\u00eda y su reflejo, la factura energ\u00e9tica mensual. Por ello, y bajo la responsabilidad constante de la firma japonesa por el bienestar de las personas y su confort, as\u00ed como por su compromisopor la sostenibilidad y el ahorro energ\u00e9tico, Mitsubishi Electric apuesta por el sistema ECODAN H\u00edbrido que permite, gracias a la aerotermia, lograr la m\u00e1s alta eficiencia energ\u00e9tica, en el mejor ambiente, manteniendo un bajo consumo el\u00e9ctrico.<\/p>\n<p>La aerotermia es una energ\u00eda de fuentes renovables que saca provecho de la energ\u00eda contenida en el aire; su uso reduce las emisiones de CO2, adem\u00e1s de mejorar el etiquetado energ\u00e9tico de las instalaciones.<\/p>\n<p>A diferencia de otros fabricantes, ECODAN H\u00edbrido de Mitsubishi Electric permite la recuperaci\u00f3n de calor, por lo que se puede calentar GRATIS el agua destinada al consumo humano, utilizando el calor que el aire acondicionado extrae de las habitaciones cuando la m\u00e1quina funciona en verano, con un consumo el\u00e9ctrico para el hogar inferior a los 2kW.<\/p>\n<p>ECODAN es, por tanto, la soluci\u00f3n ideal para cubrir la climatizaci\u00f3n de una vivienda durante todo el a\u00f1o, ofreciendo un confort superior, aportando un gran ahorro energ\u00e9tico comparado con otros sistemas y permitiendo prescindir del suministro de gas, de combustible y de la obligaci\u00f3n de inspecciones peri\u00f3dicas, puesto que al no haber ning\u00fan tipo de combusti\u00f3n no hay riesgo de incendio, explosi\u00f3n o intoxicaci\u00f3n.<\/p>\n<p>Con tecnolog\u00edas como ECODAN H\u00edbrido, Mitsubishi Electric se posiciona como una de las marcas punteras en la innovaci\u00f3n por reducir las emisiones de CO2 y la b\u00fasqueda de la sostenibilidad en el uso de la energ\u00eda.<\/p>\n","protected":false},"excerpt":{"rendered":"<p>Mitsubishi Electric, comprometidos con el Medioambiente<\/p>\n","protected":false},"author":1,"featured_media":6695,"comment_status":"closed","ping_status":"closed","sticky":false,"template":"","format":"standard","meta":{"footnotes":""},"categories":[25],"tags":[],"class_list":["post-6698","post","type-post","status-publish","format-standard","has-post-thumbnail","hentry","category-noticias"],"yoast_head":"<!-- This site is optimized with the Yoast SEO plugin v27.2 - https:\/\/yoast.com\/product\/yoast-seo-wordpress\/ -->\n<title>Mitsubishi Electric, comprometidos con el Medioambiente - Actecir<\/title>\n<meta name=\"robots\" content=\"index, follow, max-snippet:-1, max-image-preview:large, max-video-preview:-1\" \/>\n<link rel=\"canonical\" href=\"https:\/\/www.actecir.cat\/es\/mitsubishi-electric-comprometidos-con-el-medioambiente\/\" \/>\n<meta property=\"og:locale\" content=\"es_ES\" \/>\n<meta property=\"og:type\" content=\"article\" \/>\n<meta property=\"og:title\" content=\"Mitsubishi Electric, comprometidos con el Medioambiente - Actecir\" \/>\n<meta property=\"og:description\" content=\"Mitsubishi Electric, comprometidos con el Medioambiente\" \/>\n<meta property=\"og:url\" content=\"https:\/\/www.actecir.cat\/es\/mitsubishi-electric-comprometidos-con-el-medioambiente\/\" \/>\n<meta property=\"og:site_name\" content=\"Actecir\" \/>\n<meta property=\"article:published_time\" content=\"2018-06-19T10:59:10+00:00\" \/>\n<meta property=\"article:modified_time\" content=\"2023-05-11T11:00:28+00:00\" \/>\n<meta property=\"og:image\" content=\"https:\/\/www.actecir.cat\/wp-content\/uploads\/2023\/05\/ecodan.jpg\" \/>\n\t<meta property=\"og:image:width\" content=\"600\" \/>\n\t<meta property=\"og:image:height\" content=\"400\" \/>\n\t<meta property=\"og:image:type\" content=\"image\/jpeg\" \/>\n<meta name=\"author\" content=\"Soporte web\" \/>\n<meta name=\"twitter:card\" content=\"summary_large_image\" \/>\n<meta name=\"twitter:creator\" content=\"@actecir\" \/>\n<meta name=\"twitter:site\" content=\"@actecir\" \/>\n<meta name=\"twitter:label1\" content=\"Escrito por\" \/>\n\t<meta name=\"twitter:data1\" content=\"Soporte web\" \/>\n\t<meta name=\"twitter:label2\" content=\"Tiempo de lectura\" \/>\n\t<meta name=\"twitter:data2\" content=\"2 minutos\" \/>\n<script type=\"application\/ld+json\" class=\"yoast-schema-graph\">{\"@context\":\"https:\/\/schema.org\",\"@graph\":[{\"@type\":\"Article\",\"@id\":\"https:\/\/www.actecir.cat\/es\/mitsubishi-electric-comprometidos-con-el-medioambiente\/#article\",\"isPartOf\":{\"@id\":\"https:\/\/www.actecir.cat\/es\/mitsubishi-electric-comprometidos-con-el-medioambiente\/\"},\"author\":{\"name\":\"Soporte web\",\"@id\":\"https:\/\/www.actecir.cat\/#\/schema\/person\/42edd02f0b1d55e19444428c5d321413\"},\"headline\":\"Mitsubishi Electric, comprometidos con el Medioambiente\",\"datePublished\":\"2018-06-19T10:59:10+00:00\",\"dateModified\":\"2023-05-11T11:00:28+00:00\",\"mainEntityOfPage\":{\"@id\":\"https:\/\/www.actecir.cat\/es\/mitsubishi-electric-comprometidos-con-el-medioambiente\/\"},\"wordCount\":411,\"publisher\":{\"@id\":\"https:\/\/www.actecir.cat\/#organization\"},\"image\":{\"@id\":\"https:\/\/www.actecir.cat\/es\/mitsubishi-electric-comprometidos-con-el-medioambiente\/#primaryimage\"},\"thumbnailUrl\":\"https:\/\/www.actecir.cat\/wp-content\/uploads\/2023\/05\/ecodan.jpg\",\"articleSection\":[\"Noticias\"],\"inLanguage\":\"es\"},{\"@type\":\"WebPage\",\"@id\":\"https:\/\/www.actecir.cat\/es\/mitsubishi-electric-comprometidos-con-el-medioambiente\/\",\"url\":\"https:\/\/www.actecir.cat\/es\/mitsubishi-electric-comprometidos-con-el-medioambiente\/\",\"name\":\"Mitsubishi Electric, comprometidos con el Medioambiente - Actecir\",\"isPartOf\":{\"@id\":\"https:\/\/www.actecir.cat\/#website\"},\"primaryImageOfPage\":{\"@id\":\"https:\/\/www.actecir.cat\/es\/mitsubishi-electric-comprometidos-con-el-medioambiente\/#primaryimage\"},\"image\":{\"@id\":\"https:\/\/www.actecir.cat\/es\/mitsubishi-electric-comprometidos-con-el-medioambiente\/#primaryimage\"},\"thumbnailUrl\":\"https:\/\/www.actecir.cat\/wp-content\/uploads\/2023\/05\/ecodan.jpg\",\"datePublished\":\"2018-06-19T10:59:10+00:00\",\"dateModified\":\"2023-05-11T11:00:28+00:00\",\"breadcrumb\":{\"@id\":\"https:\/\/www.actecir.cat\/es\/mitsubishi-electric-comprometidos-con-el-medioambiente\/#breadcrumb\"},\"inLanguage\":\"es\",\"potentialAction\":[{\"@type\":\"ReadAction\",\"target\":[\"https:\/\/www.actecir.cat\/es\/mitsubishi-electric-comprometidos-con-el-medioambiente\/\"]}]},{\"@type\":\"ImageObject\",\"inLanguage\":\"es\",\"@id\":\"https:\/\/www.actecir.cat\/es\/mitsubishi-electric-comprometidos-con-el-medioambiente\/#primaryimage\",\"url\":\"https:\/\/www.actecir.cat\/wp-content\/uploads\/2023\/05\/ecodan.jpg\",\"contentUrl\":\"https:\/\/www.actecir.cat\/wp-content\/uploads\/2023\/05\/ecodan.jpg\",\"width\":600,\"height\":400},{\"@type\":\"BreadcrumbList\",\"@id\":\"https:\/\/www.actecir.cat\/es\/mitsubishi-electric-comprometidos-con-el-medioambiente\/#breadcrumb\",\"itemListElement\":[{\"@type\":\"ListItem\",\"position\":1,\"name\":\"Inici\",\"item\":\"https:\/\/www.actecir.cat\/es\/\"},{\"@type\":\"ListItem\",\"position\":2,\"name\":\"Mitsubishi Electric, comprometidos con el Medioambiente\"}]},{\"@type\":\"WebSite\",\"@id\":\"https:\/\/www.actecir.cat\/#website\",\"url\":\"https:\/\/www.actecir.cat\/\",\"name\":\"Actecir\",\"description\":\"Associaci\u00f3 Catalana de T\u00e8cnics en Energia, Climatitzaci\u00f3 i Refrigeraci\u00f3\",\"publisher\":{\"@id\":\"https:\/\/www.actecir.cat\/#organization\"},\"potentialAction\":[{\"@type\":\"SearchAction\",\"target\":{\"@type\":\"EntryPoint\",\"urlTemplate\":\"https:\/\/www.actecir.cat\/?s={search_term_string}\"},\"query-input\":{\"@type\":\"PropertyValueSpecification\",\"valueRequired\":true,\"valueName\":\"search_term_string\"}}],\"inLanguage\":\"es\"},{\"@type\":\"Organization\",\"@id\":\"https:\/\/www.actecir.cat\/#organization\",\"name\":\"Actecir\",\"url\":\"https:\/\/www.actecir.cat\/\",\"logo\":{\"@type\":\"ImageObject\",\"inLanguage\":\"es\",\"@id\":\"https:\/\/www.actecir.cat\/#\/schema\/logo\/image\/\",\"url\":\"https:\/\/www.actecir.cat\/wp-content\/uploads\/2023\/04\/cropped-logo_actecir_60_alto.png\",\"contentUrl\":\"https:\/\/www.actecir.cat\/wp-content\/uploads\/2023\/04\/cropped-logo_actecir_60_alto.png\",\"width\":283,\"height\":80,\"caption\":\"Actecir\"},\"image\":{\"@id\":\"https:\/\/www.actecir.cat\/#\/schema\/logo\/image\/\"},\"sameAs\":[\"https:\/\/x.com\/actecir\",\"https:\/\/www.linkedin.com\/company\/actecir\"]},{\"@type\":\"Person\",\"@id\":\"https:\/\/www.actecir.cat\/#\/schema\/person\/42edd02f0b1d55e19444428c5d321413\",\"name\":\"Soporte web\",\"sameAs\":[\"https:\/\/www.actecir.cat\"],\"url\":\"https:\/\/www.actecir.cat\/es\/author\/maensystems\/\"}]}<\/script>\n<!-- \/ Yoast SEO plugin. -->","yoast_head_json":{"title":"Mitsubishi Electric, comprometidos con el Medioambiente - Actecir","robots":{"index":"index","follow":"follow","max-snippet":"max-snippet:-1","max-image-preview":"max-image-preview:large","max-video-preview":"max-video-preview:-1"},"canonical":"https:\/\/www.actecir.cat\/es\/mitsubishi-electric-comprometidos-con-el-medioambiente\/","og_locale":"es_ES","og_type":"article","og_title":"Mitsubishi Electric, comprometidos con el Medioambiente - Actecir","og_description":"Mitsubishi Electric, comprometidos con el Medioambiente","og_url":"https:\/\/www.actecir.cat\/es\/mitsubishi-electric-comprometidos-con-el-medioambiente\/","og_site_name":"Actecir","article_published_time":"2018-06-19T10:59:10+00:00","article_modified_time":"2023-05-11T11:00:28+00:00","og_image":[{"width":600,"height":400,"url":"https:\/\/www.actecir.cat\/wp-content\/uploads\/2023\/05\/ecodan.jpg","type":"image\/jpeg"}],"author":"Soporte web","twitter_card":"summary_large_image","twitter_creator":"@actecir","twitter_site":"@actecir","twitter_misc":{"Escrito por":"Soporte web","Tiempo de lectura":"2 minutos"},"schema":{"@context":"https:\/\/schema.org","@graph":[{"@type":"Article","@id":"https:\/\/www.actecir.cat\/es\/mitsubishi-electric-comprometidos-con-el-medioambiente\/#article","isPartOf":{"@id":"https:\/\/www.actecir.cat\/es\/mitsubishi-electric-comprometidos-con-el-medioambiente\/"},"author":{"name":"Soporte web","@id":"https:\/\/www.actecir.cat\/#\/schema\/person\/42edd02f0b1d55e19444428c5d321413"},"headline":"Mitsubishi Electric, comprometidos con el Medioambiente","datePublished":"2018-06-19T10:59:10+00:00","dateModified":"2023-05-11T11:00:28+00:00","mainEntityOfPage":{"@id":"https:\/\/www.actecir.cat\/es\/mitsubishi-electric-comprometidos-con-el-medioambiente\/"},"wordCount":411,"publisher":{"@id":"https:\/\/www.actecir.cat\/#organization"},"image":{"@id":"https:\/\/www.actecir.cat\/es\/mitsubishi-electric-comprometidos-con-el-medioambiente\/#primaryimage"},"thumbnailUrl":"https:\/\/www.actecir.cat\/wp-content\/uploads\/2023\/05\/ecodan.jpg","articleSection":["Noticias"],"inLanguage":"es"},{"@type":"WebPage","@id":"https:\/\/www.actecir.cat\/es\/mitsubishi-electric-comprometidos-con-el-medioambiente\/","url":"https:\/\/www.actecir.cat\/es\/mitsubishi-electric-comprometidos-con-el-medioambiente\/","name":"Mitsubishi Electric, comprometidos con el Medioambiente - Actecir","isPartOf":{"@id":"https:\/\/www.actecir.cat\/#website"},"primaryImageOfPage":{"@id":"https:\/\/www.actecir.cat\/es\/mitsubishi-electric-comprometidos-con-el-medioambiente\/#primaryimage"},"image":{"@id":"https:\/\/www.actecir.cat\/es\/mitsubishi-electric-comprometidos-con-el-medioambiente\/#primaryimage"},"thumbnailUrl":"https:\/\/www.actecir.cat\/wp-content\/uploads\/2023\/05\/ecodan.jpg","datePublished":"2018-06-19T10:59:10+00:00","dateModified":"2023-05-11T11:00:28+00:00","breadcrumb":{"@id":"https:\/\/www.actecir.cat\/es\/mitsubishi-electric-comprometidos-con-el-medioambiente\/#breadcrumb"},"inLanguage":"es","potentialAction":[{"@type":"ReadAction","target":["https:\/\/www.actecir.cat\/es\/mitsubishi-electric-comprometidos-con-el-medioambiente\/"]}]},{"@type":"ImageObject","inLanguage":"es","@id":"https:\/\/www.actecir.cat\/es\/mitsubishi-electric-comprometidos-con-el-medioambiente\/#primaryimage","url":"https:\/\/www.actecir.cat\/wp-content\/uploads\/2023\/05\/ecodan.jpg","contentUrl":"https:\/\/www.actecir.cat\/wp-content\/uploads\/2023\/05\/ecodan.jpg","width":600,"height":400},{"@type":"BreadcrumbList","@id":"https:\/\/www.actecir.cat\/es\/mitsubishi-electric-comprometidos-con-el-medioambiente\/#breadcrumb","itemListElement":[{"@type":"ListItem","position":1,"name":"Inici","item":"https:\/\/www.actecir.cat\/es\/"},{"@type":"ListItem","position":2,"name":"Mitsubishi Electric, comprometidos con el Medioambiente"}]},{"@type":"WebSite","@id":"https:\/\/www.actecir.cat\/#website","url":"https:\/\/www.actecir.cat\/","name":"Actecir","description":"Associaci\u00f3 Catalana de T\u00e8cnics en Energia, Climatitzaci\u00f3 i Refrigeraci\u00f3","publisher":{"@id":"https:\/\/www.actecir.cat\/#organization"},"potentialAction":[{"@type":"SearchAction","target":{"@type":"EntryPoint","urlTemplate":"https:\/\/www.actecir.cat\/?s={search_term_string}"},"query-input":{"@type":"PropertyValueSpecification","valueRequired":true,"valueName":"search_term_string"}}],"inLanguage":"es"},{"@type":"Organization","@id":"https:\/\/www.actecir.cat\/#organization","name":"Actecir","url":"https:\/\/www.actecir.cat\/","logo":{"@type":"ImageObject","inLanguage":"es","@id":"https:\/\/www.actecir.cat\/#\/schema\/logo\/image\/","url":"https:\/\/www.actecir.cat\/wp-content\/uploads\/2023\/04\/cropped-logo_actecir_60_alto.png","contentUrl":"https:\/\/www.actecir.cat\/wp-content\/uploads\/2023\/04\/cropped-logo_actecir_60_alto.png","width":283,"height":80,"caption":"Actecir"},"image":{"@id":"https:\/\/www.actecir.cat\/#\/schema\/logo\/image\/"},"sameAs":["https:\/\/x.com\/actecir","https:\/\/www.linkedin.com\/company\/actecir"]},{"@type":"Person","@id":"https:\/\/www.actecir.cat\/#\/schema\/person\/42edd02f0b1d55e19444428c5d321413","name":"Soporte web","sameAs":["https:\/\/www.actecir.cat"],"url":"https:\/\/www.actecir.cat\/es\/author\/maensystems\/"}]}},"_links":{"self":[{"href":"https:\/\/www.actecir.cat\/es\/wp-json\/wp\/v2\/posts\/6698","targetHints":{"allow":["GET"]}}],"collection":[{"href":"https:\/\/www.actecir.cat\/es\/wp-json\/wp\/v2\/posts"}],"about":[{"href":"https:\/\/www.actecir.cat\/es\/wp-json\/wp\/v2\/types\/post"}],"author":[{"embeddable":true,"href":"https:\/\/www.actecir.cat\/es\/wp-json\/wp\/v2\/users\/1"}],"replies":[{"embeddable":true,"href":"https:\/\/www.actecir.cat\/es\/wp-json\/wp\/v2\/comments?post=6698"}],"version-history":[{"count":1,"href":"https:\/\/www.actecir.cat\/es\/wp-json\/wp\/v2\/posts\/6698\/revisions"}],"predecessor-version":[{"id":6699,"href":"https:\/\/www.actecir.cat\/es\/wp-json\/wp\/v2\/posts\/6698\/revisions\/6699"}],"wp:featuredmedia":[{"embeddable":true,"href":"https:\/\/www.actecir.cat\/es\/wp-json\/wp\/v2\/media\/6695"}],"wp:attachment":[{"href":"https:\/\/www.actecir.cat\/es\/wp-json\/wp\/v2\/media?parent=6698"}],"wp:term":[{"taxonomy":"category","embeddable":true,"href":"https:\/\/www.actecir.cat\/es\/wp-json\/wp\/v2\/categories?post=6698"},{"taxonomy":"post_tag","embeddable":true,"href":"https:\/\/www.actecir.cat\/es\/wp-json\/wp\/v2\/tags?post=6698"}],"curies":[{"name":"wp","href":"https:\/\/api.w.org\/{rel}","templated":true}]}}