{"id":6704,"date":"2018-06-19T13:00:53","date_gmt":"2018-06-19T11:00:53","guid":{"rendered":"https:\/\/www.actecir.cat\/?p=6704"},"modified":"2023-07-07T16:06:29","modified_gmt":"2023-07-07T14:06:29","slug":"en-el-2017-barcelona-se-convirtio-en-la-ciudad-del-mundo-con-mas-congresos","status":"publish","type":"post","link":"https:\/\/www.actecir.cat\/es\/en-el-2017-barcelona-se-convirtio-en-la-ciudad-del-mundo-con-mas-congresos\/","title":{"rendered":"En el 2017 Barcelona se convirti\u00f3 en la ciudad del mundo con m\u00e1s congresos"},"content":{"rendered":"<p>Barcelona ahora es al frente y Fira de Barcelona juega un papel clave. Tradicionalmente, Par\u00eds y Viena han sido las capitales europeas, y mundiales, receptoras de los congresos profesionales, m\u00e9dicos, cient\u00edficos, t\u00e9cnicos.<\/p>\n<p><span id=\"result_box\" lang=\"es\" tabindex=\"-1\"><span title=\"El 2017 Barcelona es va convertir en la ciutat del m\u00f3n amb m\u00e9s congressos (195), per\u00f2 no vol dir necess\u00e0riament en nombre de congressistes.\">En 2017 Barcelona se convirti\u00f3 en la ciudad del mundo con m\u00e1s congresos (195), pero no significa necesariamente en n\u00famero de congresistas.\u00a0<\/span><span title=\"Segons els criteris de l'Associaci\u00f3 Internacional de Congressos i Convencions (ICCA, per les seves sigles en angl\u00e8s), en aquest r\u00e0nquing nom\u00e9s hi figuren els congressos \u201citinerants\u201d, \u00e9s a dir, els que no tenen arrelament a una sola ciutat o equipament\">Seg\u00fan los criterios de la Asociaci\u00f3n Internacional de Congresos y Convenciones (ICCA, por sus siglas en ingl\u00e9s), en este ranking s\u00f3lo figuran los congresos &#8220;itinerantes&#8221;, es decir, los que no tienen arraigo en una sola ciudad o equipamiento\u00a0<\/span><span title=\"firal.\">ferial.\u00a0<\/span><span title=\"Dit d'una altra manera: ni el Mobile World Congress, la reuni\u00f3 m\u00e9s important del m\u00f3n de la tecnologia m\u00f2bil amb m\u00e9s de 107.000 participants, ni algunes de les reunions corporatives de caire tecnol\u00f2gic que se celebren cada any a Fira de Barcelona entren al llistat\">Dicho de otro modo: ni el Mobile World Congress, la reuni\u00f3n m\u00e1s importante del mundo de la tecnolog\u00eda m\u00f3vil con m\u00e1s de 107.000 participantes, ni algunas de las reuniones corporativas de car\u00e1cter tecnol\u00f3gico que se celebran cada a\u00f1o en Fira de Barcelona entran en el listado\u00a0<\/span><span title=\".\n\n\">.<\/p>\n<p><\/span><span title=\"Congressos molt importants\n\n\">Congresos muy importantes<\/p>\n<p><\/span><span title=\"Durant el 2017, Fira de Barcelona va acollir, entre altres, els congressos europeus de Cardiologia amb 30.000 professionals, Gastroenterologia, ICHNO (c\u00e0ncer de coll i cap), SEBBN (bioqu\u00edmica i biologia molecular), ESMRMB (Resson\u00e0ncia magn\u00e8tica) o EBA (cremats\">Durante el 2017, Fira de Barcelona acogi\u00f3, entre otros, los congresos europeos de Cardiolog\u00eda con 30.000 profesionales, Gastroenterolog\u00eda, ICHN (c\u00e1ncer de cuello y cabeza), SEBBN (bioqu\u00edmica y biolog\u00eda molecular), ESMRMB (Resonancia magn\u00e9tica) o EBA (quemados\u00a0<\/span><span title=\").\">).\u00a0<\/span><span title=\"En l\u2019\u00e0mbit tecnol\u00f2gic van destacar les convencions SAP, Atlassian o VM World, aix\u00ed com World Routes, de tr\u00e0nsit aeri, i la reuni\u00f3 anual de la INTA que agrupa empreses en defensa de la marca dels seus productes.\n\n\">En el \u00e1mbito tecnol\u00f3gico destacaron las convenciones SAP, Atlassian o VM World, as\u00ed como World Routes, de tr\u00e1fico a\u00e9reo, y la reuni\u00f3n anual de la INTA que agrupa empresas en defensa de la marca de sus productos.<\/p>\n<p><\/span><span title=\"Grans esdeveniments tecnol\u00f2gics i m\u00e8dics\n\n\">Grandes eventos tecnol\u00f3gicos y m\u00e9dicos<\/p>\n<p><\/span><span title=\"Al llarg del 2018, els recintes de Fira tamb\u00e9 s\u00f3n seu de grans esdeveniments congressuals, sobretot tecnol\u00f2gics i m\u00e8dics, com els de les companyies Cisco, VM Ware, SAP i Atlassian, aix\u00ed com el Congr\u00e9s Mundial d'Oftalmologia (WOC), les trobades\">A lo largo del 2018, los recintos de Fira tambi\u00e9n son sede de grandes eventos congresuales, sobre todo tecnol\u00f3gicos y m\u00e9dicos, como los de las compa\u00f1\u00edas Cisco, VM Ware, SAP y Atlassian, as\u00ed como el Congreso Mundial de Oftalmolog\u00eda (WOC), los encuentros\u00a0<\/span><span title=\"de les associacions europees d'Ortop\u00e8dia i Traumatologia (EFORT), de Ritme Card\u00edac (EHRA) i de Ves\u00edcules Extracel\u00b7lulars (ISEV), entre d'altres.\n\n\">de las asociaciones europeas de Ortopedia y Traumatolog\u00eda (EFORT), de Ritmo Cardiaco (EHRA) y de Ves\u00edculas extracelulares (ISEV), entre otros.<\/p>\n<p><\/span><span title=\"USA al capdavant\n\n\">USA al frente<\/p>\n<p><\/span><span title=\"En el r\u00e0nquing de l\u2019ICCA corresponent a 2017, la classificaci\u00f3 de congressos per pa\u00efsos l\u2019encap\u00e7ala Estats Units amb 941 reunions, seguits d\u2019Alemanya (682) i Regne Unit (592).\">En el ranking de la ICCA correspondiente a 2017, la clasificaci\u00f3n de congresos por pa\u00edses la encabeza Estados Unidos con 941 reuniones, seguidos de Alemania (682) y Reino Unido (592).\u00a0<\/span><span title=\"Espanya ocupa la quarta posici\u00f3 amb 564 esdeveniments, pujant des de la cinquena pla\u00e7a de 2016 quan va acollir 533 congressos.\">Espa\u00f1a ocupa la cuarta posici\u00f3n con 564 eventos, subiendo desde la quinta plaza de 2016 cuando acogi\u00f3 533 congresos.<\/span><\/span><\/p>\n<p>Fuente:\u00a0<a href=\"https:\/\/www.firabarcelona.com:443\/\" target=\"_blank\" rel=\"noopener\">Fira de Barcelona<\/a><\/p>\n","protected":false},"excerpt":{"rendered":"<p>Fuente:\u00a0Fira de Barcelona<\/p>\n","protected":false},"author":1,"featured_media":6702,"comment_status":"closed","ping_status":"closed","sticky":false,"template":"","format":"standard","meta":{"footnotes":""},"categories":[25],"tags":[],"class_list":["post-6704","post","type-post","status-publish","format-standard","has-post-thumbnail","hentry","category-noticias"],"yoast_head":"<!-- This site is optimized with the Yoast SEO plugin v27.2 - https:\/\/yoast.com\/product\/yoast-seo-wordpress\/ -->\n<title>En el 2017 Barcelona se convirti\u00f3 en la ciudad del mundo con m\u00e1s congresos - Actecir<\/title>\n<meta name=\"robots\" content=\"index, follow, max-snippet:-1, max-image-preview:large, max-video-preview:-1\" \/>\n<link rel=\"canonical\" href=\"https:\/\/www.actecir.cat\/es\/en-el-2017-barcelona-se-convirtio-en-la-ciudad-del-mundo-con-mas-congresos\/\" \/>\n<meta property=\"og:locale\" content=\"es_ES\" \/>\n<meta property=\"og:type\" content=\"article\" \/>\n<meta property=\"og:title\" content=\"En el 2017 Barcelona se convirti\u00f3 en la ciudad del mundo con m\u00e1s congresos - Actecir\" \/>\n<meta property=\"og:description\" content=\"Fuente:\u00a0Fira de Barcelona\" \/>\n<meta property=\"og:url\" content=\"https:\/\/www.actecir.cat\/es\/en-el-2017-barcelona-se-convirtio-en-la-ciudad-del-mundo-con-mas-congresos\/\" \/>\n<meta property=\"og:site_name\" content=\"Actecir\" \/>\n<meta property=\"article:published_time\" content=\"2018-06-19T11:00:53+00:00\" \/>\n<meta property=\"article:modified_time\" content=\"2023-07-07T14:06:29+00:00\" \/>\n<meta property=\"og:image\" content=\"https:\/\/www.actecir.cat\/wp-content\/uploads\/2023\/05\/firaHospitalet.jpg\" \/>\n\t<meta property=\"og:image:width\" content=\"600\" \/>\n\t<meta property=\"og:image:height\" content=\"400\" \/>\n\t<meta property=\"og:image:type\" content=\"image\/jpeg\" \/>\n<meta name=\"author\" content=\"Soporte web\" \/>\n<meta name=\"twitter:card\" content=\"summary_large_image\" \/>\n<meta name=\"twitter:creator\" content=\"@actecir\" \/>\n<meta name=\"twitter:site\" content=\"@actecir\" \/>\n<meta name=\"twitter:label1\" content=\"Escrito por\" \/>\n\t<meta name=\"twitter:data1\" content=\"Soporte web\" \/>\n\t<meta name=\"twitter:label2\" content=\"Tiempo de lectura\" \/>\n\t<meta name=\"twitter:data2\" content=\"2 minutos\" \/>\n<script type=\"application\/ld+json\" class=\"yoast-schema-graph\">{\"@context\":\"https:\/\/schema.org\",\"@graph\":[{\"@type\":\"Article\",\"@id\":\"https:\/\/www.actecir.cat\/es\/en-el-2017-barcelona-se-convirtio-en-la-ciudad-del-mundo-con-mas-congresos\/#article\",\"isPartOf\":{\"@id\":\"https:\/\/www.actecir.cat\/es\/en-el-2017-barcelona-se-convirtio-en-la-ciudad-del-mundo-con-mas-congresos\/\"},\"author\":{\"name\":\"Soporte web\",\"@id\":\"https:\/\/www.actecir.cat\/#\/schema\/person\/42edd02f0b1d55e19444428c5d321413\"},\"headline\":\"En el 2017 Barcelona se convirti\u00f3 en la ciudad del mundo con m\u00e1s congresos\",\"datePublished\":\"2018-06-19T11:00:53+00:00\",\"dateModified\":\"2023-07-07T14:06:29+00:00\",\"mainEntityOfPage\":{\"@id\":\"https:\/\/www.actecir.cat\/es\/en-el-2017-barcelona-se-convirtio-en-la-ciudad-del-mundo-con-mas-congresos\/\"},\"wordCount\":379,\"publisher\":{\"@id\":\"https:\/\/www.actecir.cat\/#organization\"},\"image\":{\"@id\":\"https:\/\/www.actecir.cat\/es\/en-el-2017-barcelona-se-convirtio-en-la-ciudad-del-mundo-con-mas-congresos\/#primaryimage\"},\"thumbnailUrl\":\"https:\/\/www.actecir.cat\/wp-content\/uploads\/2023\/05\/firaHospitalet.jpg\",\"articleSection\":[\"Noticias\"],\"inLanguage\":\"es\"},{\"@type\":\"WebPage\",\"@id\":\"https:\/\/www.actecir.cat\/es\/en-el-2017-barcelona-se-convirtio-en-la-ciudad-del-mundo-con-mas-congresos\/\",\"url\":\"https:\/\/www.actecir.cat\/es\/en-el-2017-barcelona-se-convirtio-en-la-ciudad-del-mundo-con-mas-congresos\/\",\"name\":\"En el 2017 Barcelona se convirti\u00f3 en la ciudad del mundo con m\u00e1s congresos - Actecir\",\"isPartOf\":{\"@id\":\"https:\/\/www.actecir.cat\/#website\"},\"primaryImageOfPage\":{\"@id\":\"https:\/\/www.actecir.cat\/es\/en-el-2017-barcelona-se-convirtio-en-la-ciudad-del-mundo-con-mas-congresos\/#primaryimage\"},\"image\":{\"@id\":\"https:\/\/www.actecir.cat\/es\/en-el-2017-barcelona-se-convirtio-en-la-ciudad-del-mundo-con-mas-congresos\/#primaryimage\"},\"thumbnailUrl\":\"https:\/\/www.actecir.cat\/wp-content\/uploads\/2023\/05\/firaHospitalet.jpg\",\"datePublished\":\"2018-06-19T11:00:53+00:00\",\"dateModified\":\"2023-07-07T14:06:29+00:00\",\"breadcrumb\":{\"@id\":\"https:\/\/www.actecir.cat\/es\/en-el-2017-barcelona-se-convirtio-en-la-ciudad-del-mundo-con-mas-congresos\/#breadcrumb\"},\"inLanguage\":\"es\",\"potentialAction\":[{\"@type\":\"ReadAction\",\"target\":[\"https:\/\/www.actecir.cat\/es\/en-el-2017-barcelona-se-convirtio-en-la-ciudad-del-mundo-con-mas-congresos\/\"]}]},{\"@type\":\"ImageObject\",\"inLanguage\":\"es\",\"@id\":\"https:\/\/www.actecir.cat\/es\/en-el-2017-barcelona-se-convirtio-en-la-ciudad-del-mundo-con-mas-congresos\/#primaryimage\",\"url\":\"https:\/\/www.actecir.cat\/wp-content\/uploads\/2023\/05\/firaHospitalet.jpg\",\"contentUrl\":\"https:\/\/www.actecir.cat\/wp-content\/uploads\/2023\/05\/firaHospitalet.jpg\",\"width\":600,\"height\":400},{\"@type\":\"BreadcrumbList\",\"@id\":\"https:\/\/www.actecir.cat\/es\/en-el-2017-barcelona-se-convirtio-en-la-ciudad-del-mundo-con-mas-congresos\/#breadcrumb\",\"itemListElement\":[{\"@type\":\"ListItem\",\"position\":1,\"name\":\"Inici\",\"item\":\"https:\/\/www.actecir.cat\/es\/\"},{\"@type\":\"ListItem\",\"position\":2,\"name\":\"En el 2017 Barcelona se convirti\u00f3 en la ciudad del mundo con m\u00e1s congresos\"}]},{\"@type\":\"WebSite\",\"@id\":\"https:\/\/www.actecir.cat\/#website\",\"url\":\"https:\/\/www.actecir.cat\/\",\"name\":\"Actecir\",\"description\":\"Associaci\u00f3 Catalana de T\u00e8cnics en Energia, Climatitzaci\u00f3 i Refrigeraci\u00f3\",\"publisher\":{\"@id\":\"https:\/\/www.actecir.cat\/#organization\"},\"potentialAction\":[{\"@type\":\"SearchAction\",\"target\":{\"@type\":\"EntryPoint\",\"urlTemplate\":\"https:\/\/www.actecir.cat\/?s={search_term_string}\"},\"query-input\":{\"@type\":\"PropertyValueSpecification\",\"valueRequired\":true,\"valueName\":\"search_term_string\"}}],\"inLanguage\":\"es\"},{\"@type\":\"Organization\",\"@id\":\"https:\/\/www.actecir.cat\/#organization\",\"name\":\"Actecir\",\"url\":\"https:\/\/www.actecir.cat\/\",\"logo\":{\"@type\":\"ImageObject\",\"inLanguage\":\"es\",\"@id\":\"https:\/\/www.actecir.cat\/#\/schema\/logo\/image\/\",\"url\":\"https:\/\/www.actecir.cat\/wp-content\/uploads\/2023\/04\/cropped-logo_actecir_60_alto.png\",\"contentUrl\":\"https:\/\/www.actecir.cat\/wp-content\/uploads\/2023\/04\/cropped-logo_actecir_60_alto.png\",\"width\":283,\"height\":80,\"caption\":\"Actecir\"},\"image\":{\"@id\":\"https:\/\/www.actecir.cat\/#\/schema\/logo\/image\/\"},\"sameAs\":[\"https:\/\/x.com\/actecir\",\"https:\/\/www.linkedin.com\/company\/actecir\"]},{\"@type\":\"Person\",\"@id\":\"https:\/\/www.actecir.cat\/#\/schema\/person\/42edd02f0b1d55e19444428c5d321413\",\"name\":\"Soporte web\",\"sameAs\":[\"https:\/\/www.actecir.cat\"],\"url\":\"https:\/\/www.actecir.cat\/es\/author\/maensystems\/\"}]}<\/script>\n<!-- \/ Yoast SEO plugin. -->","yoast_head_json":{"title":"En el 2017 Barcelona se convirti\u00f3 en la ciudad del mundo con m\u00e1s congresos - Actecir","robots":{"index":"index","follow":"follow","max-snippet":"max-snippet:-1","max-image-preview":"max-image-preview:large","max-video-preview":"max-video-preview:-1"},"canonical":"https:\/\/www.actecir.cat\/es\/en-el-2017-barcelona-se-convirtio-en-la-ciudad-del-mundo-con-mas-congresos\/","og_locale":"es_ES","og_type":"article","og_title":"En el 2017 Barcelona se convirti\u00f3 en la ciudad del mundo con m\u00e1s congresos - Actecir","og_description":"Fuente:\u00a0Fira de Barcelona","og_url":"https:\/\/www.actecir.cat\/es\/en-el-2017-barcelona-se-convirtio-en-la-ciudad-del-mundo-con-mas-congresos\/","og_site_name":"Actecir","article_published_time":"2018-06-19T11:00:53+00:00","article_modified_time":"2023-07-07T14:06:29+00:00","og_image":[{"width":600,"height":400,"url":"https:\/\/www.actecir.cat\/wp-content\/uploads\/2023\/05\/firaHospitalet.jpg","type":"image\/jpeg"}],"author":"Soporte web","twitter_card":"summary_large_image","twitter_creator":"@actecir","twitter_site":"@actecir","twitter_misc":{"Escrito por":"Soporte web","Tiempo de lectura":"2 minutos"},"schema":{"@context":"https:\/\/schema.org","@graph":[{"@type":"Article","@id":"https:\/\/www.actecir.cat\/es\/en-el-2017-barcelona-se-convirtio-en-la-ciudad-del-mundo-con-mas-congresos\/#article","isPartOf":{"@id":"https:\/\/www.actecir.cat\/es\/en-el-2017-barcelona-se-convirtio-en-la-ciudad-del-mundo-con-mas-congresos\/"},"author":{"name":"Soporte web","@id":"https:\/\/www.actecir.cat\/#\/schema\/person\/42edd02f0b1d55e19444428c5d321413"},"headline":"En el 2017 Barcelona se convirti\u00f3 en la ciudad del mundo con m\u00e1s congresos","datePublished":"2018-06-19T11:00:53+00:00","dateModified":"2023-07-07T14:06:29+00:00","mainEntityOfPage":{"@id":"https:\/\/www.actecir.cat\/es\/en-el-2017-barcelona-se-convirtio-en-la-ciudad-del-mundo-con-mas-congresos\/"},"wordCount":379,"publisher":{"@id":"https:\/\/www.actecir.cat\/#organization"},"image":{"@id":"https:\/\/www.actecir.cat\/es\/en-el-2017-barcelona-se-convirtio-en-la-ciudad-del-mundo-con-mas-congresos\/#primaryimage"},"thumbnailUrl":"https:\/\/www.actecir.cat\/wp-content\/uploads\/2023\/05\/firaHospitalet.jpg","articleSection":["Noticias"],"inLanguage":"es"},{"@type":"WebPage","@id":"https:\/\/www.actecir.cat\/es\/en-el-2017-barcelona-se-convirtio-en-la-ciudad-del-mundo-con-mas-congresos\/","url":"https:\/\/www.actecir.cat\/es\/en-el-2017-barcelona-se-convirtio-en-la-ciudad-del-mundo-con-mas-congresos\/","name":"En el 2017 Barcelona se convirti\u00f3 en la ciudad del mundo con m\u00e1s congresos - Actecir","isPartOf":{"@id":"https:\/\/www.actecir.cat\/#website"},"primaryImageOfPage":{"@id":"https:\/\/www.actecir.cat\/es\/en-el-2017-barcelona-se-convirtio-en-la-ciudad-del-mundo-con-mas-congresos\/#primaryimage"},"image":{"@id":"https:\/\/www.actecir.cat\/es\/en-el-2017-barcelona-se-convirtio-en-la-ciudad-del-mundo-con-mas-congresos\/#primaryimage"},"thumbnailUrl":"https:\/\/www.actecir.cat\/wp-content\/uploads\/2023\/05\/firaHospitalet.jpg","datePublished":"2018-06-19T11:00:53+00:00","dateModified":"2023-07-07T14:06:29+00:00","breadcrumb":{"@id":"https:\/\/www.actecir.cat\/es\/en-el-2017-barcelona-se-convirtio-en-la-ciudad-del-mundo-con-mas-congresos\/#breadcrumb"},"inLanguage":"es","potentialAction":[{"@type":"ReadAction","target":["https:\/\/www.actecir.cat\/es\/en-el-2017-barcelona-se-convirtio-en-la-ciudad-del-mundo-con-mas-congresos\/"]}]},{"@type":"ImageObject","inLanguage":"es","@id":"https:\/\/www.actecir.cat\/es\/en-el-2017-barcelona-se-convirtio-en-la-ciudad-del-mundo-con-mas-congresos\/#primaryimage","url":"https:\/\/www.actecir.cat\/wp-content\/uploads\/2023\/05\/firaHospitalet.jpg","contentUrl":"https:\/\/www.actecir.cat\/wp-content\/uploads\/2023\/05\/firaHospitalet.jpg","width":600,"height":400},{"@type":"BreadcrumbList","@id":"https:\/\/www.actecir.cat\/es\/en-el-2017-barcelona-se-convirtio-en-la-ciudad-del-mundo-con-mas-congresos\/#breadcrumb","itemListElement":[{"@type":"ListItem","position":1,"name":"Inici","item":"https:\/\/www.actecir.cat\/es\/"},{"@type":"ListItem","position":2,"name":"En el 2017 Barcelona se convirti\u00f3 en la ciudad del mundo con m\u00e1s congresos"}]},{"@type":"WebSite","@id":"https:\/\/www.actecir.cat\/#website","url":"https:\/\/www.actecir.cat\/","name":"Actecir","description":"Associaci\u00f3 Catalana de T\u00e8cnics en Energia, Climatitzaci\u00f3 i Refrigeraci\u00f3","publisher":{"@id":"https:\/\/www.actecir.cat\/#organization"},"potentialAction":[{"@type":"SearchAction","target":{"@type":"EntryPoint","urlTemplate":"https:\/\/www.actecir.cat\/?s={search_term_string}"},"query-input":{"@type":"PropertyValueSpecification","valueRequired":true,"valueName":"search_term_string"}}],"inLanguage":"es"},{"@type":"Organization","@id":"https:\/\/www.actecir.cat\/#organization","name":"Actecir","url":"https:\/\/www.actecir.cat\/","logo":{"@type":"ImageObject","inLanguage":"es","@id":"https:\/\/www.actecir.cat\/#\/schema\/logo\/image\/","url":"https:\/\/www.actecir.cat\/wp-content\/uploads\/2023\/04\/cropped-logo_actecir_60_alto.png","contentUrl":"https:\/\/www.actecir.cat\/wp-content\/uploads\/2023\/04\/cropped-logo_actecir_60_alto.png","width":283,"height":80,"caption":"Actecir"},"image":{"@id":"https:\/\/www.actecir.cat\/#\/schema\/logo\/image\/"},"sameAs":["https:\/\/x.com\/actecir","https:\/\/www.linkedin.com\/company\/actecir"]},{"@type":"Person","@id":"https:\/\/www.actecir.cat\/#\/schema\/person\/42edd02f0b1d55e19444428c5d321413","name":"Soporte web","sameAs":["https:\/\/www.actecir.cat"],"url":"https:\/\/www.actecir.cat\/es\/author\/maensystems\/"}]}},"_links":{"self":[{"href":"https:\/\/www.actecir.cat\/es\/wp-json\/wp\/v2\/posts\/6704","targetHints":{"allow":["GET"]}}],"collection":[{"href":"https:\/\/www.actecir.cat\/es\/wp-json\/wp\/v2\/posts"}],"about":[{"href":"https:\/\/www.actecir.cat\/es\/wp-json\/wp\/v2\/types\/post"}],"author":[{"embeddable":true,"href":"https:\/\/www.actecir.cat\/es\/wp-json\/wp\/v2\/users\/1"}],"replies":[{"embeddable":true,"href":"https:\/\/www.actecir.cat\/es\/wp-json\/wp\/v2\/comments?post=6704"}],"version-history":[{"count":2,"href":"https:\/\/www.actecir.cat\/es\/wp-json\/wp\/v2\/posts\/6704\/revisions"}],"predecessor-version":[{"id":11574,"href":"https:\/\/www.actecir.cat\/es\/wp-json\/wp\/v2\/posts\/6704\/revisions\/11574"}],"wp:featuredmedia":[{"embeddable":true,"href":"https:\/\/www.actecir.cat\/es\/wp-json\/wp\/v2\/media\/6702"}],"wp:attachment":[{"href":"https:\/\/www.actecir.cat\/es\/wp-json\/wp\/v2\/media?parent=6704"}],"wp:term":[{"taxonomy":"category","embeddable":true,"href":"https:\/\/www.actecir.cat\/es\/wp-json\/wp\/v2\/categories?post=6704"},{"taxonomy":"post_tag","embeddable":true,"href":"https:\/\/www.actecir.cat\/es\/wp-json\/wp\/v2\/tags?post=6704"}],"curies":[{"name":"wp","href":"https:\/\/api.w.org\/{rel}","templated":true}]}}