{"id":6710,"date":"2018-05-22T13:02:50","date_gmt":"2018-05-22T11:02:50","guid":{"rendered":"https:\/\/www.actecir.cat\/?p=6710"},"modified":"2023-05-11T13:05:51","modified_gmt":"2023-05-11T11:05:51","slug":"eurofred-pioneros-en-refrigerantes-naturales-para-frio-comercial","status":"publish","type":"post","link":"https:\/\/www.actecir.cat\/es\/eurofred-pioneros-en-refrigerantes-naturales-para-frio-comercial\/","title":{"rendered":"Eurofred, pioneros en refrigerantes naturales para fr\u00edo comercial"},"content":{"rendered":"<p>Eurofred apuesta por el uso de los refrigerantes naturales de bajo impacto medioambiental para el sector de la refrigeraci\u00f3n, en negocios como cadenas de alimentaci\u00f3n o supermercados.<\/p>\n<p>Eurofred apuesta por el uso de los refrigerantes naturales de bajo impacto medioambiental para el sector de la refrigeraci\u00f3n, en negocios como cadenas de alimentaci\u00f3n o supermercados. En concreto, somos pioneros en incorporar a este tipo de negocios, sistemas con refrigerantes como el R-744 (CO2) o el R-290, y por la instalaci\u00f3n de centrales frigor\u00edficas de R-744 (CO2) para dar servicio mobiliario frigor\u00edfico remoto.<\/p>\n<p>La utilizaci\u00f3n de estos gases naturales minimiza las toneladas equivalentes de CO2 emitidas a la atm\u00f3sfera y contribuye a reducir el efecto invernadero global. Adem\u00e1s, este tipo de sistemas, a diferencia de los tradicionales, est\u00e1 exento del pago de tasas que impone el Reglamento del Impuesto sobre los gases fluorados de efecto invernadero, un impuesto que afecta especialmente al sector de la distribuci\u00f3n alimentaria, penalizando el uso de equipos que utilizan gases refrigerantes con alto GWP. &#8220;El sector del fr\u00edo y la refrigeraci\u00f3n se enfrenta en la actualidad a grandes retos. No hay duda de que nos encontramos ante un momento de metamorfosis marcado por los cambios que se dan en los negocios, las nuevas soluciones tecnol\u00f3gicas imperantes y el marco legislativo del sector. Pero sin lugar a dudas es la gran concienciaci\u00f3n de las grandes cadenas de alimentaci\u00f3n de nuestro pa\u00eds donde podemos encontrar el inicio de esta transformaci\u00f3n. &#8220;- se\u00f1ala Abel Pedr\u00f3s Industrial Air &amp; Horeca Marketing director de Eurofred.<\/p>\n<p>mirando atr\u00e1s<\/p>\n<p>Si nos fijamos en la apertura del primer hipermercado en los a\u00f1os 70, tanto el consumidor como la sociedad ha cambiado mucho. Anteriormente, la mayor parte de los hipermercados se instalaban en centros comerciales en las afueras de las ciudades donde el consumidor encontraba al lado de su compra una oferta de ocio. Hoy d\u00eda, en cambio, est\u00e1 imperando el formato de supermercado de proximidad, m\u00e1s cerca del consumidor y con una oferta donde se da m\u00e1s importancia al producto fresco, ecol\u00f3gico y de consumo diario. Esta vuelta a las tiendas m\u00e1s cercanas supone para todos los establecimientos el incremento de c\u00e1maras de almacenamiento y sobre todo, de mobiliario frigor\u00edfico en salas de ventas para conservar y exponer de forma eficiente y atractiva todos los productos.<\/p>\n<p>Los nuevos establecimientos donde se instalan los nuevos equipos buscan maquinaria adaptada a nuevos formatos y que incorporen la \u00faltima tecnolog\u00eda para cumplir con la nueva normativa de gases fluorados, dos condiciones que cumplen los equipos frigor\u00edficos con refrigerantes naturales de Eurofred. &#8220;Por tanto- se\u00f1ala Pedr\u00f3s- el reto es poner la tecnolog\u00eda al alcance del mercado. Nos encontramos en un momento clave donde surge la necesidad de dar respuesta a las inquietudes que preocupan a los profesionales y al sector. Un momento donde conviene compartir nuestro conocimiento y experiencia para ser capaces, entre todos de poner la mejor tecnolog\u00eda e innovaci\u00f3n al alcance del mercado. &#8220;<\/p>\n","protected":false},"excerpt":{"rendered":"<p>Eurofred apuesta por el uso de los refrigerantes naturales de bajo impacto medioambiental<\/p>\n","protected":false},"author":1,"featured_media":6708,"comment_status":"closed","ping_status":"closed","sticky":false,"template":"","format":"standard","meta":{"footnotes":""},"categories":[25],"tags":[],"class_list":["post-6710","post","type-post","status-publish","format-standard","has-post-thumbnail","hentry","category-noticias"],"yoast_head":"<!-- This site is optimized with the Yoast SEO plugin v27.2 - https:\/\/yoast.com\/product\/yoast-seo-wordpress\/ -->\n<title>Eurofred, pioneros en refrigerantes naturales para fr\u00edo comercial - Actecir<\/title>\n<meta name=\"robots\" content=\"index, follow, max-snippet:-1, max-image-preview:large, max-video-preview:-1\" \/>\n<link rel=\"canonical\" href=\"https:\/\/www.actecir.cat\/es\/eurofred-pioneros-en-refrigerantes-naturales-para-frio-comercial\/\" \/>\n<meta property=\"og:locale\" content=\"es_ES\" \/>\n<meta property=\"og:type\" content=\"article\" \/>\n<meta property=\"og:title\" content=\"Eurofred, pioneros en refrigerantes naturales para fr\u00edo comercial - Actecir\" \/>\n<meta property=\"og:description\" content=\"Eurofred apuesta por el uso de los refrigerantes naturales de bajo impacto medioambiental\" \/>\n<meta property=\"og:url\" content=\"https:\/\/www.actecir.cat\/es\/eurofred-pioneros-en-refrigerantes-naturales-para-frio-comercial\/\" \/>\n<meta property=\"og:site_name\" content=\"Actecir\" \/>\n<meta property=\"article:published_time\" content=\"2018-05-22T11:02:50+00:00\" \/>\n<meta property=\"article:modified_time\" content=\"2023-05-11T11:05:51+00:00\" \/>\n<meta property=\"og:image\" content=\"https:\/\/www.actecir.cat\/wp-content\/uploads\/2023\/05\/refigerantes_eurofred.jpg\" \/>\n\t<meta property=\"og:image:width\" content=\"600\" \/>\n\t<meta property=\"og:image:height\" content=\"400\" \/>\n\t<meta property=\"og:image:type\" content=\"image\/jpeg\" \/>\n<meta name=\"author\" content=\"Soporte web\" \/>\n<meta name=\"twitter:card\" content=\"summary_large_image\" \/>\n<meta name=\"twitter:creator\" content=\"@actecir\" \/>\n<meta name=\"twitter:site\" content=\"@actecir\" \/>\n<meta name=\"twitter:label1\" content=\"Escrito por\" \/>\n\t<meta name=\"twitter:data1\" content=\"Soporte web\" \/>\n\t<meta name=\"twitter:label2\" content=\"Tiempo de lectura\" \/>\n\t<meta name=\"twitter:data2\" content=\"3 minutos\" \/>\n<script type=\"application\/ld+json\" class=\"yoast-schema-graph\">{\"@context\":\"https:\/\/schema.org\",\"@graph\":[{\"@type\":\"Article\",\"@id\":\"https:\/\/www.actecir.cat\/es\/eurofred-pioneros-en-refrigerantes-naturales-para-frio-comercial\/#article\",\"isPartOf\":{\"@id\":\"https:\/\/www.actecir.cat\/es\/eurofred-pioneros-en-refrigerantes-naturales-para-frio-comercial\/\"},\"author\":{\"name\":\"Soporte web\",\"@id\":\"https:\/\/www.actecir.cat\/#\/schema\/person\/42edd02f0b1d55e19444428c5d321413\"},\"headline\":\"Eurofred, pioneros en refrigerantes naturales para fr\u00edo comercial\",\"datePublished\":\"2018-05-22T11:02:50+00:00\",\"dateModified\":\"2023-05-11T11:05:51+00:00\",\"mainEntityOfPage\":{\"@id\":\"https:\/\/www.actecir.cat\/es\/eurofred-pioneros-en-refrigerantes-naturales-para-frio-comercial\/\"},\"wordCount\":530,\"publisher\":{\"@id\":\"https:\/\/www.actecir.cat\/#organization\"},\"image\":{\"@id\":\"https:\/\/www.actecir.cat\/es\/eurofred-pioneros-en-refrigerantes-naturales-para-frio-comercial\/#primaryimage\"},\"thumbnailUrl\":\"https:\/\/www.actecir.cat\/wp-content\/uploads\/2023\/05\/refigerantes_eurofred.jpg\",\"articleSection\":[\"Noticias\"],\"inLanguage\":\"es\"},{\"@type\":\"WebPage\",\"@id\":\"https:\/\/www.actecir.cat\/es\/eurofred-pioneros-en-refrigerantes-naturales-para-frio-comercial\/\",\"url\":\"https:\/\/www.actecir.cat\/es\/eurofred-pioneros-en-refrigerantes-naturales-para-frio-comercial\/\",\"name\":\"Eurofred, pioneros en refrigerantes naturales para fr\u00edo comercial - Actecir\",\"isPartOf\":{\"@id\":\"https:\/\/www.actecir.cat\/#website\"},\"primaryImageOfPage\":{\"@id\":\"https:\/\/www.actecir.cat\/es\/eurofred-pioneros-en-refrigerantes-naturales-para-frio-comercial\/#primaryimage\"},\"image\":{\"@id\":\"https:\/\/www.actecir.cat\/es\/eurofred-pioneros-en-refrigerantes-naturales-para-frio-comercial\/#primaryimage\"},\"thumbnailUrl\":\"https:\/\/www.actecir.cat\/wp-content\/uploads\/2023\/05\/refigerantes_eurofred.jpg\",\"datePublished\":\"2018-05-22T11:02:50+00:00\",\"dateModified\":\"2023-05-11T11:05:51+00:00\",\"breadcrumb\":{\"@id\":\"https:\/\/www.actecir.cat\/es\/eurofred-pioneros-en-refrigerantes-naturales-para-frio-comercial\/#breadcrumb\"},\"inLanguage\":\"es\",\"potentialAction\":[{\"@type\":\"ReadAction\",\"target\":[\"https:\/\/www.actecir.cat\/es\/eurofred-pioneros-en-refrigerantes-naturales-para-frio-comercial\/\"]}]},{\"@type\":\"ImageObject\",\"inLanguage\":\"es\",\"@id\":\"https:\/\/www.actecir.cat\/es\/eurofred-pioneros-en-refrigerantes-naturales-para-frio-comercial\/#primaryimage\",\"url\":\"https:\/\/www.actecir.cat\/wp-content\/uploads\/2023\/05\/refigerantes_eurofred.jpg\",\"contentUrl\":\"https:\/\/www.actecir.cat\/wp-content\/uploads\/2023\/05\/refigerantes_eurofred.jpg\",\"width\":600,\"height\":400},{\"@type\":\"BreadcrumbList\",\"@id\":\"https:\/\/www.actecir.cat\/es\/eurofred-pioneros-en-refrigerantes-naturales-para-frio-comercial\/#breadcrumb\",\"itemListElement\":[{\"@type\":\"ListItem\",\"position\":1,\"name\":\"Inici\",\"item\":\"https:\/\/www.actecir.cat\/es\/\"},{\"@type\":\"ListItem\",\"position\":2,\"name\":\"Eurofred, pioneros en refrigerantes naturales para fr\u00edo comercial\"}]},{\"@type\":\"WebSite\",\"@id\":\"https:\/\/www.actecir.cat\/#website\",\"url\":\"https:\/\/www.actecir.cat\/\",\"name\":\"Actecir\",\"description\":\"Associaci\u00f3 Catalana de T\u00e8cnics en Energia, Climatitzaci\u00f3 i Refrigeraci\u00f3\",\"publisher\":{\"@id\":\"https:\/\/www.actecir.cat\/#organization\"},\"potentialAction\":[{\"@type\":\"SearchAction\",\"target\":{\"@type\":\"EntryPoint\",\"urlTemplate\":\"https:\/\/www.actecir.cat\/?s={search_term_string}\"},\"query-input\":{\"@type\":\"PropertyValueSpecification\",\"valueRequired\":true,\"valueName\":\"search_term_string\"}}],\"inLanguage\":\"es\"},{\"@type\":\"Organization\",\"@id\":\"https:\/\/www.actecir.cat\/#organization\",\"name\":\"Actecir\",\"url\":\"https:\/\/www.actecir.cat\/\",\"logo\":{\"@type\":\"ImageObject\",\"inLanguage\":\"es\",\"@id\":\"https:\/\/www.actecir.cat\/#\/schema\/logo\/image\/\",\"url\":\"https:\/\/www.actecir.cat\/wp-content\/uploads\/2023\/04\/cropped-logo_actecir_60_alto.png\",\"contentUrl\":\"https:\/\/www.actecir.cat\/wp-content\/uploads\/2023\/04\/cropped-logo_actecir_60_alto.png\",\"width\":283,\"height\":80,\"caption\":\"Actecir\"},\"image\":{\"@id\":\"https:\/\/www.actecir.cat\/#\/schema\/logo\/image\/\"},\"sameAs\":[\"https:\/\/x.com\/actecir\",\"https:\/\/www.linkedin.com\/company\/actecir\"]},{\"@type\":\"Person\",\"@id\":\"https:\/\/www.actecir.cat\/#\/schema\/person\/42edd02f0b1d55e19444428c5d321413\",\"name\":\"Soporte web\",\"sameAs\":[\"https:\/\/www.actecir.cat\"],\"url\":\"https:\/\/www.actecir.cat\/es\/author\/maensystems\/\"}]}<\/script>\n<!-- \/ Yoast SEO plugin. -->","yoast_head_json":{"title":"Eurofred, pioneros en refrigerantes naturales para fr\u00edo comercial - Actecir","robots":{"index":"index","follow":"follow","max-snippet":"max-snippet:-1","max-image-preview":"max-image-preview:large","max-video-preview":"max-video-preview:-1"},"canonical":"https:\/\/www.actecir.cat\/es\/eurofred-pioneros-en-refrigerantes-naturales-para-frio-comercial\/","og_locale":"es_ES","og_type":"article","og_title":"Eurofred, pioneros en refrigerantes naturales para fr\u00edo comercial - Actecir","og_description":"Eurofred apuesta por el uso de los refrigerantes naturales de bajo impacto medioambiental","og_url":"https:\/\/www.actecir.cat\/es\/eurofred-pioneros-en-refrigerantes-naturales-para-frio-comercial\/","og_site_name":"Actecir","article_published_time":"2018-05-22T11:02:50+00:00","article_modified_time":"2023-05-11T11:05:51+00:00","og_image":[{"width":600,"height":400,"url":"https:\/\/www.actecir.cat\/wp-content\/uploads\/2023\/05\/refigerantes_eurofred.jpg","type":"image\/jpeg"}],"author":"Soporte web","twitter_card":"summary_large_image","twitter_creator":"@actecir","twitter_site":"@actecir","twitter_misc":{"Escrito por":"Soporte web","Tiempo de lectura":"3 minutos"},"schema":{"@context":"https:\/\/schema.org","@graph":[{"@type":"Article","@id":"https:\/\/www.actecir.cat\/es\/eurofred-pioneros-en-refrigerantes-naturales-para-frio-comercial\/#article","isPartOf":{"@id":"https:\/\/www.actecir.cat\/es\/eurofred-pioneros-en-refrigerantes-naturales-para-frio-comercial\/"},"author":{"name":"Soporte web","@id":"https:\/\/www.actecir.cat\/#\/schema\/person\/42edd02f0b1d55e19444428c5d321413"},"headline":"Eurofred, pioneros en refrigerantes naturales para fr\u00edo comercial","datePublished":"2018-05-22T11:02:50+00:00","dateModified":"2023-05-11T11:05:51+00:00","mainEntityOfPage":{"@id":"https:\/\/www.actecir.cat\/es\/eurofred-pioneros-en-refrigerantes-naturales-para-frio-comercial\/"},"wordCount":530,"publisher":{"@id":"https:\/\/www.actecir.cat\/#organization"},"image":{"@id":"https:\/\/www.actecir.cat\/es\/eurofred-pioneros-en-refrigerantes-naturales-para-frio-comercial\/#primaryimage"},"thumbnailUrl":"https:\/\/www.actecir.cat\/wp-content\/uploads\/2023\/05\/refigerantes_eurofred.jpg","articleSection":["Noticias"],"inLanguage":"es"},{"@type":"WebPage","@id":"https:\/\/www.actecir.cat\/es\/eurofred-pioneros-en-refrigerantes-naturales-para-frio-comercial\/","url":"https:\/\/www.actecir.cat\/es\/eurofred-pioneros-en-refrigerantes-naturales-para-frio-comercial\/","name":"Eurofred, pioneros en refrigerantes naturales para fr\u00edo comercial - Actecir","isPartOf":{"@id":"https:\/\/www.actecir.cat\/#website"},"primaryImageOfPage":{"@id":"https:\/\/www.actecir.cat\/es\/eurofred-pioneros-en-refrigerantes-naturales-para-frio-comercial\/#primaryimage"},"image":{"@id":"https:\/\/www.actecir.cat\/es\/eurofred-pioneros-en-refrigerantes-naturales-para-frio-comercial\/#primaryimage"},"thumbnailUrl":"https:\/\/www.actecir.cat\/wp-content\/uploads\/2023\/05\/refigerantes_eurofred.jpg","datePublished":"2018-05-22T11:02:50+00:00","dateModified":"2023-05-11T11:05:51+00:00","breadcrumb":{"@id":"https:\/\/www.actecir.cat\/es\/eurofred-pioneros-en-refrigerantes-naturales-para-frio-comercial\/#breadcrumb"},"inLanguage":"es","potentialAction":[{"@type":"ReadAction","target":["https:\/\/www.actecir.cat\/es\/eurofred-pioneros-en-refrigerantes-naturales-para-frio-comercial\/"]}]},{"@type":"ImageObject","inLanguage":"es","@id":"https:\/\/www.actecir.cat\/es\/eurofred-pioneros-en-refrigerantes-naturales-para-frio-comercial\/#primaryimage","url":"https:\/\/www.actecir.cat\/wp-content\/uploads\/2023\/05\/refigerantes_eurofred.jpg","contentUrl":"https:\/\/www.actecir.cat\/wp-content\/uploads\/2023\/05\/refigerantes_eurofred.jpg","width":600,"height":400},{"@type":"BreadcrumbList","@id":"https:\/\/www.actecir.cat\/es\/eurofred-pioneros-en-refrigerantes-naturales-para-frio-comercial\/#breadcrumb","itemListElement":[{"@type":"ListItem","position":1,"name":"Inici","item":"https:\/\/www.actecir.cat\/es\/"},{"@type":"ListItem","position":2,"name":"Eurofred, pioneros en refrigerantes naturales para fr\u00edo comercial"}]},{"@type":"WebSite","@id":"https:\/\/www.actecir.cat\/#website","url":"https:\/\/www.actecir.cat\/","name":"Actecir","description":"Associaci\u00f3 Catalana de T\u00e8cnics en Energia, Climatitzaci\u00f3 i Refrigeraci\u00f3","publisher":{"@id":"https:\/\/www.actecir.cat\/#organization"},"potentialAction":[{"@type":"SearchAction","target":{"@type":"EntryPoint","urlTemplate":"https:\/\/www.actecir.cat\/?s={search_term_string}"},"query-input":{"@type":"PropertyValueSpecification","valueRequired":true,"valueName":"search_term_string"}}],"inLanguage":"es"},{"@type":"Organization","@id":"https:\/\/www.actecir.cat\/#organization","name":"Actecir","url":"https:\/\/www.actecir.cat\/","logo":{"@type":"ImageObject","inLanguage":"es","@id":"https:\/\/www.actecir.cat\/#\/schema\/logo\/image\/","url":"https:\/\/www.actecir.cat\/wp-content\/uploads\/2023\/04\/cropped-logo_actecir_60_alto.png","contentUrl":"https:\/\/www.actecir.cat\/wp-content\/uploads\/2023\/04\/cropped-logo_actecir_60_alto.png","width":283,"height":80,"caption":"Actecir"},"image":{"@id":"https:\/\/www.actecir.cat\/#\/schema\/logo\/image\/"},"sameAs":["https:\/\/x.com\/actecir","https:\/\/www.linkedin.com\/company\/actecir"]},{"@type":"Person","@id":"https:\/\/www.actecir.cat\/#\/schema\/person\/42edd02f0b1d55e19444428c5d321413","name":"Soporte web","sameAs":["https:\/\/www.actecir.cat"],"url":"https:\/\/www.actecir.cat\/es\/author\/maensystems\/"}]}},"_links":{"self":[{"href":"https:\/\/www.actecir.cat\/es\/wp-json\/wp\/v2\/posts\/6710","targetHints":{"allow":["GET"]}}],"collection":[{"href":"https:\/\/www.actecir.cat\/es\/wp-json\/wp\/v2\/posts"}],"about":[{"href":"https:\/\/www.actecir.cat\/es\/wp-json\/wp\/v2\/types\/post"}],"author":[{"embeddable":true,"href":"https:\/\/www.actecir.cat\/es\/wp-json\/wp\/v2\/users\/1"}],"replies":[{"embeddable":true,"href":"https:\/\/www.actecir.cat\/es\/wp-json\/wp\/v2\/comments?post=6710"}],"version-history":[{"count":1,"href":"https:\/\/www.actecir.cat\/es\/wp-json\/wp\/v2\/posts\/6710\/revisions"}],"predecessor-version":[{"id":6711,"href":"https:\/\/www.actecir.cat\/es\/wp-json\/wp\/v2\/posts\/6710\/revisions\/6711"}],"wp:featuredmedia":[{"embeddable":true,"href":"https:\/\/www.actecir.cat\/es\/wp-json\/wp\/v2\/media\/6708"}],"wp:attachment":[{"href":"https:\/\/www.actecir.cat\/es\/wp-json\/wp\/v2\/media?parent=6710"}],"wp:term":[{"taxonomy":"category","embeddable":true,"href":"https:\/\/www.actecir.cat\/es\/wp-json\/wp\/v2\/categories?post=6710"},{"taxonomy":"post_tag","embeddable":true,"href":"https:\/\/www.actecir.cat\/es\/wp-json\/wp\/v2\/tags?post=6710"}],"curies":[{"name":"wp","href":"https:\/\/api.w.org\/{rel}","templated":true}]}}