{"id":6723,"date":"2018-04-30T13:08:47","date_gmt":"2018-04-30T11:08:47","guid":{"rendered":"https:\/\/www.actecir.cat\/?p=6723"},"modified":"2023-05-11T13:10:04","modified_gmt":"2023-05-11T11:10:04","slug":"rittal-presenta-su-nuevo-sistema-de-armarios-acoplables-vx25","status":"publish","type":"post","link":"https:\/\/www.actecir.cat\/es\/rittal-presenta-su-nuevo-sistema-de-armarios-acoplables-vx25\/","title":{"rendered":"Rittal presenta su nuevo sistema de armarios acoplables VX25"},"content":{"rendered":"<p>Despu\u00e9s de un per\u00edodo de desarrollo de cinco a\u00f1os, Rittal present\u00f3 en la Feria de Hannover 2018 su nuevo sistema de armarios ensamblables VX25. Rittal promete un claro salto innovador<\/p>\n<p>Despu\u00e9s de un per\u00edodo de desarrollo de cinco a\u00f1os, Rittal present\u00f3 en la Feria de Hannover 2018 su nuevo sistema de armarios ensamblables VX25. Se trata del primer sistema de armario de distribuci\u00f3n desarrollado totalmente en l\u00ednea con las exigencias de una mayor productividad en la fabricaci\u00f3n de armarios para cuadros el\u00e9ctricos y de las cadenas de creaci\u00f3n de valor de la Industria 4.0. Siguiendo el lema &#8220;System Perfection.&#8221;, Rittal promete un claro salto innovador, hecho posible gracias a unos amplios conocimientos emp\u00edricos y en un di\u00e1logo intensivo con los clientes. El VX25 ofrece una calidad y una consistencia m\u00e1ximas de los datos, una reducci\u00f3n de la complejidad, ahorro de tiempo y seguridad en el montaje. M\u00e1s de 25 patentes registradas acreditan este alto grado de innovaci\u00f3n.<\/p>\n<p>Como se puede mejorar a\u00fan m\u00e1s el mejor? Esta es la pregunta que se plante\u00f3 Rittal al comienzo del desarrollo del nuevo sistema de armario de distribuci\u00f3n. &#8220;El mercado necesita un armario de distribuci\u00f3n que acorte los tiempos de proceso en la ingenier\u00eda y el montaje, que reduzca la complejidad y se integre como componente con pleno valor a la megatendencias de la digitalizaci\u00f3n&#8221;, comenta el Dr. Thomas Steffen, director de investigaci\u00f3n y Desarrollo en Rittal. Y contin\u00faa: &#8220;El nuevo armario ensamblable de Rittal ha convertido en apto al 100% para la Industria 4.0. \u00danicamente la combinaci\u00f3n de armario de distribuci\u00f3n real y su prototipo virtual permitir\u00e1 satisfacer en el futuro todos los requisitos de la digitalizaci\u00f3n , desde la configuraci\u00f3n en l\u00ednea y la ingenier\u00eda, hasta la automatizaci\u00f3n, la log\u00edstica y el mantenimiento, pasando por el montaje &#8220;.<\/p>\n<p>El di\u00e1logo intensivo con sus clientes ha ejercido por Rittal un papel decisivo durante el desarrollo del nuevo sistema de armarios acoplables. Los investigadores han documentado por escrito, en forma de im\u00e1genes y v\u00eddeos mediante un estudio de amplio alcance, fundado cient\u00edficamente, la actividad diaria de los fabricantes de armarios para cuadros el\u00e9ctricos en diez compa\u00f1\u00edas alemanas, ocho compa\u00f1\u00edas estadounidenses y seis compa\u00f1\u00edas chinas, entre ellas empresas peque\u00f1as, medianas y grandes. &#8220;Este an\u00e1lisis de los usuarios nos ha abierto los ojos. En algunos casos detectamos en los clientes problemas de los que ellos no se hab\u00edan dado cuenta de esta manera&#8221;, explica el Dr. Thomas Steffen. Este estudio cristaliz\u00f3 en 150 requisitos concretos recogidos sistem\u00e1ticamente a cumplir por el nuevo armario de distribuci\u00f3n, que proporcion\u00f3 a los desarrolladores y Product Managers una base s\u00f3lida para la labor de desarrollo en s\u00ed. Rittal los complet\u00f3 con los conocimientos adquiridos a trav\u00e9s del consejo asesor de clientes, asimismo integrado en el proceso. En el transcurso del desarrollo posterior Rittal no renunci\u00f3 ni a uno solo de los puntos m\u00e1s importantes.<\/p>\n<p>Resultado: Beneficios para el cliente en estado puro!<\/p>\n<p>El resultado de este<\/p>\n<p><span id=\"result_box\" lang=\"es\" tabindex=\"-1\"><span title=\"El benefici per al client al llarg de la cadena de creaci\u00f3 de valor completa de la fabricaci\u00f3 d'armaris per a quadres el\u00e8ctrics es pot resumir en tres punts fonamentals: una qualitat i una consist\u00e8ncia m\u00e0ximes de les dades, una complexitat redu\u00efda, aix\u00ed com estalvi\">El beneficio para el cliente a lo largo de la cadena de creaci\u00f3n de valor completa de la fabricaci\u00f3n de armarios para cuadros el\u00e9ctricos se puede resumir en tres puntos fundamentales: una calidad y una consistencia m\u00e1ximas de los datos, una complejidad reducida, as\u00ed como ahorro\u00a0<\/span><span title=\"de temps i seguretat en el muntatge.\n\n\">de tiempo y seguridad en el montaje.<\/p>\n<p><\/span><span title=\"L'alt grau d'innovaci\u00f3 queda patent\n\n\">El alto grado de innovaci\u00f3n queda patente<\/p>\n<p><\/span><span title=\"El nou desenvolupament del perfil del bastidor constitueix el nucli d'aquesta innovaci\u00f3.\">El nuevo desarrollo del perfil del bastidor constituye el n\u00facleo de esta innovaci\u00f3n.\u00a0<\/span><span title=\"El perfil determina l'espai per al muntatge, l'efici\u00e8ncia de l'enginyeria i el muntatge, les possibilitats d'ampliaci\u00f3, la solidesa i, amb aix\u00f2, la seguretat i flexibilitat en el taller del client.\">El perfil determina el espacio para el montaje, la eficiencia de la ingenier\u00eda y el montaje, las posibilidades de ampliaci\u00f3n, la solidez y, con ello, la seguridad y flexibilidad en el taller del cliente.\u00a0<\/span><span title=\"En el nou VX25 s'han aconseguit conservar totes les caracter\u00edstiques importants i consolidades en el mercat de l'antic sistema d'armaris acoblables TS 8, conegut mundialment, i ampliar perceptiblement amb un gran nombre de noves funcions i beneficis per al client.\">En el nuevo VX25 han conseguido conservar todas las caracter\u00edsticas importantes y consolidadas en el mercado del antiguo sistema de armarios acoplables TS 8, conocido mundialmente, y ampliar perceptiblemente con un gran n\u00famero de nuevas funciones y beneficios para el cliente.\u00a0<\/span><span title=\"M\u00e9s de 25 patents registrades acrediten l'alt grau d'innovaci\u00f3 del VX25.\n\n\">M\u00e1s de 25 patentes registradas acreditan el alto grado de innovaci\u00f3n del VX25.<\/p>\n<p><\/span><span title=\"Producci\u00f3: m\u00e0xima qualitat\n\n\">Producci\u00f3n: m\u00e1xima calidad<\/p>\n<p><\/span><span title=\"&quot;System Perfection&quot; significa en \u00faltima inst\u00e0ncia, tamb\u00e9 per a Rittal, una producci\u00f3 que s'ajusta als est\u00e0ndards de l'alta tecnologia.\">&#8220;System Perfection&#8221; significa en \u00faltima instancia, tambi\u00e9n para Rittal, una producci\u00f3n que se ajusta a los est\u00e1ndares de la alta tecnolog\u00eda.\u00a0<\/span><span title=\"Per tal de poder fabricar el nou perfil del bastidor del VX25, Rittal ha invertit en unes noves instal\u00b7lacions de producci\u00f3 molt modernes.\">Para poder fabricar el nuevo perfil del bastidor del VX25, Rittal ha invertido en unas nuevas instalaciones de producci\u00f3n muy modernas.\u00a0<\/span><span title=\"Unes noves instal\u00b7lacions de perfilat i producci\u00f3 en s\u00e8rie completament autom\u00e0tiques, amb un total de 31 robots de soldadura i manipulat, asseguren una qualitat m\u00e0xima pel que fa a precisi\u00f3 i solidesa.\">Unas nuevas instalaciones de perfilado y producci\u00f3n en serie completamente autom\u00e1ticas, con un total de 31 robots de soldadura y manipulado, aseguran una calidad m\u00e1xima en cuanto a precisi\u00f3n y solidez.\u00a0<\/span><span title=\"Aix\u00f2 es tradueix en: El perfil del bastidor del VX25, que presenta consistentment una ret\u00edcula de 25mm, \u00e9s notablement m\u00e9s s\u00f2lid que el seu predecessor TS 8 pel mateix pes.\">Esto se traduce en: El perfil del bastidor del VX25, que presenta consistentemente una ret\u00edcula de 25mm, es notablemente m\u00e1s s\u00f3lido que su predecesor TS 8 por el mismo peso.<\/span><\/span><\/p>\n","protected":false},"excerpt":{"rendered":"<p>Despu\u00e9s de un per\u00edodo de desarrollo de cinco a\u00f1os, Rittal present\u00f3 en la Feria de Hannover 2018 su nuevo sistema de armarios ensamblables VX25. Rittal promete un claro salto innovador<\/p>\n","protected":false},"author":1,"featured_media":6721,"comment_status":"closed","ping_status":"closed","sticky":false,"template":"","format":"standard","meta":{"footnotes":""},"categories":[25],"tags":[],"class_list":["post-6723","post","type-post","status-publish","format-standard","has-post-thumbnail","hentry","category-noticias"],"yoast_head":"<!-- This site is optimized with the Yoast SEO plugin v27.2 - https:\/\/yoast.com\/product\/yoast-seo-wordpress\/ -->\n<title>Rittal presenta su nuevo sistema de armarios acoplables VX25 - Actecir<\/title>\n<meta name=\"robots\" content=\"index, follow, max-snippet:-1, max-image-preview:large, max-video-preview:-1\" \/>\n<link rel=\"canonical\" href=\"https:\/\/www.actecir.cat\/es\/rittal-presenta-su-nuevo-sistema-de-armarios-acoplables-vx25\/\" \/>\n<meta property=\"og:locale\" content=\"es_ES\" \/>\n<meta property=\"og:type\" content=\"article\" \/>\n<meta property=\"og:title\" content=\"Rittal presenta su nuevo sistema de armarios acoplables VX25 - Actecir\" \/>\n<meta property=\"og:description\" content=\"Despu\u00e9s de un per\u00edodo de desarrollo de cinco a\u00f1os, Rittal present\u00f3 en la Feria de Hannover 2018 su nuevo sistema de armarios ensamblables VX25. Rittal promete un claro salto innovador\" \/>\n<meta property=\"og:url\" content=\"https:\/\/www.actecir.cat\/es\/rittal-presenta-su-nuevo-sistema-de-armarios-acoplables-vx25\/\" \/>\n<meta property=\"og:site_name\" content=\"Actecir\" \/>\n<meta property=\"article:published_time\" content=\"2018-04-30T11:08:47+00:00\" \/>\n<meta property=\"article:modified_time\" content=\"2023-05-11T11:10:04+00:00\" \/>\n<meta property=\"og:image\" content=\"https:\/\/www.actecir.cat\/wp-content\/uploads\/2023\/05\/rittalportada.jpg\" \/>\n\t<meta property=\"og:image:width\" content=\"600\" \/>\n\t<meta property=\"og:image:height\" content=\"400\" \/>\n\t<meta property=\"og:image:type\" content=\"image\/jpeg\" \/>\n<meta name=\"author\" content=\"Soporte web\" \/>\n<meta name=\"twitter:card\" content=\"summary_large_image\" \/>\n<meta name=\"twitter:creator\" content=\"@actecir\" \/>\n<meta name=\"twitter:site\" content=\"@actecir\" \/>\n<meta name=\"twitter:label1\" content=\"Escrito por\" \/>\n\t<meta name=\"twitter:data1\" content=\"Soporte web\" \/>\n\t<meta name=\"twitter:label2\" content=\"Tiempo de lectura\" \/>\n\t<meta name=\"twitter:data2\" content=\"4 minutos\" \/>\n<script type=\"application\/ld+json\" class=\"yoast-schema-graph\">{\"@context\":\"https:\/\/schema.org\",\"@graph\":[{\"@type\":\"Article\",\"@id\":\"https:\/\/www.actecir.cat\/es\/rittal-presenta-su-nuevo-sistema-de-armarios-acoplables-vx25\/#article\",\"isPartOf\":{\"@id\":\"https:\/\/www.actecir.cat\/es\/rittal-presenta-su-nuevo-sistema-de-armarios-acoplables-vx25\/\"},\"author\":{\"name\":\"Soporte web\",\"@id\":\"https:\/\/www.actecir.cat\/#\/schema\/person\/42edd02f0b1d55e19444428c5d321413\"},\"headline\":\"Rittal presenta su nuevo sistema de armarios acoplables VX25\",\"datePublished\":\"2018-04-30T11:08:47+00:00\",\"dateModified\":\"2023-05-11T11:10:04+00:00\",\"mainEntityOfPage\":{\"@id\":\"https:\/\/www.actecir.cat\/es\/rittal-presenta-su-nuevo-sistema-de-armarios-acoplables-vx25\/\"},\"wordCount\":825,\"publisher\":{\"@id\":\"https:\/\/www.actecir.cat\/#organization\"},\"image\":{\"@id\":\"https:\/\/www.actecir.cat\/es\/rittal-presenta-su-nuevo-sistema-de-armarios-acoplables-vx25\/#primaryimage\"},\"thumbnailUrl\":\"https:\/\/www.actecir.cat\/wp-content\/uploads\/2023\/05\/rittalportada.jpg\",\"articleSection\":[\"Noticias\"],\"inLanguage\":\"es\"},{\"@type\":\"WebPage\",\"@id\":\"https:\/\/www.actecir.cat\/es\/rittal-presenta-su-nuevo-sistema-de-armarios-acoplables-vx25\/\",\"url\":\"https:\/\/www.actecir.cat\/es\/rittal-presenta-su-nuevo-sistema-de-armarios-acoplables-vx25\/\",\"name\":\"Rittal presenta su nuevo sistema de armarios acoplables VX25 - Actecir\",\"isPartOf\":{\"@id\":\"https:\/\/www.actecir.cat\/#website\"},\"primaryImageOfPage\":{\"@id\":\"https:\/\/www.actecir.cat\/es\/rittal-presenta-su-nuevo-sistema-de-armarios-acoplables-vx25\/#primaryimage\"},\"image\":{\"@id\":\"https:\/\/www.actecir.cat\/es\/rittal-presenta-su-nuevo-sistema-de-armarios-acoplables-vx25\/#primaryimage\"},\"thumbnailUrl\":\"https:\/\/www.actecir.cat\/wp-content\/uploads\/2023\/05\/rittalportada.jpg\",\"datePublished\":\"2018-04-30T11:08:47+00:00\",\"dateModified\":\"2023-05-11T11:10:04+00:00\",\"breadcrumb\":{\"@id\":\"https:\/\/www.actecir.cat\/es\/rittal-presenta-su-nuevo-sistema-de-armarios-acoplables-vx25\/#breadcrumb\"},\"inLanguage\":\"es\",\"potentialAction\":[{\"@type\":\"ReadAction\",\"target\":[\"https:\/\/www.actecir.cat\/es\/rittal-presenta-su-nuevo-sistema-de-armarios-acoplables-vx25\/\"]}]},{\"@type\":\"ImageObject\",\"inLanguage\":\"es\",\"@id\":\"https:\/\/www.actecir.cat\/es\/rittal-presenta-su-nuevo-sistema-de-armarios-acoplables-vx25\/#primaryimage\",\"url\":\"https:\/\/www.actecir.cat\/wp-content\/uploads\/2023\/05\/rittalportada.jpg\",\"contentUrl\":\"https:\/\/www.actecir.cat\/wp-content\/uploads\/2023\/05\/rittalportada.jpg\",\"width\":600,\"height\":400},{\"@type\":\"BreadcrumbList\",\"@id\":\"https:\/\/www.actecir.cat\/es\/rittal-presenta-su-nuevo-sistema-de-armarios-acoplables-vx25\/#breadcrumb\",\"itemListElement\":[{\"@type\":\"ListItem\",\"position\":1,\"name\":\"Inici\",\"item\":\"https:\/\/www.actecir.cat\/es\/\"},{\"@type\":\"ListItem\",\"position\":2,\"name\":\"Rittal presenta su nuevo sistema de armarios acoplables VX25\"}]},{\"@type\":\"WebSite\",\"@id\":\"https:\/\/www.actecir.cat\/#website\",\"url\":\"https:\/\/www.actecir.cat\/\",\"name\":\"Actecir\",\"description\":\"Associaci\u00f3 Catalana de T\u00e8cnics en Energia, Climatitzaci\u00f3 i Refrigeraci\u00f3\",\"publisher\":{\"@id\":\"https:\/\/www.actecir.cat\/#organization\"},\"potentialAction\":[{\"@type\":\"SearchAction\",\"target\":{\"@type\":\"EntryPoint\",\"urlTemplate\":\"https:\/\/www.actecir.cat\/?s={search_term_string}\"},\"query-input\":{\"@type\":\"PropertyValueSpecification\",\"valueRequired\":true,\"valueName\":\"search_term_string\"}}],\"inLanguage\":\"es\"},{\"@type\":\"Organization\",\"@id\":\"https:\/\/www.actecir.cat\/#organization\",\"name\":\"Actecir\",\"url\":\"https:\/\/www.actecir.cat\/\",\"logo\":{\"@type\":\"ImageObject\",\"inLanguage\":\"es\",\"@id\":\"https:\/\/www.actecir.cat\/#\/schema\/logo\/image\/\",\"url\":\"https:\/\/www.actecir.cat\/wp-content\/uploads\/2023\/04\/cropped-logo_actecir_60_alto.png\",\"contentUrl\":\"https:\/\/www.actecir.cat\/wp-content\/uploads\/2023\/04\/cropped-logo_actecir_60_alto.png\",\"width\":283,\"height\":80,\"caption\":\"Actecir\"},\"image\":{\"@id\":\"https:\/\/www.actecir.cat\/#\/schema\/logo\/image\/\"},\"sameAs\":[\"https:\/\/x.com\/actecir\",\"https:\/\/www.linkedin.com\/company\/actecir\"]},{\"@type\":\"Person\",\"@id\":\"https:\/\/www.actecir.cat\/#\/schema\/person\/42edd02f0b1d55e19444428c5d321413\",\"name\":\"Soporte web\",\"sameAs\":[\"https:\/\/www.actecir.cat\"],\"url\":\"https:\/\/www.actecir.cat\/es\/author\/maensystems\/\"}]}<\/script>\n<!-- \/ Yoast SEO plugin. -->","yoast_head_json":{"title":"Rittal presenta su nuevo sistema de armarios acoplables VX25 - Actecir","robots":{"index":"index","follow":"follow","max-snippet":"max-snippet:-1","max-image-preview":"max-image-preview:large","max-video-preview":"max-video-preview:-1"},"canonical":"https:\/\/www.actecir.cat\/es\/rittal-presenta-su-nuevo-sistema-de-armarios-acoplables-vx25\/","og_locale":"es_ES","og_type":"article","og_title":"Rittal presenta su nuevo sistema de armarios acoplables VX25 - Actecir","og_description":"Despu\u00e9s de un per\u00edodo de desarrollo de cinco a\u00f1os, Rittal present\u00f3 en la Feria de Hannover 2018 su nuevo sistema de armarios ensamblables VX25. Rittal promete un claro salto innovador","og_url":"https:\/\/www.actecir.cat\/es\/rittal-presenta-su-nuevo-sistema-de-armarios-acoplables-vx25\/","og_site_name":"Actecir","article_published_time":"2018-04-30T11:08:47+00:00","article_modified_time":"2023-05-11T11:10:04+00:00","og_image":[{"width":600,"height":400,"url":"https:\/\/www.actecir.cat\/wp-content\/uploads\/2023\/05\/rittalportada.jpg","type":"image\/jpeg"}],"author":"Soporte web","twitter_card":"summary_large_image","twitter_creator":"@actecir","twitter_site":"@actecir","twitter_misc":{"Escrito por":"Soporte web","Tiempo de lectura":"4 minutos"},"schema":{"@context":"https:\/\/schema.org","@graph":[{"@type":"Article","@id":"https:\/\/www.actecir.cat\/es\/rittal-presenta-su-nuevo-sistema-de-armarios-acoplables-vx25\/#article","isPartOf":{"@id":"https:\/\/www.actecir.cat\/es\/rittal-presenta-su-nuevo-sistema-de-armarios-acoplables-vx25\/"},"author":{"name":"Soporte web","@id":"https:\/\/www.actecir.cat\/#\/schema\/person\/42edd02f0b1d55e19444428c5d321413"},"headline":"Rittal presenta su nuevo sistema de armarios acoplables VX25","datePublished":"2018-04-30T11:08:47+00:00","dateModified":"2023-05-11T11:10:04+00:00","mainEntityOfPage":{"@id":"https:\/\/www.actecir.cat\/es\/rittal-presenta-su-nuevo-sistema-de-armarios-acoplables-vx25\/"},"wordCount":825,"publisher":{"@id":"https:\/\/www.actecir.cat\/#organization"},"image":{"@id":"https:\/\/www.actecir.cat\/es\/rittal-presenta-su-nuevo-sistema-de-armarios-acoplables-vx25\/#primaryimage"},"thumbnailUrl":"https:\/\/www.actecir.cat\/wp-content\/uploads\/2023\/05\/rittalportada.jpg","articleSection":["Noticias"],"inLanguage":"es"},{"@type":"WebPage","@id":"https:\/\/www.actecir.cat\/es\/rittal-presenta-su-nuevo-sistema-de-armarios-acoplables-vx25\/","url":"https:\/\/www.actecir.cat\/es\/rittal-presenta-su-nuevo-sistema-de-armarios-acoplables-vx25\/","name":"Rittal presenta su nuevo sistema de armarios acoplables VX25 - Actecir","isPartOf":{"@id":"https:\/\/www.actecir.cat\/#website"},"primaryImageOfPage":{"@id":"https:\/\/www.actecir.cat\/es\/rittal-presenta-su-nuevo-sistema-de-armarios-acoplables-vx25\/#primaryimage"},"image":{"@id":"https:\/\/www.actecir.cat\/es\/rittal-presenta-su-nuevo-sistema-de-armarios-acoplables-vx25\/#primaryimage"},"thumbnailUrl":"https:\/\/www.actecir.cat\/wp-content\/uploads\/2023\/05\/rittalportada.jpg","datePublished":"2018-04-30T11:08:47+00:00","dateModified":"2023-05-11T11:10:04+00:00","breadcrumb":{"@id":"https:\/\/www.actecir.cat\/es\/rittal-presenta-su-nuevo-sistema-de-armarios-acoplables-vx25\/#breadcrumb"},"inLanguage":"es","potentialAction":[{"@type":"ReadAction","target":["https:\/\/www.actecir.cat\/es\/rittal-presenta-su-nuevo-sistema-de-armarios-acoplables-vx25\/"]}]},{"@type":"ImageObject","inLanguage":"es","@id":"https:\/\/www.actecir.cat\/es\/rittal-presenta-su-nuevo-sistema-de-armarios-acoplables-vx25\/#primaryimage","url":"https:\/\/www.actecir.cat\/wp-content\/uploads\/2023\/05\/rittalportada.jpg","contentUrl":"https:\/\/www.actecir.cat\/wp-content\/uploads\/2023\/05\/rittalportada.jpg","width":600,"height":400},{"@type":"BreadcrumbList","@id":"https:\/\/www.actecir.cat\/es\/rittal-presenta-su-nuevo-sistema-de-armarios-acoplables-vx25\/#breadcrumb","itemListElement":[{"@type":"ListItem","position":1,"name":"Inici","item":"https:\/\/www.actecir.cat\/es\/"},{"@type":"ListItem","position":2,"name":"Rittal presenta su nuevo sistema de armarios acoplables VX25"}]},{"@type":"WebSite","@id":"https:\/\/www.actecir.cat\/#website","url":"https:\/\/www.actecir.cat\/","name":"Actecir","description":"Associaci\u00f3 Catalana de T\u00e8cnics en Energia, Climatitzaci\u00f3 i Refrigeraci\u00f3","publisher":{"@id":"https:\/\/www.actecir.cat\/#organization"},"potentialAction":[{"@type":"SearchAction","target":{"@type":"EntryPoint","urlTemplate":"https:\/\/www.actecir.cat\/?s={search_term_string}"},"query-input":{"@type":"PropertyValueSpecification","valueRequired":true,"valueName":"search_term_string"}}],"inLanguage":"es"},{"@type":"Organization","@id":"https:\/\/www.actecir.cat\/#organization","name":"Actecir","url":"https:\/\/www.actecir.cat\/","logo":{"@type":"ImageObject","inLanguage":"es","@id":"https:\/\/www.actecir.cat\/#\/schema\/logo\/image\/","url":"https:\/\/www.actecir.cat\/wp-content\/uploads\/2023\/04\/cropped-logo_actecir_60_alto.png","contentUrl":"https:\/\/www.actecir.cat\/wp-content\/uploads\/2023\/04\/cropped-logo_actecir_60_alto.png","width":283,"height":80,"caption":"Actecir"},"image":{"@id":"https:\/\/www.actecir.cat\/#\/schema\/logo\/image\/"},"sameAs":["https:\/\/x.com\/actecir","https:\/\/www.linkedin.com\/company\/actecir"]},{"@type":"Person","@id":"https:\/\/www.actecir.cat\/#\/schema\/person\/42edd02f0b1d55e19444428c5d321413","name":"Soporte web","sameAs":["https:\/\/www.actecir.cat"],"url":"https:\/\/www.actecir.cat\/es\/author\/maensystems\/"}]}},"_links":{"self":[{"href":"https:\/\/www.actecir.cat\/es\/wp-json\/wp\/v2\/posts\/6723","targetHints":{"allow":["GET"]}}],"collection":[{"href":"https:\/\/www.actecir.cat\/es\/wp-json\/wp\/v2\/posts"}],"about":[{"href":"https:\/\/www.actecir.cat\/es\/wp-json\/wp\/v2\/types\/post"}],"author":[{"embeddable":true,"href":"https:\/\/www.actecir.cat\/es\/wp-json\/wp\/v2\/users\/1"}],"replies":[{"embeddable":true,"href":"https:\/\/www.actecir.cat\/es\/wp-json\/wp\/v2\/comments?post=6723"}],"version-history":[{"count":1,"href":"https:\/\/www.actecir.cat\/es\/wp-json\/wp\/v2\/posts\/6723\/revisions"}],"predecessor-version":[{"id":6724,"href":"https:\/\/www.actecir.cat\/es\/wp-json\/wp\/v2\/posts\/6723\/revisions\/6724"}],"wp:featuredmedia":[{"embeddable":true,"href":"https:\/\/www.actecir.cat\/es\/wp-json\/wp\/v2\/media\/6721"}],"wp:attachment":[{"href":"https:\/\/www.actecir.cat\/es\/wp-json\/wp\/v2\/media?parent=6723"}],"wp:term":[{"taxonomy":"category","embeddable":true,"href":"https:\/\/www.actecir.cat\/es\/wp-json\/wp\/v2\/categories?post=6723"},{"taxonomy":"post_tag","embeddable":true,"href":"https:\/\/www.actecir.cat\/es\/wp-json\/wp\/v2\/tags?post=6723"}],"curies":[{"name":"wp","href":"https:\/\/api.w.org\/{rel}","templated":true}]}}