{"id":7146,"date":"2018-07-02T18:00:25","date_gmt":"2018-07-02T16:00:25","guid":{"rendered":"https:\/\/www.actecir.cat\/sp-limportancia-duna-bona-ventilacio-2\/"},"modified":"2023-05-12T18:03:31","modified_gmt":"2023-05-12T16:03:31","slug":"sp-limportancia-duna-bona-ventilacio-2","status":"publish","type":"post","link":"https:\/\/www.actecir.cat\/es\/sp-limportancia-duna-bona-ventilacio-2\/","title":{"rendered":"S&#038;P. La importancia de una buena ventilaci\u00f3n"},"content":{"rendered":"<table style=\"border-collapse: collapse; width: 100%;\">\n<tbody>\n<tr>\n<td style=\"width: 100%;\">S&amp;P. La importancia de una buena ventilaci\u00f3n<br \/>\n<a class=\"\" href=\"https:\/\/www.actecir.cat\/wp-content\/uploads\/2023\/05\/SP-La-importancia-de-una-buena-ventilacion-2021-1.pdf\" target=\"_blank\" rel=\"noopener\">Acces al document<\/a>\u00a0<i class=\"fa fa-file-pdf-o\"><\/i><br \/>\n<i class=\"fa fa-bank\"><\/i>\u00a0<strong>\u00a0S&amp;P\u00a0<\/strong><\/td>\n<\/tr>\n<\/tbody>\n<\/table>\n","protected":false},"excerpt":{"rendered":"<p>S&#038;P. La importancia de una buena ventilaci\u00f3n<\/p>\n","protected":false},"author":1,"featured_media":0,"comment_status":"closed","ping_status":"closed","sticky":false,"template":"","format":"standard","meta":{"footnotes":""},"categories":[30,51,49,56],"tags":[],"class_list":["post-7146","post","type-post","status-publish","format-standard","hentry","category-area-tecnica-es","category-articulos-tecnicos-refrigeracion","category-refrigeracion","category-zona-privada-es"],"yoast_head":"<!-- This site is optimized with the Yoast SEO plugin v27.2 - https:\/\/yoast.com\/product\/yoast-seo-wordpress\/ -->\n<title>S&amp;P. La importancia de una buena ventilaci\u00f3n - Actecir<\/title>\n<meta name=\"robots\" content=\"index, follow, max-snippet:-1, max-image-preview:large, max-video-preview:-1\" \/>\n<link rel=\"canonical\" href=\"https:\/\/www.actecir.cat\/es\/sp-limportancia-duna-bona-ventilacio-2\/\" \/>\n<meta property=\"og:locale\" content=\"es_ES\" \/>\n<meta property=\"og:type\" content=\"article\" \/>\n<meta property=\"og:title\" content=\"S&amp;P. La importancia de una buena ventilaci\u00f3n - Actecir\" \/>\n<meta property=\"og:description\" content=\"S&amp;P. La importancia de una buena ventilaci\u00f3n\" \/>\n<meta property=\"og:url\" content=\"https:\/\/www.actecir.cat\/es\/sp-limportancia-duna-bona-ventilacio-2\/\" \/>\n<meta property=\"og:site_name\" content=\"Actecir\" \/>\n<meta property=\"article:published_time\" content=\"2018-07-02T16:00:25+00:00\" \/>\n<meta property=\"article:modified_time\" content=\"2023-05-12T16:03:31+00:00\" \/>\n<meta name=\"author\" content=\"Soporte web\" \/>\n<meta name=\"twitter:card\" content=\"summary_large_image\" \/>\n<meta name=\"twitter:creator\" content=\"@actecir\" \/>\n<meta name=\"twitter:site\" content=\"@actecir\" \/>\n<meta name=\"twitter:label1\" content=\"Escrito por\" \/>\n\t<meta name=\"twitter:data1\" content=\"Soporte web\" \/>\n<script type=\"application\/ld+json\" class=\"yoast-schema-graph\">{\"@context\":\"https:\/\/schema.org\",\"@graph\":[{\"@type\":\"Article\",\"@id\":\"https:\/\/www.actecir.cat\/es\/sp-limportancia-duna-bona-ventilacio-2\/#article\",\"isPartOf\":{\"@id\":\"https:\/\/www.actecir.cat\/es\/sp-limportancia-duna-bona-ventilacio-2\/\"},\"author\":{\"name\":\"Soporte web\",\"@id\":\"https:\/\/www.actecir.cat\/#\/schema\/person\/42edd02f0b1d55e19444428c5d321413\"},\"headline\":\"S&#038;P. La importancia de una buena ventilaci\u00f3n\",\"datePublished\":\"2018-07-02T16:00:25+00:00\",\"dateModified\":\"2023-05-12T16:03:31+00:00\",\"mainEntityOfPage\":{\"@id\":\"https:\/\/www.actecir.cat\/es\/sp-limportancia-duna-bona-ventilacio-2\/\"},\"wordCount\":25,\"publisher\":{\"@id\":\"https:\/\/www.actecir.cat\/#organization\"},\"articleSection\":[\"\u00c1rea T\u00e9cnica\",\"Art\u00edculos T\u00e9cnicos Refrigeraci\u00f3n\",\"Refrigeraci\u00f3n\",\"Zona Privada\"],\"inLanguage\":\"es\"},{\"@type\":\"WebPage\",\"@id\":\"https:\/\/www.actecir.cat\/es\/sp-limportancia-duna-bona-ventilacio-2\/\",\"url\":\"https:\/\/www.actecir.cat\/es\/sp-limportancia-duna-bona-ventilacio-2\/\",\"name\":\"S&P. La importancia de una buena ventilaci\u00f3n - Actecir\",\"isPartOf\":{\"@id\":\"https:\/\/www.actecir.cat\/#website\"},\"datePublished\":\"2018-07-02T16:00:25+00:00\",\"dateModified\":\"2023-05-12T16:03:31+00:00\",\"breadcrumb\":{\"@id\":\"https:\/\/www.actecir.cat\/es\/sp-limportancia-duna-bona-ventilacio-2\/#breadcrumb\"},\"inLanguage\":\"es\",\"potentialAction\":[{\"@type\":\"ReadAction\",\"target\":[\"https:\/\/www.actecir.cat\/es\/sp-limportancia-duna-bona-ventilacio-2\/\"]}]},{\"@type\":\"BreadcrumbList\",\"@id\":\"https:\/\/www.actecir.cat\/es\/sp-limportancia-duna-bona-ventilacio-2\/#breadcrumb\",\"itemListElement\":[{\"@type\":\"ListItem\",\"position\":1,\"name\":\"Inici\",\"item\":\"https:\/\/www.actecir.cat\/es\/\"},{\"@type\":\"ListItem\",\"position\":2,\"name\":\"S&#038;P. La importancia de una buena ventilaci\u00f3n\"}]},{\"@type\":\"WebSite\",\"@id\":\"https:\/\/www.actecir.cat\/#website\",\"url\":\"https:\/\/www.actecir.cat\/\",\"name\":\"Actecir\",\"description\":\"Associaci\u00f3 Catalana de T\u00e8cnics en Energia, Climatitzaci\u00f3 i Refrigeraci\u00f3\",\"publisher\":{\"@id\":\"https:\/\/www.actecir.cat\/#organization\"},\"potentialAction\":[{\"@type\":\"SearchAction\",\"target\":{\"@type\":\"EntryPoint\",\"urlTemplate\":\"https:\/\/www.actecir.cat\/?s={search_term_string}\"},\"query-input\":{\"@type\":\"PropertyValueSpecification\",\"valueRequired\":true,\"valueName\":\"search_term_string\"}}],\"inLanguage\":\"es\"},{\"@type\":\"Organization\",\"@id\":\"https:\/\/www.actecir.cat\/#organization\",\"name\":\"Actecir\",\"url\":\"https:\/\/www.actecir.cat\/\",\"logo\":{\"@type\":\"ImageObject\",\"inLanguage\":\"es\",\"@id\":\"https:\/\/www.actecir.cat\/#\/schema\/logo\/image\/\",\"url\":\"https:\/\/www.actecir.cat\/wp-content\/uploads\/2023\/04\/cropped-logo_actecir_60_alto.png\",\"contentUrl\":\"https:\/\/www.actecir.cat\/wp-content\/uploads\/2023\/04\/cropped-logo_actecir_60_alto.png\",\"width\":283,\"height\":80,\"caption\":\"Actecir\"},\"image\":{\"@id\":\"https:\/\/www.actecir.cat\/#\/schema\/logo\/image\/\"},\"sameAs\":[\"https:\/\/x.com\/actecir\",\"https:\/\/www.linkedin.com\/company\/actecir\"]},{\"@type\":\"Person\",\"@id\":\"https:\/\/www.actecir.cat\/#\/schema\/person\/42edd02f0b1d55e19444428c5d321413\",\"name\":\"Soporte web\",\"sameAs\":[\"https:\/\/www.actecir.cat\"],\"url\":\"https:\/\/www.actecir.cat\/es\/author\/maensystems\/\"}]}<\/script>\n<!-- \/ Yoast SEO plugin. -->","yoast_head_json":{"title":"S&P. La importancia de una buena ventilaci\u00f3n - Actecir","robots":{"index":"index","follow":"follow","max-snippet":"max-snippet:-1","max-image-preview":"max-image-preview:large","max-video-preview":"max-video-preview:-1"},"canonical":"https:\/\/www.actecir.cat\/es\/sp-limportancia-duna-bona-ventilacio-2\/","og_locale":"es_ES","og_type":"article","og_title":"S&P. La importancia de una buena ventilaci\u00f3n - Actecir","og_description":"S&P. La importancia de una buena ventilaci\u00f3n","og_url":"https:\/\/www.actecir.cat\/es\/sp-limportancia-duna-bona-ventilacio-2\/","og_site_name":"Actecir","article_published_time":"2018-07-02T16:00:25+00:00","article_modified_time":"2023-05-12T16:03:31+00:00","author":"Soporte web","twitter_card":"summary_large_image","twitter_creator":"@actecir","twitter_site":"@actecir","twitter_misc":{"Escrito por":"Soporte web"},"schema":{"@context":"https:\/\/schema.org","@graph":[{"@type":"Article","@id":"https:\/\/www.actecir.cat\/es\/sp-limportancia-duna-bona-ventilacio-2\/#article","isPartOf":{"@id":"https:\/\/www.actecir.cat\/es\/sp-limportancia-duna-bona-ventilacio-2\/"},"author":{"name":"Soporte web","@id":"https:\/\/www.actecir.cat\/#\/schema\/person\/42edd02f0b1d55e19444428c5d321413"},"headline":"S&#038;P. La importancia de una buena ventilaci\u00f3n","datePublished":"2018-07-02T16:00:25+00:00","dateModified":"2023-05-12T16:03:31+00:00","mainEntityOfPage":{"@id":"https:\/\/www.actecir.cat\/es\/sp-limportancia-duna-bona-ventilacio-2\/"},"wordCount":25,"publisher":{"@id":"https:\/\/www.actecir.cat\/#organization"},"articleSection":["\u00c1rea T\u00e9cnica","Art\u00edculos T\u00e9cnicos Refrigeraci\u00f3n","Refrigeraci\u00f3n","Zona Privada"],"inLanguage":"es"},{"@type":"WebPage","@id":"https:\/\/www.actecir.cat\/es\/sp-limportancia-duna-bona-ventilacio-2\/","url":"https:\/\/www.actecir.cat\/es\/sp-limportancia-duna-bona-ventilacio-2\/","name":"S&P. La importancia de una buena ventilaci\u00f3n - Actecir","isPartOf":{"@id":"https:\/\/www.actecir.cat\/#website"},"datePublished":"2018-07-02T16:00:25+00:00","dateModified":"2023-05-12T16:03:31+00:00","breadcrumb":{"@id":"https:\/\/www.actecir.cat\/es\/sp-limportancia-duna-bona-ventilacio-2\/#breadcrumb"},"inLanguage":"es","potentialAction":[{"@type":"ReadAction","target":["https:\/\/www.actecir.cat\/es\/sp-limportancia-duna-bona-ventilacio-2\/"]}]},{"@type":"BreadcrumbList","@id":"https:\/\/www.actecir.cat\/es\/sp-limportancia-duna-bona-ventilacio-2\/#breadcrumb","itemListElement":[{"@type":"ListItem","position":1,"name":"Inici","item":"https:\/\/www.actecir.cat\/es\/"},{"@type":"ListItem","position":2,"name":"S&#038;P. La importancia de una buena ventilaci\u00f3n"}]},{"@type":"WebSite","@id":"https:\/\/www.actecir.cat\/#website","url":"https:\/\/www.actecir.cat\/","name":"Actecir","description":"Associaci\u00f3 Catalana de T\u00e8cnics en Energia, Climatitzaci\u00f3 i Refrigeraci\u00f3","publisher":{"@id":"https:\/\/www.actecir.cat\/#organization"},"potentialAction":[{"@type":"SearchAction","target":{"@type":"EntryPoint","urlTemplate":"https:\/\/www.actecir.cat\/?s={search_term_string}"},"query-input":{"@type":"PropertyValueSpecification","valueRequired":true,"valueName":"search_term_string"}}],"inLanguage":"es"},{"@type":"Organization","@id":"https:\/\/www.actecir.cat\/#organization","name":"Actecir","url":"https:\/\/www.actecir.cat\/","logo":{"@type":"ImageObject","inLanguage":"es","@id":"https:\/\/www.actecir.cat\/#\/schema\/logo\/image\/","url":"https:\/\/www.actecir.cat\/wp-content\/uploads\/2023\/04\/cropped-logo_actecir_60_alto.png","contentUrl":"https:\/\/www.actecir.cat\/wp-content\/uploads\/2023\/04\/cropped-logo_actecir_60_alto.png","width":283,"height":80,"caption":"Actecir"},"image":{"@id":"https:\/\/www.actecir.cat\/#\/schema\/logo\/image\/"},"sameAs":["https:\/\/x.com\/actecir","https:\/\/www.linkedin.com\/company\/actecir"]},{"@type":"Person","@id":"https:\/\/www.actecir.cat\/#\/schema\/person\/42edd02f0b1d55e19444428c5d321413","name":"Soporte web","sameAs":["https:\/\/www.actecir.cat"],"url":"https:\/\/www.actecir.cat\/es\/author\/maensystems\/"}]}},"_links":{"self":[{"href":"https:\/\/www.actecir.cat\/es\/wp-json\/wp\/v2\/posts\/7146","targetHints":{"allow":["GET"]}}],"collection":[{"href":"https:\/\/www.actecir.cat\/es\/wp-json\/wp\/v2\/posts"}],"about":[{"href":"https:\/\/www.actecir.cat\/es\/wp-json\/wp\/v2\/types\/post"}],"author":[{"embeddable":true,"href":"https:\/\/www.actecir.cat\/es\/wp-json\/wp\/v2\/users\/1"}],"replies":[{"embeddable":true,"href":"https:\/\/www.actecir.cat\/es\/wp-json\/wp\/v2\/comments?post=7146"}],"version-history":[{"count":1,"href":"https:\/\/www.actecir.cat\/es\/wp-json\/wp\/v2\/posts\/7146\/revisions"}],"predecessor-version":[{"id":7147,"href":"https:\/\/www.actecir.cat\/es\/wp-json\/wp\/v2\/posts\/7146\/revisions\/7147"}],"wp:attachment":[{"href":"https:\/\/www.actecir.cat\/es\/wp-json\/wp\/v2\/media?parent=7146"}],"wp:term":[{"taxonomy":"category","embeddable":true,"href":"https:\/\/www.actecir.cat\/es\/wp-json\/wp\/v2\/categories?post=7146"},{"taxonomy":"post_tag","embeddable":true,"href":"https:\/\/www.actecir.cat\/es\/wp-json\/wp\/v2\/tags?post=7146"}],"curies":[{"name":"wp","href":"https:\/\/api.w.org\/{rel}","templated":true}]}}