{"id":7217,"date":"2020-12-03T10:29:19","date_gmt":"2020-12-03T09:29:19","guid":{"rendered":"https:\/\/www.actecir.cat\/danfoss-i-actecir-webinar-coolselector-seleccio-de-components-per-instal-lacions-amb-co2\/"},"modified":"2023-05-15T10:35:55","modified_gmt":"2023-05-15T08:35:55","slug":"danfoss-i-actecir-webinar-coolselector-seleccio-de-components-per-instal-lacions-amb-co2","status":"publish","type":"post","link":"https:\/\/www.actecir.cat\/es\/danfoss-i-actecir-webinar-coolselector-seleccio-de-components-per-instal-lacions-amb-co2\/","title":{"rendered":"Contingut restringit"},"content":{"rendered":"","protected":false},"excerpt":{"rendered":"","protected":false},"author":1,"featured_media":7208,"comment_status":"closed","ping_status":"closed","sticky":false,"template":"","format":"standard","meta":{"footnotes":""},"categories":[30,46,54,49,56],"tags":[],"class_list":["post-7217","post","type-post","status-publish","format-standard","hentry","category-area-tecnica-es","category-jornada-climatizacion","category-jornada-refrigracion","category-refrigeracion","category-zona-privada-es"],"yoast_head":"<!-- This site is optimized with the Yoast SEO plugin v27.2 - https:\/\/yoast.com\/product\/yoast-seo-wordpress\/ -->\n<title>DANFOSS Y ACTECIR Webinar: Coolselector: Selecci\u00f3n de Componentes para Instalaciones con CO2 - Actecir<\/title>\n<meta name=\"robots\" content=\"index, follow, max-snippet:-1, max-image-preview:large, max-video-preview:-1\" \/>\n<link rel=\"canonical\" href=\"https:\/\/www.actecir.cat\/es\/danfoss-i-actecir-webinar-coolselector-seleccio-de-components-per-instal-lacions-amb-co2\/\" \/>\n<meta property=\"og:locale\" content=\"es_ES\" \/>\n<meta property=\"og:type\" content=\"article\" \/>\n<meta property=\"og:title\" content=\"DANFOSS Y ACTECIR Webinar: Coolselector: Selecci\u00f3n de Componentes para Instalaciones con CO2 - Actecir\" \/>\n<meta property=\"og:url\" content=\"https:\/\/www.actecir.cat\/es\/danfoss-i-actecir-webinar-coolselector-seleccio-de-components-per-instal-lacions-amb-co2\/\" \/>\n<meta property=\"og:site_name\" content=\"Actecir\" \/>\n<meta property=\"article:published_time\" content=\"2020-12-03T09:29:19+00:00\" \/>\n<meta property=\"article:modified_time\" content=\"2023-05-15T08:35:55+00:00\" \/>\n<meta property=\"og:image\" content=\"https:\/\/www.actecir.cat\/wp-content\/uploads\/2023\/05\/maqueta_5.png\" \/>\n\t<meta property=\"og:image:width\" content=\"603\" \/>\n\t<meta property=\"og:image:height\" content=\"403\" \/>\n\t<meta property=\"og:image:type\" content=\"image\/png\" \/>\n<meta name=\"author\" content=\"Soporte web\" \/>\n<meta name=\"twitter:card\" content=\"summary_large_image\" \/>\n<meta name=\"twitter:creator\" content=\"@actecir\" \/>\n<meta name=\"twitter:site\" content=\"@actecir\" \/>\n<meta name=\"twitter:label1\" content=\"Escrito por\" \/>\n\t<meta name=\"twitter:data1\" content=\"Soporte web\" \/>\n<script type=\"application\/ld+json\" class=\"yoast-schema-graph\">{\"@context\":\"https:\/\/schema.org\",\"@graph\":[{\"@type\":\"Article\",\"@id\":\"https:\/\/www.actecir.cat\/es\/danfoss-i-actecir-webinar-coolselector-seleccio-de-components-per-instal-lacions-amb-co2\/#article\",\"isPartOf\":{\"@id\":\"https:\/\/www.actecir.cat\/es\/danfoss-i-actecir-webinar-coolselector-seleccio-de-components-per-instal-lacions-amb-co2\/\"},\"author\":{\"name\":\"Soporte web\",\"@id\":\"https:\/\/www.actecir.cat\/#\/schema\/person\/42edd02f0b1d55e19444428c5d321413\"},\"headline\":\"Contingut restringit\",\"datePublished\":\"2020-12-03T09:29:19+00:00\",\"dateModified\":\"2023-05-15T08:35:55+00:00\",\"mainEntityOfPage\":{\"@id\":\"https:\/\/www.actecir.cat\/es\/danfoss-i-actecir-webinar-coolselector-seleccio-de-components-per-instal-lacions-amb-co2\/\"},\"wordCount\":26,\"publisher\":{\"@id\":\"https:\/\/www.actecir.cat\/#organization\"},\"image\":{\"@id\":\"https:\/\/www.actecir.cat\/es\/danfoss-i-actecir-webinar-coolselector-seleccio-de-components-per-instal-lacions-amb-co2\/#primaryimage\"},\"thumbnailUrl\":\"https:\/\/www.actecir.cat\/wp-content\/uploads\/2023\/04\/imagen-webinar-danfoss-3_11_20-CO2.jpg\",\"articleSection\":[\"\u00c1rea T\u00e9cnica\",\"Jornada Climatizaci\u00f3n\",\"Jornada Refrigraci\u00f3n\",\"Refrigeraci\u00f3n\",\"Zona Privada\"],\"inLanguage\":\"es\"},{\"@type\":\"WebPage\",\"@id\":\"https:\/\/www.actecir.cat\/es\/danfoss-i-actecir-webinar-coolselector-seleccio-de-components-per-instal-lacions-amb-co2\/\",\"url\":\"https:\/\/www.actecir.cat\/es\/danfoss-i-actecir-webinar-coolselector-seleccio-de-components-per-instal-lacions-amb-co2\/\",\"name\":\"DANFOSS Y ACTECIR Webinar: Coolselector: Selecci\u00f3n de Componentes para Instalaciones con CO2 - Actecir\",\"isPartOf\":{\"@id\":\"https:\/\/www.actecir.cat\/#website\"},\"primaryImageOfPage\":{\"@id\":\"https:\/\/www.actecir.cat\/es\/danfoss-i-actecir-webinar-coolselector-seleccio-de-components-per-instal-lacions-amb-co2\/#primaryimage\"},\"image\":{\"@id\":\"https:\/\/www.actecir.cat\/es\/danfoss-i-actecir-webinar-coolselector-seleccio-de-components-per-instal-lacions-amb-co2\/#primaryimage\"},\"thumbnailUrl\":\"https:\/\/www.actecir.cat\/wp-content\/uploads\/2023\/04\/imagen-webinar-danfoss-3_11_20-CO2.jpg\",\"datePublished\":\"2020-12-03T09:29:19+00:00\",\"dateModified\":\"2023-05-15T08:35:55+00:00\",\"breadcrumb\":{\"@id\":\"https:\/\/www.actecir.cat\/es\/danfoss-i-actecir-webinar-coolselector-seleccio-de-components-per-instal-lacions-amb-co2\/#breadcrumb\"},\"inLanguage\":\"es\",\"potentialAction\":[{\"@type\":\"ReadAction\",\"target\":[\"https:\/\/www.actecir.cat\/es\/danfoss-i-actecir-webinar-coolselector-seleccio-de-components-per-instal-lacions-amb-co2\/\"]}]},{\"@type\":\"ImageObject\",\"inLanguage\":\"es\",\"@id\":\"https:\/\/www.actecir.cat\/es\/danfoss-i-actecir-webinar-coolselector-seleccio-de-components-per-instal-lacions-amb-co2\/#primaryimage\",\"url\":\"https:\/\/www.actecir.cat\/wp-content\/uploads\/2023\/04\/imagen-webinar-danfoss-3_11_20-CO2.jpg\",\"contentUrl\":\"https:\/\/www.actecir.cat\/wp-content\/uploads\/2023\/04\/imagen-webinar-danfoss-3_11_20-CO2.jpg\"},{\"@type\":\"BreadcrumbList\",\"@id\":\"https:\/\/www.actecir.cat\/es\/danfoss-i-actecir-webinar-coolselector-seleccio-de-components-per-instal-lacions-amb-co2\/#breadcrumb\",\"itemListElement\":[{\"@type\":\"ListItem\",\"position\":1,\"name\":\"Inici\",\"item\":\"https:\/\/www.actecir.cat\/es\/\"},{\"@type\":\"ListItem\",\"position\":2,\"name\":\"DANFOSS Y ACTECIR Webinar: Coolselector: Selecci\u00f3n de Componentes para Instalaciones con CO2\"}]},{\"@type\":\"WebSite\",\"@id\":\"https:\/\/www.actecir.cat\/#website\",\"url\":\"https:\/\/www.actecir.cat\/\",\"name\":\"Actecir\",\"description\":\"Associaci\u00f3 Catalana de T\u00e8cnics en Energia, Climatitzaci\u00f3 i Refrigeraci\u00f3\",\"publisher\":{\"@id\":\"https:\/\/www.actecir.cat\/#organization\"},\"potentialAction\":[{\"@type\":\"SearchAction\",\"target\":{\"@type\":\"EntryPoint\",\"urlTemplate\":\"https:\/\/www.actecir.cat\/?s={search_term_string}\"},\"query-input\":{\"@type\":\"PropertyValueSpecification\",\"valueRequired\":true,\"valueName\":\"search_term_string\"}}],\"inLanguage\":\"es\"},{\"@type\":\"Organization\",\"@id\":\"https:\/\/www.actecir.cat\/#organization\",\"name\":\"Actecir\",\"url\":\"https:\/\/www.actecir.cat\/\",\"logo\":{\"@type\":\"ImageObject\",\"inLanguage\":\"es\",\"@id\":\"https:\/\/www.actecir.cat\/#\/schema\/logo\/image\/\",\"url\":\"https:\/\/www.actecir.cat\/wp-content\/uploads\/2023\/04\/cropped-logo_actecir_60_alto.png\",\"contentUrl\":\"https:\/\/www.actecir.cat\/wp-content\/uploads\/2023\/04\/cropped-logo_actecir_60_alto.png\",\"width\":283,\"height\":80,\"caption\":\"Actecir\"},\"image\":{\"@id\":\"https:\/\/www.actecir.cat\/#\/schema\/logo\/image\/\"},\"sameAs\":[\"https:\/\/x.com\/actecir\",\"https:\/\/www.linkedin.com\/company\/actecir\"]},{\"@type\":\"Person\",\"@id\":\"https:\/\/www.actecir.cat\/#\/schema\/person\/42edd02f0b1d55e19444428c5d321413\",\"name\":\"Soporte web\",\"sameAs\":[\"https:\/\/www.actecir.cat\"],\"url\":\"https:\/\/www.actecir.cat\/es\/author\/maensystems\/\"}]}<\/script>\n<!-- \/ Yoast SEO plugin. -->","yoast_head_json":{"title":"DANFOSS Y ACTECIR Webinar: Coolselector: Selecci\u00f3n de Componentes para Instalaciones con CO2 - Actecir","robots":{"index":"index","follow":"follow","max-snippet":"max-snippet:-1","max-image-preview":"max-image-preview:large","max-video-preview":"max-video-preview:-1"},"canonical":"https:\/\/www.actecir.cat\/es\/danfoss-i-actecir-webinar-coolselector-seleccio-de-components-per-instal-lacions-amb-co2\/","og_locale":"es_ES","og_type":"article","og_title":"DANFOSS Y ACTECIR Webinar: Coolselector: Selecci\u00f3n de Componentes para Instalaciones con CO2 - Actecir","og_url":"https:\/\/www.actecir.cat\/es\/danfoss-i-actecir-webinar-coolselector-seleccio-de-components-per-instal-lacions-amb-co2\/","og_site_name":"Actecir","article_published_time":"2020-12-03T09:29:19+00:00","article_modified_time":"2023-05-15T08:35:55+00:00","og_image":[{"width":603,"height":403,"url":"https:\/\/www.actecir.cat\/wp-content\/uploads\/2023\/05\/maqueta_5.png","type":"image\/png"}],"author":"Soporte web","twitter_card":"summary_large_image","twitter_creator":"@actecir","twitter_site":"@actecir","twitter_misc":{"Escrito por":"Soporte web"},"schema":{"@context":"https:\/\/schema.org","@graph":[{"@type":"Article","@id":"https:\/\/www.actecir.cat\/es\/danfoss-i-actecir-webinar-coolselector-seleccio-de-components-per-instal-lacions-amb-co2\/#article","isPartOf":{"@id":"https:\/\/www.actecir.cat\/es\/danfoss-i-actecir-webinar-coolselector-seleccio-de-components-per-instal-lacions-amb-co2\/"},"author":{"name":"Soporte web","@id":"https:\/\/www.actecir.cat\/#\/schema\/person\/42edd02f0b1d55e19444428c5d321413"},"headline":"Contingut restringit","datePublished":"2020-12-03T09:29:19+00:00","dateModified":"2023-05-15T08:35:55+00:00","mainEntityOfPage":{"@id":"https:\/\/www.actecir.cat\/es\/danfoss-i-actecir-webinar-coolselector-seleccio-de-components-per-instal-lacions-amb-co2\/"},"wordCount":26,"publisher":{"@id":"https:\/\/www.actecir.cat\/#organization"},"image":{"@id":"https:\/\/www.actecir.cat\/es\/danfoss-i-actecir-webinar-coolselector-seleccio-de-components-per-instal-lacions-amb-co2\/#primaryimage"},"thumbnailUrl":"https:\/\/www.actecir.cat\/wp-content\/uploads\/2023\/04\/imagen-webinar-danfoss-3_11_20-CO2.jpg","articleSection":["\u00c1rea T\u00e9cnica","Jornada Climatizaci\u00f3n","Jornada Refrigraci\u00f3n","Refrigeraci\u00f3n","Zona Privada"],"inLanguage":"es"},{"@type":"WebPage","@id":"https:\/\/www.actecir.cat\/es\/danfoss-i-actecir-webinar-coolselector-seleccio-de-components-per-instal-lacions-amb-co2\/","url":"https:\/\/www.actecir.cat\/es\/danfoss-i-actecir-webinar-coolselector-seleccio-de-components-per-instal-lacions-amb-co2\/","name":"DANFOSS Y ACTECIR Webinar: Coolselector: Selecci\u00f3n de Componentes para Instalaciones con CO2 - Actecir","isPartOf":{"@id":"https:\/\/www.actecir.cat\/#website"},"primaryImageOfPage":{"@id":"https:\/\/www.actecir.cat\/es\/danfoss-i-actecir-webinar-coolselector-seleccio-de-components-per-instal-lacions-amb-co2\/#primaryimage"},"image":{"@id":"https:\/\/www.actecir.cat\/es\/danfoss-i-actecir-webinar-coolselector-seleccio-de-components-per-instal-lacions-amb-co2\/#primaryimage"},"thumbnailUrl":"https:\/\/www.actecir.cat\/wp-content\/uploads\/2023\/04\/imagen-webinar-danfoss-3_11_20-CO2.jpg","datePublished":"2020-12-03T09:29:19+00:00","dateModified":"2023-05-15T08:35:55+00:00","breadcrumb":{"@id":"https:\/\/www.actecir.cat\/es\/danfoss-i-actecir-webinar-coolselector-seleccio-de-components-per-instal-lacions-amb-co2\/#breadcrumb"},"inLanguage":"es","potentialAction":[{"@type":"ReadAction","target":["https:\/\/www.actecir.cat\/es\/danfoss-i-actecir-webinar-coolselector-seleccio-de-components-per-instal-lacions-amb-co2\/"]}]},{"@type":"ImageObject","inLanguage":"es","@id":"https:\/\/www.actecir.cat\/es\/danfoss-i-actecir-webinar-coolselector-seleccio-de-components-per-instal-lacions-amb-co2\/#primaryimage","url":"https:\/\/www.actecir.cat\/wp-content\/uploads\/2023\/04\/imagen-webinar-danfoss-3_11_20-CO2.jpg","contentUrl":"https:\/\/www.actecir.cat\/wp-content\/uploads\/2023\/04\/imagen-webinar-danfoss-3_11_20-CO2.jpg"},{"@type":"BreadcrumbList","@id":"https:\/\/www.actecir.cat\/es\/danfoss-i-actecir-webinar-coolselector-seleccio-de-components-per-instal-lacions-amb-co2\/#breadcrumb","itemListElement":[{"@type":"ListItem","position":1,"name":"Inici","item":"https:\/\/www.actecir.cat\/es\/"},{"@type":"ListItem","position":2,"name":"DANFOSS Y ACTECIR Webinar: Coolselector: Selecci\u00f3n de Componentes para Instalaciones con CO2"}]},{"@type":"WebSite","@id":"https:\/\/www.actecir.cat\/#website","url":"https:\/\/www.actecir.cat\/","name":"Actecir","description":"Associaci\u00f3 Catalana de T\u00e8cnics en Energia, Climatitzaci\u00f3 i Refrigeraci\u00f3","publisher":{"@id":"https:\/\/www.actecir.cat\/#organization"},"potentialAction":[{"@type":"SearchAction","target":{"@type":"EntryPoint","urlTemplate":"https:\/\/www.actecir.cat\/?s={search_term_string}"},"query-input":{"@type":"PropertyValueSpecification","valueRequired":true,"valueName":"search_term_string"}}],"inLanguage":"es"},{"@type":"Organization","@id":"https:\/\/www.actecir.cat\/#organization","name":"Actecir","url":"https:\/\/www.actecir.cat\/","logo":{"@type":"ImageObject","inLanguage":"es","@id":"https:\/\/www.actecir.cat\/#\/schema\/logo\/image\/","url":"https:\/\/www.actecir.cat\/wp-content\/uploads\/2023\/04\/cropped-logo_actecir_60_alto.png","contentUrl":"https:\/\/www.actecir.cat\/wp-content\/uploads\/2023\/04\/cropped-logo_actecir_60_alto.png","width":283,"height":80,"caption":"Actecir"},"image":{"@id":"https:\/\/www.actecir.cat\/#\/schema\/logo\/image\/"},"sameAs":["https:\/\/x.com\/actecir","https:\/\/www.linkedin.com\/company\/actecir"]},{"@type":"Person","@id":"https:\/\/www.actecir.cat\/#\/schema\/person\/42edd02f0b1d55e19444428c5d321413","name":"Soporte web","sameAs":["https:\/\/www.actecir.cat"],"url":"https:\/\/www.actecir.cat\/es\/author\/maensystems\/"}]}},"_links":{"self":[{"href":"https:\/\/www.actecir.cat\/es\/wp-json\/wp\/v2\/posts\/7217","targetHints":{"allow":["GET"]}}],"collection":[{"href":"https:\/\/www.actecir.cat\/es\/wp-json\/wp\/v2\/posts"}],"about":[{"href":"https:\/\/www.actecir.cat\/es\/wp-json\/wp\/v2\/types\/post"}],"author":[{"embeddable":true,"href":"https:\/\/www.actecir.cat\/es\/wp-json\/wp\/v2\/users\/1"}],"replies":[{"embeddable":true,"href":"https:\/\/www.actecir.cat\/es\/wp-json\/wp\/v2\/comments?post=7217"}],"version-history":[{"count":2,"href":"https:\/\/www.actecir.cat\/es\/wp-json\/wp\/v2\/posts\/7217\/revisions"}],"predecessor-version":[{"id":7221,"href":"https:\/\/www.actecir.cat\/es\/wp-json\/wp\/v2\/posts\/7217\/revisions\/7221"}],"wp:featuredmedia":[{"embeddable":true,"href":"https:\/\/www.actecir.cat\/es\/wp-json\/wp\/v2\/media\/7208"}],"wp:attachment":[{"href":"https:\/\/www.actecir.cat\/es\/wp-json\/wp\/v2\/media?parent=7217"}],"wp:term":[{"taxonomy":"category","embeddable":true,"href":"https:\/\/www.actecir.cat\/es\/wp-json\/wp\/v2\/categories?post=7217"},{"taxonomy":"post_tag","embeddable":true,"href":"https:\/\/www.actecir.cat\/es\/wp-json\/wp\/v2\/tags?post=7217"}],"curies":[{"name":"wp","href":"https:\/\/api.w.org\/{rel}","templated":true}]}}