{"id":8813,"date":"2023-05-26T18:02:46","date_gmt":"2023-05-26T16:02:46","guid":{"rendered":"https:\/\/www.actecir.cat\/jornada-danfoss-actecir-equilibrat-hidraulic-i-us-de-variadors-de-velocitat-en-ledificacio\/"},"modified":"2023-06-05T18:10:10","modified_gmt":"2023-06-05T16:10:10","slug":"jornada-danfoss-actecir-equilibrat-hidraulic-i-us-de-variadors-de-velocitat-en-ledificacio","status":"publish","type":"post","link":"https:\/\/www.actecir.cat\/es\/jornada-danfoss-actecir-equilibrat-hidraulic-i-us-de-variadors-de-velocitat-en-ledificacio\/","title":{"rendered":"JORNADA DANFOSS-ACTECIR: Equilibrado Hidr\u00e1ulico y uso de Variadores de Velocidad en la edificaci\u00f3n"},"content":{"rendered":"<p>Fecha: 20 de junio<\/p>\n<p><strong>Seminario ACTECIR -DANFOSS<\/strong><\/p>\n<p><strong>Jornadas Equilibrado Hidr\u00e1ulico y uso de Variadores de Velocidad en la edificaci\u00f3n<\/strong><\/p>\n<ul>\n<li style=\"list-style-type: none;\">\n<ul>\n<li><strong>Fecha:<\/strong>\u00a0Martes 20 de Junio 17:30 a 19:30<\/li>\n<li><strong>Lugar<\/strong>\u00a0Colegio de Ingenieros Barcelona<\/li>\n<li><strong>Ponentes<\/strong>: Felipe Guerra (Danfoss Climate Solutions) y Antonio Mohedano (Danfoss Drives)<\/li>\n<\/ul>\n<\/li>\n<\/ul>\n<p>&nbsp;<\/p>\n<p><img fetchpriority=\"high\" decoding=\"async\" class=\"alignleft wp-image-8814 size-full\" src=\"https:\/\/www.actecir.cat\/wp-content\/uploads\/2023\/05\/BANNER_CAST.jpg\" alt=\"\" width=\"765\" height=\"197\" srcset=\"https:\/\/www.actecir.cat\/wp-content\/uploads\/2023\/05\/BANNER_CAST.jpg 765w, https:\/\/www.actecir.cat\/wp-content\/uploads\/2023\/05\/BANNER_CAST-300x77.jpg 300w\" sizes=\"(max-width: 765px) 100vw, 765px\" \/><\/p>\n<p>&nbsp;<\/p>\n<p>&nbsp;<\/p>\n<p>&nbsp;<\/p>\n<p>&nbsp;<\/p>\n<p>&nbsp;<\/p>\n<p>&nbsp;<\/p>\n<p><a href=\"https:\/\/forms.office.com\/pages\/responsepage.aspx?id=drFzLiaCU02ZtTre74-C5FmRHp4SHV1Fjkh4Pj4hNkBUNkFZWDcwTUZUSjI3TTVPMEtaMTlUVzBSQSQlQCN0PWcu\"><img decoding=\"async\" class=\"alignleft wp-image-2946 \" src=\"https:\/\/www.actecir.cat\/wp-content\/uploads\/2023\/04\/formulario_inscripcion.jpg\" alt=\"\" width=\"761\" height=\"69\" srcset=\"https:\/\/www.actecir.cat\/wp-content\/uploads\/2023\/04\/formulario_inscripcion.jpg 827w, https:\/\/www.actecir.cat\/wp-content\/uploads\/2023\/04\/formulario_inscripcion-300x27.jpg 300w, https:\/\/www.actecir.cat\/wp-content\/uploads\/2023\/04\/formulario_inscripcion-768x70.jpg 768w\" sizes=\"(max-width: 761px) 100vw, 761px\" \/><\/a><\/p>\n<p>&nbsp;<\/p>\n<p>&nbsp;<\/p>\n<p>&nbsp;<\/p>\n<p><strong>Temario:<\/strong><\/p>\n<ol>\n<li>Como funciona un sistema hidr\u00e1ulico de climatizaci\u00f3n\n<ol>\n<li>Interacci\u00f3n entre producci\u00f3n, Bombeo, control de temperatura<\/li>\n<li>Confort y Temperatura.<\/li>\n<li>Simulaci\u00f3n de una enfriadora<\/li>\n<\/ol>\n<\/li>\n<li>Uso de V\u00e1lvula independientes de la presi\u00f3n (PICV)\n<ol>\n<li>Mejora del confort<\/li>\n<li>Incremento de rendimiento de la enfriadora<\/li>\n<\/ol>\n<\/li>\n<li>Variadores de velocidad\n<ol>\n<li>Ventajas en aplicaciones de climatizaci\u00f3n y refrigeraci\u00f3n<\/li>\n<li>Ahorros energ\u00e9ticos en aplicaciones de par variable en Bombas y Ventiladores<\/li>\n<li>Modulaci\u00f3n de la carga en compresores<\/li>\n<li>Funciones dedicadas y espec\u00edficas<\/li>\n<\/ol>\n<\/li>\n<\/ol>\n","protected":false},"excerpt":{"rendered":"<p>Fecha: 20 de junio<\/p>\n","protected":false},"author":1,"featured_media":8817,"comment_status":"closed","ping_status":"closed","sticky":false,"template":"","format":"standard","meta":{"footnotes":""},"categories":[23],"tags":[],"class_list":["post-8813","post","type-post","status-publish","format-standard","has-post-thumbnail","hentry","category-destacamos"],"yoast_head":"<!-- This site is optimized with the Yoast SEO plugin v27.2 - https:\/\/yoast.com\/product\/yoast-seo-wordpress\/ -->\n<title>JORNADA DANFOSS-ACTECIR: Equilibrado Hidr\u00e1ulico y uso de Variadores de Velocidad en la edificaci\u00f3n - Actecir<\/title>\n<meta name=\"robots\" content=\"index, follow, max-snippet:-1, max-image-preview:large, max-video-preview:-1\" \/>\n<link rel=\"canonical\" href=\"https:\/\/www.actecir.cat\/es\/jornada-danfoss-actecir-equilibrat-hidraulic-i-us-de-variadors-de-velocitat-en-ledificacio\/\" \/>\n<meta property=\"og:locale\" content=\"es_ES\" \/>\n<meta property=\"og:type\" content=\"article\" \/>\n<meta property=\"og:title\" content=\"JORNADA DANFOSS-ACTECIR: Equilibrado Hidr\u00e1ulico y uso de Variadores de Velocidad en la edificaci\u00f3n - Actecir\" \/>\n<meta property=\"og:description\" content=\"Fecha: 20 de junio\" \/>\n<meta property=\"og:url\" content=\"https:\/\/www.actecir.cat\/es\/jornada-danfoss-actecir-equilibrat-hidraulic-i-us-de-variadors-de-velocitat-en-ledificacio\/\" \/>\n<meta property=\"og:site_name\" content=\"Actecir\" \/>\n<meta property=\"article:published_time\" content=\"2023-05-26T16:02:46+00:00\" \/>\n<meta property=\"article:modified_time\" content=\"2023-06-05T16:10:10+00:00\" \/>\n<meta property=\"og:image\" content=\"https:\/\/www.actecir.cat\/wp-content\/uploads\/2023\/05\/JORNADA_DANFOSS_WEB_CAST.jpg\" \/>\n\t<meta property=\"og:image:width\" content=\"600\" \/>\n\t<meta property=\"og:image:height\" content=\"400\" \/>\n\t<meta property=\"og:image:type\" content=\"image\/jpeg\" \/>\n<meta name=\"author\" content=\"Soporte web\" \/>\n<meta name=\"twitter:card\" content=\"summary_large_image\" \/>\n<meta name=\"twitter:creator\" content=\"@actecir\" \/>\n<meta name=\"twitter:site\" content=\"@actecir\" \/>\n<meta name=\"twitter:label1\" content=\"Escrito por\" \/>\n\t<meta name=\"twitter:data1\" content=\"Soporte web\" \/>\n\t<meta name=\"twitter:label2\" content=\"Tiempo de lectura\" \/>\n\t<meta name=\"twitter:data2\" content=\"1 minuto\" \/>\n<script type=\"application\/ld+json\" class=\"yoast-schema-graph\">{\"@context\":\"https:\/\/schema.org\",\"@graph\":[{\"@type\":\"Article\",\"@id\":\"https:\/\/www.actecir.cat\/es\/jornada-danfoss-actecir-equilibrat-hidraulic-i-us-de-variadors-de-velocitat-en-ledificacio\/#article\",\"isPartOf\":{\"@id\":\"https:\/\/www.actecir.cat\/es\/jornada-danfoss-actecir-equilibrat-hidraulic-i-us-de-variadors-de-velocitat-en-ledificacio\/\"},\"author\":{\"name\":\"Soporte web\",\"@id\":\"https:\/\/www.actecir.cat\/#\/schema\/person\/42edd02f0b1d55e19444428c5d321413\"},\"headline\":\"JORNADA DANFOSS-ACTECIR: Equilibrado Hidr\u00e1ulico y uso de Variadores de Velocidad en la edificaci\u00f3n\",\"datePublished\":\"2023-05-26T16:02:46+00:00\",\"dateModified\":\"2023-06-05T16:10:10+00:00\",\"mainEntityOfPage\":{\"@id\":\"https:\/\/www.actecir.cat\/es\/jornada-danfoss-actecir-equilibrat-hidraulic-i-us-de-variadors-de-velocitat-en-ledificacio\/\"},\"wordCount\":148,\"publisher\":{\"@id\":\"https:\/\/www.actecir.cat\/#organization\"},\"image\":{\"@id\":\"https:\/\/www.actecir.cat\/es\/jornada-danfoss-actecir-equilibrat-hidraulic-i-us-de-variadors-de-velocitat-en-ledificacio\/#primaryimage\"},\"thumbnailUrl\":\"https:\/\/www.actecir.cat\/wp-content\/uploads\/2023\/05\/JORNADA_DANFOSS_WEB_CAST.jpg\",\"articleSection\":[\"Destacamos\"],\"inLanguage\":\"es\"},{\"@type\":\"WebPage\",\"@id\":\"https:\/\/www.actecir.cat\/es\/jornada-danfoss-actecir-equilibrat-hidraulic-i-us-de-variadors-de-velocitat-en-ledificacio\/\",\"url\":\"https:\/\/www.actecir.cat\/es\/jornada-danfoss-actecir-equilibrat-hidraulic-i-us-de-variadors-de-velocitat-en-ledificacio\/\",\"name\":\"JORNADA DANFOSS-ACTECIR: Equilibrado Hidr\u00e1ulico y uso de Variadores de Velocidad en la edificaci\u00f3n - Actecir\",\"isPartOf\":{\"@id\":\"https:\/\/www.actecir.cat\/#website\"},\"primaryImageOfPage\":{\"@id\":\"https:\/\/www.actecir.cat\/es\/jornada-danfoss-actecir-equilibrat-hidraulic-i-us-de-variadors-de-velocitat-en-ledificacio\/#primaryimage\"},\"image\":{\"@id\":\"https:\/\/www.actecir.cat\/es\/jornada-danfoss-actecir-equilibrat-hidraulic-i-us-de-variadors-de-velocitat-en-ledificacio\/#primaryimage\"},\"thumbnailUrl\":\"https:\/\/www.actecir.cat\/wp-content\/uploads\/2023\/05\/JORNADA_DANFOSS_WEB_CAST.jpg\",\"datePublished\":\"2023-05-26T16:02:46+00:00\",\"dateModified\":\"2023-06-05T16:10:10+00:00\",\"breadcrumb\":{\"@id\":\"https:\/\/www.actecir.cat\/es\/jornada-danfoss-actecir-equilibrat-hidraulic-i-us-de-variadors-de-velocitat-en-ledificacio\/#breadcrumb\"},\"inLanguage\":\"es\",\"potentialAction\":[{\"@type\":\"ReadAction\",\"target\":[\"https:\/\/www.actecir.cat\/es\/jornada-danfoss-actecir-equilibrat-hidraulic-i-us-de-variadors-de-velocitat-en-ledificacio\/\"]}]},{\"@type\":\"ImageObject\",\"inLanguage\":\"es\",\"@id\":\"https:\/\/www.actecir.cat\/es\/jornada-danfoss-actecir-equilibrat-hidraulic-i-us-de-variadors-de-velocitat-en-ledificacio\/#primaryimage\",\"url\":\"https:\/\/www.actecir.cat\/wp-content\/uploads\/2023\/05\/JORNADA_DANFOSS_WEB_CAST.jpg\",\"contentUrl\":\"https:\/\/www.actecir.cat\/wp-content\/uploads\/2023\/05\/JORNADA_DANFOSS_WEB_CAST.jpg\",\"width\":600,\"height\":400},{\"@type\":\"BreadcrumbList\",\"@id\":\"https:\/\/www.actecir.cat\/es\/jornada-danfoss-actecir-equilibrat-hidraulic-i-us-de-variadors-de-velocitat-en-ledificacio\/#breadcrumb\",\"itemListElement\":[{\"@type\":\"ListItem\",\"position\":1,\"name\":\"Inici\",\"item\":\"https:\/\/www.actecir.cat\/es\/\"},{\"@type\":\"ListItem\",\"position\":2,\"name\":\"JORNADA DANFOSS-ACTECIR: Equilibrado Hidr\u00e1ulico y uso de Variadores de Velocidad en la edificaci\u00f3n\"}]},{\"@type\":\"WebSite\",\"@id\":\"https:\/\/www.actecir.cat\/#website\",\"url\":\"https:\/\/www.actecir.cat\/\",\"name\":\"Actecir\",\"description\":\"Associaci\u00f3 Catalana de T\u00e8cnics en Energia, Climatitzaci\u00f3 i Refrigeraci\u00f3\",\"publisher\":{\"@id\":\"https:\/\/www.actecir.cat\/#organization\"},\"potentialAction\":[{\"@type\":\"SearchAction\",\"target\":{\"@type\":\"EntryPoint\",\"urlTemplate\":\"https:\/\/www.actecir.cat\/?s={search_term_string}\"},\"query-input\":{\"@type\":\"PropertyValueSpecification\",\"valueRequired\":true,\"valueName\":\"search_term_string\"}}],\"inLanguage\":\"es\"},{\"@type\":\"Organization\",\"@id\":\"https:\/\/www.actecir.cat\/#organization\",\"name\":\"Actecir\",\"url\":\"https:\/\/www.actecir.cat\/\",\"logo\":{\"@type\":\"ImageObject\",\"inLanguage\":\"es\",\"@id\":\"https:\/\/www.actecir.cat\/#\/schema\/logo\/image\/\",\"url\":\"https:\/\/www.actecir.cat\/wp-content\/uploads\/2023\/04\/cropped-logo_actecir_60_alto.png\",\"contentUrl\":\"https:\/\/www.actecir.cat\/wp-content\/uploads\/2023\/04\/cropped-logo_actecir_60_alto.png\",\"width\":283,\"height\":80,\"caption\":\"Actecir\"},\"image\":{\"@id\":\"https:\/\/www.actecir.cat\/#\/schema\/logo\/image\/\"},\"sameAs\":[\"https:\/\/x.com\/actecir\",\"https:\/\/www.linkedin.com\/company\/actecir\"]},{\"@type\":\"Person\",\"@id\":\"https:\/\/www.actecir.cat\/#\/schema\/person\/42edd02f0b1d55e19444428c5d321413\",\"name\":\"Soporte web\",\"sameAs\":[\"https:\/\/www.actecir.cat\"],\"url\":\"https:\/\/www.actecir.cat\/es\/author\/maensystems\/\"}]}<\/script>\n<!-- \/ Yoast SEO plugin. -->","yoast_head_json":{"title":"JORNADA DANFOSS-ACTECIR: Equilibrado Hidr\u00e1ulico y uso de Variadores de Velocidad en la edificaci\u00f3n - Actecir","robots":{"index":"index","follow":"follow","max-snippet":"max-snippet:-1","max-image-preview":"max-image-preview:large","max-video-preview":"max-video-preview:-1"},"canonical":"https:\/\/www.actecir.cat\/es\/jornada-danfoss-actecir-equilibrat-hidraulic-i-us-de-variadors-de-velocitat-en-ledificacio\/","og_locale":"es_ES","og_type":"article","og_title":"JORNADA DANFOSS-ACTECIR: Equilibrado Hidr\u00e1ulico y uso de Variadores de Velocidad en la edificaci\u00f3n - Actecir","og_description":"Fecha: 20 de junio","og_url":"https:\/\/www.actecir.cat\/es\/jornada-danfoss-actecir-equilibrat-hidraulic-i-us-de-variadors-de-velocitat-en-ledificacio\/","og_site_name":"Actecir","article_published_time":"2023-05-26T16:02:46+00:00","article_modified_time":"2023-06-05T16:10:10+00:00","og_image":[{"width":600,"height":400,"url":"https:\/\/www.actecir.cat\/wp-content\/uploads\/2023\/05\/JORNADA_DANFOSS_WEB_CAST.jpg","type":"image\/jpeg"}],"author":"Soporte web","twitter_card":"summary_large_image","twitter_creator":"@actecir","twitter_site":"@actecir","twitter_misc":{"Escrito por":"Soporte web","Tiempo de lectura":"1 minuto"},"schema":{"@context":"https:\/\/schema.org","@graph":[{"@type":"Article","@id":"https:\/\/www.actecir.cat\/es\/jornada-danfoss-actecir-equilibrat-hidraulic-i-us-de-variadors-de-velocitat-en-ledificacio\/#article","isPartOf":{"@id":"https:\/\/www.actecir.cat\/es\/jornada-danfoss-actecir-equilibrat-hidraulic-i-us-de-variadors-de-velocitat-en-ledificacio\/"},"author":{"name":"Soporte web","@id":"https:\/\/www.actecir.cat\/#\/schema\/person\/42edd02f0b1d55e19444428c5d321413"},"headline":"JORNADA DANFOSS-ACTECIR: Equilibrado Hidr\u00e1ulico y uso de Variadores de Velocidad en la edificaci\u00f3n","datePublished":"2023-05-26T16:02:46+00:00","dateModified":"2023-06-05T16:10:10+00:00","mainEntityOfPage":{"@id":"https:\/\/www.actecir.cat\/es\/jornada-danfoss-actecir-equilibrat-hidraulic-i-us-de-variadors-de-velocitat-en-ledificacio\/"},"wordCount":148,"publisher":{"@id":"https:\/\/www.actecir.cat\/#organization"},"image":{"@id":"https:\/\/www.actecir.cat\/es\/jornada-danfoss-actecir-equilibrat-hidraulic-i-us-de-variadors-de-velocitat-en-ledificacio\/#primaryimage"},"thumbnailUrl":"https:\/\/www.actecir.cat\/wp-content\/uploads\/2023\/05\/JORNADA_DANFOSS_WEB_CAST.jpg","articleSection":["Destacamos"],"inLanguage":"es"},{"@type":"WebPage","@id":"https:\/\/www.actecir.cat\/es\/jornada-danfoss-actecir-equilibrat-hidraulic-i-us-de-variadors-de-velocitat-en-ledificacio\/","url":"https:\/\/www.actecir.cat\/es\/jornada-danfoss-actecir-equilibrat-hidraulic-i-us-de-variadors-de-velocitat-en-ledificacio\/","name":"JORNADA DANFOSS-ACTECIR: Equilibrado Hidr\u00e1ulico y uso de Variadores de Velocidad en la edificaci\u00f3n - Actecir","isPartOf":{"@id":"https:\/\/www.actecir.cat\/#website"},"primaryImageOfPage":{"@id":"https:\/\/www.actecir.cat\/es\/jornada-danfoss-actecir-equilibrat-hidraulic-i-us-de-variadors-de-velocitat-en-ledificacio\/#primaryimage"},"image":{"@id":"https:\/\/www.actecir.cat\/es\/jornada-danfoss-actecir-equilibrat-hidraulic-i-us-de-variadors-de-velocitat-en-ledificacio\/#primaryimage"},"thumbnailUrl":"https:\/\/www.actecir.cat\/wp-content\/uploads\/2023\/05\/JORNADA_DANFOSS_WEB_CAST.jpg","datePublished":"2023-05-26T16:02:46+00:00","dateModified":"2023-06-05T16:10:10+00:00","breadcrumb":{"@id":"https:\/\/www.actecir.cat\/es\/jornada-danfoss-actecir-equilibrat-hidraulic-i-us-de-variadors-de-velocitat-en-ledificacio\/#breadcrumb"},"inLanguage":"es","potentialAction":[{"@type":"ReadAction","target":["https:\/\/www.actecir.cat\/es\/jornada-danfoss-actecir-equilibrat-hidraulic-i-us-de-variadors-de-velocitat-en-ledificacio\/"]}]},{"@type":"ImageObject","inLanguage":"es","@id":"https:\/\/www.actecir.cat\/es\/jornada-danfoss-actecir-equilibrat-hidraulic-i-us-de-variadors-de-velocitat-en-ledificacio\/#primaryimage","url":"https:\/\/www.actecir.cat\/wp-content\/uploads\/2023\/05\/JORNADA_DANFOSS_WEB_CAST.jpg","contentUrl":"https:\/\/www.actecir.cat\/wp-content\/uploads\/2023\/05\/JORNADA_DANFOSS_WEB_CAST.jpg","width":600,"height":400},{"@type":"BreadcrumbList","@id":"https:\/\/www.actecir.cat\/es\/jornada-danfoss-actecir-equilibrat-hidraulic-i-us-de-variadors-de-velocitat-en-ledificacio\/#breadcrumb","itemListElement":[{"@type":"ListItem","position":1,"name":"Inici","item":"https:\/\/www.actecir.cat\/es\/"},{"@type":"ListItem","position":2,"name":"JORNADA DANFOSS-ACTECIR: Equilibrado Hidr\u00e1ulico y uso de Variadores de Velocidad en la edificaci\u00f3n"}]},{"@type":"WebSite","@id":"https:\/\/www.actecir.cat\/#website","url":"https:\/\/www.actecir.cat\/","name":"Actecir","description":"Associaci\u00f3 Catalana de T\u00e8cnics en Energia, Climatitzaci\u00f3 i Refrigeraci\u00f3","publisher":{"@id":"https:\/\/www.actecir.cat\/#organization"},"potentialAction":[{"@type":"SearchAction","target":{"@type":"EntryPoint","urlTemplate":"https:\/\/www.actecir.cat\/?s={search_term_string}"},"query-input":{"@type":"PropertyValueSpecification","valueRequired":true,"valueName":"search_term_string"}}],"inLanguage":"es"},{"@type":"Organization","@id":"https:\/\/www.actecir.cat\/#organization","name":"Actecir","url":"https:\/\/www.actecir.cat\/","logo":{"@type":"ImageObject","inLanguage":"es","@id":"https:\/\/www.actecir.cat\/#\/schema\/logo\/image\/","url":"https:\/\/www.actecir.cat\/wp-content\/uploads\/2023\/04\/cropped-logo_actecir_60_alto.png","contentUrl":"https:\/\/www.actecir.cat\/wp-content\/uploads\/2023\/04\/cropped-logo_actecir_60_alto.png","width":283,"height":80,"caption":"Actecir"},"image":{"@id":"https:\/\/www.actecir.cat\/#\/schema\/logo\/image\/"},"sameAs":["https:\/\/x.com\/actecir","https:\/\/www.linkedin.com\/company\/actecir"]},{"@type":"Person","@id":"https:\/\/www.actecir.cat\/#\/schema\/person\/42edd02f0b1d55e19444428c5d321413","name":"Soporte web","sameAs":["https:\/\/www.actecir.cat"],"url":"https:\/\/www.actecir.cat\/es\/author\/maensystems\/"}]}},"_links":{"self":[{"href":"https:\/\/www.actecir.cat\/es\/wp-json\/wp\/v2\/posts\/8813","targetHints":{"allow":["GET"]}}],"collection":[{"href":"https:\/\/www.actecir.cat\/es\/wp-json\/wp\/v2\/posts"}],"about":[{"href":"https:\/\/www.actecir.cat\/es\/wp-json\/wp\/v2\/types\/post"}],"author":[{"embeddable":true,"href":"https:\/\/www.actecir.cat\/es\/wp-json\/wp\/v2\/users\/1"}],"replies":[{"embeddable":true,"href":"https:\/\/www.actecir.cat\/es\/wp-json\/wp\/v2\/comments?post=8813"}],"version-history":[{"count":2,"href":"https:\/\/www.actecir.cat\/es\/wp-json\/wp\/v2\/posts\/8813\/revisions"}],"predecessor-version":[{"id":8819,"href":"https:\/\/www.actecir.cat\/es\/wp-json\/wp\/v2\/posts\/8813\/revisions\/8819"}],"wp:featuredmedia":[{"embeddable":true,"href":"https:\/\/www.actecir.cat\/es\/wp-json\/wp\/v2\/media\/8817"}],"wp:attachment":[{"href":"https:\/\/www.actecir.cat\/es\/wp-json\/wp\/v2\/media?parent=8813"}],"wp:term":[{"taxonomy":"category","embeddable":true,"href":"https:\/\/www.actecir.cat\/es\/wp-json\/wp\/v2\/categories?post=8813"},{"taxonomy":"post_tag","embeddable":true,"href":"https:\/\/www.actecir.cat\/es\/wp-json\/wp\/v2\/tags?post=8813"}],"curies":[{"name":"wp","href":"https:\/\/api.w.org\/{rel}","templated":true}]}}