{"id":8836,"date":"2023-05-16T18:17:52","date_gmt":"2023-05-16T16:17:52","guid":{"rendered":"https:\/\/www.actecir.cat\/sopar-actecir-2023-eficiencia-energetica-2\/"},"modified":"2023-06-05T18:21:25","modified_gmt":"2023-06-05T16:21:25","slug":"sopar-actecir-2023-eficiencia-energetica-2","status":"publish","type":"post","link":"https:\/\/www.actecir.cat\/es\/sopar-actecir-2023-eficiencia-energetica-2\/","title":{"rendered":"CENA ACTECIR 2023 &#8220;EFICIENCIA ENERG\u00c8TICA&#8221;"},"content":{"rendered":"<p>Fecha: 18 de mayo<\/p>\n<p><a href=\"https:\/\/www.actecir.cat\/wp-content\/uploads\/2023\/06\/DOSIER_CENA_2023_comunicacion.pdf\"><img fetchpriority=\"high\" decoding=\"async\" class=\"alignleft wp-image-8837 \" src=\"https:\/\/www.actecir.cat\/wp-content\/uploads\/2023\/05\/IMAGEN_CENA_2023_web.jpg\" alt=\"\" width=\"876\" height=\"657\" srcset=\"https:\/\/www.actecir.cat\/wp-content\/uploads\/2023\/05\/IMAGEN_CENA_2023_web.jpg 1500w, https:\/\/www.actecir.cat\/wp-content\/uploads\/2023\/05\/IMAGEN_CENA_2023_web-300x225.jpg 300w, https:\/\/www.actecir.cat\/wp-content\/uploads\/2023\/05\/IMAGEN_CENA_2023_web-1024x768.jpg 1024w, https:\/\/www.actecir.cat\/wp-content\/uploads\/2023\/05\/IMAGEN_CENA_2023_web-768x576.jpg 768w\" sizes=\"(max-width: 876px) 100vw, 876px\" \/><\/a><\/p>\n","protected":false},"excerpt":{"rendered":"<p>Fecha: 18 de mayo<\/p>\n","protected":false},"author":1,"featured_media":8837,"comment_status":"closed","ping_status":"closed","sticky":false,"template":"","format":"standard","meta":{"footnotes":""},"categories":[23],"tags":[],"class_list":["post-8836","post","type-post","status-publish","format-standard","has-post-thumbnail","hentry","category-destacamos"],"yoast_head":"<!-- This site is optimized with the Yoast SEO plugin v27.2 - https:\/\/yoast.com\/product\/yoast-seo-wordpress\/ -->\n<title>CENA ACTECIR 2023 &quot;EFICIENCIA ENERG\u00c8TICA&quot; - Actecir<\/title>\n<meta name=\"robots\" content=\"index, follow, max-snippet:-1, max-image-preview:large, max-video-preview:-1\" \/>\n<link rel=\"canonical\" href=\"https:\/\/www.actecir.cat\/es\/sopar-actecir-2023-eficiencia-energetica-2\/\" \/>\n<meta property=\"og:locale\" content=\"es_ES\" \/>\n<meta property=\"og:type\" content=\"article\" \/>\n<meta property=\"og:title\" content=\"CENA ACTECIR 2023 &quot;EFICIENCIA ENERG\u00c8TICA&quot; - Actecir\" \/>\n<meta property=\"og:description\" content=\"Fecha: 18 de mayo\" \/>\n<meta property=\"og:url\" content=\"https:\/\/www.actecir.cat\/es\/sopar-actecir-2023-eficiencia-energetica-2\/\" \/>\n<meta property=\"og:site_name\" content=\"Actecir\" \/>\n<meta property=\"article:published_time\" content=\"2023-05-16T16:17:52+00:00\" \/>\n<meta property=\"article:modified_time\" content=\"2023-06-05T16:21:25+00:00\" \/>\n<meta property=\"og:image\" content=\"https:\/\/www.actecir.cat\/wp-content\/uploads\/2023\/05\/IMAGEN_CENA_2023_web.jpg\" \/>\n\t<meta property=\"og:image:width\" content=\"1500\" \/>\n\t<meta property=\"og:image:height\" content=\"1125\" \/>\n\t<meta property=\"og:image:type\" content=\"image\/jpeg\" \/>\n<meta name=\"author\" content=\"Soporte web\" \/>\n<meta name=\"twitter:card\" content=\"summary_large_image\" \/>\n<meta name=\"twitter:creator\" content=\"@actecir\" \/>\n<meta name=\"twitter:site\" content=\"@actecir\" \/>\n<meta name=\"twitter:label1\" content=\"Escrito por\" \/>\n\t<meta name=\"twitter:data1\" content=\"Soporte web\" \/>\n<script type=\"application\/ld+json\" class=\"yoast-schema-graph\">{\"@context\":\"https:\/\/schema.org\",\"@graph\":[{\"@type\":\"Article\",\"@id\":\"https:\/\/www.actecir.cat\/es\/sopar-actecir-2023-eficiencia-energetica-2\/#article\",\"isPartOf\":{\"@id\":\"https:\/\/www.actecir.cat\/es\/sopar-actecir-2023-eficiencia-energetica-2\/\"},\"author\":{\"name\":\"Soporte web\",\"@id\":\"https:\/\/www.actecir.cat\/#\/schema\/person\/42edd02f0b1d55e19444428c5d321413\"},\"headline\":\"CENA ACTECIR 2023 &#8220;EFICIENCIA ENERG\u00c8TICA&#8221;\",\"datePublished\":\"2023-05-16T16:17:52+00:00\",\"dateModified\":\"2023-06-05T16:21:25+00:00\",\"mainEntityOfPage\":{\"@id\":\"https:\/\/www.actecir.cat\/es\/sopar-actecir-2023-eficiencia-energetica-2\/\"},\"wordCount\":8,\"publisher\":{\"@id\":\"https:\/\/www.actecir.cat\/#organization\"},\"image\":{\"@id\":\"https:\/\/www.actecir.cat\/es\/sopar-actecir-2023-eficiencia-energetica-2\/#primaryimage\"},\"thumbnailUrl\":\"https:\/\/www.actecir.cat\/wp-content\/uploads\/2023\/05\/IMAGEN_CENA_2023_web.jpg\",\"articleSection\":[\"Destacamos\"],\"inLanguage\":\"es\"},{\"@type\":\"WebPage\",\"@id\":\"https:\/\/www.actecir.cat\/es\/sopar-actecir-2023-eficiencia-energetica-2\/\",\"url\":\"https:\/\/www.actecir.cat\/es\/sopar-actecir-2023-eficiencia-energetica-2\/\",\"name\":\"CENA ACTECIR 2023 \\\"EFICIENCIA ENERG\u00c8TICA\\\" - Actecir\",\"isPartOf\":{\"@id\":\"https:\/\/www.actecir.cat\/#website\"},\"primaryImageOfPage\":{\"@id\":\"https:\/\/www.actecir.cat\/es\/sopar-actecir-2023-eficiencia-energetica-2\/#primaryimage\"},\"image\":{\"@id\":\"https:\/\/www.actecir.cat\/es\/sopar-actecir-2023-eficiencia-energetica-2\/#primaryimage\"},\"thumbnailUrl\":\"https:\/\/www.actecir.cat\/wp-content\/uploads\/2023\/05\/IMAGEN_CENA_2023_web.jpg\",\"datePublished\":\"2023-05-16T16:17:52+00:00\",\"dateModified\":\"2023-06-05T16:21:25+00:00\",\"breadcrumb\":{\"@id\":\"https:\/\/www.actecir.cat\/es\/sopar-actecir-2023-eficiencia-energetica-2\/#breadcrumb\"},\"inLanguage\":\"es\",\"potentialAction\":[{\"@type\":\"ReadAction\",\"target\":[\"https:\/\/www.actecir.cat\/es\/sopar-actecir-2023-eficiencia-energetica-2\/\"]}]},{\"@type\":\"ImageObject\",\"inLanguage\":\"es\",\"@id\":\"https:\/\/www.actecir.cat\/es\/sopar-actecir-2023-eficiencia-energetica-2\/#primaryimage\",\"url\":\"https:\/\/www.actecir.cat\/wp-content\/uploads\/2023\/05\/IMAGEN_CENA_2023_web.jpg\",\"contentUrl\":\"https:\/\/www.actecir.cat\/wp-content\/uploads\/2023\/05\/IMAGEN_CENA_2023_web.jpg\",\"width\":1500,\"height\":1125},{\"@type\":\"BreadcrumbList\",\"@id\":\"https:\/\/www.actecir.cat\/es\/sopar-actecir-2023-eficiencia-energetica-2\/#breadcrumb\",\"itemListElement\":[{\"@type\":\"ListItem\",\"position\":1,\"name\":\"Inici\",\"item\":\"https:\/\/www.actecir.cat\/es\/\"},{\"@type\":\"ListItem\",\"position\":2,\"name\":\"CENA ACTECIR 2023 &#8220;EFICIENCIA ENERG\u00c8TICA&#8221;\"}]},{\"@type\":\"WebSite\",\"@id\":\"https:\/\/www.actecir.cat\/#website\",\"url\":\"https:\/\/www.actecir.cat\/\",\"name\":\"Actecir\",\"description\":\"Associaci\u00f3 Catalana de T\u00e8cnics en Energia, Climatitzaci\u00f3 i Refrigeraci\u00f3\",\"publisher\":{\"@id\":\"https:\/\/www.actecir.cat\/#organization\"},\"potentialAction\":[{\"@type\":\"SearchAction\",\"target\":{\"@type\":\"EntryPoint\",\"urlTemplate\":\"https:\/\/www.actecir.cat\/?s={search_term_string}\"},\"query-input\":{\"@type\":\"PropertyValueSpecification\",\"valueRequired\":true,\"valueName\":\"search_term_string\"}}],\"inLanguage\":\"es\"},{\"@type\":\"Organization\",\"@id\":\"https:\/\/www.actecir.cat\/#organization\",\"name\":\"Actecir\",\"url\":\"https:\/\/www.actecir.cat\/\",\"logo\":{\"@type\":\"ImageObject\",\"inLanguage\":\"es\",\"@id\":\"https:\/\/www.actecir.cat\/#\/schema\/logo\/image\/\",\"url\":\"https:\/\/www.actecir.cat\/wp-content\/uploads\/2023\/04\/cropped-logo_actecir_60_alto.png\",\"contentUrl\":\"https:\/\/www.actecir.cat\/wp-content\/uploads\/2023\/04\/cropped-logo_actecir_60_alto.png\",\"width\":283,\"height\":80,\"caption\":\"Actecir\"},\"image\":{\"@id\":\"https:\/\/www.actecir.cat\/#\/schema\/logo\/image\/\"},\"sameAs\":[\"https:\/\/x.com\/actecir\",\"https:\/\/www.linkedin.com\/company\/actecir\"]},{\"@type\":\"Person\",\"@id\":\"https:\/\/www.actecir.cat\/#\/schema\/person\/42edd02f0b1d55e19444428c5d321413\",\"name\":\"Soporte web\",\"sameAs\":[\"https:\/\/www.actecir.cat\"],\"url\":\"https:\/\/www.actecir.cat\/es\/author\/maensystems\/\"}]}<\/script>\n<!-- \/ Yoast SEO plugin. -->","yoast_head_json":{"title":"CENA ACTECIR 2023 \"EFICIENCIA ENERG\u00c8TICA\" - Actecir","robots":{"index":"index","follow":"follow","max-snippet":"max-snippet:-1","max-image-preview":"max-image-preview:large","max-video-preview":"max-video-preview:-1"},"canonical":"https:\/\/www.actecir.cat\/es\/sopar-actecir-2023-eficiencia-energetica-2\/","og_locale":"es_ES","og_type":"article","og_title":"CENA ACTECIR 2023 \"EFICIENCIA ENERG\u00c8TICA\" - Actecir","og_description":"Fecha: 18 de mayo","og_url":"https:\/\/www.actecir.cat\/es\/sopar-actecir-2023-eficiencia-energetica-2\/","og_site_name":"Actecir","article_published_time":"2023-05-16T16:17:52+00:00","article_modified_time":"2023-06-05T16:21:25+00:00","og_image":[{"width":1500,"height":1125,"url":"https:\/\/www.actecir.cat\/wp-content\/uploads\/2023\/05\/IMAGEN_CENA_2023_web.jpg","type":"image\/jpeg"}],"author":"Soporte web","twitter_card":"summary_large_image","twitter_creator":"@actecir","twitter_site":"@actecir","twitter_misc":{"Escrito por":"Soporte web"},"schema":{"@context":"https:\/\/schema.org","@graph":[{"@type":"Article","@id":"https:\/\/www.actecir.cat\/es\/sopar-actecir-2023-eficiencia-energetica-2\/#article","isPartOf":{"@id":"https:\/\/www.actecir.cat\/es\/sopar-actecir-2023-eficiencia-energetica-2\/"},"author":{"name":"Soporte web","@id":"https:\/\/www.actecir.cat\/#\/schema\/person\/42edd02f0b1d55e19444428c5d321413"},"headline":"CENA ACTECIR 2023 &#8220;EFICIENCIA ENERG\u00c8TICA&#8221;","datePublished":"2023-05-16T16:17:52+00:00","dateModified":"2023-06-05T16:21:25+00:00","mainEntityOfPage":{"@id":"https:\/\/www.actecir.cat\/es\/sopar-actecir-2023-eficiencia-energetica-2\/"},"wordCount":8,"publisher":{"@id":"https:\/\/www.actecir.cat\/#organization"},"image":{"@id":"https:\/\/www.actecir.cat\/es\/sopar-actecir-2023-eficiencia-energetica-2\/#primaryimage"},"thumbnailUrl":"https:\/\/www.actecir.cat\/wp-content\/uploads\/2023\/05\/IMAGEN_CENA_2023_web.jpg","articleSection":["Destacamos"],"inLanguage":"es"},{"@type":"WebPage","@id":"https:\/\/www.actecir.cat\/es\/sopar-actecir-2023-eficiencia-energetica-2\/","url":"https:\/\/www.actecir.cat\/es\/sopar-actecir-2023-eficiencia-energetica-2\/","name":"CENA ACTECIR 2023 \"EFICIENCIA ENERG\u00c8TICA\" - Actecir","isPartOf":{"@id":"https:\/\/www.actecir.cat\/#website"},"primaryImageOfPage":{"@id":"https:\/\/www.actecir.cat\/es\/sopar-actecir-2023-eficiencia-energetica-2\/#primaryimage"},"image":{"@id":"https:\/\/www.actecir.cat\/es\/sopar-actecir-2023-eficiencia-energetica-2\/#primaryimage"},"thumbnailUrl":"https:\/\/www.actecir.cat\/wp-content\/uploads\/2023\/05\/IMAGEN_CENA_2023_web.jpg","datePublished":"2023-05-16T16:17:52+00:00","dateModified":"2023-06-05T16:21:25+00:00","breadcrumb":{"@id":"https:\/\/www.actecir.cat\/es\/sopar-actecir-2023-eficiencia-energetica-2\/#breadcrumb"},"inLanguage":"es","potentialAction":[{"@type":"ReadAction","target":["https:\/\/www.actecir.cat\/es\/sopar-actecir-2023-eficiencia-energetica-2\/"]}]},{"@type":"ImageObject","inLanguage":"es","@id":"https:\/\/www.actecir.cat\/es\/sopar-actecir-2023-eficiencia-energetica-2\/#primaryimage","url":"https:\/\/www.actecir.cat\/wp-content\/uploads\/2023\/05\/IMAGEN_CENA_2023_web.jpg","contentUrl":"https:\/\/www.actecir.cat\/wp-content\/uploads\/2023\/05\/IMAGEN_CENA_2023_web.jpg","width":1500,"height":1125},{"@type":"BreadcrumbList","@id":"https:\/\/www.actecir.cat\/es\/sopar-actecir-2023-eficiencia-energetica-2\/#breadcrumb","itemListElement":[{"@type":"ListItem","position":1,"name":"Inici","item":"https:\/\/www.actecir.cat\/es\/"},{"@type":"ListItem","position":2,"name":"CENA ACTECIR 2023 &#8220;EFICIENCIA ENERG\u00c8TICA&#8221;"}]},{"@type":"WebSite","@id":"https:\/\/www.actecir.cat\/#website","url":"https:\/\/www.actecir.cat\/","name":"Actecir","description":"Associaci\u00f3 Catalana de T\u00e8cnics en Energia, Climatitzaci\u00f3 i Refrigeraci\u00f3","publisher":{"@id":"https:\/\/www.actecir.cat\/#organization"},"potentialAction":[{"@type":"SearchAction","target":{"@type":"EntryPoint","urlTemplate":"https:\/\/www.actecir.cat\/?s={search_term_string}"},"query-input":{"@type":"PropertyValueSpecification","valueRequired":true,"valueName":"search_term_string"}}],"inLanguage":"es"},{"@type":"Organization","@id":"https:\/\/www.actecir.cat\/#organization","name":"Actecir","url":"https:\/\/www.actecir.cat\/","logo":{"@type":"ImageObject","inLanguage":"es","@id":"https:\/\/www.actecir.cat\/#\/schema\/logo\/image\/","url":"https:\/\/www.actecir.cat\/wp-content\/uploads\/2023\/04\/cropped-logo_actecir_60_alto.png","contentUrl":"https:\/\/www.actecir.cat\/wp-content\/uploads\/2023\/04\/cropped-logo_actecir_60_alto.png","width":283,"height":80,"caption":"Actecir"},"image":{"@id":"https:\/\/www.actecir.cat\/#\/schema\/logo\/image\/"},"sameAs":["https:\/\/x.com\/actecir","https:\/\/www.linkedin.com\/company\/actecir"]},{"@type":"Person","@id":"https:\/\/www.actecir.cat\/#\/schema\/person\/42edd02f0b1d55e19444428c5d321413","name":"Soporte web","sameAs":["https:\/\/www.actecir.cat"],"url":"https:\/\/www.actecir.cat\/es\/author\/maensystems\/"}]}},"_links":{"self":[{"href":"https:\/\/www.actecir.cat\/es\/wp-json\/wp\/v2\/posts\/8836","targetHints":{"allow":["GET"]}}],"collection":[{"href":"https:\/\/www.actecir.cat\/es\/wp-json\/wp\/v2\/posts"}],"about":[{"href":"https:\/\/www.actecir.cat\/es\/wp-json\/wp\/v2\/types\/post"}],"author":[{"embeddable":true,"href":"https:\/\/www.actecir.cat\/es\/wp-json\/wp\/v2\/users\/1"}],"replies":[{"embeddable":true,"href":"https:\/\/www.actecir.cat\/es\/wp-json\/wp\/v2\/comments?post=8836"}],"version-history":[{"count":2,"href":"https:\/\/www.actecir.cat\/es\/wp-json\/wp\/v2\/posts\/8836\/revisions"}],"predecessor-version":[{"id":8842,"href":"https:\/\/www.actecir.cat\/es\/wp-json\/wp\/v2\/posts\/8836\/revisions\/8842"}],"wp:featuredmedia":[{"embeddable":true,"href":"https:\/\/www.actecir.cat\/es\/wp-json\/wp\/v2\/media\/8837"}],"wp:attachment":[{"href":"https:\/\/www.actecir.cat\/es\/wp-json\/wp\/v2\/media?parent=8836"}],"wp:term":[{"taxonomy":"category","embeddable":true,"href":"https:\/\/www.actecir.cat\/es\/wp-json\/wp\/v2\/categories?post=8836"},{"taxonomy":"post_tag","embeddable":true,"href":"https:\/\/www.actecir.cat\/es\/wp-json\/wp\/v2\/tags?post=8836"}],"curies":[{"name":"wp","href":"https:\/\/api.w.org\/{rel}","templated":true}]}}