{"id":8915,"date":"2023-06-12T18:18:17","date_gmt":"2023-06-12T16:18:17","guid":{"rendered":"https:\/\/www.actecir.cat\/tst-serveis-per-a-responsables-de-manteniment-de-climatitzacio\/"},"modified":"2023-06-13T18:20:51","modified_gmt":"2023-06-13T16:20:51","slug":"tst-serveis-per-a-responsables-de-manteniment-de-climatitzacio","status":"publish","type":"post","link":"https:\/\/www.actecir.cat\/es\/tst-serveis-per-a-responsables-de-manteniment-de-climatitzacio\/","title":{"rendered":"TST: Servicios para responsables de mantenimiento de climatizaci\u00f3n"},"content":{"rendered":"<p>Fecha:Junio 2023<\/p>\n<p><img fetchpriority=\"high\" decoding=\"async\" class=\"alignleft wp-image-8911\" src=\"https:\/\/www.actecir.cat\/wp-content\/uploads\/2023\/06\/TST.jpg\" alt=\"\" width=\"893\" height=\"595\" srcset=\"https:\/\/www.actecir.cat\/wp-content\/uploads\/2023\/06\/TST.jpg 1200w, https:\/\/www.actecir.cat\/wp-content\/uploads\/2023\/06\/TST-300x200.jpg 300w, https:\/\/www.actecir.cat\/wp-content\/uploads\/2023\/06\/TST-1024x683.jpg 1024w, https:\/\/www.actecir.cat\/wp-content\/uploads\/2023\/06\/TST-768x512.jpg 768w\" sizes=\"(max-width: 893px) 100vw, 893px\" \/><\/p>\n<p>&nbsp;<\/p>\n<p>&nbsp;<\/p>\n<p>&nbsp;<\/p>\n<p>&nbsp;<\/p>\n<p>&nbsp;<\/p>\n<p>&nbsp;<\/p>\n<p>&nbsp;<\/p>\n<p>&nbsp;<\/p>\n<p>&nbsp;<\/p>\n<p>&nbsp;<\/p>\n<p>&nbsp;<\/p>\n<p>&nbsp;<\/p>\n<p>&nbsp;<\/p>\n<p>&nbsp;<\/p>\n<p>&nbsp;<\/p>\n<p>&nbsp;<\/p>\n<p>Ayudamos a los responsables de mantenimiento de climatizaci\u00f3n, a que no se interrumpa el servicio.<\/p>\n<p>En TST Servicios T\u00e9cnicos, ofrecemos una amplia gama de\u00a0<strong>equipos de\u00a0<\/strong><a href=\"https:\/\/www.tstservicios.com\/alquiler-maquinaria\/alquiler-aire-acondicionado\/\" target=\"_blank\" rel=\"noopener\"><strong>aire acondicionado<\/strong><\/a><strong>\u00a0y\u00a0<\/strong><a href=\"https:\/\/www.tstservicios.com\/alquiler-maquinaria\/alquiler-ventilacion\/\" target=\"_blank\" rel=\"noopener\"><strong>ventilaci\u00f3n<\/strong><\/a>\u00a0para ofrecer soporte a los\u00a0<strong>encargados de climatizaci\u00f3n<\/strong>. Nuestros equipos est\u00e1n fabricados para ofrecer la\u00a0<strong>m\u00e1xima eficiencia y rendimiento<\/strong>, mientras garantizan la comodidad y el bienestar de los usuarios finales en instalaciones locales o temporales.<\/p>\n<p>Nuestro objetivo principal es\u00a0<strong>evitar que los clientes se queden sin servicio de climatizaci\u00f3n durante la reparaci\u00f3n<\/strong>\u00a0de su unidad local. Para ello, ofrecemos un asesoramiento t\u00e9cnico personalizado, t\u00e9cnicos especializados en instalaciones temporales y una log\u00edstica\u00a0<strong>eficiente para la entrega y el retiro de los equipos<\/strong>.<\/p>\n<p>Contamos con una amplia variedad de equipos propios, como aires acondicionados port\u00e1tiles, equipos de ventilaci\u00f3n, deshumidificadores y mucho m\u00e1s. Todos ellos est\u00e1n disponibles para su alquiler y son capaces de adaptarse a cualquier necesidad o particularidad que tenga su proyectos de mantenimiento preventivo.<\/p>\n<p>Adem\u00e1s, ofrecemos servicios de urgencia\u00a0<strong>24\/7, los 365 d\u00edas del a\u00f1o<\/strong>. Nuestro equipo de t\u00e9cnicos especializados en clima est\u00e1n siempre listos para ayudar a los instaladores de climatizaci\u00f3n y resolver cualquier problema de forma<strong>\u00a0r\u00e1pida y eficiente<\/strong>.<\/p>\n<h2>Que resuelve nuestros equipos y servicios<\/h2>\n<ul>\n<li aria-level=\"1\">Proporcionan soluciones temporales mientras se repara una unidad de clima local.<\/li>\n<li aria-level=\"1\">Mantienen un ambiente c\u00f3modo para los clientes durante la reparaci\u00f3n de su unidad de climatizaci\u00f3n.<\/li>\n<li aria-level=\"1\">Permiten a los clientes continuar operando su negocio mientras se lleva a cabo la reparaci\u00f3n de su unidad de clima.<\/li>\n<li aria-level=\"1\">Proporcionan ventilaci\u00f3n adicional en espacios con poca circulaci\u00f3n de aire.<\/li>\n<li aria-level=\"1\">Reducen la humedad en \u00e1reas propensas a la acumulaci\u00f3n de humedad, como s\u00f3tanos y almacenes.<\/li>\n<li aria-level=\"1\">Proporcionan enfriamiento adicional en espacios que requieren temperaturas m\u00e1s bajas que las que se pueden lograr con la unidad de climatizaci\u00f3n local.<\/li>\n<li aria-level=\"1\">Permiten que los clientes realicen eventos al aire libre en d\u00edas calurosos.<\/li>\n<li aria-level=\"1\">Proporcionan enfriamiento adicional en estructuras temporales como carpas en eventos.<\/li>\n<li aria-level=\"1\">Ayudan a prevenir el sobrecalentamiento en equipos sensibles al calor, como servidores y equipos inform\u00e1ticos.<\/li>\n<li aria-level=\"1\">Proporcionan enfriamiento adicional en espacios grandes y abiertos, como salas de exposiciones y almacenes.<\/li>\n<\/ul>\n<p>Nuestro compromiso es proporcionar el mejor soporte posible a los instaladores de climatizaci\u00f3n y asegurar que sus clientes nunca se queden sin servicio de climatizaci\u00f3n, incluso durante las reparaciones. Ofrecemos equipos de alta calidad, asesoramiento t\u00e9cnico especializado, t\u00e9cnicos especializados en instalaciones temporales y log\u00edstica eficiente para garantizar la satisfacci\u00f3n del cliente en todo momento.<\/p>\n<p><strong><a href=\"https:\/\/www.tstservicios.com\/contacto\/\" target=\"_blank\" rel=\"noopener\">Contacte ahora con nuestro servicio t\u00e9cnico pulsando aqu\u00ed<\/a><\/strong><\/p>\n","protected":false},"excerpt":{"rendered":"<p>Fecha:Junio 2023<\/p>\n","protected":false},"author":1,"featured_media":8910,"comment_status":"closed","ping_status":"closed","sticky":false,"template":"","format":"standard","meta":{"footnotes":""},"categories":[25],"tags":[],"class_list":["post-8915","post","type-post","status-publish","format-standard","has-post-thumbnail","hentry","category-noticias"],"yoast_head":"<!-- This site is optimized with the Yoast SEO plugin v27.2 - https:\/\/yoast.com\/product\/yoast-seo-wordpress\/ -->\n<title>TST: Servicios para responsables de mantenimiento de climatizaci\u00f3n - Actecir<\/title>\n<meta name=\"robots\" content=\"index, follow, max-snippet:-1, max-image-preview:large, max-video-preview:-1\" \/>\n<link rel=\"canonical\" href=\"https:\/\/www.actecir.cat\/es\/tst-serveis-per-a-responsables-de-manteniment-de-climatitzacio\/\" \/>\n<meta property=\"og:locale\" content=\"es_ES\" \/>\n<meta property=\"og:type\" content=\"article\" \/>\n<meta property=\"og:title\" content=\"TST: Servicios para responsables de mantenimiento de climatizaci\u00f3n - Actecir\" \/>\n<meta property=\"og:description\" content=\"Fecha:Junio 2023\" \/>\n<meta property=\"og:url\" content=\"https:\/\/www.actecir.cat\/es\/tst-serveis-per-a-responsables-de-manteniment-de-climatitzacio\/\" \/>\n<meta property=\"og:site_name\" content=\"Actecir\" \/>\n<meta property=\"article:published_time\" content=\"2023-06-12T16:18:17+00:00\" \/>\n<meta property=\"article:modified_time\" content=\"2023-06-13T16:20:51+00:00\" \/>\n<meta property=\"og:image\" content=\"https:\/\/www.actecir.cat\/wp-content\/uploads\/2023\/06\/TST.jpg\" \/>\n\t<meta property=\"og:image:width\" content=\"1200\" \/>\n\t<meta property=\"og:image:height\" content=\"800\" \/>\n\t<meta property=\"og:image:type\" content=\"image\/jpeg\" \/>\n<meta name=\"author\" content=\"Soporte web\" \/>\n<meta name=\"twitter:card\" content=\"summary_large_image\" \/>\n<meta name=\"twitter:creator\" content=\"@actecir\" \/>\n<meta name=\"twitter:site\" content=\"@actecir\" \/>\n<meta name=\"twitter:label1\" content=\"Escrito por\" \/>\n\t<meta name=\"twitter:data1\" content=\"Soporte web\" \/>\n\t<meta name=\"twitter:label2\" content=\"Tiempo de lectura\" \/>\n\t<meta name=\"twitter:data2\" content=\"2 minutos\" \/>\n<script type=\"application\/ld+json\" class=\"yoast-schema-graph\">{\"@context\":\"https:\/\/schema.org\",\"@graph\":[{\"@type\":\"Article\",\"@id\":\"https:\/\/www.actecir.cat\/es\/tst-serveis-per-a-responsables-de-manteniment-de-climatitzacio\/#article\",\"isPartOf\":{\"@id\":\"https:\/\/www.actecir.cat\/es\/tst-serveis-per-a-responsables-de-manteniment-de-climatitzacio\/\"},\"author\":{\"name\":\"Soporte web\",\"@id\":\"https:\/\/www.actecir.cat\/#\/schema\/person\/42edd02f0b1d55e19444428c5d321413\"},\"headline\":\"TST: Servicios para responsables de mantenimiento de climatizaci\u00f3n\",\"datePublished\":\"2023-06-12T16:18:17+00:00\",\"dateModified\":\"2023-06-13T16:20:51+00:00\",\"mainEntityOfPage\":{\"@id\":\"https:\/\/www.actecir.cat\/es\/tst-serveis-per-a-responsables-de-manteniment-de-climatitzacio\/\"},\"wordCount\":469,\"publisher\":{\"@id\":\"https:\/\/www.actecir.cat\/#organization\"},\"image\":{\"@id\":\"https:\/\/www.actecir.cat\/es\/tst-serveis-per-a-responsables-de-manteniment-de-climatitzacio\/#primaryimage\"},\"thumbnailUrl\":\"https:\/\/www.actecir.cat\/wp-content\/uploads\/2023\/06\/TST.jpg\",\"articleSection\":[\"Noticias\"],\"inLanguage\":\"es\"},{\"@type\":\"WebPage\",\"@id\":\"https:\/\/www.actecir.cat\/es\/tst-serveis-per-a-responsables-de-manteniment-de-climatitzacio\/\",\"url\":\"https:\/\/www.actecir.cat\/es\/tst-serveis-per-a-responsables-de-manteniment-de-climatitzacio\/\",\"name\":\"TST: Servicios para responsables de mantenimiento de climatizaci\u00f3n - Actecir\",\"isPartOf\":{\"@id\":\"https:\/\/www.actecir.cat\/#website\"},\"primaryImageOfPage\":{\"@id\":\"https:\/\/www.actecir.cat\/es\/tst-serveis-per-a-responsables-de-manteniment-de-climatitzacio\/#primaryimage\"},\"image\":{\"@id\":\"https:\/\/www.actecir.cat\/es\/tst-serveis-per-a-responsables-de-manteniment-de-climatitzacio\/#primaryimage\"},\"thumbnailUrl\":\"https:\/\/www.actecir.cat\/wp-content\/uploads\/2023\/06\/TST.jpg\",\"datePublished\":\"2023-06-12T16:18:17+00:00\",\"dateModified\":\"2023-06-13T16:20:51+00:00\",\"breadcrumb\":{\"@id\":\"https:\/\/www.actecir.cat\/es\/tst-serveis-per-a-responsables-de-manteniment-de-climatitzacio\/#breadcrumb\"},\"inLanguage\":\"es\",\"potentialAction\":[{\"@type\":\"ReadAction\",\"target\":[\"https:\/\/www.actecir.cat\/es\/tst-serveis-per-a-responsables-de-manteniment-de-climatitzacio\/\"]}]},{\"@type\":\"ImageObject\",\"inLanguage\":\"es\",\"@id\":\"https:\/\/www.actecir.cat\/es\/tst-serveis-per-a-responsables-de-manteniment-de-climatitzacio\/#primaryimage\",\"url\":\"https:\/\/www.actecir.cat\/wp-content\/uploads\/2023\/06\/TST.jpg\",\"contentUrl\":\"https:\/\/www.actecir.cat\/wp-content\/uploads\/2023\/06\/TST.jpg\",\"width\":1200,\"height\":800},{\"@type\":\"BreadcrumbList\",\"@id\":\"https:\/\/www.actecir.cat\/es\/tst-serveis-per-a-responsables-de-manteniment-de-climatitzacio\/#breadcrumb\",\"itemListElement\":[{\"@type\":\"ListItem\",\"position\":1,\"name\":\"Inici\",\"item\":\"https:\/\/www.actecir.cat\/es\/\"},{\"@type\":\"ListItem\",\"position\":2,\"name\":\"TST: Servicios para responsables de mantenimiento de climatizaci\u00f3n\"}]},{\"@type\":\"WebSite\",\"@id\":\"https:\/\/www.actecir.cat\/#website\",\"url\":\"https:\/\/www.actecir.cat\/\",\"name\":\"Actecir\",\"description\":\"Associaci\u00f3 Catalana de T\u00e8cnics en Energia, Climatitzaci\u00f3 i Refrigeraci\u00f3\",\"publisher\":{\"@id\":\"https:\/\/www.actecir.cat\/#organization\"},\"potentialAction\":[{\"@type\":\"SearchAction\",\"target\":{\"@type\":\"EntryPoint\",\"urlTemplate\":\"https:\/\/www.actecir.cat\/?s={search_term_string}\"},\"query-input\":{\"@type\":\"PropertyValueSpecification\",\"valueRequired\":true,\"valueName\":\"search_term_string\"}}],\"inLanguage\":\"es\"},{\"@type\":\"Organization\",\"@id\":\"https:\/\/www.actecir.cat\/#organization\",\"name\":\"Actecir\",\"url\":\"https:\/\/www.actecir.cat\/\",\"logo\":{\"@type\":\"ImageObject\",\"inLanguage\":\"es\",\"@id\":\"https:\/\/www.actecir.cat\/#\/schema\/logo\/image\/\",\"url\":\"https:\/\/www.actecir.cat\/wp-content\/uploads\/2023\/04\/cropped-logo_actecir_60_alto.png\",\"contentUrl\":\"https:\/\/www.actecir.cat\/wp-content\/uploads\/2023\/04\/cropped-logo_actecir_60_alto.png\",\"width\":283,\"height\":80,\"caption\":\"Actecir\"},\"image\":{\"@id\":\"https:\/\/www.actecir.cat\/#\/schema\/logo\/image\/\"},\"sameAs\":[\"https:\/\/x.com\/actecir\",\"https:\/\/www.linkedin.com\/company\/actecir\"]},{\"@type\":\"Person\",\"@id\":\"https:\/\/www.actecir.cat\/#\/schema\/person\/42edd02f0b1d55e19444428c5d321413\",\"name\":\"Soporte web\",\"sameAs\":[\"https:\/\/www.actecir.cat\"],\"url\":\"https:\/\/www.actecir.cat\/es\/author\/maensystems\/\"}]}<\/script>\n<!-- \/ Yoast SEO plugin. -->","yoast_head_json":{"title":"TST: Servicios para responsables de mantenimiento de climatizaci\u00f3n - Actecir","robots":{"index":"index","follow":"follow","max-snippet":"max-snippet:-1","max-image-preview":"max-image-preview:large","max-video-preview":"max-video-preview:-1"},"canonical":"https:\/\/www.actecir.cat\/es\/tst-serveis-per-a-responsables-de-manteniment-de-climatitzacio\/","og_locale":"es_ES","og_type":"article","og_title":"TST: Servicios para responsables de mantenimiento de climatizaci\u00f3n - Actecir","og_description":"Fecha:Junio 2023","og_url":"https:\/\/www.actecir.cat\/es\/tst-serveis-per-a-responsables-de-manteniment-de-climatitzacio\/","og_site_name":"Actecir","article_published_time":"2023-06-12T16:18:17+00:00","article_modified_time":"2023-06-13T16:20:51+00:00","og_image":[{"width":1200,"height":800,"url":"https:\/\/www.actecir.cat\/wp-content\/uploads\/2023\/06\/TST.jpg","type":"image\/jpeg"}],"author":"Soporte web","twitter_card":"summary_large_image","twitter_creator":"@actecir","twitter_site":"@actecir","twitter_misc":{"Escrito por":"Soporte web","Tiempo de lectura":"2 minutos"},"schema":{"@context":"https:\/\/schema.org","@graph":[{"@type":"Article","@id":"https:\/\/www.actecir.cat\/es\/tst-serveis-per-a-responsables-de-manteniment-de-climatitzacio\/#article","isPartOf":{"@id":"https:\/\/www.actecir.cat\/es\/tst-serveis-per-a-responsables-de-manteniment-de-climatitzacio\/"},"author":{"name":"Soporte web","@id":"https:\/\/www.actecir.cat\/#\/schema\/person\/42edd02f0b1d55e19444428c5d321413"},"headline":"TST: Servicios para responsables de mantenimiento de climatizaci\u00f3n","datePublished":"2023-06-12T16:18:17+00:00","dateModified":"2023-06-13T16:20:51+00:00","mainEntityOfPage":{"@id":"https:\/\/www.actecir.cat\/es\/tst-serveis-per-a-responsables-de-manteniment-de-climatitzacio\/"},"wordCount":469,"publisher":{"@id":"https:\/\/www.actecir.cat\/#organization"},"image":{"@id":"https:\/\/www.actecir.cat\/es\/tst-serveis-per-a-responsables-de-manteniment-de-climatitzacio\/#primaryimage"},"thumbnailUrl":"https:\/\/www.actecir.cat\/wp-content\/uploads\/2023\/06\/TST.jpg","articleSection":["Noticias"],"inLanguage":"es"},{"@type":"WebPage","@id":"https:\/\/www.actecir.cat\/es\/tst-serveis-per-a-responsables-de-manteniment-de-climatitzacio\/","url":"https:\/\/www.actecir.cat\/es\/tst-serveis-per-a-responsables-de-manteniment-de-climatitzacio\/","name":"TST: Servicios para responsables de mantenimiento de climatizaci\u00f3n - Actecir","isPartOf":{"@id":"https:\/\/www.actecir.cat\/#website"},"primaryImageOfPage":{"@id":"https:\/\/www.actecir.cat\/es\/tst-serveis-per-a-responsables-de-manteniment-de-climatitzacio\/#primaryimage"},"image":{"@id":"https:\/\/www.actecir.cat\/es\/tst-serveis-per-a-responsables-de-manteniment-de-climatitzacio\/#primaryimage"},"thumbnailUrl":"https:\/\/www.actecir.cat\/wp-content\/uploads\/2023\/06\/TST.jpg","datePublished":"2023-06-12T16:18:17+00:00","dateModified":"2023-06-13T16:20:51+00:00","breadcrumb":{"@id":"https:\/\/www.actecir.cat\/es\/tst-serveis-per-a-responsables-de-manteniment-de-climatitzacio\/#breadcrumb"},"inLanguage":"es","potentialAction":[{"@type":"ReadAction","target":["https:\/\/www.actecir.cat\/es\/tst-serveis-per-a-responsables-de-manteniment-de-climatitzacio\/"]}]},{"@type":"ImageObject","inLanguage":"es","@id":"https:\/\/www.actecir.cat\/es\/tst-serveis-per-a-responsables-de-manteniment-de-climatitzacio\/#primaryimage","url":"https:\/\/www.actecir.cat\/wp-content\/uploads\/2023\/06\/TST.jpg","contentUrl":"https:\/\/www.actecir.cat\/wp-content\/uploads\/2023\/06\/TST.jpg","width":1200,"height":800},{"@type":"BreadcrumbList","@id":"https:\/\/www.actecir.cat\/es\/tst-serveis-per-a-responsables-de-manteniment-de-climatitzacio\/#breadcrumb","itemListElement":[{"@type":"ListItem","position":1,"name":"Inici","item":"https:\/\/www.actecir.cat\/es\/"},{"@type":"ListItem","position":2,"name":"TST: Servicios para responsables de mantenimiento de climatizaci\u00f3n"}]},{"@type":"WebSite","@id":"https:\/\/www.actecir.cat\/#website","url":"https:\/\/www.actecir.cat\/","name":"Actecir","description":"Associaci\u00f3 Catalana de T\u00e8cnics en Energia, Climatitzaci\u00f3 i Refrigeraci\u00f3","publisher":{"@id":"https:\/\/www.actecir.cat\/#organization"},"potentialAction":[{"@type":"SearchAction","target":{"@type":"EntryPoint","urlTemplate":"https:\/\/www.actecir.cat\/?s={search_term_string}"},"query-input":{"@type":"PropertyValueSpecification","valueRequired":true,"valueName":"search_term_string"}}],"inLanguage":"es"},{"@type":"Organization","@id":"https:\/\/www.actecir.cat\/#organization","name":"Actecir","url":"https:\/\/www.actecir.cat\/","logo":{"@type":"ImageObject","inLanguage":"es","@id":"https:\/\/www.actecir.cat\/#\/schema\/logo\/image\/","url":"https:\/\/www.actecir.cat\/wp-content\/uploads\/2023\/04\/cropped-logo_actecir_60_alto.png","contentUrl":"https:\/\/www.actecir.cat\/wp-content\/uploads\/2023\/04\/cropped-logo_actecir_60_alto.png","width":283,"height":80,"caption":"Actecir"},"image":{"@id":"https:\/\/www.actecir.cat\/#\/schema\/logo\/image\/"},"sameAs":["https:\/\/x.com\/actecir","https:\/\/www.linkedin.com\/company\/actecir"]},{"@type":"Person","@id":"https:\/\/www.actecir.cat\/#\/schema\/person\/42edd02f0b1d55e19444428c5d321413","name":"Soporte web","sameAs":["https:\/\/www.actecir.cat"],"url":"https:\/\/www.actecir.cat\/es\/author\/maensystems\/"}]}},"_links":{"self":[{"href":"https:\/\/www.actecir.cat\/es\/wp-json\/wp\/v2\/posts\/8915","targetHints":{"allow":["GET"]}}],"collection":[{"href":"https:\/\/www.actecir.cat\/es\/wp-json\/wp\/v2\/posts"}],"about":[{"href":"https:\/\/www.actecir.cat\/es\/wp-json\/wp\/v2\/types\/post"}],"author":[{"embeddable":true,"href":"https:\/\/www.actecir.cat\/es\/wp-json\/wp\/v2\/users\/1"}],"replies":[{"embeddable":true,"href":"https:\/\/www.actecir.cat\/es\/wp-json\/wp\/v2\/comments?post=8915"}],"version-history":[{"count":1,"href":"https:\/\/www.actecir.cat\/es\/wp-json\/wp\/v2\/posts\/8915\/revisions"}],"predecessor-version":[{"id":8917,"href":"https:\/\/www.actecir.cat\/es\/wp-json\/wp\/v2\/posts\/8915\/revisions\/8917"}],"wp:featuredmedia":[{"embeddable":true,"href":"https:\/\/www.actecir.cat\/es\/wp-json\/wp\/v2\/media\/8910"}],"wp:attachment":[{"href":"https:\/\/www.actecir.cat\/es\/wp-json\/wp\/v2\/media?parent=8915"}],"wp:term":[{"taxonomy":"category","embeddable":true,"href":"https:\/\/www.actecir.cat\/es\/wp-json\/wp\/v2\/categories?post=8915"},{"taxonomy":"post_tag","embeddable":true,"href":"https:\/\/www.actecir.cat\/es\/wp-json\/wp\/v2\/tags?post=8915"}],"curies":[{"name":"wp","href":"https:\/\/api.w.org\/{rel}","templated":true}]}}